{"id":36024,"date":"2025-11-26T21:00:00","date_gmt":"2025-11-27T00:00:00","guid":{"rendered":"https:\/\/portaltela.pt\/noticias\/2025\/11\/26\/proposta-do-pcp-aprovada-para-melhorar-condicoes-operacionais-nas-ilhas-selvagens\/"},"modified":"2025-11-26T21:00:00","modified_gmt":"2025-11-27T00:00:00","slug":"proposta-do-pcp-aprovada-para-melhorar-condicoes-operacionais-nas-ilhas-selvagens","status":"publish","type":"post","link":"https:\/\/portaltela.pt\/noticias\/2025\/11\/26\/proposta-do-pcp-aprovada-para-melhorar-condicoes-operacionais-nas-ilhas-selvagens\/","title":{"rendered":"Proposta do PCP aprovada para melhorar condi\u00e7\u00f5es operacionais nas ilhas Selvagens"},"content":{"rendered":"<p>Foi aprovada uma adenda ao Or\u00e7amento do Estado para 2026, apresentada pelo PCP, destinada a melhorar as condi\u00e7\u00f5es de prote\u00e7\u00e3o da Reserva Natural das Ilhas Selvagens. O foco \u00e9 a operacionalidade do Posto Mar\u00edtimo da Ilha Selvagem Grande, destacamento da Pol\u00edcia Mar\u00edtima que assegura vigil\u00e2ncia, fiscaliza\u00e7\u00e3o, patrulha e prote\u00e7\u00e3o do meio marinho.<\/p>\n<p>A lancha semirr\u00edgida anf\u00edbia usada no patrulhamento encontra-se inoperacional devido \u00e0 danifica\u00e7\u00e3o da rampa de acesso ao mar, infra-estrutura essencial para o desempenho das miss\u00f5es. A proposta visa reparar a rampa e restabelecer a plena operacionalidade do posto, fortalecendo a prote\u00e7\u00e3o da reserva e a soberania nacional. A medida foi aprovada com votos favor\u00e1veis de todas as bancadas, exceto PSD e CDS, que votaram contra.<\/p>\n<h3>Aprova\u00e7\u00e3o e impactos<\/h3>\n<p>A iniciativa pretende refor\u00e7ar a capacidade de interven\u00e7\u00e3o e fiscaliza\u00e7\u00e3o nas Ilhas Selvagens, garantindo a seguran\u00e7a da navega\u00e7\u00e3o e das pessoas na \u00e1rea sens\u00edvel. A vota\u00e7\u00e3o reflete a diferen\u00e7a de entendimento entre partidos sobre a aloca\u00e7\u00e3o de verbas para obras de infra-estrutura operacional. A aprova\u00e7\u00e3o marca um passo estrat\u00e9gico para a atua\u00e7\u00e3o das for\u00e7as destacadas naquele territ\u00f3rio.<\/p>\n","protected":false},"excerpt":{"rendered":"<ul>\n<li>Proposta de aditamento apresentada pelo PCP no \u00e2mbito do Or\u00e7amento do Estado para 2026 visa melhorar condi\u00e7\u00f5es operacionais para a prote\u00e7\u00e3o da Reserva Natural das Ilhas Selvagens.<\/li>\n<li>A medida incide sobre a operacionalidade do Posto Mar\u00edtimo da Ilha Selvagem Grande, destacamento da Pol\u00edcia Mar\u00edtima respons\u00e1vel por vigil\u00e2ncia, fiscaliza\u00e7\u00e3o e patrulha mar\u00edtima.<\/li>\n<li>A lancha semirr\u00edgida anf\u00edbia est\u00e1 inoperacional devido \u00e0 danifica\u00e7\u00e3o da rampa de acesso ao mar, o que compromete a\u00e7\u00f5es de patrulha.<\/li>\n<li>A adenda prev\u00ea verbas para reparar a rampa e restabelecer a plena operacionalidade do posto, fortalecendo prote\u00e7\u00e3o da reserva e soberania.<\/li>\n<li>A proposta foi aprovada com votos favor\u00e1veis de todas as bancadas, exceto PSD e CDS, que votaram contra.<\/li>\n<\/ul>\n","protected":false},"author":2,"featured_media":36030,"comment_status":"closed","ping_status":"closed","sticky":false,"template":"","format":"standard","meta":{"footnotes":""},"categories":[],"tags":[168,258,45,185,224,250],"class_list":["post-36024","post","type-post","status-publish","format-standard","has-post-thumbnail","hentry","tag-administracao-publica","tag-infraestruturas","tag-meio-ambiente","tag-policia-maritima","tag-reserva-ecologica","tag-seguranca-publica"],"yoast_head":"<!-- This site is optimized with the Yoast SEO plugin v27.2 - https:\/\/yoast.com\/product\/yoast-seo-wordpress\/ -->\n<title>Proposta do PCP aprovada para melhorar condi\u00e7\u00f5es operacionais nas ilhas Selvagens - Portal Tela Portugal<\/title>\n<meta name=\"robots\" content=\"index, follow, max-snippet:-1, max-image-preview:large, max-video-preview:-1\" \/>\n<meta property=\"og:locale\" content=\"pt_PT\" \/>\n<meta property=\"og:type\" content=\"article\" \/>\n<meta property=\"og:title\" content=\"Proposta do PCP aprovada para melhorar condi\u00e7\u00f5es operacionais nas ilhas Selvagens - Portal Tela Portugal\" \/>\n<meta property=\"og:description\" content=\"Proposta de aditamento apresentada pelo PCP no \u00e2mbito do Or\u00e7amento do Estado para 2026 visa melhorar condi\u00e7\u00f5es operacionais para a prote\u00e7\u00e3o da Reserva Natural das Ilhas Selvagens. A medida incide sobre a operacionalidade do Posto Mar\u00edtimo da Ilha Selvagem Grande, destacamento da Pol\u00edcia Mar\u00edtima respons\u00e1vel por vigil\u00e2ncia, fiscaliza\u00e7\u00e3o e patrulha mar\u00edtima. A lancha semirr\u00edgida anf\u00edbia est\u00e1 inoperacional devido \u00e0 danifica\u00e7\u00e3o da rampa de acesso ao mar, o que compromete a\u00e7\u00f5es de patrulha. A adenda prev\u00ea verbas para reparar a rampa e restabelecer a plena operacionalidade do posto, fortalecendo prote\u00e7\u00e3o da reserva e soberania. A proposta foi aprovada com votos favor\u00e1veis de todas as bancadas, exceto PSD e CDS, que votaram contra.\" \/>\n<meta property=\"og:url\" content=\"https:\/\/portaltela.pt\/noticias\/2025\/11\/26\/proposta-do-pcp-aprovada-para-melhorar-condicoes-operacionais-nas-ilhas-selvagens\/\" \/>\n<meta property=\"og:site_name\" content=\"Portal Tela Portugal\" \/>\n<meta property=\"article:published_time\" content=\"2025-11-27T00:00:00+00:00\" \/>\n<meta name=\"author\" content=\"Telinha\" \/>\n<meta name=\"twitter:card\" content=\"summary_large_image\" \/>\n<meta name=\"twitter:label1\" content=\"Escrito por\" \/>\n\t<meta name=\"twitter:data1\" content=\"Telinha\" \/>\n\t<meta name=\"twitter:label2\" content=\"Tempo estimado de leitura\" \/>\n\t<meta name=\"twitter:data2\" content=\"1 minuto\" \/>\n<script type=\"application\/ld+json\" class=\"yoast-schema-graph\">{\"@context\":\"https:\/\/schema.org\",\"@graph\":[{\"@type\":\"Article\",\"@id\":\"https:\/\/portaltela.pt\/noticias\/2025\/11\/26\/proposta-do-pcp-aprovada-para-melhorar-condicoes-operacionais-nas-ilhas-selvagens\/#article\",\"isPartOf\":{\"@id\":\"https:\/\/portaltela.pt\/noticias\/2025\/11\/26\/proposta-do-pcp-aprovada-para-melhorar-condicoes-operacionais-nas-ilhas-selvagens\/\"},\"author\":{\"name\":\"Telinha\",\"@id\":\"https:\/\/portaltela.pt\/#\/schema\/person\/c4278d4a6028830caff9ee44b42d32ed\"},\"headline\":\"Proposta do PCP aprovada para melhorar condi\u00e7\u00f5es operacionais nas ilhas Selvagens\",\"datePublished\":\"2025-11-27T00:00:00+00:00\",\"mainEntityOfPage\":{\"@id\":\"https:\/\/portaltela.pt\/noticias\/2025\/11\/26\/proposta-do-pcp-aprovada-para-melhorar-condicoes-operacionais-nas-ilhas-selvagens\/\"},\"wordCount\":216,\"image\":{\"@id\":\"https:\/\/portaltela.pt\/noticias\/2025\/11\/26\/proposta-do-pcp-aprovada-para-melhorar-condicoes-operacionais-nas-ilhas-selvagens\/#primaryimage\"},\"thumbnailUrl\":\"https:\/\/portaltela.pt\/s.01k8rhncp4jt1\/2025\/11\/transferir_7_e8QoU8o.jpg\",\"keywords\":[\"administra\u00e7\u00e3o p\u00fablica\",\"infraestruturas\",\"meio-ambiente\",\"pol\u00edcia mar\u00edtima\",\"reserva ecol\u00f3gica\",\"seguran\u00e7a p\u00fablica\"],\"inLanguage\":\"pt-PT\"},{\"@type\":\"WebPage\",\"@id\":\"https:\/\/portaltela.pt\/noticias\/2025\/11\/26\/proposta-do-pcp-aprovada-para-melhorar-condicoes-operacionais-nas-ilhas-selvagens\/\",\"url\":\"https:\/\/portaltela.pt\/noticias\/2025\/11\/26\/proposta-do-pcp-aprovada-para-melhorar-condicoes-operacionais-nas-ilhas-selvagens\/\",\"name\":\"Proposta do PCP aprovada para melhorar condi\u00e7\u00f5es operacionais nas ilhas Selvagens - Portal Tela Portugal\",\"isPartOf\":{\"@id\":\"https:\/\/portaltela.pt\/#website\"},\"primaryImageOfPage\":{\"@id\":\"https:\/\/portaltela.pt\/noticias\/2025\/11\/26\/proposta-do-pcp-aprovada-para-melhorar-condicoes-operacionais-nas-ilhas-selvagens\/#primaryimage\"},\"image\":{\"@id\":\"https:\/\/portaltela.pt\/noticias\/2025\/11\/26\/proposta-do-pcp-aprovada-para-melhorar-condicoes-operacionais-nas-ilhas-selvagens\/#primaryimage\"},\"thumbnailUrl\":\"https:\/\/portaltela.pt\/s.01k8rhncp4jt1\/2025\/11\/transferir_7_e8QoU8o.jpg\",\"datePublished\":\"2025-11-27T00:00:00+00:00\",\"author\":{\"@id\":\"https:\/\/portaltela.pt\/#\/schema\/person\/c4278d4a6028830caff9ee44b42d32ed\"},\"breadcrumb\":{\"@id\":\"https:\/\/portaltela.pt\/noticias\/2025\/11\/26\/proposta-do-pcp-aprovada-para-melhorar-condicoes-operacionais-nas-ilhas-selvagens\/#breadcrumb\"},\"inLanguage\":\"pt-PT\",\"potentialAction\":[{\"@type\":\"ReadAction\",\"target\":[\"https:\/\/portaltela.pt\/noticias\/2025\/11\/26\/proposta-do-pcp-aprovada-para-melhorar-condicoes-operacionais-nas-ilhas-selvagens\/\"]}]},{\"@type\":\"ImageObject\",\"inLanguage\":\"pt-PT\",\"@id\":\"https:\/\/portaltela.pt\/noticias\/2025\/11\/26\/proposta-do-pcp-aprovada-para-melhorar-condicoes-operacionais-nas-ilhas-selvagens\/#primaryimage\",\"url\":\"https:\/\/portaltela.pt\/s.01k8rhncp4jt1\/2025\/11\/transferir_7_e8QoU8o.jpg\",\"contentUrl\":\"https:\/\/portaltela.pt\/s.01k8rhncp4jt1\/2025\/11\/transferir_7_e8QoU8o.jpg\",\"width\":796,\"height\":448,\"caption\":\"Photo\"},{\"@type\":\"BreadcrumbList\",\"@id\":\"https:\/\/portaltela.pt\/noticias\/2025\/11\/26\/proposta-do-pcp-aprovada-para-melhorar-condicoes-operacionais-nas-ilhas-selvagens\/#breadcrumb\",\"itemListElement\":[{\"@type\":\"ListItem\",\"position\":1,\"name\":\"In\u00edcio\",\"item\":\"https:\/\/portaltela.pt\/\"},{\"@type\":\"ListItem\",\"position\":2,\"name\":\"Proposta do PCP aprovada para melhorar condi\u00e7\u00f5es operacionais nas ilhas Selvagens\"}]},{\"@type\":\"WebSite\",\"@id\":\"https:\/\/portaltela.pt\/#website\",\"url\":\"https:\/\/portaltela.pt\/\",\"name\":\"Portal Tela Portugal\",\"description\":\"\",\"potentialAction\":[{\"@type\":\"SearchAction\",\"target\":{\"@type\":\"EntryPoint\",\"urlTemplate\":\"https:\/\/portaltela.pt\/?s={search_term_string}\"},\"query-input\":{\"@type\":\"PropertyValueSpecification\",\"valueRequired\":true,\"valueName\":\"search_term_string\"}}],\"inLanguage\":\"pt-PT\"},{\"@type\":\"Person\",\"@id\":\"https:\/\/portaltela.pt\/#\/schema\/person\/c4278d4a6028830caff9ee44b42d32ed\",\"name\":\"Telinha\",\"image\":{\"@type\":\"ImageObject\",\"inLanguage\":\"pt-PT\",\"@id\":\"https:\/\/portaltela.pt\/s.01k8rhncp4jt1\/2025\/11\/talking-bot-125x125.png\",\"url\":\"https:\/\/portaltela.pt\/s.01k8rhncp4jt1\/2025\/11\/talking-bot-125x125.png\",\"contentUrl\":\"https:\/\/portaltela.pt\/s.01k8rhncp4jt1\/2025\/11\/talking-bot-125x125.png\",\"caption\":\"Telinha\"},\"sameAs\":[\"https:\/\/portaltela.pt\/\"],\"url\":\"https:\/\/portaltela.pt\/por\/367410592786\/\"}]}<\/script>\n<!-- \/ Yoast SEO plugin. -->","yoast_head_json":{"title":"Proposta do PCP aprovada para melhorar condi\u00e7\u00f5es operacionais nas ilhas Selvagens - Portal Tela Portugal","robots":{"index":"index","follow":"follow","max-snippet":"max-snippet:-1","max-image-preview":"max-image-preview:large","max-video-preview":"max-video-preview:-1"},"og_locale":"pt_PT","og_type":"article","og_title":"Proposta do PCP aprovada para melhorar condi\u00e7\u00f5es operacionais nas ilhas Selvagens - Portal Tela Portugal","og_description":"Proposta de aditamento apresentada pelo PCP no \u00e2mbito do Or\u00e7amento do Estado para 2026 visa melhorar condi\u00e7\u00f5es operacionais para a prote\u00e7\u00e3o da Reserva Natural das Ilhas Selvagens. A medida incide sobre a operacionalidade do Posto Mar\u00edtimo da Ilha Selvagem Grande, destacamento da Pol\u00edcia Mar\u00edtima respons\u00e1vel por vigil\u00e2ncia, fiscaliza\u00e7\u00e3o e patrulha mar\u00edtima. A lancha semirr\u00edgida anf\u00edbia est\u00e1 inoperacional devido \u00e0 danifica\u00e7\u00e3o da rampa de acesso ao mar, o que compromete a\u00e7\u00f5es de patrulha. A adenda prev\u00ea verbas para reparar a rampa e restabelecer a plena operacionalidade do posto, fortalecendo prote\u00e7\u00e3o da reserva e soberania. A proposta foi aprovada com votos favor\u00e1veis de todas as bancadas, exceto PSD e CDS, que votaram contra.","og_url":"https:\/\/portaltela.pt\/noticias\/2025\/11\/26\/proposta-do-pcp-aprovada-para-melhorar-condicoes-operacionais-nas-ilhas-selvagens\/","og_site_name":"Portal Tela Portugal","article_published_time":"2025-11-27T00:00:00+00:00","author":"Telinha","twitter_card":"summary_large_image","twitter_misc":{"Escrito por":"Telinha","Tempo estimado de leitura":"1 minuto"},"schema":{"@context":"https:\/\/schema.org","@graph":[{"@type":"Article","@id":"https:\/\/portaltela.pt\/noticias\/2025\/11\/26\/proposta-do-pcp-aprovada-para-melhorar-condicoes-operacionais-nas-ilhas-selvagens\/#article","isPartOf":{"@id":"https:\/\/portaltela.pt\/noticias\/2025\/11\/26\/proposta-do-pcp-aprovada-para-melhorar-condicoes-operacionais-nas-ilhas-selvagens\/"},"author":{"name":"Telinha","@id":"https:\/\/portaltela.pt\/#\/schema\/person\/c4278d4a6028830caff9ee44b42d32ed"},"headline":"Proposta do PCP aprovada para melhorar condi\u00e7\u00f5es operacionais nas ilhas Selvagens","datePublished":"2025-11-27T00:00:00+00:00","mainEntityOfPage":{"@id":"https:\/\/portaltela.pt\/noticias\/2025\/11\/26\/proposta-do-pcp-aprovada-para-melhorar-condicoes-operacionais-nas-ilhas-selvagens\/"},"wordCount":216,"image":{"@id":"https:\/\/portaltela.pt\/noticias\/2025\/11\/26\/proposta-do-pcp-aprovada-para-melhorar-condicoes-operacionais-nas-ilhas-selvagens\/#primaryimage"},"thumbnailUrl":"https:\/\/portaltela.pt\/s.01k8rhncp4jt1\/2025\/11\/transferir_7_e8QoU8o.jpg","keywords":["administra\u00e7\u00e3o p\u00fablica","infraestruturas","meio-ambiente","pol\u00edcia mar\u00edtima","reserva ecol\u00f3gica","seguran\u00e7a p\u00fablica"],"inLanguage":"pt-PT"},{"@type":"WebPage","@id":"https:\/\/portaltela.pt\/noticias\/2025\/11\/26\/proposta-do-pcp-aprovada-para-melhorar-condicoes-operacionais-nas-ilhas-selvagens\/","url":"https:\/\/portaltela.pt\/noticias\/2025\/11\/26\/proposta-do-pcp-aprovada-para-melhorar-condicoes-operacionais-nas-ilhas-selvagens\/","name":"Proposta do PCP aprovada para melhorar condi\u00e7\u00f5es operacionais nas ilhas Selvagens - Portal Tela Portugal","isPartOf":{"@id":"https:\/\/portaltela.pt\/#website"},"primaryImageOfPage":{"@id":"https:\/\/portaltela.pt\/noticias\/2025\/11\/26\/proposta-do-pcp-aprovada-para-melhorar-condicoes-operacionais-nas-ilhas-selvagens\/#primaryimage"},"image":{"@id":"https:\/\/portaltela.pt\/noticias\/2025\/11\/26\/proposta-do-pcp-aprovada-para-melhorar-condicoes-operacionais-nas-ilhas-selvagens\/#primaryimage"},"thumbnailUrl":"https:\/\/portaltela.pt\/s.01k8rhncp4jt1\/2025\/11\/transferir_7_e8QoU8o.jpg","datePublished":"2025-11-27T00:00:00+00:00","author":{"@id":"https:\/\/portaltela.pt\/#\/schema\/person\/c4278d4a6028830caff9ee44b42d32ed"},"breadcrumb":{"@id":"https:\/\/portaltela.pt\/noticias\/2025\/11\/26\/proposta-do-pcp-aprovada-para-melhorar-condicoes-operacionais-nas-ilhas-selvagens\/#breadcrumb"},"inLanguage":"pt-PT","potentialAction":[{"@type":"ReadAction","target":["https:\/\/portaltela.pt\/noticias\/2025\/11\/26\/proposta-do-pcp-aprovada-para-melhorar-condicoes-operacionais-nas-ilhas-selvagens\/"]}]},{"@type":"ImageObject","inLanguage":"pt-PT","@id":"https:\/\/portaltela.pt\/noticias\/2025\/11\/26\/proposta-do-pcp-aprovada-para-melhorar-condicoes-operacionais-nas-ilhas-selvagens\/#primaryimage","url":"https:\/\/portaltela.pt\/s.01k8rhncp4jt1\/2025\/11\/transferir_7_e8QoU8o.jpg","contentUrl":"https:\/\/portaltela.pt\/s.01k8rhncp4jt1\/2025\/11\/transferir_7_e8QoU8o.jpg","width":796,"height":448,"caption":"Photo"},{"@type":"BreadcrumbList","@id":"https:\/\/portaltela.pt\/noticias\/2025\/11\/26\/proposta-do-pcp-aprovada-para-melhorar-condicoes-operacionais-nas-ilhas-selvagens\/#breadcrumb","itemListElement":[{"@type":"ListItem","position":1,"name":"In\u00edcio","item":"https:\/\/portaltela.pt\/"},{"@type":"ListItem","position":2,"name":"Proposta do PCP aprovada para melhorar condi\u00e7\u00f5es operacionais nas ilhas Selvagens"}]},{"@type":"WebSite","@id":"https:\/\/portaltela.pt\/#website","url":"https:\/\/portaltela.pt\/","name":"Portal Tela Portugal","description":"","potentialAction":[{"@type":"SearchAction","target":{"@type":"EntryPoint","urlTemplate":"https:\/\/portaltela.pt\/?s={search_term_string}"},"query-input":{"@type":"PropertyValueSpecification","valueRequired":true,"valueName":"search_term_string"}}],"inLanguage":"pt-PT"},{"@type":"Person","@id":"https:\/\/portaltela.pt\/#\/schema\/person\/c4278d4a6028830caff9ee44b42d32ed","name":"Telinha","image":{"@type":"ImageObject","inLanguage":"pt-PT","@id":"https:\/\/portaltela.pt\/s.01k8rhncp4jt1\/2025\/11\/talking-bot-125x125.png","url":"https:\/\/portaltela.pt\/s.01k8rhncp4jt1\/2025\/11\/talking-bot-125x125.png","contentUrl":"https:\/\/portaltela.pt\/s.01k8rhncp4jt1\/2025\/11\/talking-bot-125x125.png","caption":"Telinha"},"sameAs":["https:\/\/portaltela.pt\/"],"url":"https:\/\/portaltela.pt\/por\/367410592786\/"}]}},"_links":{"self":[{"href":"https:\/\/portaltela.pt\/api\/wp\/v2\/posts\/36024","targetHints":{"allow":["GET"]}}],"collection":[{"href":"https:\/\/portaltela.pt\/api\/wp\/v2\/posts"}],"about":[{"href":"https:\/\/portaltela.pt\/api\/wp\/v2\/types\/post"}],"author":[{"embeddable":true,"href":"https:\/\/portaltela.pt\/api\/wp\/v2\/users\/2"}],"replies":[{"embeddable":true,"href":"https:\/\/portaltela.pt\/api\/wp\/v2\/comments?post=36024"}],"version-history":[{"count":0,"href":"https:\/\/portaltela.pt\/api\/wp\/v2\/posts\/36024\/revisions"}],"wp:featuredmedia":[{"embeddable":true,"href":"https:\/\/portaltela.pt\/api\/wp\/v2\/media\/36030"}],"wp:attachment":[{"href":"https:\/\/portaltela.pt\/api\/wp\/v2\/media?parent=36024"}],"wp:term":[{"taxonomy":"category","embeddable":true,"href":"https:\/\/portaltela.pt\/api\/wp\/v2\/categories?post=36024"},{"taxonomy":"post_tag","embeddable":true,"href":"https:\/\/portaltela.pt\/api\/wp\/v2\/tags?post=36024"}],"curies":[{"name":"wp","href":"https:\/\/api.w.org\/{rel}","templated":true}]}}