{"id":30386,"date":"2025-11-25T06:00:00","date_gmt":"2025-11-25T09:00:00","guid":{"rendered":"https:\/\/portaltela.pt\/noticias\/2025\/11\/25\/anunciados-os-nomeados-da-gala-do-desporto-de-tabua\/"},"modified":"2025-11-25T06:00:00","modified_gmt":"2025-11-25T09:00:00","slug":"anunciados-os-nomeados-da-gala-do-desporto-de-tabua","status":"publish","type":"post","link":"https:\/\/portaltela.pt\/desporto\/2025\/11\/25\/anunciados-os-nomeados-da-gala-do-desporto-de-tabua\/","title":{"rendered":"Anunciados os nomeados da Gala do Desporto de T\u00e1bua"},"content":{"rendered":"<p>J\u00e1 est\u00e1 confirmada a 11\u00aa Gala Municipal do Desporto de T\u00e1bua, dedicada \u00e0s entidades locais. A cerim\u00f3nia re\u00fane nomeados em v\u00e1rias categorias, ap\u00f3s a avalia\u00e7\u00e3o efetuada pela Comiss\u00e3o de Avalia\u00e7\u00e3o.<\/p>\n<p>A autarquia divulgou os candidatos em cada \u00e1rea ap\u00f3s o processo de candidaturas das Associa\u00e7\u00f5es Desportivas do Concelho. A Gala decorre no dia 29 de novembro, \u00e0s 21h, no Centro Cultural de T\u00e1bua.<\/p>\n<p>Os pr\u00e9mios Pr\u00e9mio Incentivo, Reconhecimento Municipal e Pr\u00e9mio Dedica\u00e7\u00e3o ser\u00e3o revelados no pr\u00f3prio dia da gala, sem antecipa\u00e7\u00e3o de lista final. A Comiss\u00e3o de Avalia\u00e7\u00e3o da Gala acompanha de perto o hypertexto de cada \u00e1rea envolvida.<\/p>\n<h3>Nomea\u00e7\u00f5es e ordem de apresenta\u00e7\u00e3o<\/h3>\n<p>Entre as categorias est\u00e3o Associa\u00e7\u00e3o Desportiva do Ano, Equipa do Ano, Dirigente do Ano, Atleta do Ano, Treinador do Ano, Revela\u00e7\u00e3o do Ano (Desporto Individual), Revela\u00e7\u00e3o do Ano (Desporto coletivo), M\u00e9rito Desportivo, Desporto Escolar e Evento Desportivo do Ano.<\/p>\n","protected":false},"excerpt":{"rendered":"<ul>\n<li>J\u00e1 s\u00e3o conhecidos os nomeados da 11\u00aa Gala Municipal do Desporto de T\u00e1bua, marcada para 29 de novembro \u00e0s 21h, no Centro Cultural de T\u00e1bua.<\/li>\n<li>A lista foi definida ap\u00f3s a reuni\u00e3o da Comiss\u00e3o de Avalia\u00e7\u00e3o, realizada a 19 de novembro, com base nas candidaturas das associa\u00e7\u00f5es desportivas do concelho.<\/li>\n<li>Foram divulgadas as categorias apresentadas: Associa\u00e7\u00e3o Desportiva do Ano, Equipa do Ano, Dirigente do Ano, Atleta do Ano, Treinador do Ano, Revela\u00e7\u00e3o do Ano (Desporto Individual), Revela\u00e7\u00e3o do Ano (Desporto coletivo), M\u00e9rito Desportivo, Desporto Escolar e Evento Desportivo do Ano.<\/li>\n<li>Os vencedores nas categorias Pr\u00e9mio Incentivo, Reconhecimento Municipal e Pr\u00e9mio Dedica\u00e7\u00e3o ser\u00e3o revelados no pr\u00f3prio dia da gala.<\/li>\n<li>O an\u00fancio \u00e9 feito pela Comiss\u00e3o de Avalia\u00e7\u00e3o da Gala Municipal do Desporto de T\u00e1bua \u2014 \u00c9poca desportiva 2024\/2025.<\/li>\n<\/ul>\n","protected":false},"author":2,"featured_media":30390,"comment_status":"closed","ping_status":"closed","sticky":false,"template":"","format":"standard","meta":{"footnotes":""},"categories":[21],"tags":[278,279,236,281,282,280],"class_list":["post-30386","post","type-post","status-publish","format-standard","has-post-thumbnail","hentry","category-desporto","tag-associacao-desportiva-do-ano","tag-atleta-do-ano","tag-desporto-escolar","tag-dirigente-do-ano","tag-evento-desportivo-do-ano","tag-treinador-do-ano"],"yoast_head":"<!-- This site is optimized with the Yoast SEO plugin v27.2 - https:\/\/yoast.com\/product\/yoast-seo-wordpress\/ -->\n<title>Anunciados os nomeados da Gala do Desporto de T\u00e1bua - Portal Tela Portugal<\/title>\n<meta name=\"robots\" content=\"index, follow, max-snippet:-1, max-image-preview:large, max-video-preview:-1\" \/>\n<meta property=\"og:locale\" content=\"pt_PT\" \/>\n<meta property=\"og:type\" content=\"article\" \/>\n<meta property=\"og:title\" content=\"Anunciados os nomeados da Gala do Desporto de T\u00e1bua - Portal Tela Portugal\" \/>\n<meta property=\"og:description\" content=\"J\u00e1 s\u00e3o conhecidos os nomeados da 11\u00aa Gala Municipal do Desporto de T\u00e1bua, marcada para 29 de novembro \u00e0s 21h, no Centro Cultural de T\u00e1bua. A lista foi definida ap\u00f3s a reuni\u00e3o da Comiss\u00e3o de Avalia\u00e7\u00e3o, realizada a 19 de novembro, com base nas candidaturas das associa\u00e7\u00f5es desportivas do concelho. Foram divulgadas as categorias apresentadas: Associa\u00e7\u00e3o Desportiva do Ano, Equipa do Ano, Dirigente do Ano, Atleta do Ano, Treinador do Ano, Revela\u00e7\u00e3o do Ano (Desporto Individual), Revela\u00e7\u00e3o do Ano (Desporto coletivo), M\u00e9rito Desportivo, Desporto Escolar e Evento Desportivo do Ano. Os vencedores nas categorias Pr\u00e9mio Incentivo, Reconhecimento Municipal e Pr\u00e9mio Dedica\u00e7\u00e3o ser\u00e3o revelados no pr\u00f3prio dia da gala. O an\u00fancio \u00e9 feito pela Comiss\u00e3o de Avalia\u00e7\u00e3o da Gala Municipal do Desporto de T\u00e1bua \u2014 \u00c9poca desportiva 2024\/2025.\" \/>\n<meta property=\"og:url\" content=\"https:\/\/portaltela.pt\/desporto\/outros-desportos\/2025\/11\/25\/anunciados-os-nomeados-da-gala-do-desporto-de-tabua\/\" \/>\n<meta property=\"og:site_name\" content=\"Portal Tela Portugal\" \/>\n<meta property=\"article:published_time\" content=\"2025-11-25T09:00:00+00:00\" \/>\n<meta property=\"og:image\" content=\"https:\/\/portaltela.pt\/s.01k8rhncp4jt1\/2025\/11\/194-Gala-do-Desporto-2024.jpg\" \/>\n\t<meta property=\"og:image:width\" content=\"796\" \/>\n\t<meta property=\"og:image:height\" content=\"448\" \/>\n\t<meta property=\"og:image:type\" content=\"image\/jpeg\" \/>\n<meta name=\"author\" content=\"Telinha\" \/>\n<meta name=\"twitter:card\" content=\"summary_large_image\" \/>\n<meta name=\"twitter:label1\" content=\"Escrito por\" \/>\n\t<meta name=\"twitter:data1\" content=\"Telinha\" \/>\n\t<meta name=\"twitter:label2\" content=\"Tempo estimado de leitura\" \/>\n\t<meta name=\"twitter:data2\" content=\"1 minuto\" \/>\n<script type=\"application\/ld+json\" class=\"yoast-schema-graph\">{\"@context\":\"https:\/\/schema.org\",\"@graph\":[{\"@type\":\"Article\",\"@id\":\"https:\/\/portaltela.pt\/desporto\/outros-desportos\/2025\/11\/25\/anunciados-os-nomeados-da-gala-do-desporto-de-tabua\/#article\",\"isPartOf\":{\"@id\":\"https:\/\/portaltela.pt\/desporto\/outros-desportos\/2025\/11\/25\/anunciados-os-nomeados-da-gala-do-desporto-de-tabua\/\"},\"author\":{\"name\":\"Telinha\",\"@id\":\"https:\/\/portaltela.pt\/#\/schema\/person\/c4278d4a6028830caff9ee44b42d32ed\"},\"headline\":\"Anunciados os nomeados da Gala do Desporto de T\u00e1bua\",\"datePublished\":\"2025-11-25T09:00:00+00:00\",\"mainEntityOfPage\":{\"@id\":\"https:\/\/portaltela.pt\/desporto\/outros-desportos\/2025\/11\/25\/anunciados-os-nomeados-da-gala-do-desporto-de-tabua\/\"},\"wordCount\":178,\"image\":{\"@id\":\"https:\/\/portaltela.pt\/desporto\/outros-desportos\/2025\/11\/25\/anunciados-os-nomeados-da-gala-do-desporto-de-tabua\/#primaryimage\"},\"thumbnailUrl\":\"https:\/\/portaltela.pt\/s.01k8rhncp4jt1\/2025\/11\/194-Gala-do-Desporto-2024.jpg\",\"keywords\":[\"Associa\u00e7\u00e3o Desportiva do Ano\",\"Atleta do Ano\",\"desporto escolar\",\"Dirigente do Ano\",\"Evento Desportivo do Ano\",\"Treinador do Ano\"],\"articleSection\":[\"Desporto\"],\"inLanguage\":\"pt-PT\"},{\"@type\":\"WebPage\",\"@id\":\"https:\/\/portaltela.pt\/desporto\/outros-desportos\/2025\/11\/25\/anunciados-os-nomeados-da-gala-do-desporto-de-tabua\/\",\"url\":\"https:\/\/portaltela.pt\/desporto\/outros-desportos\/2025\/11\/25\/anunciados-os-nomeados-da-gala-do-desporto-de-tabua\/\",\"name\":\"Anunciados os nomeados da Gala do Desporto de T\u00e1bua - Portal Tela Portugal\",\"isPartOf\":{\"@id\":\"https:\/\/portaltela.pt\/#website\"},\"primaryImageOfPage\":{\"@id\":\"https:\/\/portaltela.pt\/desporto\/outros-desportos\/2025\/11\/25\/anunciados-os-nomeados-da-gala-do-desporto-de-tabua\/#primaryimage\"},\"image\":{\"@id\":\"https:\/\/portaltela.pt\/desporto\/outros-desportos\/2025\/11\/25\/anunciados-os-nomeados-da-gala-do-desporto-de-tabua\/#primaryimage\"},\"thumbnailUrl\":\"https:\/\/portaltela.pt\/s.01k8rhncp4jt1\/2025\/11\/194-Gala-do-Desporto-2024.jpg\",\"datePublished\":\"2025-11-25T09:00:00+00:00\",\"author\":{\"@id\":\"https:\/\/portaltela.pt\/#\/schema\/person\/c4278d4a6028830caff9ee44b42d32ed\"},\"breadcrumb\":{\"@id\":\"https:\/\/portaltela.pt\/desporto\/outros-desportos\/2025\/11\/25\/anunciados-os-nomeados-da-gala-do-desporto-de-tabua\/#breadcrumb\"},\"inLanguage\":\"pt-PT\",\"potentialAction\":[{\"@type\":\"ReadAction\",\"target\":[\"https:\/\/portaltela.pt\/desporto\/outros-desportos\/2025\/11\/25\/anunciados-os-nomeados-da-gala-do-desporto-de-tabua\/\"]}]},{\"@type\":\"ImageObject\",\"inLanguage\":\"pt-PT\",\"@id\":\"https:\/\/portaltela.pt\/desporto\/outros-desportos\/2025\/11\/25\/anunciados-os-nomeados-da-gala-do-desporto-de-tabua\/#primaryimage\",\"url\":\"https:\/\/portaltela.pt\/s.01k8rhncp4jt1\/2025\/11\/194-Gala-do-Desporto-2024.jpg\",\"contentUrl\":\"https:\/\/portaltela.pt\/s.01k8rhncp4jt1\/2025\/11\/194-Gala-do-Desporto-2024.jpg\",\"width\":796,\"height\":448,\"caption\":\"R\u00e1dio Boa Nova\"},{\"@type\":\"BreadcrumbList\",\"@id\":\"https:\/\/portaltela.pt\/desporto\/outros-desportos\/2025\/11\/25\/anunciados-os-nomeados-da-gala-do-desporto-de-tabua\/#breadcrumb\",\"itemListElement\":[{\"@type\":\"ListItem\",\"position\":1,\"name\":\"In\u00edcio\",\"item\":\"https:\/\/portaltela.pt\/\"},{\"@type\":\"ListItem\",\"position\":2,\"name\":\"Anunciados os nomeados da Gala do Desporto de T\u00e1bua\"}]},{\"@type\":\"WebSite\",\"@id\":\"https:\/\/portaltela.pt\/#website\",\"url\":\"https:\/\/portaltela.pt\/\",\"name\":\"Portal Tela Portugal\",\"description\":\"\",\"potentialAction\":[{\"@type\":\"SearchAction\",\"target\":{\"@type\":\"EntryPoint\",\"urlTemplate\":\"https:\/\/portaltela.pt\/?s={search_term_string}\"},\"query-input\":{\"@type\":\"PropertyValueSpecification\",\"valueRequired\":true,\"valueName\":\"search_term_string\"}}],\"inLanguage\":\"pt-PT\"},{\"@type\":\"Person\",\"@id\":\"https:\/\/portaltela.pt\/#\/schema\/person\/c4278d4a6028830caff9ee44b42d32ed\",\"name\":\"Telinha\",\"image\":{\"@type\":\"ImageObject\",\"inLanguage\":\"pt-PT\",\"@id\":\"https:\/\/portaltela.pt\/s.01k8rhncp4jt1\/2025\/11\/talking-bot-125x125.png\",\"url\":\"https:\/\/portaltela.pt\/s.01k8rhncp4jt1\/2025\/11\/talking-bot-125x125.png\",\"contentUrl\":\"https:\/\/portaltela.pt\/s.01k8rhncp4jt1\/2025\/11\/talking-bot-125x125.png\",\"caption\":\"Telinha\"},\"sameAs\":[\"https:\/\/portaltela.pt\/\"],\"url\":\"https:\/\/portaltela.pt\/por\/367410592786\/\"}]}<\/script>\n<!-- \/ Yoast SEO plugin. -->","yoast_head_json":{"title":"Anunciados os nomeados da Gala do Desporto de T\u00e1bua - Portal Tela Portugal","robots":{"index":"index","follow":"follow","max-snippet":"max-snippet:-1","max-image-preview":"max-image-preview:large","max-video-preview":"max-video-preview:-1"},"og_locale":"pt_PT","og_type":"article","og_title":"Anunciados os nomeados da Gala do Desporto de T\u00e1bua - Portal Tela Portugal","og_description":"J\u00e1 s\u00e3o conhecidos os nomeados da 11\u00aa Gala Municipal do Desporto de T\u00e1bua, marcada para 29 de novembro \u00e0s 21h, no Centro Cultural de T\u00e1bua. A lista foi definida ap\u00f3s a reuni\u00e3o da Comiss\u00e3o de Avalia\u00e7\u00e3o, realizada a 19 de novembro, com base nas candidaturas das associa\u00e7\u00f5es desportivas do concelho. Foram divulgadas as categorias apresentadas: Associa\u00e7\u00e3o Desportiva do Ano, Equipa do Ano, Dirigente do Ano, Atleta do Ano, Treinador do Ano, Revela\u00e7\u00e3o do Ano (Desporto Individual), Revela\u00e7\u00e3o do Ano (Desporto coletivo), M\u00e9rito Desportivo, Desporto Escolar e Evento Desportivo do Ano. Os vencedores nas categorias Pr\u00e9mio Incentivo, Reconhecimento Municipal e Pr\u00e9mio Dedica\u00e7\u00e3o ser\u00e3o revelados no pr\u00f3prio dia da gala. O an\u00fancio \u00e9 feito pela Comiss\u00e3o de Avalia\u00e7\u00e3o da Gala Municipal do Desporto de T\u00e1bua \u2014 \u00c9poca desportiva 2024\/2025.","og_url":"https:\/\/portaltela.pt\/desporto\/outros-desportos\/2025\/11\/25\/anunciados-os-nomeados-da-gala-do-desporto-de-tabua\/","og_site_name":"Portal Tela Portugal","article_published_time":"2025-11-25T09:00:00+00:00","og_image":[{"width":796,"height":448,"url":"https:\/\/portaltela.pt\/s.01k8rhncp4jt1\/2025\/11\/194-Gala-do-Desporto-2024.jpg","type":"image\/jpeg"}],"author":"Telinha","twitter_card":"summary_large_image","twitter_misc":{"Escrito por":"Telinha","Tempo estimado de leitura":"1 minuto"},"schema":{"@context":"https:\/\/schema.org","@graph":[{"@type":"Article","@id":"https:\/\/portaltela.pt\/desporto\/outros-desportos\/2025\/11\/25\/anunciados-os-nomeados-da-gala-do-desporto-de-tabua\/#article","isPartOf":{"@id":"https:\/\/portaltela.pt\/desporto\/outros-desportos\/2025\/11\/25\/anunciados-os-nomeados-da-gala-do-desporto-de-tabua\/"},"author":{"name":"Telinha","@id":"https:\/\/portaltela.pt\/#\/schema\/person\/c4278d4a6028830caff9ee44b42d32ed"},"headline":"Anunciados os nomeados da Gala do Desporto de T\u00e1bua","datePublished":"2025-11-25T09:00:00+00:00","mainEntityOfPage":{"@id":"https:\/\/portaltela.pt\/desporto\/outros-desportos\/2025\/11\/25\/anunciados-os-nomeados-da-gala-do-desporto-de-tabua\/"},"wordCount":178,"image":{"@id":"https:\/\/portaltela.pt\/desporto\/outros-desportos\/2025\/11\/25\/anunciados-os-nomeados-da-gala-do-desporto-de-tabua\/#primaryimage"},"thumbnailUrl":"https:\/\/portaltela.pt\/s.01k8rhncp4jt1\/2025\/11\/194-Gala-do-Desporto-2024.jpg","keywords":["Associa\u00e7\u00e3o Desportiva do Ano","Atleta do Ano","desporto escolar","Dirigente do Ano","Evento Desportivo do Ano","Treinador do Ano"],"articleSection":["Desporto"],"inLanguage":"pt-PT"},{"@type":"WebPage","@id":"https:\/\/portaltela.pt\/desporto\/outros-desportos\/2025\/11\/25\/anunciados-os-nomeados-da-gala-do-desporto-de-tabua\/","url":"https:\/\/portaltela.pt\/desporto\/outros-desportos\/2025\/11\/25\/anunciados-os-nomeados-da-gala-do-desporto-de-tabua\/","name":"Anunciados os nomeados da Gala do Desporto de T\u00e1bua - Portal Tela Portugal","isPartOf":{"@id":"https:\/\/portaltela.pt\/#website"},"primaryImageOfPage":{"@id":"https:\/\/portaltela.pt\/desporto\/outros-desportos\/2025\/11\/25\/anunciados-os-nomeados-da-gala-do-desporto-de-tabua\/#primaryimage"},"image":{"@id":"https:\/\/portaltela.pt\/desporto\/outros-desportos\/2025\/11\/25\/anunciados-os-nomeados-da-gala-do-desporto-de-tabua\/#primaryimage"},"thumbnailUrl":"https:\/\/portaltela.pt\/s.01k8rhncp4jt1\/2025\/11\/194-Gala-do-Desporto-2024.jpg","datePublished":"2025-11-25T09:00:00+00:00","author":{"@id":"https:\/\/portaltela.pt\/#\/schema\/person\/c4278d4a6028830caff9ee44b42d32ed"},"breadcrumb":{"@id":"https:\/\/portaltela.pt\/desporto\/outros-desportos\/2025\/11\/25\/anunciados-os-nomeados-da-gala-do-desporto-de-tabua\/#breadcrumb"},"inLanguage":"pt-PT","potentialAction":[{"@type":"ReadAction","target":["https:\/\/portaltela.pt\/desporto\/outros-desportos\/2025\/11\/25\/anunciados-os-nomeados-da-gala-do-desporto-de-tabua\/"]}]},{"@type":"ImageObject","inLanguage":"pt-PT","@id":"https:\/\/portaltela.pt\/desporto\/outros-desportos\/2025\/11\/25\/anunciados-os-nomeados-da-gala-do-desporto-de-tabua\/#primaryimage","url":"https:\/\/portaltela.pt\/s.01k8rhncp4jt1\/2025\/11\/194-Gala-do-Desporto-2024.jpg","contentUrl":"https:\/\/portaltela.pt\/s.01k8rhncp4jt1\/2025\/11\/194-Gala-do-Desporto-2024.jpg","width":796,"height":448,"caption":"R\u00e1dio Boa Nova"},{"@type":"BreadcrumbList","@id":"https:\/\/portaltela.pt\/desporto\/outros-desportos\/2025\/11\/25\/anunciados-os-nomeados-da-gala-do-desporto-de-tabua\/#breadcrumb","itemListElement":[{"@type":"ListItem","position":1,"name":"In\u00edcio","item":"https:\/\/portaltela.pt\/"},{"@type":"ListItem","position":2,"name":"Anunciados os nomeados da Gala do Desporto de T\u00e1bua"}]},{"@type":"WebSite","@id":"https:\/\/portaltela.pt\/#website","url":"https:\/\/portaltela.pt\/","name":"Portal Tela Portugal","description":"","potentialAction":[{"@type":"SearchAction","target":{"@type":"EntryPoint","urlTemplate":"https:\/\/portaltela.pt\/?s={search_term_string}"},"query-input":{"@type":"PropertyValueSpecification","valueRequired":true,"valueName":"search_term_string"}}],"inLanguage":"pt-PT"},{"@type":"Person","@id":"https:\/\/portaltela.pt\/#\/schema\/person\/c4278d4a6028830caff9ee44b42d32ed","name":"Telinha","image":{"@type":"ImageObject","inLanguage":"pt-PT","@id":"https:\/\/portaltela.pt\/s.01k8rhncp4jt1\/2025\/11\/talking-bot-125x125.png","url":"https:\/\/portaltela.pt\/s.01k8rhncp4jt1\/2025\/11\/talking-bot-125x125.png","contentUrl":"https:\/\/portaltela.pt\/s.01k8rhncp4jt1\/2025\/11\/talking-bot-125x125.png","caption":"Telinha"},"sameAs":["https:\/\/portaltela.pt\/"],"url":"https:\/\/portaltela.pt\/por\/367410592786\/"}]}},"_links":{"self":[{"href":"https:\/\/portaltela.pt\/api\/wp\/v2\/posts\/30386","targetHints":{"allow":["GET"]}}],"collection":[{"href":"https:\/\/portaltela.pt\/api\/wp\/v2\/posts"}],"about":[{"href":"https:\/\/portaltela.pt\/api\/wp\/v2\/types\/post"}],"author":[{"embeddable":true,"href":"https:\/\/portaltela.pt\/api\/wp\/v2\/users\/2"}],"replies":[{"embeddable":true,"href":"https:\/\/portaltela.pt\/api\/wp\/v2\/comments?post=30386"}],"version-history":[{"count":0,"href":"https:\/\/portaltela.pt\/api\/wp\/v2\/posts\/30386\/revisions"}],"wp:featuredmedia":[{"embeddable":true,"href":"https:\/\/portaltela.pt\/api\/wp\/v2\/media\/30390"}],"wp:attachment":[{"href":"https:\/\/portaltela.pt\/api\/wp\/v2\/media?parent=30386"}],"wp:term":[{"taxonomy":"category","embeddable":true,"href":"https:\/\/portaltela.pt\/api\/wp\/v2\/categories?post=30386"},{"taxonomy":"post_tag","embeddable":true,"href":"https:\/\/portaltela.pt\/api\/wp\/v2\/tags?post=30386"}],"curies":[{"name":"wp","href":"https:\/\/api.w.org\/{rel}","templated":true}]}}