{"id":28857,"date":"2025-11-23T21:00:00","date_gmt":"2025-11-24T00:00:00","guid":{"rendered":"https:\/\/portaltela.pt\/noticias\/2025\/11\/23\/rudolfo-cria-de-orix-encanta-visitantes-no-badoca-2\/"},"modified":"2025-11-23T21:00:00","modified_gmt":"2025-11-24T00:00:00","slug":"rudolfo-cria-de-orix-encanta-visitantes-no-badoca-2","status":"publish","type":"post","link":"https:\/\/portaltela.pt\/noticias\/internacional\/2025\/11\/23\/rudolfo-cria-de-orix-encanta-visitantes-no-badoca-2\/","title":{"rendered":"Rudolfo, cria de \u00f3rix, encanta visitantes no Badoca"},"content":{"rendered":"<p>No Badoca Safari Park, na herdade de Vila Nova de Santo Andr\u00e9, Santiago do Cac\u00e9m, nasceu Rudolfo, uma cria de \u00f3rix-de-cimitarra (Oryx dammah). A novidade foi registada durante o recente per\u00edodo natal\u00edcio, trazendo boa not\u00edcia para a conserva\u00e7\u00e3o da esp\u00e9cie.<\/p>\n<p>O \u00f3rix-de-cimitarra \u00e9 uma ant\u00edlopa do Norte de \u00c1frica cuja situa\u00e7\u00e3o evoluiu nos \u00faltimos anos. Este animal esteve considerado Extinto na Natureza at\u00e9 projetos de reprodu\u00e7\u00e3o em cativeiro e reintrodu\u00e7\u00e3o.<\/p>\n<p>A esperan\u00e7osa cria\u00e7\u00e3o nasce num centro que participa de iniciativas de conserva\u00e7\u00e3o da esp\u00e9cie. O Badoca Safari Park integra esfor\u00e7os para manter popula\u00e7\u00f5es em cativeiro com objetivo de futuras a\u00e7\u00f5es de reintrodu\u00e7\u00e3o.<\/p>\n<p>A IUCN classifica o \u00d3rix dammah como Em Perigo desde 2023, ap\u00f3s melhorias em programas de reprodu\u00e7\u00e3o e prote\u00e7\u00e3o. O nascimento de Rudolfo simboliza avan\u00e7os na estrat\u00e9gia de preserva\u00e7\u00e3o da esp\u00e9cie.<\/p>\n<p>Estas a\u00e7\u00f5es refor\u00e7am a import\u00e2ncia de parques zool\u00f3gicos e recintos de conserva\u00e7\u00e3o na recupera\u00e7\u00e3o de popula\u00e7\u00f5es selvagens, complementando esfor\u00e7os em campo na \u00c1frica.<\/p>\n","protected":false},"excerpt":{"rendered":"<ul>\n<li>Rudolfo, cria de \u00f3rix-de-cimitarra (Oryx dammah), nasceu na herdade de Vila Nova de Santo Andr\u00e9, no concelho de Santiago do Cac\u00e9m, no Badoca Safari Park.<\/li>\n<li>O \u00f3rix-de-cimitarra \u00e9 uma ant\u00edope do Norte de \u00c1frica que esteve classificado como Extinto na Natureza durante anos.<\/li>\n<li>Em 2020 mantinha-se como Extinto na Natureza; em 2023 a Uni\u00e3o Internacional para a Conserva\u00e7\u00e3o da Natureza (IUCN) reclassificou a esp\u00e9cie para Em Perigo, devido a programas de reprodu\u00e7\u00e3o e reintrodu\u00e7\u00e3o.<\/li>\n<li>O nascimento de Rudolfo representa um avan\u00e7o na conserva\u00e7\u00e3o da esp\u00e9cie.<\/li>\n<li>O epis\u00f3dio ocorre no contexto de conserva\u00e7\u00e3o e de iniciativas de reprodu\u00e7\u00e3o em cativeiro para recupera\u00e7\u00e3o populacional.<\/li>\n<\/ul>\n","protected":false},"author":2,"featured_media":28866,"comment_status":"closed","ping_status":"closed","sticky":false,"template":"","format":"standard","meta":{"footnotes":""},"categories":[4,1],"tags":[159,45,136,224,169],"class_list":["post-28857","post","type-post","status-publish","format-standard","has-post-thumbnail","hentry","category-internacional","category-noticias","tag-investigacao-cientifica","tag-meio-ambiente","tag-organizacoes","tag-reserva-ecologica","tag-turismo"],"yoast_head":"<!-- This site is optimized with the Yoast SEO plugin v27.2 - https:\/\/yoast.com\/product\/yoast-seo-wordpress\/ -->\n<title>Rudolfo, cria de \u00f3rix, encanta visitantes no Badoca - Portal Tela Portugal<\/title>\n<meta name=\"robots\" content=\"index, follow, max-snippet:-1, max-image-preview:large, max-video-preview:-1\" \/>\n<meta property=\"og:locale\" content=\"pt_PT\" \/>\n<meta property=\"og:type\" content=\"article\" \/>\n<meta property=\"og:title\" content=\"Rudolfo, cria de \u00f3rix, encanta visitantes no Badoca - Portal Tela Portugal\" \/>\n<meta property=\"og:description\" content=\"Rudolfo, cria de \u00f3rix-de-cimitarra (Oryx dammah), nasceu na herdade de Vila Nova de Santo Andr\u00e9, no concelho de Santiago do Cac\u00e9m, no Badoca Safari Park. O \u00f3rix-de-cimitarra \u00e9 uma ant\u00edope do Norte de \u00c1frica que esteve classificado como Extinto na Natureza durante anos. Em 2020 mantinha-se como Extinto na Natureza; em 2023 a Uni\u00e3o Internacional para a Conserva\u00e7\u00e3o da Natureza (IUCN) reclassificou a esp\u00e9cie para Em Perigo, devido a programas de reprodu\u00e7\u00e3o e reintrodu\u00e7\u00e3o. O nascimento de Rudolfo representa um avan\u00e7o na conserva\u00e7\u00e3o da esp\u00e9cie. O epis\u00f3dio ocorre no contexto de conserva\u00e7\u00e3o e de iniciativas de reprodu\u00e7\u00e3o em cativeiro para recupera\u00e7\u00e3o populacional.\" \/>\n<meta property=\"og:url\" content=\"https:\/\/portaltela.pt\/noticias\/internacional\/2025\/11\/23\/rudolfo-cria-de-orix-encanta-visitantes-no-badoca-2\/\" \/>\n<meta property=\"og:site_name\" content=\"Portal Tela Portugal\" \/>\n<meta property=\"article:published_time\" content=\"2025-11-24T00:00:00+00:00\" \/>\n<meta property=\"og:image\" content=\"https:\/\/portaltela.pt\/s.01k8rhncp4jt1\/2025\/11\/img_920x518uu2025-11-24-15-51-39-2404640-1.jpg\" \/>\n\t<meta property=\"og:image:width\" content=\"796\" \/>\n\t<meta property=\"og:image:height\" content=\"448\" \/>\n\t<meta property=\"og:image:type\" content=\"image\/jpeg\" \/>\n<meta name=\"author\" content=\"Telinha\" \/>\n<meta name=\"twitter:card\" content=\"summary_large_image\" \/>\n<meta name=\"twitter:label1\" content=\"Escrito por\" \/>\n\t<meta name=\"twitter:data1\" content=\"Telinha\" \/>\n\t<meta name=\"twitter:label2\" content=\"Tempo estimado de leitura\" \/>\n\t<meta name=\"twitter:data2\" content=\"1 minuto\" \/>\n<script type=\"application\/ld+json\" class=\"yoast-schema-graph\">{\"@context\":\"https:\/\/schema.org\",\"@graph\":[{\"@type\":\"Article\",\"@id\":\"https:\/\/portaltela.pt\/noticias\/internacional\/2025\/11\/23\/rudolfo-cria-de-orix-encanta-visitantes-no-badoca-2\/#article\",\"isPartOf\":{\"@id\":\"https:\/\/portaltela.pt\/noticias\/internacional\/2025\/11\/23\/rudolfo-cria-de-orix-encanta-visitantes-no-badoca-2\/\"},\"author\":{\"name\":\"Telinha\",\"@id\":\"https:\/\/portaltela.pt\/#\/schema\/person\/c4278d4a6028830caff9ee44b42d32ed\"},\"headline\":\"Rudolfo, cria de \u00f3rix, encanta visitantes no Badoca\",\"datePublished\":\"2025-11-24T00:00:00+00:00\",\"mainEntityOfPage\":{\"@id\":\"https:\/\/portaltela.pt\/noticias\/internacional\/2025\/11\/23\/rudolfo-cria-de-orix-encanta-visitantes-no-badoca-2\/\"},\"wordCount\":195,\"image\":{\"@id\":\"https:\/\/portaltela.pt\/noticias\/internacional\/2025\/11\/23\/rudolfo-cria-de-orix-encanta-visitantes-no-badoca-2\/#primaryimage\"},\"thumbnailUrl\":\"https:\/\/portaltela.pt\/s.01k8rhncp4jt1\/2025\/11\/img_920x518uu2025-11-24-15-51-39-2404640-1.jpg\",\"keywords\":[\"investiga\u00e7\u00e3o cient\u00edfica\",\"meio-ambiente\",\"organiza\u00e7\u00f5es\",\"reserva ecol\u00f3gica\",\"turismo\"],\"articleSection\":[\"Internacional\",\"Not\u00edcias\"],\"inLanguage\":\"pt-PT\"},{\"@type\":\"WebPage\",\"@id\":\"https:\/\/portaltela.pt\/noticias\/internacional\/2025\/11\/23\/rudolfo-cria-de-orix-encanta-visitantes-no-badoca-2\/\",\"url\":\"https:\/\/portaltela.pt\/noticias\/internacional\/2025\/11\/23\/rudolfo-cria-de-orix-encanta-visitantes-no-badoca-2\/\",\"name\":\"Rudolfo, cria de \u00f3rix, encanta visitantes no Badoca - Portal Tela Portugal\",\"isPartOf\":{\"@id\":\"https:\/\/portaltela.pt\/#website\"},\"primaryImageOfPage\":{\"@id\":\"https:\/\/portaltela.pt\/noticias\/internacional\/2025\/11\/23\/rudolfo-cria-de-orix-encanta-visitantes-no-badoca-2\/#primaryimage\"},\"image\":{\"@id\":\"https:\/\/portaltela.pt\/noticias\/internacional\/2025\/11\/23\/rudolfo-cria-de-orix-encanta-visitantes-no-badoca-2\/#primaryimage\"},\"thumbnailUrl\":\"https:\/\/portaltela.pt\/s.01k8rhncp4jt1\/2025\/11\/img_920x518uu2025-11-24-15-51-39-2404640-1.jpg\",\"datePublished\":\"2025-11-24T00:00:00+00:00\",\"author\":{\"@id\":\"https:\/\/portaltela.pt\/#\/schema\/person\/c4278d4a6028830caff9ee44b42d32ed\"},\"breadcrumb\":{\"@id\":\"https:\/\/portaltela.pt\/noticias\/internacional\/2025\/11\/23\/rudolfo-cria-de-orix-encanta-visitantes-no-badoca-2\/#breadcrumb\"},\"inLanguage\":\"pt-PT\",\"potentialAction\":[{\"@type\":\"ReadAction\",\"target\":[\"https:\/\/portaltela.pt\/noticias\/internacional\/2025\/11\/23\/rudolfo-cria-de-orix-encanta-visitantes-no-badoca-2\/\"]}]},{\"@type\":\"ImageObject\",\"inLanguage\":\"pt-PT\",\"@id\":\"https:\/\/portaltela.pt\/noticias\/internacional\/2025\/11\/23\/rudolfo-cria-de-orix-encanta-visitantes-no-badoca-2\/#primaryimage\",\"url\":\"https:\/\/portaltela.pt\/s.01k8rhncp4jt1\/2025\/11\/img_920x518uu2025-11-24-15-51-39-2404640-1.jpg\",\"contentUrl\":\"https:\/\/portaltela.pt\/s.01k8rhncp4jt1\/2025\/11\/img_920x518uu2025-11-24-15-51-39-2404640-1.jpg\",\"width\":796,\"height\":448,\"caption\":\"Um milagre de Natal! Conhe\u00e7a o Rudolfo, a cria de \u00f3rix que est\u00e1 a encantar os visitantes do Badoca\"},{\"@type\":\"BreadcrumbList\",\"@id\":\"https:\/\/portaltela.pt\/noticias\/internacional\/2025\/11\/23\/rudolfo-cria-de-orix-encanta-visitantes-no-badoca-2\/#breadcrumb\",\"itemListElement\":[{\"@type\":\"ListItem\",\"position\":1,\"name\":\"In\u00edcio\",\"item\":\"https:\/\/portaltela.pt\/\"},{\"@type\":\"ListItem\",\"position\":2,\"name\":\"Rudolfo, cria de \u00f3rix, encanta visitantes no Badoca\"}]},{\"@type\":\"WebSite\",\"@id\":\"https:\/\/portaltela.pt\/#website\",\"url\":\"https:\/\/portaltela.pt\/\",\"name\":\"Portal Tela Portugal\",\"description\":\"\",\"potentialAction\":[{\"@type\":\"SearchAction\",\"target\":{\"@type\":\"EntryPoint\",\"urlTemplate\":\"https:\/\/portaltela.pt\/?s={search_term_string}\"},\"query-input\":{\"@type\":\"PropertyValueSpecification\",\"valueRequired\":true,\"valueName\":\"search_term_string\"}}],\"inLanguage\":\"pt-PT\"},{\"@type\":\"Person\",\"@id\":\"https:\/\/portaltela.pt\/#\/schema\/person\/c4278d4a6028830caff9ee44b42d32ed\",\"name\":\"Telinha\",\"image\":{\"@type\":\"ImageObject\",\"inLanguage\":\"pt-PT\",\"@id\":\"https:\/\/portaltela.pt\/s.01k8rhncp4jt1\/2025\/11\/talking-bot-125x125.png\",\"url\":\"https:\/\/portaltela.pt\/s.01k8rhncp4jt1\/2025\/11\/talking-bot-125x125.png\",\"contentUrl\":\"https:\/\/portaltela.pt\/s.01k8rhncp4jt1\/2025\/11\/talking-bot-125x125.png\",\"caption\":\"Telinha\"},\"sameAs\":[\"https:\/\/portaltela.pt\/\"],\"url\":\"https:\/\/portaltela.pt\/por\/367410592786\/\"}]}<\/script>\n<!-- \/ Yoast SEO plugin. -->","yoast_head_json":{"title":"Rudolfo, cria de \u00f3rix, encanta visitantes no Badoca - Portal Tela Portugal","robots":{"index":"index","follow":"follow","max-snippet":"max-snippet:-1","max-image-preview":"max-image-preview:large","max-video-preview":"max-video-preview:-1"},"og_locale":"pt_PT","og_type":"article","og_title":"Rudolfo, cria de \u00f3rix, encanta visitantes no Badoca - Portal Tela Portugal","og_description":"Rudolfo, cria de \u00f3rix-de-cimitarra (Oryx dammah), nasceu na herdade de Vila Nova de Santo Andr\u00e9, no concelho de Santiago do Cac\u00e9m, no Badoca Safari Park. O \u00f3rix-de-cimitarra \u00e9 uma ant\u00edope do Norte de \u00c1frica que esteve classificado como Extinto na Natureza durante anos. Em 2020 mantinha-se como Extinto na Natureza; em 2023 a Uni\u00e3o Internacional para a Conserva\u00e7\u00e3o da Natureza (IUCN) reclassificou a esp\u00e9cie para Em Perigo, devido a programas de reprodu\u00e7\u00e3o e reintrodu\u00e7\u00e3o. O nascimento de Rudolfo representa um avan\u00e7o na conserva\u00e7\u00e3o da esp\u00e9cie. O epis\u00f3dio ocorre no contexto de conserva\u00e7\u00e3o e de iniciativas de reprodu\u00e7\u00e3o em cativeiro para recupera\u00e7\u00e3o populacional.","og_url":"https:\/\/portaltela.pt\/noticias\/internacional\/2025\/11\/23\/rudolfo-cria-de-orix-encanta-visitantes-no-badoca-2\/","og_site_name":"Portal Tela Portugal","article_published_time":"2025-11-24T00:00:00+00:00","og_image":[{"width":796,"height":448,"url":"https:\/\/portaltela.pt\/s.01k8rhncp4jt1\/2025\/11\/img_920x518uu2025-11-24-15-51-39-2404640-1.jpg","type":"image\/jpeg"}],"author":"Telinha","twitter_card":"summary_large_image","twitter_misc":{"Escrito por":"Telinha","Tempo estimado de leitura":"1 minuto"},"schema":{"@context":"https:\/\/schema.org","@graph":[{"@type":"Article","@id":"https:\/\/portaltela.pt\/noticias\/internacional\/2025\/11\/23\/rudolfo-cria-de-orix-encanta-visitantes-no-badoca-2\/#article","isPartOf":{"@id":"https:\/\/portaltela.pt\/noticias\/internacional\/2025\/11\/23\/rudolfo-cria-de-orix-encanta-visitantes-no-badoca-2\/"},"author":{"name":"Telinha","@id":"https:\/\/portaltela.pt\/#\/schema\/person\/c4278d4a6028830caff9ee44b42d32ed"},"headline":"Rudolfo, cria de \u00f3rix, encanta visitantes no Badoca","datePublished":"2025-11-24T00:00:00+00:00","mainEntityOfPage":{"@id":"https:\/\/portaltela.pt\/noticias\/internacional\/2025\/11\/23\/rudolfo-cria-de-orix-encanta-visitantes-no-badoca-2\/"},"wordCount":195,"image":{"@id":"https:\/\/portaltela.pt\/noticias\/internacional\/2025\/11\/23\/rudolfo-cria-de-orix-encanta-visitantes-no-badoca-2\/#primaryimage"},"thumbnailUrl":"https:\/\/portaltela.pt\/s.01k8rhncp4jt1\/2025\/11\/img_920x518uu2025-11-24-15-51-39-2404640-1.jpg","keywords":["investiga\u00e7\u00e3o cient\u00edfica","meio-ambiente","organiza\u00e7\u00f5es","reserva ecol\u00f3gica","turismo"],"articleSection":["Internacional","Not\u00edcias"],"inLanguage":"pt-PT"},{"@type":"WebPage","@id":"https:\/\/portaltela.pt\/noticias\/internacional\/2025\/11\/23\/rudolfo-cria-de-orix-encanta-visitantes-no-badoca-2\/","url":"https:\/\/portaltela.pt\/noticias\/internacional\/2025\/11\/23\/rudolfo-cria-de-orix-encanta-visitantes-no-badoca-2\/","name":"Rudolfo, cria de \u00f3rix, encanta visitantes no Badoca - Portal Tela Portugal","isPartOf":{"@id":"https:\/\/portaltela.pt\/#website"},"primaryImageOfPage":{"@id":"https:\/\/portaltela.pt\/noticias\/internacional\/2025\/11\/23\/rudolfo-cria-de-orix-encanta-visitantes-no-badoca-2\/#primaryimage"},"image":{"@id":"https:\/\/portaltela.pt\/noticias\/internacional\/2025\/11\/23\/rudolfo-cria-de-orix-encanta-visitantes-no-badoca-2\/#primaryimage"},"thumbnailUrl":"https:\/\/portaltela.pt\/s.01k8rhncp4jt1\/2025\/11\/img_920x518uu2025-11-24-15-51-39-2404640-1.jpg","datePublished":"2025-11-24T00:00:00+00:00","author":{"@id":"https:\/\/portaltela.pt\/#\/schema\/person\/c4278d4a6028830caff9ee44b42d32ed"},"breadcrumb":{"@id":"https:\/\/portaltela.pt\/noticias\/internacional\/2025\/11\/23\/rudolfo-cria-de-orix-encanta-visitantes-no-badoca-2\/#breadcrumb"},"inLanguage":"pt-PT","potentialAction":[{"@type":"ReadAction","target":["https:\/\/portaltela.pt\/noticias\/internacional\/2025\/11\/23\/rudolfo-cria-de-orix-encanta-visitantes-no-badoca-2\/"]}]},{"@type":"ImageObject","inLanguage":"pt-PT","@id":"https:\/\/portaltela.pt\/noticias\/internacional\/2025\/11\/23\/rudolfo-cria-de-orix-encanta-visitantes-no-badoca-2\/#primaryimage","url":"https:\/\/portaltela.pt\/s.01k8rhncp4jt1\/2025\/11\/img_920x518uu2025-11-24-15-51-39-2404640-1.jpg","contentUrl":"https:\/\/portaltela.pt\/s.01k8rhncp4jt1\/2025\/11\/img_920x518uu2025-11-24-15-51-39-2404640-1.jpg","width":796,"height":448,"caption":"Um milagre de Natal! Conhe\u00e7a o Rudolfo, a cria de \u00f3rix que est\u00e1 a encantar os visitantes do Badoca"},{"@type":"BreadcrumbList","@id":"https:\/\/portaltela.pt\/noticias\/internacional\/2025\/11\/23\/rudolfo-cria-de-orix-encanta-visitantes-no-badoca-2\/#breadcrumb","itemListElement":[{"@type":"ListItem","position":1,"name":"In\u00edcio","item":"https:\/\/portaltela.pt\/"},{"@type":"ListItem","position":2,"name":"Rudolfo, cria de \u00f3rix, encanta visitantes no Badoca"}]},{"@type":"WebSite","@id":"https:\/\/portaltela.pt\/#website","url":"https:\/\/portaltela.pt\/","name":"Portal Tela Portugal","description":"","potentialAction":[{"@type":"SearchAction","target":{"@type":"EntryPoint","urlTemplate":"https:\/\/portaltela.pt\/?s={search_term_string}"},"query-input":{"@type":"PropertyValueSpecification","valueRequired":true,"valueName":"search_term_string"}}],"inLanguage":"pt-PT"},{"@type":"Person","@id":"https:\/\/portaltela.pt\/#\/schema\/person\/c4278d4a6028830caff9ee44b42d32ed","name":"Telinha","image":{"@type":"ImageObject","inLanguage":"pt-PT","@id":"https:\/\/portaltela.pt\/s.01k8rhncp4jt1\/2025\/11\/talking-bot-125x125.png","url":"https:\/\/portaltela.pt\/s.01k8rhncp4jt1\/2025\/11\/talking-bot-125x125.png","contentUrl":"https:\/\/portaltela.pt\/s.01k8rhncp4jt1\/2025\/11\/talking-bot-125x125.png","caption":"Telinha"},"sameAs":["https:\/\/portaltela.pt\/"],"url":"https:\/\/portaltela.pt\/por\/367410592786\/"}]}},"_links":{"self":[{"href":"https:\/\/portaltela.pt\/api\/wp\/v2\/posts\/28857","targetHints":{"allow":["GET"]}}],"collection":[{"href":"https:\/\/portaltela.pt\/api\/wp\/v2\/posts"}],"about":[{"href":"https:\/\/portaltela.pt\/api\/wp\/v2\/types\/post"}],"author":[{"embeddable":true,"href":"https:\/\/portaltela.pt\/api\/wp\/v2\/users\/2"}],"replies":[{"embeddable":true,"href":"https:\/\/portaltela.pt\/api\/wp\/v2\/comments?post=28857"}],"version-history":[{"count":0,"href":"https:\/\/portaltela.pt\/api\/wp\/v2\/posts\/28857\/revisions"}],"wp:featuredmedia":[{"embeddable":true,"href":"https:\/\/portaltela.pt\/api\/wp\/v2\/media\/28866"}],"wp:attachment":[{"href":"https:\/\/portaltela.pt\/api\/wp\/v2\/media?parent=28857"}],"wp:term":[{"taxonomy":"category","embeddable":true,"href":"https:\/\/portaltela.pt\/api\/wp\/v2\/categories?post=28857"},{"taxonomy":"post_tag","embeddable":true,"href":"https:\/\/portaltela.pt\/api\/wp\/v2\/tags?post=28857"}],"curies":[{"name":"wp","href":"https:\/\/api.w.org\/{rel}","templated":true}]}}