{"id":225902,"date":"2026-02-25T12:37:00","date_gmt":"2026-02-25T15:37:00","guid":{"rendered":"https:\/\/portaltela.pt\/noticias\/2026\/02\/25\/madureira-recorre-na-operacao-pretoriano-para-evitar-regresso-a-prisao\/"},"modified":"2026-02-25T12:37:00","modified_gmt":"2026-02-25T15:37:00","slug":"madureira-recorre-na-operacao-pretoriano-para-evitar-regresso-a-prisao","status":"publish","type":"post","link":"https:\/\/portaltela.pt\/desporto\/futebol\/2026\/02\/25\/madureira-recorre-na-operacao-pretoriano-para-evitar-regresso-a-prisao\/","title":{"rendered":"Madureira recorre na Opera\u00e7\u00e3o Pretoriano para evitar regresso \u00e0 pris\u00e3o"},"content":{"rendered":"<p>Fernando Madureira recorreu da decis\u00e3o do Tribunal da Rela\u00e7\u00e3o do Porto no \u00e2mbito da Opera\u00e7\u00e3o Pretoriano, tentando evitar o regresso \u00e0 pris\u00e3o para cumprir o restante da pena. O antigo l\u00edder dos Super Drag\u00f5es foi libertado no dia 6 de fevereiro ap\u00f3s exceder o prazo de dois anos de pris\u00e3o preventiva.<\/p>\n<p>A defesa aponta que n\u00e3o houve plano concertado para provocar viol\u00eancia na Assembleia-Geral do FC Porto, em novembro de 2023, e tenta manter a atenua\u00e7\u00e3o de crimes de ofensa \u00e0 integridade f\u00edsica. O recurso impede temporariamente o regresso a pris\u00e3o at\u00e9 decis\u00e3o judicial transitada em julgado.<\/p>\n<p>Na pr\u00e1tica, o recurso pode atrasar o regresso a pris\u00e3o caso o Tribunal da Rela\u00e7\u00e3o aceite o argumento. A Procuradoria j\u00e1 manteve a acusa\u00e7\u00e3o, e o desfecho depender\u00e1 da aprecia\u00e7\u00e3o do recurso pelo tribunal superior.<\/p>\n<h3>Contexto da Opera\u00e7\u00e3o Pretoriano<\/h3>\n<p>A Opera\u00e7\u00e3o Pretoriano investiga incidentes ocorridos na Assembleia Geral extraordin\u00e1ria do FC Porto, em novembro de 2023. Doze arguidos foram constitu\u00eddos, com dois absolvidos, respondendo a 31 crimes entre coa\u00e7\u00e3o agravada e agress\u00f5es, entre outros.<\/p>\n<p>Foi demonstrado que Fernando Madureira, a mulher Sandra Madureira e v\u00e1rios elementos da claque criaram um clima de medo entre s\u00f3cios. O objetivo apontado era silenciar apoiantes de Andr\u00e9 Villas-Boas, que planeava uma candidatura \u00e0 presid\u00eancia, e defender interesses da dire\u00e7\u00e3o liderada por Pinto da Costa.<\/p>\n<p>Milhares de s\u00f3cios deslocaram-se ao Est\u00e1dio do Drag\u00e3o, com o evento a ser transferido para o Drag\u00e3o Arena. O Minist\u00e9rio P\u00fablico aponta para furto e distribui\u00e7\u00e3o il\u00edcita de pulseiras de acesso ao local.<\/p>\n<h3>Outros enquadramentos e consequ\u00eancias<\/h3>\n<p>Para al\u00e9m da viol\u00eancia na AG, o FC Porto avan\u00e7a com um pedido de indemniza\u00e7\u00e3o de cinco milh\u00f5es de euros contra os arguidos. Existem ainda processos disciplinares abertos a antigos associados, com expuls\u00f5es ocorridas em alguns casos. Triangula-se assim com a pol\u00e9mica envolvendo o acesso a bilhetes no \u00e2mbito de um protocolo entre clube e claque.<\/p>\n<p>No desenrolar do caso, Villas-Boas acabou por lan\u00e7ar a sua candidatura \u00e0 presid\u00eancia do FC Porto, vencendo o pleito com uma maioria superior a 80%. A situa\u00e7\u00e3o gerou cr\u00edticas \u00e0 atua\u00e7\u00e3o da dire\u00e7\u00e3o, incluindo a de Pinto da Costa, mas n\u00e3o altera o enquadramento legal j\u00e1 em curso.<\/p>\n","protected":false},"excerpt":{"rendered":"<ul>\n<li>A defesa de Fernando Madureira recorreu da decis\u00e3o do Tribunal da Rela\u00e7\u00e3o do Porto no caso Opera\u00e7\u00e3o Pretoriano, tentando n\u00e3o voltar a pris\u00e3o.<\/li>\n<li>Madureira foi libertado a 6 de Fevereiro, depois de excedido o prazo de dois anos de pris\u00e3o preventiva, ficando em liberdade at\u00e9 haver decis\u00e3o no recurso.<\/li>\n<li>O recurso visa impedir o regresso \u00e0 pris\u00e3o e contesta o agravamento dos crimes, incluindo ofensa \u00e0 integridade f\u00edsica, mantendo o caso em an\u00e1lise at\u00e9 ao tr\u00e2nsito em julgado.<\/li>\n<li>A Opera\u00e7\u00e3o Pretoriano investiga a Assembleia-Geral do FC Porto de novembro de 2023, com doze arguidos a responder por trinta e um crimes de coa\u00e7\u00e3o, agress\u00f5es e outros delitos associados.<\/li>\n<li>O inqu\u00e9rito indica que houve viol\u00eancia e tentativa de silenciar apoiantes de Andr\u00e9 Villas-Boas; h\u00e1 ainda alega\u00e7\u00f5es de roubo e distribui\u00e7\u00e3o il\u00edcita de pulseiras de acesso.<\/li>\n<\/ul>\n","protected":false},"author":2,"featured_media":225925,"comment_status":"closed","ping_status":"closed","sticky":false,"template":"","format":"standard","meta":{"footnotes":""},"categories":[21,24],"tags":[2079,2456,2937,2320,147,2028],"class_list":["post-225902","post","type-post","status-publish","format-standard","has-post-thumbnail","hentry","category-desporto","category-futebol","tag-agressoes","tag-andre-villas-boas","tag-assembleia-geral","tag-coacao-agravada","tag-crime","tag-fc-porto"],"yoast_head":"<!-- This site is optimized with the Yoast SEO plugin v27.2 - https:\/\/yoast.com\/product\/yoast-seo-wordpress\/ -->\n<title>Madureira recorre na Opera\u00e7\u00e3o Pretoriano para evitar regresso \u00e0 pris\u00e3o - Portal Tela Portugal<\/title>\n<meta name=\"robots\" content=\"index, follow, max-snippet:-1, max-image-preview:large, max-video-preview:-1\" \/>\n<meta property=\"og:locale\" content=\"pt_PT\" \/>\n<meta property=\"og:type\" content=\"article\" \/>\n<meta property=\"og:title\" content=\"Madureira recorre na Opera\u00e7\u00e3o Pretoriano para evitar regresso \u00e0 pris\u00e3o - Portal Tela Portugal\" \/>\n<meta property=\"og:description\" content=\"A defesa de Fernando Madureira recorreu da decis\u00e3o do Tribunal da Rela\u00e7\u00e3o do Porto no caso Opera\u00e7\u00e3o Pretoriano, tentando n\u00e3o voltar a pris\u00e3o. Madureira foi libertado a 6 de Fevereiro, depois de excedido o prazo de dois anos de pris\u00e3o preventiva, ficando em liberdade at\u00e9 haver decis\u00e3o no recurso. O recurso visa impedir o regresso \u00e0 pris\u00e3o e contesta o agravamento dos crimes, incluindo ofensa \u00e0 integridade f\u00edsica, mantendo o caso em an\u00e1lise at\u00e9 ao tr\u00e2nsito em julgado. A Opera\u00e7\u00e3o Pretoriano investiga a Assembleia-Geral do FC Porto de novembro de 2023, com doze arguidos a responder por trinta e um crimes de coa\u00e7\u00e3o, agress\u00f5es e outros delitos associados. O inqu\u00e9rito indica que houve viol\u00eancia e tentativa de silenciar apoiantes de Andr\u00e9 Villas-Boas; h\u00e1 ainda alega\u00e7\u00f5es de roubo e distribui\u00e7\u00e3o il\u00edcita de pulseiras de acesso.\" \/>\n<meta property=\"og:url\" content=\"https:\/\/portaltela.pt\/noticias\/2026\/02\/25\/madureira-recorre-na-operacao-pretoriano-para-evitar-regresso-a-prisao\/\" \/>\n<meta property=\"og:site_name\" content=\"Portal Tela Portugal\" \/>\n<meta property=\"article:published_time\" content=\"2026-02-25T15:37:00+00:00\" \/>\n<meta name=\"author\" content=\"Telinha\" \/>\n<meta name=\"twitter:card\" content=\"summary_large_image\" \/>\n<meta name=\"twitter:label1\" content=\"Escrito por\" \/>\n\t<meta name=\"twitter:data1\" content=\"Telinha\" \/>\n\t<meta name=\"twitter:label2\" content=\"Tempo estimado de leitura\" \/>\n\t<meta name=\"twitter:data2\" content=\"2 minutos\" \/>\n<script type=\"application\/ld+json\" class=\"yoast-schema-graph\">{\"@context\":\"https:\/\/schema.org\",\"@graph\":[{\"@type\":\"Article\",\"@id\":\"https:\/\/portaltela.pt\/noticias\/2026\/02\/25\/madureira-recorre-na-operacao-pretoriano-para-evitar-regresso-a-prisao\/#article\",\"isPartOf\":{\"@id\":\"https:\/\/portaltela.pt\/noticias\/2026\/02\/25\/madureira-recorre-na-operacao-pretoriano-para-evitar-regresso-a-prisao\/\"},\"author\":{\"name\":\"Telinha\",\"@id\":\"https:\/\/portaltela.pt\/#\/schema\/person\/c4278d4a6028830caff9ee44b42d32ed\"},\"headline\":\"Madureira recorre na Opera\u00e7\u00e3o Pretoriano para evitar regresso \u00e0 pris\u00e3o\",\"datePublished\":\"2026-02-25T15:37:00+00:00\",\"mainEntityOfPage\":{\"@id\":\"https:\/\/portaltela.pt\/noticias\/2026\/02\/25\/madureira-recorre-na-operacao-pretoriano-para-evitar-regresso-a-prisao\/\"},\"wordCount\":411,\"image\":{\"@id\":\"https:\/\/portaltela.pt\/noticias\/2026\/02\/25\/madureira-recorre-na-operacao-pretoriano-para-evitar-regresso-a-prisao\/#primaryimage\"},\"thumbnailUrl\":\"https:\/\/portaltela.pt\/s.01k8rhncp4jt1\/2026\/02\/2069718.jpg\",\"keywords\":[\"agress\u00f5es\",\"Andr\u00e9 Villas-Boas\",\"Assembleia Geral\",\"coa\u00e7\u00e3o agravada\",\"crime\",\"FC Porto\"],\"articleSection\":[\"Desporto\",\"Futebol\"],\"inLanguage\":\"pt-PT\"},{\"@type\":\"WebPage\",\"@id\":\"https:\/\/portaltela.pt\/noticias\/2026\/02\/25\/madureira-recorre-na-operacao-pretoriano-para-evitar-regresso-a-prisao\/\",\"url\":\"https:\/\/portaltela.pt\/noticias\/2026\/02\/25\/madureira-recorre-na-operacao-pretoriano-para-evitar-regresso-a-prisao\/\",\"name\":\"Madureira recorre na Opera\u00e7\u00e3o Pretoriano para evitar regresso \u00e0 pris\u00e3o - Portal Tela Portugal\",\"isPartOf\":{\"@id\":\"https:\/\/portaltela.pt\/#website\"},\"primaryImageOfPage\":{\"@id\":\"https:\/\/portaltela.pt\/noticias\/2026\/02\/25\/madureira-recorre-na-operacao-pretoriano-para-evitar-regresso-a-prisao\/#primaryimage\"},\"image\":{\"@id\":\"https:\/\/portaltela.pt\/noticias\/2026\/02\/25\/madureira-recorre-na-operacao-pretoriano-para-evitar-regresso-a-prisao\/#primaryimage\"},\"thumbnailUrl\":\"https:\/\/portaltela.pt\/s.01k8rhncp4jt1\/2026\/02\/2069718.jpg\",\"datePublished\":\"2026-02-25T15:37:00+00:00\",\"author\":{\"@id\":\"https:\/\/portaltela.pt\/#\/schema\/person\/c4278d4a6028830caff9ee44b42d32ed\"},\"breadcrumb\":{\"@id\":\"https:\/\/portaltela.pt\/noticias\/2026\/02\/25\/madureira-recorre-na-operacao-pretoriano-para-evitar-regresso-a-prisao\/#breadcrumb\"},\"inLanguage\":\"pt-PT\",\"potentialAction\":[{\"@type\":\"ReadAction\",\"target\":[\"https:\/\/portaltela.pt\/noticias\/2026\/02\/25\/madureira-recorre-na-operacao-pretoriano-para-evitar-regresso-a-prisao\/\"]}]},{\"@type\":\"ImageObject\",\"inLanguage\":\"pt-PT\",\"@id\":\"https:\/\/portaltela.pt\/noticias\/2026\/02\/25\/madureira-recorre-na-operacao-pretoriano-para-evitar-regresso-a-prisao\/#primaryimage\",\"url\":\"https:\/\/portaltela.pt\/s.01k8rhncp4jt1\/2026\/02\/2069718.jpg\",\"contentUrl\":\"https:\/\/portaltela.pt\/s.01k8rhncp4jt1\/2026\/02\/2069718.jpg\",\"width\":796,\"height\":448,\"caption\":\"Fernando Madureira, antigo l\u00edder dos Super Drag\u00f5es\"},{\"@type\":\"BreadcrumbList\",\"@id\":\"https:\/\/portaltela.pt\/noticias\/2026\/02\/25\/madureira-recorre-na-operacao-pretoriano-para-evitar-regresso-a-prisao\/#breadcrumb\",\"itemListElement\":[{\"@type\":\"ListItem\",\"position\":1,\"name\":\"In\u00edcio\",\"item\":\"https:\/\/portaltela.pt\/\"},{\"@type\":\"ListItem\",\"position\":2,\"name\":\"Madureira recorre na Opera\u00e7\u00e3o Pretoriano para evitar regresso \u00e0 pris\u00e3o\"}]},{\"@type\":\"WebSite\",\"@id\":\"https:\/\/portaltela.pt\/#website\",\"url\":\"https:\/\/portaltela.pt\/\",\"name\":\"Portal Tela Portugal\",\"description\":\"\",\"potentialAction\":[{\"@type\":\"SearchAction\",\"target\":{\"@type\":\"EntryPoint\",\"urlTemplate\":\"https:\/\/portaltela.pt\/?s={search_term_string}\"},\"query-input\":{\"@type\":\"PropertyValueSpecification\",\"valueRequired\":true,\"valueName\":\"search_term_string\"}}],\"inLanguage\":\"pt-PT\"},{\"@type\":\"Person\",\"@id\":\"https:\/\/portaltela.pt\/#\/schema\/person\/c4278d4a6028830caff9ee44b42d32ed\",\"name\":\"Telinha\",\"image\":{\"@type\":\"ImageObject\",\"inLanguage\":\"pt-PT\",\"@id\":\"https:\/\/portaltela.pt\/s.01k8rhncp4jt1\/2025\/11\/talking-bot-125x125.png\",\"url\":\"https:\/\/portaltela.pt\/s.01k8rhncp4jt1\/2025\/11\/talking-bot-125x125.png\",\"contentUrl\":\"https:\/\/portaltela.pt\/s.01k8rhncp4jt1\/2025\/11\/talking-bot-125x125.png\",\"caption\":\"Telinha\"},\"sameAs\":[\"https:\/\/portaltela.pt\/\"],\"url\":\"https:\/\/portaltela.pt\/por\/367410592786\/\"}]}<\/script>\n<!-- \/ Yoast SEO plugin. -->","yoast_head_json":{"title":"Madureira recorre na Opera\u00e7\u00e3o Pretoriano para evitar regresso \u00e0 pris\u00e3o - Portal Tela Portugal","robots":{"index":"index","follow":"follow","max-snippet":"max-snippet:-1","max-image-preview":"max-image-preview:large","max-video-preview":"max-video-preview:-1"},"og_locale":"pt_PT","og_type":"article","og_title":"Madureira recorre na Opera\u00e7\u00e3o Pretoriano para evitar regresso \u00e0 pris\u00e3o - Portal Tela Portugal","og_description":"A defesa de Fernando Madureira recorreu da decis\u00e3o do Tribunal da Rela\u00e7\u00e3o do Porto no caso Opera\u00e7\u00e3o Pretoriano, tentando n\u00e3o voltar a pris\u00e3o. Madureira foi libertado a 6 de Fevereiro, depois de excedido o prazo de dois anos de pris\u00e3o preventiva, ficando em liberdade at\u00e9 haver decis\u00e3o no recurso. O recurso visa impedir o regresso \u00e0 pris\u00e3o e contesta o agravamento dos crimes, incluindo ofensa \u00e0 integridade f\u00edsica, mantendo o caso em an\u00e1lise at\u00e9 ao tr\u00e2nsito em julgado. A Opera\u00e7\u00e3o Pretoriano investiga a Assembleia-Geral do FC Porto de novembro de 2023, com doze arguidos a responder por trinta e um crimes de coa\u00e7\u00e3o, agress\u00f5es e outros delitos associados. O inqu\u00e9rito indica que houve viol\u00eancia e tentativa de silenciar apoiantes de Andr\u00e9 Villas-Boas; h\u00e1 ainda alega\u00e7\u00f5es de roubo e distribui\u00e7\u00e3o il\u00edcita de pulseiras de acesso.","og_url":"https:\/\/portaltela.pt\/noticias\/2026\/02\/25\/madureira-recorre-na-operacao-pretoriano-para-evitar-regresso-a-prisao\/","og_site_name":"Portal Tela Portugal","article_published_time":"2026-02-25T15:37:00+00:00","author":"Telinha","twitter_card":"summary_large_image","twitter_misc":{"Escrito por":"Telinha","Tempo estimado de leitura":"2 minutos"},"schema":{"@context":"https:\/\/schema.org","@graph":[{"@type":"Article","@id":"https:\/\/portaltela.pt\/noticias\/2026\/02\/25\/madureira-recorre-na-operacao-pretoriano-para-evitar-regresso-a-prisao\/#article","isPartOf":{"@id":"https:\/\/portaltela.pt\/noticias\/2026\/02\/25\/madureira-recorre-na-operacao-pretoriano-para-evitar-regresso-a-prisao\/"},"author":{"name":"Telinha","@id":"https:\/\/portaltela.pt\/#\/schema\/person\/c4278d4a6028830caff9ee44b42d32ed"},"headline":"Madureira recorre na Opera\u00e7\u00e3o Pretoriano para evitar regresso \u00e0 pris\u00e3o","datePublished":"2026-02-25T15:37:00+00:00","mainEntityOfPage":{"@id":"https:\/\/portaltela.pt\/noticias\/2026\/02\/25\/madureira-recorre-na-operacao-pretoriano-para-evitar-regresso-a-prisao\/"},"wordCount":411,"image":{"@id":"https:\/\/portaltela.pt\/noticias\/2026\/02\/25\/madureira-recorre-na-operacao-pretoriano-para-evitar-regresso-a-prisao\/#primaryimage"},"thumbnailUrl":"https:\/\/portaltela.pt\/s.01k8rhncp4jt1\/2026\/02\/2069718.jpg","keywords":["agress\u00f5es","Andr\u00e9 Villas-Boas","Assembleia Geral","coa\u00e7\u00e3o agravada","crime","FC Porto"],"articleSection":["Desporto","Futebol"],"inLanguage":"pt-PT"},{"@type":"WebPage","@id":"https:\/\/portaltela.pt\/noticias\/2026\/02\/25\/madureira-recorre-na-operacao-pretoriano-para-evitar-regresso-a-prisao\/","url":"https:\/\/portaltela.pt\/noticias\/2026\/02\/25\/madureira-recorre-na-operacao-pretoriano-para-evitar-regresso-a-prisao\/","name":"Madureira recorre na Opera\u00e7\u00e3o Pretoriano para evitar regresso \u00e0 pris\u00e3o - Portal Tela Portugal","isPartOf":{"@id":"https:\/\/portaltela.pt\/#website"},"primaryImageOfPage":{"@id":"https:\/\/portaltela.pt\/noticias\/2026\/02\/25\/madureira-recorre-na-operacao-pretoriano-para-evitar-regresso-a-prisao\/#primaryimage"},"image":{"@id":"https:\/\/portaltela.pt\/noticias\/2026\/02\/25\/madureira-recorre-na-operacao-pretoriano-para-evitar-regresso-a-prisao\/#primaryimage"},"thumbnailUrl":"https:\/\/portaltela.pt\/s.01k8rhncp4jt1\/2026\/02\/2069718.jpg","datePublished":"2026-02-25T15:37:00+00:00","author":{"@id":"https:\/\/portaltela.pt\/#\/schema\/person\/c4278d4a6028830caff9ee44b42d32ed"},"breadcrumb":{"@id":"https:\/\/portaltela.pt\/noticias\/2026\/02\/25\/madureira-recorre-na-operacao-pretoriano-para-evitar-regresso-a-prisao\/#breadcrumb"},"inLanguage":"pt-PT","potentialAction":[{"@type":"ReadAction","target":["https:\/\/portaltela.pt\/noticias\/2026\/02\/25\/madureira-recorre-na-operacao-pretoriano-para-evitar-regresso-a-prisao\/"]}]},{"@type":"ImageObject","inLanguage":"pt-PT","@id":"https:\/\/portaltela.pt\/noticias\/2026\/02\/25\/madureira-recorre-na-operacao-pretoriano-para-evitar-regresso-a-prisao\/#primaryimage","url":"https:\/\/portaltela.pt\/s.01k8rhncp4jt1\/2026\/02\/2069718.jpg","contentUrl":"https:\/\/portaltela.pt\/s.01k8rhncp4jt1\/2026\/02\/2069718.jpg","width":796,"height":448,"caption":"Fernando Madureira, antigo l\u00edder dos Super Drag\u00f5es"},{"@type":"BreadcrumbList","@id":"https:\/\/portaltela.pt\/noticias\/2026\/02\/25\/madureira-recorre-na-operacao-pretoriano-para-evitar-regresso-a-prisao\/#breadcrumb","itemListElement":[{"@type":"ListItem","position":1,"name":"In\u00edcio","item":"https:\/\/portaltela.pt\/"},{"@type":"ListItem","position":2,"name":"Madureira recorre na Opera\u00e7\u00e3o Pretoriano para evitar regresso \u00e0 pris\u00e3o"}]},{"@type":"WebSite","@id":"https:\/\/portaltela.pt\/#website","url":"https:\/\/portaltela.pt\/","name":"Portal Tela Portugal","description":"","potentialAction":[{"@type":"SearchAction","target":{"@type":"EntryPoint","urlTemplate":"https:\/\/portaltela.pt\/?s={search_term_string}"},"query-input":{"@type":"PropertyValueSpecification","valueRequired":true,"valueName":"search_term_string"}}],"inLanguage":"pt-PT"},{"@type":"Person","@id":"https:\/\/portaltela.pt\/#\/schema\/person\/c4278d4a6028830caff9ee44b42d32ed","name":"Telinha","image":{"@type":"ImageObject","inLanguage":"pt-PT","@id":"https:\/\/portaltela.pt\/s.01k8rhncp4jt1\/2025\/11\/talking-bot-125x125.png","url":"https:\/\/portaltela.pt\/s.01k8rhncp4jt1\/2025\/11\/talking-bot-125x125.png","contentUrl":"https:\/\/portaltela.pt\/s.01k8rhncp4jt1\/2025\/11\/talking-bot-125x125.png","caption":"Telinha"},"sameAs":["https:\/\/portaltela.pt\/"],"url":"https:\/\/portaltela.pt\/por\/367410592786\/"}]}},"_links":{"self":[{"href":"https:\/\/portaltela.pt\/api\/wp\/v2\/posts\/225902","targetHints":{"allow":["GET"]}}],"collection":[{"href":"https:\/\/portaltela.pt\/api\/wp\/v2\/posts"}],"about":[{"href":"https:\/\/portaltela.pt\/api\/wp\/v2\/types\/post"}],"author":[{"embeddable":true,"href":"https:\/\/portaltela.pt\/api\/wp\/v2\/users\/2"}],"replies":[{"embeddable":true,"href":"https:\/\/portaltela.pt\/api\/wp\/v2\/comments?post=225902"}],"version-history":[{"count":0,"href":"https:\/\/portaltela.pt\/api\/wp\/v2\/posts\/225902\/revisions"}],"wp:featuredmedia":[{"embeddable":true,"href":"https:\/\/portaltela.pt\/api\/wp\/v2\/media\/225925"}],"wp:attachment":[{"href":"https:\/\/portaltela.pt\/api\/wp\/v2\/media?parent=225902"}],"wp:term":[{"taxonomy":"category","embeddable":true,"href":"https:\/\/portaltela.pt\/api\/wp\/v2\/categories?post=225902"},{"taxonomy":"post_tag","embeddable":true,"href":"https:\/\/portaltela.pt\/api\/wp\/v2\/tags?post=225902"}],"curies":[{"name":"wp","href":"https:\/\/api.w.org\/{rel}","templated":true}]}}