{"id":225901,"date":"2026-02-25T11:14:00","date_gmt":"2026-02-25T14:14:00","guid":{"rendered":"https:\/\/portaltela.pt\/noticias\/2026\/02\/25\/margem-orcamental-de-2026-e-usada-para-apoio-a-vitimas-de-tempestades\/"},"modified":"2026-02-25T11:14:00","modified_gmt":"2026-02-25T14:14:00","slug":"margem-orcamental-de-2026-e-usada-para-apoio-a-vitimas-de-tempestades","status":"publish","type":"post","link":"https:\/\/portaltela.pt\/noticias\/politica\/2026\/02\/25\/margem-orcamental-de-2026-e-usada-para-apoio-a-vitimas-de-tempestades\/","title":{"rendered":"Margem or\u00e7amental de 2026 \u00e9 usada para apoio a v\u00edtimas de tempestades"},"content":{"rendered":"<p>O Governo anunciou que a margem or\u00e7amental prevista para 2026 ser\u00e1 consumida para financiar o apoio \u00e0s v\u00edtimas das tempestades. A decis\u00e3o visa responder \u00e0s necessidades identificadas pelos munic\u00edpios afetados e pelas estruturas de prote\u00e7\u00e3o civil.<\/p>\n<p>A medida visa responder \u00e0 exig\u00eancia de apoio \u00e0s v\u00edtimas, incluindo apoio \u00e0 reconstru\u00e7\u00e3o e mitiga\u00e7\u00e3o dos impactos, segundo o executivo. Sem confrontos pol\u00edticos, o objetivo \u00e9 financiar medidas j\u00e1 em curso.<\/p>\n<p>O comunicado completo n\u00e3o est\u00e1 dispon\u00edvel sem subscri\u00e7\u00e3o. O an\u00fancio, no entanto, foca-se em Portugal e na urg\u00eancia de assegurar recursos para assist\u00eancia e recupera\u00e7\u00e3o das \u00e1reas afetadas.<\/p>\n","protected":false},"excerpt":{"rendered":"<ul>\n<li>O Governo afirma que a margem or\u00e7amental para 2026 ser\u00e1 consumida pela exig\u00eancia de apoio \u00e0s v\u00edtimas das tempestades.<\/li>\n<li>O objetivo \u00e9 financiar medidas de assist\u00eancia \u00e0s pessoas afetadas pelos fen\u00f3menos meteorol\u00f3gicos.<\/li>\n<li>A declara\u00e7\u00e3o foi feita pelo Governo, sem detalhes adicionais no texto recebido.<\/li>\n<li>O conte\u00fado completo do artigo est\u00e1 dispon\u00edvel apenas para subscritores.<\/li>\n<\/ul>\n","protected":false},"author":2,"featured_media":225926,"comment_status":"closed","ping_status":"closed","sticky":false,"template":"","format":"standard","meta":{"footnotes":""},"categories":[1,5],"tags":[6063,5888,1769,1014,320,6346],"class_list":["post-225901","post","type-post","status-publish","format-standard","has-post-thumbnail","hentry","category-noticias","category-politica","tag-desastres","tag-fundo-de-catastrofes","tag-orcamento-territorio","tag-portugal","tag-protecao-civil","tag-recuperacao"],"yoast_head":"<!-- This site is optimized with the Yoast SEO plugin v27.2 - https:\/\/yoast.com\/product\/yoast-seo-wordpress\/ -->\n<title>Margem or\u00e7amental de 2026 \u00e9 usada para apoio a v\u00edtimas de tempestades - Portal Tela Portugal<\/title>\n<meta name=\"robots\" content=\"index, follow, max-snippet:-1, max-image-preview:large, max-video-preview:-1\" \/>\n<meta property=\"og:locale\" content=\"pt_PT\" \/>\n<meta property=\"og:type\" content=\"article\" \/>\n<meta property=\"og:title\" content=\"Margem or\u00e7amental de 2026 \u00e9 usada para apoio a v\u00edtimas de tempestades - Portal Tela Portugal\" \/>\n<meta property=\"og:description\" content=\"O Governo afirma que a margem or\u00e7amental para 2026 ser\u00e1 consumida pela exig\u00eancia de apoio \u00e0s v\u00edtimas das tempestades. O objetivo \u00e9 financiar medidas de assist\u00eancia \u00e0s pessoas afetadas pelos fen\u00f3menos meteorol\u00f3gicos. A declara\u00e7\u00e3o foi feita pelo Governo, sem detalhes adicionais no texto recebido. O conte\u00fado completo do artigo est\u00e1 dispon\u00edvel apenas para subscritores.\" \/>\n<meta property=\"og:url\" content=\"https:\/\/portaltela.pt\/noticias\/2026\/02\/25\/margem-orcamental-de-2026-e-usada-para-apoio-a-vitimas-de-tempestades\/\" \/>\n<meta property=\"og:site_name\" content=\"Portal Tela Portugal\" \/>\n<meta property=\"article:published_time\" content=\"2026-02-25T14:14:00+00:00\" \/>\n<meta name=\"author\" content=\"Telinha\" \/>\n<meta name=\"twitter:card\" content=\"summary_large_image\" \/>\n<meta name=\"twitter:label1\" content=\"Escrito por\" \/>\n\t<meta name=\"twitter:data1\" content=\"Telinha\" \/>\n\t<meta name=\"twitter:label2\" content=\"Tempo estimado de leitura\" \/>\n\t<meta name=\"twitter:data2\" content=\"1 minuto\" \/>\n<script type=\"application\/ld+json\" class=\"yoast-schema-graph\">{\"@context\":\"https:\/\/schema.org\",\"@graph\":[{\"@type\":\"Article\",\"@id\":\"https:\/\/portaltela.pt\/noticias\/2026\/02\/25\/margem-orcamental-de-2026-e-usada-para-apoio-a-vitimas-de-tempestades\/#article\",\"isPartOf\":{\"@id\":\"https:\/\/portaltela.pt\/noticias\/2026\/02\/25\/margem-orcamental-de-2026-e-usada-para-apoio-a-vitimas-de-tempestades\/\"},\"author\":{\"name\":\"Telinha\",\"@id\":\"https:\/\/portaltela.pt\/#\/schema\/person\/c4278d4a6028830caff9ee44b42d32ed\"},\"headline\":\"Margem or\u00e7amental de 2026 \u00e9 usada para apoio a v\u00edtimas de tempestades\",\"datePublished\":\"2026-02-25T14:14:00+00:00\",\"mainEntityOfPage\":{\"@id\":\"https:\/\/portaltela.pt\/noticias\/2026\/02\/25\/margem-orcamental-de-2026-e-usada-para-apoio-a-vitimas-de-tempestades\/\"},\"wordCount\":121,\"image\":{\"@id\":\"https:\/\/portaltela.pt\/noticias\/2026\/02\/25\/margem-orcamental-de-2026-e-usada-para-apoio-a-vitimas-de-tempestades\/#primaryimage\"},\"thumbnailUrl\":\"https:\/\/portaltela.pt\/s.01k8rhncp4jt1\/2026\/02\/CACHE_780X1200_ANALOG_WATERMARKED_45118596_4693502_09062025024442.jpg\",\"keywords\":[\"desastres\",\"Fundo de Cat\u00e1strofes\",\"Or\u00e7amento\/Territ\u00f3rio\",\"Portugal\",\"prote\u00e7\u00e3o civil\",\"recupera\u00e7\u00e3o\"],\"articleSection\":[\"Not\u00edcias\",\"Pol\u00edtica\"],\"inLanguage\":\"pt-PT\"},{\"@type\":\"WebPage\",\"@id\":\"https:\/\/portaltela.pt\/noticias\/2026\/02\/25\/margem-orcamental-de-2026-e-usada-para-apoio-a-vitimas-de-tempestades\/\",\"url\":\"https:\/\/portaltela.pt\/noticias\/2026\/02\/25\/margem-orcamental-de-2026-e-usada-para-apoio-a-vitimas-de-tempestades\/\",\"name\":\"Margem or\u00e7amental de 2026 \u00e9 usada para apoio a v\u00edtimas de tempestades - Portal Tela Portugal\",\"isPartOf\":{\"@id\":\"https:\/\/portaltela.pt\/#website\"},\"primaryImageOfPage\":{\"@id\":\"https:\/\/portaltela.pt\/noticias\/2026\/02\/25\/margem-orcamental-de-2026-e-usada-para-apoio-a-vitimas-de-tempestades\/#primaryimage\"},\"image\":{\"@id\":\"https:\/\/portaltela.pt\/noticias\/2026\/02\/25\/margem-orcamental-de-2026-e-usada-para-apoio-a-vitimas-de-tempestades\/#primaryimage\"},\"thumbnailUrl\":\"https:\/\/portaltela.pt\/s.01k8rhncp4jt1\/2026\/02\/CACHE_780X1200_ANALOG_WATERMARKED_45118596_4693502_09062025024442.jpg\",\"datePublished\":\"2026-02-25T14:14:00+00:00\",\"author\":{\"@id\":\"https:\/\/portaltela.pt\/#\/schema\/person\/c4278d4a6028830caff9ee44b42d32ed\"},\"breadcrumb\":{\"@id\":\"https:\/\/portaltela.pt\/noticias\/2026\/02\/25\/margem-orcamental-de-2026-e-usada-para-apoio-a-vitimas-de-tempestades\/#breadcrumb\"},\"inLanguage\":\"pt-PT\",\"potentialAction\":[{\"@type\":\"ReadAction\",\"target\":[\"https:\/\/portaltela.pt\/noticias\/2026\/02\/25\/margem-orcamental-de-2026-e-usada-para-apoio-a-vitimas-de-tempestades\/\"]}]},{\"@type\":\"ImageObject\",\"inLanguage\":\"pt-PT\",\"@id\":\"https:\/\/portaltela.pt\/noticias\/2026\/02\/25\/margem-orcamental-de-2026-e-usada-para-apoio-a-vitimas-de-tempestades\/#primaryimage\",\"url\":\"https:\/\/portaltela.pt\/s.01k8rhncp4jt1\/2026\/02\/CACHE_780X1200_ANALOG_WATERMARKED_45118596_4693502_09062025024442.jpg\",\"contentUrl\":\"https:\/\/portaltela.pt\/s.01k8rhncp4jt1\/2026\/02\/CACHE_780X1200_ANALOG_WATERMARKED_45118596_4693502_09062025024442.jpg\",\"width\":796,\"height\":448,\"caption\":\"Margem or\u00e7amental para 2026 deve ser consumida pela exig\u00eancia de apoio \u00e0s v\u00edtimas das tempestades - Governo\"},{\"@type\":\"BreadcrumbList\",\"@id\":\"https:\/\/portaltela.pt\/noticias\/2026\/02\/25\/margem-orcamental-de-2026-e-usada-para-apoio-a-vitimas-de-tempestades\/#breadcrumb\",\"itemListElement\":[{\"@type\":\"ListItem\",\"position\":1,\"name\":\"In\u00edcio\",\"item\":\"https:\/\/portaltela.pt\/\"},{\"@type\":\"ListItem\",\"position\":2,\"name\":\"Margem or\u00e7amental de 2026 \u00e9 usada para apoio a v\u00edtimas de tempestades\"}]},{\"@type\":\"WebSite\",\"@id\":\"https:\/\/portaltela.pt\/#website\",\"url\":\"https:\/\/portaltela.pt\/\",\"name\":\"Portal Tela Portugal\",\"description\":\"\",\"potentialAction\":[{\"@type\":\"SearchAction\",\"target\":{\"@type\":\"EntryPoint\",\"urlTemplate\":\"https:\/\/portaltela.pt\/?s={search_term_string}\"},\"query-input\":{\"@type\":\"PropertyValueSpecification\",\"valueRequired\":true,\"valueName\":\"search_term_string\"}}],\"inLanguage\":\"pt-PT\"},{\"@type\":\"Person\",\"@id\":\"https:\/\/portaltela.pt\/#\/schema\/person\/c4278d4a6028830caff9ee44b42d32ed\",\"name\":\"Telinha\",\"image\":{\"@type\":\"ImageObject\",\"inLanguage\":\"pt-PT\",\"@id\":\"https:\/\/portaltela.pt\/s.01k8rhncp4jt1\/2025\/11\/talking-bot-125x125.png\",\"url\":\"https:\/\/portaltela.pt\/s.01k8rhncp4jt1\/2025\/11\/talking-bot-125x125.png\",\"contentUrl\":\"https:\/\/portaltela.pt\/s.01k8rhncp4jt1\/2025\/11\/talking-bot-125x125.png\",\"caption\":\"Telinha\"},\"sameAs\":[\"https:\/\/portaltela.pt\/\"],\"url\":\"https:\/\/portaltela.pt\/por\/367410592786\/\"}]}<\/script>\n<!-- \/ Yoast SEO plugin. -->","yoast_head_json":{"title":"Margem or\u00e7amental de 2026 \u00e9 usada para apoio a v\u00edtimas de tempestades - Portal Tela Portugal","robots":{"index":"index","follow":"follow","max-snippet":"max-snippet:-1","max-image-preview":"max-image-preview:large","max-video-preview":"max-video-preview:-1"},"og_locale":"pt_PT","og_type":"article","og_title":"Margem or\u00e7amental de 2026 \u00e9 usada para apoio a v\u00edtimas de tempestades - Portal Tela Portugal","og_description":"O Governo afirma que a margem or\u00e7amental para 2026 ser\u00e1 consumida pela exig\u00eancia de apoio \u00e0s v\u00edtimas das tempestades. O objetivo \u00e9 financiar medidas de assist\u00eancia \u00e0s pessoas afetadas pelos fen\u00f3menos meteorol\u00f3gicos. A declara\u00e7\u00e3o foi feita pelo Governo, sem detalhes adicionais no texto recebido. O conte\u00fado completo do artigo est\u00e1 dispon\u00edvel apenas para subscritores.","og_url":"https:\/\/portaltela.pt\/noticias\/2026\/02\/25\/margem-orcamental-de-2026-e-usada-para-apoio-a-vitimas-de-tempestades\/","og_site_name":"Portal Tela Portugal","article_published_time":"2026-02-25T14:14:00+00:00","author":"Telinha","twitter_card":"summary_large_image","twitter_misc":{"Escrito por":"Telinha","Tempo estimado de leitura":"1 minuto"},"schema":{"@context":"https:\/\/schema.org","@graph":[{"@type":"Article","@id":"https:\/\/portaltela.pt\/noticias\/2026\/02\/25\/margem-orcamental-de-2026-e-usada-para-apoio-a-vitimas-de-tempestades\/#article","isPartOf":{"@id":"https:\/\/portaltela.pt\/noticias\/2026\/02\/25\/margem-orcamental-de-2026-e-usada-para-apoio-a-vitimas-de-tempestades\/"},"author":{"name":"Telinha","@id":"https:\/\/portaltela.pt\/#\/schema\/person\/c4278d4a6028830caff9ee44b42d32ed"},"headline":"Margem or\u00e7amental de 2026 \u00e9 usada para apoio a v\u00edtimas de tempestades","datePublished":"2026-02-25T14:14:00+00:00","mainEntityOfPage":{"@id":"https:\/\/portaltela.pt\/noticias\/2026\/02\/25\/margem-orcamental-de-2026-e-usada-para-apoio-a-vitimas-de-tempestades\/"},"wordCount":121,"image":{"@id":"https:\/\/portaltela.pt\/noticias\/2026\/02\/25\/margem-orcamental-de-2026-e-usada-para-apoio-a-vitimas-de-tempestades\/#primaryimage"},"thumbnailUrl":"https:\/\/portaltela.pt\/s.01k8rhncp4jt1\/2026\/02\/CACHE_780X1200_ANALOG_WATERMARKED_45118596_4693502_09062025024442.jpg","keywords":["desastres","Fundo de Cat\u00e1strofes","Or\u00e7amento\/Territ\u00f3rio","Portugal","prote\u00e7\u00e3o civil","recupera\u00e7\u00e3o"],"articleSection":["Not\u00edcias","Pol\u00edtica"],"inLanguage":"pt-PT"},{"@type":"WebPage","@id":"https:\/\/portaltela.pt\/noticias\/2026\/02\/25\/margem-orcamental-de-2026-e-usada-para-apoio-a-vitimas-de-tempestades\/","url":"https:\/\/portaltela.pt\/noticias\/2026\/02\/25\/margem-orcamental-de-2026-e-usada-para-apoio-a-vitimas-de-tempestades\/","name":"Margem or\u00e7amental de 2026 \u00e9 usada para apoio a v\u00edtimas de tempestades - Portal Tela Portugal","isPartOf":{"@id":"https:\/\/portaltela.pt\/#website"},"primaryImageOfPage":{"@id":"https:\/\/portaltela.pt\/noticias\/2026\/02\/25\/margem-orcamental-de-2026-e-usada-para-apoio-a-vitimas-de-tempestades\/#primaryimage"},"image":{"@id":"https:\/\/portaltela.pt\/noticias\/2026\/02\/25\/margem-orcamental-de-2026-e-usada-para-apoio-a-vitimas-de-tempestades\/#primaryimage"},"thumbnailUrl":"https:\/\/portaltela.pt\/s.01k8rhncp4jt1\/2026\/02\/CACHE_780X1200_ANALOG_WATERMARKED_45118596_4693502_09062025024442.jpg","datePublished":"2026-02-25T14:14:00+00:00","author":{"@id":"https:\/\/portaltela.pt\/#\/schema\/person\/c4278d4a6028830caff9ee44b42d32ed"},"breadcrumb":{"@id":"https:\/\/portaltela.pt\/noticias\/2026\/02\/25\/margem-orcamental-de-2026-e-usada-para-apoio-a-vitimas-de-tempestades\/#breadcrumb"},"inLanguage":"pt-PT","potentialAction":[{"@type":"ReadAction","target":["https:\/\/portaltela.pt\/noticias\/2026\/02\/25\/margem-orcamental-de-2026-e-usada-para-apoio-a-vitimas-de-tempestades\/"]}]},{"@type":"ImageObject","inLanguage":"pt-PT","@id":"https:\/\/portaltela.pt\/noticias\/2026\/02\/25\/margem-orcamental-de-2026-e-usada-para-apoio-a-vitimas-de-tempestades\/#primaryimage","url":"https:\/\/portaltela.pt\/s.01k8rhncp4jt1\/2026\/02\/CACHE_780X1200_ANALOG_WATERMARKED_45118596_4693502_09062025024442.jpg","contentUrl":"https:\/\/portaltela.pt\/s.01k8rhncp4jt1\/2026\/02\/CACHE_780X1200_ANALOG_WATERMARKED_45118596_4693502_09062025024442.jpg","width":796,"height":448,"caption":"Margem or\u00e7amental para 2026 deve ser consumida pela exig\u00eancia de apoio \u00e0s v\u00edtimas das tempestades - Governo"},{"@type":"BreadcrumbList","@id":"https:\/\/portaltela.pt\/noticias\/2026\/02\/25\/margem-orcamental-de-2026-e-usada-para-apoio-a-vitimas-de-tempestades\/#breadcrumb","itemListElement":[{"@type":"ListItem","position":1,"name":"In\u00edcio","item":"https:\/\/portaltela.pt\/"},{"@type":"ListItem","position":2,"name":"Margem or\u00e7amental de 2026 \u00e9 usada para apoio a v\u00edtimas de tempestades"}]},{"@type":"WebSite","@id":"https:\/\/portaltela.pt\/#website","url":"https:\/\/portaltela.pt\/","name":"Portal Tela Portugal","description":"","potentialAction":[{"@type":"SearchAction","target":{"@type":"EntryPoint","urlTemplate":"https:\/\/portaltela.pt\/?s={search_term_string}"},"query-input":{"@type":"PropertyValueSpecification","valueRequired":true,"valueName":"search_term_string"}}],"inLanguage":"pt-PT"},{"@type":"Person","@id":"https:\/\/portaltela.pt\/#\/schema\/person\/c4278d4a6028830caff9ee44b42d32ed","name":"Telinha","image":{"@type":"ImageObject","inLanguage":"pt-PT","@id":"https:\/\/portaltela.pt\/s.01k8rhncp4jt1\/2025\/11\/talking-bot-125x125.png","url":"https:\/\/portaltela.pt\/s.01k8rhncp4jt1\/2025\/11\/talking-bot-125x125.png","contentUrl":"https:\/\/portaltela.pt\/s.01k8rhncp4jt1\/2025\/11\/talking-bot-125x125.png","caption":"Telinha"},"sameAs":["https:\/\/portaltela.pt\/"],"url":"https:\/\/portaltela.pt\/por\/367410592786\/"}]}},"_links":{"self":[{"href":"https:\/\/portaltela.pt\/api\/wp\/v2\/posts\/225901","targetHints":{"allow":["GET"]}}],"collection":[{"href":"https:\/\/portaltela.pt\/api\/wp\/v2\/posts"}],"about":[{"href":"https:\/\/portaltela.pt\/api\/wp\/v2\/types\/post"}],"author":[{"embeddable":true,"href":"https:\/\/portaltela.pt\/api\/wp\/v2\/users\/2"}],"replies":[{"embeddable":true,"href":"https:\/\/portaltela.pt\/api\/wp\/v2\/comments?post=225901"}],"version-history":[{"count":0,"href":"https:\/\/portaltela.pt\/api\/wp\/v2\/posts\/225901\/revisions"}],"wp:featuredmedia":[{"embeddable":true,"href":"https:\/\/portaltela.pt\/api\/wp\/v2\/media\/225926"}],"wp:attachment":[{"href":"https:\/\/portaltela.pt\/api\/wp\/v2\/media?parent=225901"}],"wp:term":[{"taxonomy":"category","embeddable":true,"href":"https:\/\/portaltela.pt\/api\/wp\/v2\/categories?post=225901"},{"taxonomy":"post_tag","embeddable":true,"href":"https:\/\/portaltela.pt\/api\/wp\/v2\/tags?post=225901"}],"curies":[{"name":"wp","href":"https:\/\/api.w.org\/{rel}","templated":true}]}}