{"id":225897,"date":"2026-02-25T12:56:00","date_gmt":"2026-02-25T15:56:00","guid":{"rendered":"https:\/\/portaltela.pt\/noticias\/2026\/02\/25\/criancas-e-bem-estar-digital-orientacoes-e-desafios-atuais\/"},"modified":"2026-02-25T12:56:00","modified_gmt":"2026-02-25T15:56:00","slug":"criancas-e-bem-estar-digital-orientacoes-e-desafios-atuais","status":"publish","type":"post","link":"https:\/\/portaltela.pt\/noticias\/2026\/02\/25\/criancas-e-bem-estar-digital-orientacoes-e-desafios-atuais\/","title":{"rendered":"Crian\u00e7as e bem-estar digital: orienta\u00e7\u00f5es e desafios atuais"},"content":{"rendered":"<p>Entre jogos interativos, crian\u00e7as aprendem matem\u00e1tica e programa\u00e7\u00e3o atrav\u00e9s da plataforma Ubbu, usada nas aulas da Escola Francisco Manuel de Melo, na Amadora. A abordagem combina pr\u00e1tica e motiva\u00e7\u00e3o para o ensino digital.<\/p>\n<p>A experi\u00eancia \u00e9 descrita como natural pela equipa educativa, com alunos a resolver problemas de forma aut\u00f3noma e a entender conceitos de programa\u00e7\u00e3o ao programarem a\u00e7\u00f5es e rob\u00f4s. O m\u00e9todo refor\u00e7a compet\u00eancias digitais desde os primeiros anos.<\/p>\n<p>A professora de matem\u00e1tica, L\u00edvia Louren\u00e7o, destaca que a aprendizagem se processa de maneira fluida, com os alunos a desenvolverem racioc\u00ednio l\u00f3gico sem sentir o peso de uma tarefa acad\u00e9mica tradicional. A implementa\u00e7\u00e3o envolve tanto l\u00fadico como objetivo acad\u00e9mico.<\/p>\n<h3>Benef\u00edcios observados na sala de aula<\/h3>\n<ul>\n<li>A pr\u00e1tica di\u00e1ria com Ubbu permite explorar conte\u00fados de matem\u00e1tica de forma contextualizada.<\/li>\n<li>A participa\u00e7\u00e3o dos alunos destaca-se pela autonomia durante as atividades de programa\u00e7\u00e3o.<\/li>\n<li>A metodologia facilita a resolu\u00e7\u00e3o de problemas, segundo relatos da equipa pedag\u00f3gica.<\/li>\n<\/ul>\n","protected":false},"excerpt":{"rendered":"<ul>\n<li>Em a Amadora, na Escola Francisco Manuel de Melo, as crian\u00e7as usam a plataforma Ubbu para aprender matem\u00e1tica e programa\u00e7\u00e3o.<\/li>\n<li>A aprendizagem \u00e9 pr\u00e1tica e motivadora, combinando jogos interativos com exerc\u00edcios de racioc\u00ednio.<\/li>\n<li>Leonor Miranda, 11 anos, diz que aprende a programar computadores e rob\u00f4s.<\/li>\n<li>Layza Vieira, 12 anos, destaca a autonomia do processo e a parte de programar a\u00e7\u00f5es seguindo instru\u00e7\u00f5es.<\/li>\n<li>A professora de matem\u00e1tica, L\u00edvia Louren\u00e7o, explica que a din\u00e2mica facilita a resolu\u00e7\u00e3o de problemas quase sem dar pela pr\u00e1tica.<\/li>\n<\/ul>\n","protected":false},"author":2,"featured_media":225913,"comment_status":"closed","ping_status":"closed","sticky":false,"template":"","format":"standard","meta":{"footnotes":""},"categories":[1],"tags":[5837,3953,163,2917,3167,1923],"class_list":["post-225897","post","type-post","status-publish","format-standard","has-post-thumbnail","hentry","category-noticias","tag-a-amadora","tag-criancas","tag-educacao","tag-educacao-digital","tag-matematica","tag-programacao"],"yoast_head":"<!-- This site is optimized with the Yoast SEO plugin v27.2 - https:\/\/yoast.com\/product\/yoast-seo-wordpress\/ -->\n<title>Crian\u00e7as e bem-estar digital: orienta\u00e7\u00f5es e desafios atuais - Portal Tela Portugal<\/title>\n<meta name=\"robots\" content=\"index, follow, max-snippet:-1, max-image-preview:large, max-video-preview:-1\" \/>\n<meta property=\"og:locale\" content=\"pt_PT\" \/>\n<meta property=\"og:type\" content=\"article\" \/>\n<meta property=\"og:title\" content=\"Crian\u00e7as e bem-estar digital: orienta\u00e7\u00f5es e desafios atuais - Portal Tela Portugal\" \/>\n<meta property=\"og:description\" content=\"Em a Amadora, na Escola Francisco Manuel de Melo, as crian\u00e7as usam a plataforma Ubbu para aprender matem\u00e1tica e programa\u00e7\u00e3o. A aprendizagem \u00e9 pr\u00e1tica e motivadora, combinando jogos interativos com exerc\u00edcios de racioc\u00ednio. Leonor Miranda, 11 anos, diz que aprende a programar computadores e rob\u00f4s. Layza Vieira, 12 anos, destaca a autonomia do processo e a parte de programar a\u00e7\u00f5es seguindo instru\u00e7\u00f5es. A professora de matem\u00e1tica, L\u00edvia Louren\u00e7o, explica que a din\u00e2mica facilita a resolu\u00e7\u00e3o de problemas quase sem dar pela pr\u00e1tica.\" \/>\n<meta property=\"og:url\" content=\"https:\/\/portaltela.pt\/noticias\/2026\/02\/25\/criancas-e-bem-estar-digital-orientacoes-e-desafios-atuais\/\" \/>\n<meta property=\"og:site_name\" content=\"Portal Tela Portugal\" \/>\n<meta property=\"article:published_time\" content=\"2026-02-25T15:56:00+00:00\" \/>\n<meta name=\"author\" content=\"Telinha\" \/>\n<meta name=\"twitter:card\" content=\"summary_large_image\" \/>\n<meta name=\"twitter:label1\" content=\"Escrito por\" \/>\n\t<meta name=\"twitter:data1\" content=\"Telinha\" \/>\n\t<meta name=\"twitter:label2\" content=\"Tempo estimado de leitura\" \/>\n\t<meta name=\"twitter:data2\" content=\"1 minuto\" \/>\n<script type=\"application\/ld+json\" class=\"yoast-schema-graph\">{\"@context\":\"https:\/\/schema.org\",\"@graph\":[{\"@type\":\"Article\",\"@id\":\"https:\/\/portaltela.pt\/noticias\/2026\/02\/25\/criancas-e-bem-estar-digital-orientacoes-e-desafios-atuais\/#article\",\"isPartOf\":{\"@id\":\"https:\/\/portaltela.pt\/noticias\/2026\/02\/25\/criancas-e-bem-estar-digital-orientacoes-e-desafios-atuais\/\"},\"author\":{\"name\":\"Telinha\",\"@id\":\"https:\/\/portaltela.pt\/#\/schema\/person\/c4278d4a6028830caff9ee44b42d32ed\"},\"headline\":\"Crian\u00e7as e bem-estar digital: orienta\u00e7\u00f5es e desafios atuais\",\"datePublished\":\"2026-02-25T15:56:00+00:00\",\"mainEntityOfPage\":{\"@id\":\"https:\/\/portaltela.pt\/noticias\/2026\/02\/25\/criancas-e-bem-estar-digital-orientacoes-e-desafios-atuais\/\"},\"wordCount\":193,\"image\":{\"@id\":\"https:\/\/portaltela.pt\/noticias\/2026\/02\/25\/criancas-e-bem-estar-digital-orientacoes-e-desafios-atuais\/#primaryimage\"},\"thumbnailUrl\":\"https:\/\/portaltela.pt\/s.01k8rhncp4jt1\/2026\/02\/img_1280x721uu2017-03-21-14-48-00-610826.jpg\",\"keywords\":[\"A Amadora\",\"crian\u00e7as\",\"educa\u00e7\u00e3o\",\"educa\u00e7\u00e3o digital\",\"matem\u00e1tica\",\"programa\u00e7\u00e3o\"],\"articleSection\":[\"Not\u00edcias\"],\"inLanguage\":\"pt-PT\"},{\"@type\":\"WebPage\",\"@id\":\"https:\/\/portaltela.pt\/noticias\/2026\/02\/25\/criancas-e-bem-estar-digital-orientacoes-e-desafios-atuais\/\",\"url\":\"https:\/\/portaltela.pt\/noticias\/2026\/02\/25\/criancas-e-bem-estar-digital-orientacoes-e-desafios-atuais\/\",\"name\":\"Crian\u00e7as e bem-estar digital: orienta\u00e7\u00f5es e desafios atuais - Portal Tela Portugal\",\"isPartOf\":{\"@id\":\"https:\/\/portaltela.pt\/#website\"},\"primaryImageOfPage\":{\"@id\":\"https:\/\/portaltela.pt\/noticias\/2026\/02\/25\/criancas-e-bem-estar-digital-orientacoes-e-desafios-atuais\/#primaryimage\"},\"image\":{\"@id\":\"https:\/\/portaltela.pt\/noticias\/2026\/02\/25\/criancas-e-bem-estar-digital-orientacoes-e-desafios-atuais\/#primaryimage\"},\"thumbnailUrl\":\"https:\/\/portaltela.pt\/s.01k8rhncp4jt1\/2026\/02\/img_1280x721uu2017-03-21-14-48-00-610826.jpg\",\"datePublished\":\"2026-02-25T15:56:00+00:00\",\"author\":{\"@id\":\"https:\/\/portaltela.pt\/#\/schema\/person\/c4278d4a6028830caff9ee44b42d32ed\"},\"breadcrumb\":{\"@id\":\"https:\/\/portaltela.pt\/noticias\/2026\/02\/25\/criancas-e-bem-estar-digital-orientacoes-e-desafios-atuais\/#breadcrumb\"},\"inLanguage\":\"pt-PT\",\"potentialAction\":[{\"@type\":\"ReadAction\",\"target\":[\"https:\/\/portaltela.pt\/noticias\/2026\/02\/25\/criancas-e-bem-estar-digital-orientacoes-e-desafios-atuais\/\"]}]},{\"@type\":\"ImageObject\",\"inLanguage\":\"pt-PT\",\"@id\":\"https:\/\/portaltela.pt\/noticias\/2026\/02\/25\/criancas-e-bem-estar-digital-orientacoes-e-desafios-atuais\/#primaryimage\",\"url\":\"https:\/\/portaltela.pt\/s.01k8rhncp4jt1\/2026\/02\/img_1280x721uu2017-03-21-14-48-00-610826.jpg\",\"contentUrl\":\"https:\/\/portaltela.pt\/s.01k8rhncp4jt1\/2026\/02\/img_1280x721uu2017-03-21-14-48-00-610826.jpg\",\"width\":796,\"height\":448,\"caption\":\"Capa do jornal\"},{\"@type\":\"BreadcrumbList\",\"@id\":\"https:\/\/portaltela.pt\/noticias\/2026\/02\/25\/criancas-e-bem-estar-digital-orientacoes-e-desafios-atuais\/#breadcrumb\",\"itemListElement\":[{\"@type\":\"ListItem\",\"position\":1,\"name\":\"In\u00edcio\",\"item\":\"https:\/\/portaltela.pt\/\"},{\"@type\":\"ListItem\",\"position\":2,\"name\":\"Crian\u00e7as e bem-estar digital: orienta\u00e7\u00f5es e desafios atuais\"}]},{\"@type\":\"WebSite\",\"@id\":\"https:\/\/portaltela.pt\/#website\",\"url\":\"https:\/\/portaltela.pt\/\",\"name\":\"Portal Tela Portugal\",\"description\":\"\",\"potentialAction\":[{\"@type\":\"SearchAction\",\"target\":{\"@type\":\"EntryPoint\",\"urlTemplate\":\"https:\/\/portaltela.pt\/?s={search_term_string}\"},\"query-input\":{\"@type\":\"PropertyValueSpecification\",\"valueRequired\":true,\"valueName\":\"search_term_string\"}}],\"inLanguage\":\"pt-PT\"},{\"@type\":\"Person\",\"@id\":\"https:\/\/portaltela.pt\/#\/schema\/person\/c4278d4a6028830caff9ee44b42d32ed\",\"name\":\"Telinha\",\"image\":{\"@type\":\"ImageObject\",\"inLanguage\":\"pt-PT\",\"@id\":\"https:\/\/portaltela.pt\/s.01k8rhncp4jt1\/2025\/11\/talking-bot-125x125.png\",\"url\":\"https:\/\/portaltela.pt\/s.01k8rhncp4jt1\/2025\/11\/talking-bot-125x125.png\",\"contentUrl\":\"https:\/\/portaltela.pt\/s.01k8rhncp4jt1\/2025\/11\/talking-bot-125x125.png\",\"caption\":\"Telinha\"},\"sameAs\":[\"https:\/\/portaltela.pt\/\"],\"url\":\"https:\/\/portaltela.pt\/por\/367410592786\/\"}]}<\/script>\n<!-- \/ Yoast SEO plugin. -->","yoast_head_json":{"title":"Crian\u00e7as e bem-estar digital: orienta\u00e7\u00f5es e desafios atuais - Portal Tela Portugal","robots":{"index":"index","follow":"follow","max-snippet":"max-snippet:-1","max-image-preview":"max-image-preview:large","max-video-preview":"max-video-preview:-1"},"og_locale":"pt_PT","og_type":"article","og_title":"Crian\u00e7as e bem-estar digital: orienta\u00e7\u00f5es e desafios atuais - Portal Tela Portugal","og_description":"Em a Amadora, na Escola Francisco Manuel de Melo, as crian\u00e7as usam a plataforma Ubbu para aprender matem\u00e1tica e programa\u00e7\u00e3o. A aprendizagem \u00e9 pr\u00e1tica e motivadora, combinando jogos interativos com exerc\u00edcios de racioc\u00ednio. Leonor Miranda, 11 anos, diz que aprende a programar computadores e rob\u00f4s. Layza Vieira, 12 anos, destaca a autonomia do processo e a parte de programar a\u00e7\u00f5es seguindo instru\u00e7\u00f5es. A professora de matem\u00e1tica, L\u00edvia Louren\u00e7o, explica que a din\u00e2mica facilita a resolu\u00e7\u00e3o de problemas quase sem dar pela pr\u00e1tica.","og_url":"https:\/\/portaltela.pt\/noticias\/2026\/02\/25\/criancas-e-bem-estar-digital-orientacoes-e-desafios-atuais\/","og_site_name":"Portal Tela Portugal","article_published_time":"2026-02-25T15:56:00+00:00","author":"Telinha","twitter_card":"summary_large_image","twitter_misc":{"Escrito por":"Telinha","Tempo estimado de leitura":"1 minuto"},"schema":{"@context":"https:\/\/schema.org","@graph":[{"@type":"Article","@id":"https:\/\/portaltela.pt\/noticias\/2026\/02\/25\/criancas-e-bem-estar-digital-orientacoes-e-desafios-atuais\/#article","isPartOf":{"@id":"https:\/\/portaltela.pt\/noticias\/2026\/02\/25\/criancas-e-bem-estar-digital-orientacoes-e-desafios-atuais\/"},"author":{"name":"Telinha","@id":"https:\/\/portaltela.pt\/#\/schema\/person\/c4278d4a6028830caff9ee44b42d32ed"},"headline":"Crian\u00e7as e bem-estar digital: orienta\u00e7\u00f5es e desafios atuais","datePublished":"2026-02-25T15:56:00+00:00","mainEntityOfPage":{"@id":"https:\/\/portaltela.pt\/noticias\/2026\/02\/25\/criancas-e-bem-estar-digital-orientacoes-e-desafios-atuais\/"},"wordCount":193,"image":{"@id":"https:\/\/portaltela.pt\/noticias\/2026\/02\/25\/criancas-e-bem-estar-digital-orientacoes-e-desafios-atuais\/#primaryimage"},"thumbnailUrl":"https:\/\/portaltela.pt\/s.01k8rhncp4jt1\/2026\/02\/img_1280x721uu2017-03-21-14-48-00-610826.jpg","keywords":["A Amadora","crian\u00e7as","educa\u00e7\u00e3o","educa\u00e7\u00e3o digital","matem\u00e1tica","programa\u00e7\u00e3o"],"articleSection":["Not\u00edcias"],"inLanguage":"pt-PT"},{"@type":"WebPage","@id":"https:\/\/portaltela.pt\/noticias\/2026\/02\/25\/criancas-e-bem-estar-digital-orientacoes-e-desafios-atuais\/","url":"https:\/\/portaltela.pt\/noticias\/2026\/02\/25\/criancas-e-bem-estar-digital-orientacoes-e-desafios-atuais\/","name":"Crian\u00e7as e bem-estar digital: orienta\u00e7\u00f5es e desafios atuais - Portal Tela Portugal","isPartOf":{"@id":"https:\/\/portaltela.pt\/#website"},"primaryImageOfPage":{"@id":"https:\/\/portaltela.pt\/noticias\/2026\/02\/25\/criancas-e-bem-estar-digital-orientacoes-e-desafios-atuais\/#primaryimage"},"image":{"@id":"https:\/\/portaltela.pt\/noticias\/2026\/02\/25\/criancas-e-bem-estar-digital-orientacoes-e-desafios-atuais\/#primaryimage"},"thumbnailUrl":"https:\/\/portaltela.pt\/s.01k8rhncp4jt1\/2026\/02\/img_1280x721uu2017-03-21-14-48-00-610826.jpg","datePublished":"2026-02-25T15:56:00+00:00","author":{"@id":"https:\/\/portaltela.pt\/#\/schema\/person\/c4278d4a6028830caff9ee44b42d32ed"},"breadcrumb":{"@id":"https:\/\/portaltela.pt\/noticias\/2026\/02\/25\/criancas-e-bem-estar-digital-orientacoes-e-desafios-atuais\/#breadcrumb"},"inLanguage":"pt-PT","potentialAction":[{"@type":"ReadAction","target":["https:\/\/portaltela.pt\/noticias\/2026\/02\/25\/criancas-e-bem-estar-digital-orientacoes-e-desafios-atuais\/"]}]},{"@type":"ImageObject","inLanguage":"pt-PT","@id":"https:\/\/portaltela.pt\/noticias\/2026\/02\/25\/criancas-e-bem-estar-digital-orientacoes-e-desafios-atuais\/#primaryimage","url":"https:\/\/portaltela.pt\/s.01k8rhncp4jt1\/2026\/02\/img_1280x721uu2017-03-21-14-48-00-610826.jpg","contentUrl":"https:\/\/portaltela.pt\/s.01k8rhncp4jt1\/2026\/02\/img_1280x721uu2017-03-21-14-48-00-610826.jpg","width":796,"height":448,"caption":"Capa do jornal"},{"@type":"BreadcrumbList","@id":"https:\/\/portaltela.pt\/noticias\/2026\/02\/25\/criancas-e-bem-estar-digital-orientacoes-e-desafios-atuais\/#breadcrumb","itemListElement":[{"@type":"ListItem","position":1,"name":"In\u00edcio","item":"https:\/\/portaltela.pt\/"},{"@type":"ListItem","position":2,"name":"Crian\u00e7as e bem-estar digital: orienta\u00e7\u00f5es e desafios atuais"}]},{"@type":"WebSite","@id":"https:\/\/portaltela.pt\/#website","url":"https:\/\/portaltela.pt\/","name":"Portal Tela Portugal","description":"","potentialAction":[{"@type":"SearchAction","target":{"@type":"EntryPoint","urlTemplate":"https:\/\/portaltela.pt\/?s={search_term_string}"},"query-input":{"@type":"PropertyValueSpecification","valueRequired":true,"valueName":"search_term_string"}}],"inLanguage":"pt-PT"},{"@type":"Person","@id":"https:\/\/portaltela.pt\/#\/schema\/person\/c4278d4a6028830caff9ee44b42d32ed","name":"Telinha","image":{"@type":"ImageObject","inLanguage":"pt-PT","@id":"https:\/\/portaltela.pt\/s.01k8rhncp4jt1\/2025\/11\/talking-bot-125x125.png","url":"https:\/\/portaltela.pt\/s.01k8rhncp4jt1\/2025\/11\/talking-bot-125x125.png","contentUrl":"https:\/\/portaltela.pt\/s.01k8rhncp4jt1\/2025\/11\/talking-bot-125x125.png","caption":"Telinha"},"sameAs":["https:\/\/portaltela.pt\/"],"url":"https:\/\/portaltela.pt\/por\/367410592786\/"}]}},"_links":{"self":[{"href":"https:\/\/portaltela.pt\/api\/wp\/v2\/posts\/225897","targetHints":{"allow":["GET"]}}],"collection":[{"href":"https:\/\/portaltela.pt\/api\/wp\/v2\/posts"}],"about":[{"href":"https:\/\/portaltela.pt\/api\/wp\/v2\/types\/post"}],"author":[{"embeddable":true,"href":"https:\/\/portaltela.pt\/api\/wp\/v2\/users\/2"}],"replies":[{"embeddable":true,"href":"https:\/\/portaltela.pt\/api\/wp\/v2\/comments?post=225897"}],"version-history":[{"count":0,"href":"https:\/\/portaltela.pt\/api\/wp\/v2\/posts\/225897\/revisions"}],"wp:featuredmedia":[{"embeddable":true,"href":"https:\/\/portaltela.pt\/api\/wp\/v2\/media\/225913"}],"wp:attachment":[{"href":"https:\/\/portaltela.pt\/api\/wp\/v2\/media?parent=225897"}],"wp:term":[{"taxonomy":"category","embeddable":true,"href":"https:\/\/portaltela.pt\/api\/wp\/v2\/categories?post=225897"},{"taxonomy":"post_tag","embeddable":true,"href":"https:\/\/portaltela.pt\/api\/wp\/v2\/tags?post=225897"}],"curies":[{"name":"wp","href":"https:\/\/api.w.org\/{rel}","templated":true}]}}