{"id":225873,"date":"2026-02-25T12:12:00","date_gmt":"2026-02-25T15:12:00","guid":{"rendered":"https:\/\/portaltela.pt\/noticias\/2026\/02\/25\/alvito-recebe-a-primeira-edicao-do-young-n-wild-festival\/"},"modified":"2026-02-25T12:12:00","modified_gmt":"2026-02-25T15:12:00","slug":"alvito-recebe-a-primeira-edicao-do-young-n-wild-festival","status":"publish","type":"post","link":"https:\/\/portaltela.pt\/noticias\/2026\/02\/25\/alvito-recebe-a-primeira-edicao-do-young-n-wild-festival\/","title":{"rendered":"Alvito recebe a primeira edi\u00e7\u00e3o do Young N\u2019 Wild Festival"},"content":{"rendered":"<p>O Alvito recebe a primeira edi\u00e7\u00e3o do Young N\u2019 Wild Festival, de 6 a 8 de Mar\u00e7o, no Castelo de Alvito, jardins e Grutas do Rossio. O evento junta vinho, patrim\u00f3nio, cultura e uma causa solid\u00e1ria para a Associa\u00e7\u00e3o Humanit\u00e1ria de Bombeiros Volunt\u00e1rios do Concelho de Alvito, em fun\u00e7\u00e3o dos inc\u00eandios de 2025.<\/p>\n<p>O festival soma provas de vinho, algumas comentadas, com atividades ligadas ao patrim\u00f3nio e \u00e0 gastronomia. O organizador Omar Marzag\u00e3o descreve o festival como uma celebra\u00e7\u00e3o de comunidade, uni\u00e3o e solidariedade.<\/p>\n<p>Na sexta-feira, o programa inclui visita guiada \u00e0s Grutas do Rossio, com acesso adaptado a pessoas com mobilidade reduzida, seguida de vinho e petiscos alentejanos e cante alentejano. O bilhete de 6 de Mar\u00e7o custa 15 euros, com atividades inclu\u00eddas.<\/p>\n<h3>Programa e provas<\/h3>\n<p>O dia principal \u00e9 s\u00e1bado, das 13h \u00e0s 22h, com a feira de vinhos a decorrer at\u00e9 \u00e0s 19h30. A entrada custa 15 euros e d\u00e1 acesso a provas comentadas, concertos, DJ e a mais de 30 produtores do Alentejo, mais uma prova solid\u00e1ria a favor dos bombeiros locais.<\/p>\n<p>Entre as provas destacadas est\u00e3o cortes de Cima, Herdade do Peso e a Adega Cooperativa de Vidigueira, com a masterclass Quatro regi\u00f5es, quatro terroirs, quatro estilos. A conversa Mulheres do Vinho \u2014 Lideran\u00e7a e Inspira\u00e7\u00e3o tamb\u00e9m faz parte do cartaz.<\/p>\n<h3>Solid\u00e1rio e patrim\u00f3nio<\/h3>\n<p>A organiza\u00e7\u00e3o reverencia o envolvimento com a comunidade, destinando parte da receita de domingo aos Bombeiros de Alvito. O festival n\u00e3o cobra taxas aos produtores e aos alunos de Enologia da Universidade de \u00c9vora, refor\u00e7ando o cariz social.<\/p>\n<p>No espa\u00e7o de alimenta\u00e7\u00e3o, alunos da Escola Profissional do Alvito asseguram degusta\u00e7\u00f5es, com a Experi\u00eancia Blue Taste a promover mariscos harmonizados com vinhos. A prova solid\u00e1ria com a Fitapreta custa 50 euros por participante, com o resto revertido aos bombeiros.<\/p>\n<h3>Domingo solid\u00e1rio e patrim\u00f3nio<\/h3>\n<p>O domingo prop\u00f5e um passeio de bicicleta entre castelo, vinhas e a Barragem do Alvito, com almo\u00e7o e uma jornada de cerca de 9 quil\u00f3metros. O custo \u00e9 35 euros, com parte das receitas a beneficiar os bombeiros, e transporte de regresso ao castelo dispon\u00edvel para quem n\u00e3o pedalar.<\/p>\n<p>O evento ocorre num monumento nacional do s\u00e9culo XV, nos seus jardins hist\u00f3ricos e nas Grutas do Rossio, que reabriram ap\u00f3s obras de estabiliza\u00e7\u00e3o. O Young N\u2019 Wild celebra tamb\u00e9m a riqueza cultural do Baixo Alentejo, j\u00e1 em risco de atrair a Cidade Europeia do Vinho 2026.<\/p>\n","protected":false},"excerpt":{"rendered":"<ul>\n<li>Entre 6 e 8 de mar\u00e7o, o Castelo de Alvito recebe a primeira edi\u00e7\u00e3o do Young N\u2019 Wild Festival, que combina prova de vinhos, patrim\u00f3nio e solidariedade, em Alvito, no Alentejo.<\/li>\n<li>O evento apresenta provas de vinho, atividades culturais e uma prova solid\u00e1ria com o objetivo de apoiar a Associa\u00e7\u00e3o Humanit\u00e1ria de Bombeiros Volunt\u00e1rios do Concelho de Alvito.<\/li>\n<li>O programa inclui visitas guiadas \u00e0s Grutas do Rossio e ao Castelo de Alvito, com bilhetes a 15 euros para o dia e com acesso a provas, gastronomia e m\u00fasica; a prova solid\u00e1ria tem valor pr\u00f3prio.<\/li>\n<li>A 8 de mar\u00e7o ocorre um domingo solid\u00e1rio, com passeio de bicicleta entre o Castelo de Alvito e Vila Alva, com almo\u00e7o e reverte 100% para os Bombeiros de Alvito; o custo \u00e9 de 35 euros por pessoa.<\/li>\n<li>O festival conta com a participa\u00e7\u00e3o de produtores da regi\u00e3o, masterclasses e conversas, em espa\u00e7os como as Grutas do Rossio, o castelo e as suas \u00e1reas exteriores, com foco na comunidade e na responsabilidade social.<\/li>\n<\/ul>\n","protected":false},"author":2,"featured_media":225886,"comment_status":"closed","ping_status":"closed","sticky":false,"template":"","format":"standard","meta":{"footnotes":""},"categories":[1],"tags":[883,971,5216,814,5586,779],"class_list":["post-225873","post","type-post","status-publish","format-standard","has-post-thumbnail","hentry","category-noticias","tag-alentejo","tag-bombeiros","tag-monumento-nacional","tag-patrimonio","tag-vinho","tag-vinhos"],"yoast_head":"<!-- This site is optimized with the Yoast SEO plugin v27.2 - https:\/\/yoast.com\/product\/yoast-seo-wordpress\/ -->\n<title>Alvito recebe a primeira edi\u00e7\u00e3o do Young N\u2019 Wild Festival - Portal Tela Portugal<\/title>\n<meta name=\"robots\" content=\"index, follow, max-snippet:-1, max-image-preview:large, max-video-preview:-1\" \/>\n<meta property=\"og:locale\" content=\"pt_PT\" \/>\n<meta property=\"og:type\" content=\"article\" \/>\n<meta property=\"og:title\" content=\"Alvito recebe a primeira edi\u00e7\u00e3o do Young N\u2019 Wild Festival - Portal Tela Portugal\" \/>\n<meta property=\"og:description\" content=\"Entre 6 e 8 de mar\u00e7o, o Castelo de Alvito recebe a primeira edi\u00e7\u00e3o do Young N\u2019 Wild Festival, que combina prova de vinhos, patrim\u00f3nio e solidariedade, em Alvito, no Alentejo. O evento apresenta provas de vinho, atividades culturais e uma prova solid\u00e1ria com o objetivo de apoiar a Associa\u00e7\u00e3o Humanit\u00e1ria de Bombeiros Volunt\u00e1rios do Concelho de Alvito. O programa inclui visitas guiadas \u00e0s Grutas do Rossio e ao Castelo de Alvito, com bilhetes a 15 euros para o dia e com acesso a provas, gastronomia e m\u00fasica; a prova solid\u00e1ria tem valor pr\u00f3prio. A 8 de mar\u00e7o ocorre um domingo solid\u00e1rio, com passeio de bicicleta entre o Castelo de Alvito e Vila Alva, com almo\u00e7o e reverte 100% para os Bombeiros de Alvito; o custo \u00e9 de 35 euros por pessoa. O festival conta com a participa\u00e7\u00e3o de produtores da regi\u00e3o, masterclasses e conversas, em espa\u00e7os como as Grutas do Rossio, o castelo e as suas \u00e1reas exteriores, com foco na comunidade e na responsabilidade social.\" \/>\n<meta property=\"og:url\" content=\"https:\/\/portaltela.pt\/noticias\/2026\/02\/25\/alvito-recebe-a-primeira-edicao-do-young-n-wild-festival\/\" \/>\n<meta property=\"og:site_name\" content=\"Portal Tela Portugal\" \/>\n<meta property=\"article:published_time\" content=\"2026-02-25T15:12:00+00:00\" \/>\n<meta name=\"author\" content=\"Telinha\" \/>\n<meta name=\"twitter:card\" content=\"summary_large_image\" \/>\n<meta name=\"twitter:label1\" content=\"Escrito por\" \/>\n\t<meta name=\"twitter:data1\" content=\"Telinha\" \/>\n\t<meta name=\"twitter:label2\" content=\"Tempo estimado de leitura\" \/>\n\t<meta name=\"twitter:data2\" content=\"2 minutos\" \/>\n<script type=\"application\/ld+json\" class=\"yoast-schema-graph\">{\"@context\":\"https:\/\/schema.org\",\"@graph\":[{\"@type\":\"Article\",\"@id\":\"https:\/\/portaltela.pt\/noticias\/2026\/02\/25\/alvito-recebe-a-primeira-edicao-do-young-n-wild-festival\/#article\",\"isPartOf\":{\"@id\":\"https:\/\/portaltela.pt\/noticias\/2026\/02\/25\/alvito-recebe-a-primeira-edicao-do-young-n-wild-festival\/\"},\"author\":{\"name\":\"Telinha\",\"@id\":\"https:\/\/portaltela.pt\/#\/schema\/person\/c4278d4a6028830caff9ee44b42d32ed\"},\"headline\":\"Alvito recebe a primeira edi\u00e7\u00e3o do Young N\u2019 Wild Festival\",\"datePublished\":\"2026-02-25T15:12:00+00:00\",\"mainEntityOfPage\":{\"@id\":\"https:\/\/portaltela.pt\/noticias\/2026\/02\/25\/alvito-recebe-a-primeira-edicao-do-young-n-wild-festival\/\"},\"wordCount\":437,\"image\":{\"@id\":\"https:\/\/portaltela.pt\/noticias\/2026\/02\/25\/alvito-recebe-a-primeira-edicao-do-young-n-wild-festival\/#primaryimage\"},\"thumbnailUrl\":\"https:\/\/portaltela.pt\/s.01k8rhncp4jt1\/2026\/02\/2069400.jpg\",\"keywords\":[\"Alentejo\",\"bombeiros\",\"Monumento Nacional\",\"patrim\u00f3nio\",\"vinho\",\"vinhos\"],\"articleSection\":[\"Not\u00edcias\"],\"inLanguage\":\"pt-PT\"},{\"@type\":\"WebPage\",\"@id\":\"https:\/\/portaltela.pt\/noticias\/2026\/02\/25\/alvito-recebe-a-primeira-edicao-do-young-n-wild-festival\/\",\"url\":\"https:\/\/portaltela.pt\/noticias\/2026\/02\/25\/alvito-recebe-a-primeira-edicao-do-young-n-wild-festival\/\",\"name\":\"Alvito recebe a primeira edi\u00e7\u00e3o do Young N\u2019 Wild Festival - Portal Tela Portugal\",\"isPartOf\":{\"@id\":\"https:\/\/portaltela.pt\/#website\"},\"primaryImageOfPage\":{\"@id\":\"https:\/\/portaltela.pt\/noticias\/2026\/02\/25\/alvito-recebe-a-primeira-edicao-do-young-n-wild-festival\/#primaryimage\"},\"image\":{\"@id\":\"https:\/\/portaltela.pt\/noticias\/2026\/02\/25\/alvito-recebe-a-primeira-edicao-do-young-n-wild-festival\/#primaryimage\"},\"thumbnailUrl\":\"https:\/\/portaltela.pt\/s.01k8rhncp4jt1\/2026\/02\/2069400.jpg\",\"datePublished\":\"2026-02-25T15:12:00+00:00\",\"author\":{\"@id\":\"https:\/\/portaltela.pt\/#\/schema\/person\/c4278d4a6028830caff9ee44b42d32ed\"},\"breadcrumb\":{\"@id\":\"https:\/\/portaltela.pt\/noticias\/2026\/02\/25\/alvito-recebe-a-primeira-edicao-do-young-n-wild-festival\/#breadcrumb\"},\"inLanguage\":\"pt-PT\",\"potentialAction\":[{\"@type\":\"ReadAction\",\"target\":[\"https:\/\/portaltela.pt\/noticias\/2026\/02\/25\/alvito-recebe-a-primeira-edicao-do-young-n-wild-festival\/\"]}]},{\"@type\":\"ImageObject\",\"inLanguage\":\"pt-PT\",\"@id\":\"https:\/\/portaltela.pt\/noticias\/2026\/02\/25\/alvito-recebe-a-primeira-edicao-do-young-n-wild-festival\/#primaryimage\",\"url\":\"https:\/\/portaltela.pt\/s.01k8rhncp4jt1\/2026\/02\/2069400.jpg\",\"contentUrl\":\"https:\/\/portaltela.pt\/s.01k8rhncp4jt1\/2026\/02\/2069400.jpg\",\"width\":796,\"height\":448,\"caption\":\"Mais de 30 produtores do Alentejo ter\u00e3o os seus vinhos \u00e0 prova no Young N' Wild Festival, em Alvito\"},{\"@type\":\"BreadcrumbList\",\"@id\":\"https:\/\/portaltela.pt\/noticias\/2026\/02\/25\/alvito-recebe-a-primeira-edicao-do-young-n-wild-festival\/#breadcrumb\",\"itemListElement\":[{\"@type\":\"ListItem\",\"position\":1,\"name\":\"In\u00edcio\",\"item\":\"https:\/\/portaltela.pt\/\"},{\"@type\":\"ListItem\",\"position\":2,\"name\":\"Alvito recebe a primeira edi\u00e7\u00e3o do Young N\u2019 Wild Festival\"}]},{\"@type\":\"WebSite\",\"@id\":\"https:\/\/portaltela.pt\/#website\",\"url\":\"https:\/\/portaltela.pt\/\",\"name\":\"Portal Tela Portugal\",\"description\":\"\",\"potentialAction\":[{\"@type\":\"SearchAction\",\"target\":{\"@type\":\"EntryPoint\",\"urlTemplate\":\"https:\/\/portaltela.pt\/?s={search_term_string}\"},\"query-input\":{\"@type\":\"PropertyValueSpecification\",\"valueRequired\":true,\"valueName\":\"search_term_string\"}}],\"inLanguage\":\"pt-PT\"},{\"@type\":\"Person\",\"@id\":\"https:\/\/portaltela.pt\/#\/schema\/person\/c4278d4a6028830caff9ee44b42d32ed\",\"name\":\"Telinha\",\"image\":{\"@type\":\"ImageObject\",\"inLanguage\":\"pt-PT\",\"@id\":\"https:\/\/portaltela.pt\/s.01k8rhncp4jt1\/2025\/11\/talking-bot-125x125.png\",\"url\":\"https:\/\/portaltela.pt\/s.01k8rhncp4jt1\/2025\/11\/talking-bot-125x125.png\",\"contentUrl\":\"https:\/\/portaltela.pt\/s.01k8rhncp4jt1\/2025\/11\/talking-bot-125x125.png\",\"caption\":\"Telinha\"},\"sameAs\":[\"https:\/\/portaltela.pt\/\"],\"url\":\"https:\/\/portaltela.pt\/por\/367410592786\/\"}]}<\/script>\n<!-- \/ Yoast SEO plugin. -->","yoast_head_json":{"title":"Alvito recebe a primeira edi\u00e7\u00e3o do Young N\u2019 Wild Festival - Portal Tela Portugal","robots":{"index":"index","follow":"follow","max-snippet":"max-snippet:-1","max-image-preview":"max-image-preview:large","max-video-preview":"max-video-preview:-1"},"og_locale":"pt_PT","og_type":"article","og_title":"Alvito recebe a primeira edi\u00e7\u00e3o do Young N\u2019 Wild Festival - Portal Tela Portugal","og_description":"Entre 6 e 8 de mar\u00e7o, o Castelo de Alvito recebe a primeira edi\u00e7\u00e3o do Young N\u2019 Wild Festival, que combina prova de vinhos, patrim\u00f3nio e solidariedade, em Alvito, no Alentejo. O evento apresenta provas de vinho, atividades culturais e uma prova solid\u00e1ria com o objetivo de apoiar a Associa\u00e7\u00e3o Humanit\u00e1ria de Bombeiros Volunt\u00e1rios do Concelho de Alvito. O programa inclui visitas guiadas \u00e0s Grutas do Rossio e ao Castelo de Alvito, com bilhetes a 15 euros para o dia e com acesso a provas, gastronomia e m\u00fasica; a prova solid\u00e1ria tem valor pr\u00f3prio. A 8 de mar\u00e7o ocorre um domingo solid\u00e1rio, com passeio de bicicleta entre o Castelo de Alvito e Vila Alva, com almo\u00e7o e reverte 100% para os Bombeiros de Alvito; o custo \u00e9 de 35 euros por pessoa. O festival conta com a participa\u00e7\u00e3o de produtores da regi\u00e3o, masterclasses e conversas, em espa\u00e7os como as Grutas do Rossio, o castelo e as suas \u00e1reas exteriores, com foco na comunidade e na responsabilidade social.","og_url":"https:\/\/portaltela.pt\/noticias\/2026\/02\/25\/alvito-recebe-a-primeira-edicao-do-young-n-wild-festival\/","og_site_name":"Portal Tela Portugal","article_published_time":"2026-02-25T15:12:00+00:00","author":"Telinha","twitter_card":"summary_large_image","twitter_misc":{"Escrito por":"Telinha","Tempo estimado de leitura":"2 minutos"},"schema":{"@context":"https:\/\/schema.org","@graph":[{"@type":"Article","@id":"https:\/\/portaltela.pt\/noticias\/2026\/02\/25\/alvito-recebe-a-primeira-edicao-do-young-n-wild-festival\/#article","isPartOf":{"@id":"https:\/\/portaltela.pt\/noticias\/2026\/02\/25\/alvito-recebe-a-primeira-edicao-do-young-n-wild-festival\/"},"author":{"name":"Telinha","@id":"https:\/\/portaltela.pt\/#\/schema\/person\/c4278d4a6028830caff9ee44b42d32ed"},"headline":"Alvito recebe a primeira edi\u00e7\u00e3o do Young N\u2019 Wild Festival","datePublished":"2026-02-25T15:12:00+00:00","mainEntityOfPage":{"@id":"https:\/\/portaltela.pt\/noticias\/2026\/02\/25\/alvito-recebe-a-primeira-edicao-do-young-n-wild-festival\/"},"wordCount":437,"image":{"@id":"https:\/\/portaltela.pt\/noticias\/2026\/02\/25\/alvito-recebe-a-primeira-edicao-do-young-n-wild-festival\/#primaryimage"},"thumbnailUrl":"https:\/\/portaltela.pt\/s.01k8rhncp4jt1\/2026\/02\/2069400.jpg","keywords":["Alentejo","bombeiros","Monumento Nacional","patrim\u00f3nio","vinho","vinhos"],"articleSection":["Not\u00edcias"],"inLanguage":"pt-PT"},{"@type":"WebPage","@id":"https:\/\/portaltela.pt\/noticias\/2026\/02\/25\/alvito-recebe-a-primeira-edicao-do-young-n-wild-festival\/","url":"https:\/\/portaltela.pt\/noticias\/2026\/02\/25\/alvito-recebe-a-primeira-edicao-do-young-n-wild-festival\/","name":"Alvito recebe a primeira edi\u00e7\u00e3o do Young N\u2019 Wild Festival - Portal Tela Portugal","isPartOf":{"@id":"https:\/\/portaltela.pt\/#website"},"primaryImageOfPage":{"@id":"https:\/\/portaltela.pt\/noticias\/2026\/02\/25\/alvito-recebe-a-primeira-edicao-do-young-n-wild-festival\/#primaryimage"},"image":{"@id":"https:\/\/portaltela.pt\/noticias\/2026\/02\/25\/alvito-recebe-a-primeira-edicao-do-young-n-wild-festival\/#primaryimage"},"thumbnailUrl":"https:\/\/portaltela.pt\/s.01k8rhncp4jt1\/2026\/02\/2069400.jpg","datePublished":"2026-02-25T15:12:00+00:00","author":{"@id":"https:\/\/portaltela.pt\/#\/schema\/person\/c4278d4a6028830caff9ee44b42d32ed"},"breadcrumb":{"@id":"https:\/\/portaltela.pt\/noticias\/2026\/02\/25\/alvito-recebe-a-primeira-edicao-do-young-n-wild-festival\/#breadcrumb"},"inLanguage":"pt-PT","potentialAction":[{"@type":"ReadAction","target":["https:\/\/portaltela.pt\/noticias\/2026\/02\/25\/alvito-recebe-a-primeira-edicao-do-young-n-wild-festival\/"]}]},{"@type":"ImageObject","inLanguage":"pt-PT","@id":"https:\/\/portaltela.pt\/noticias\/2026\/02\/25\/alvito-recebe-a-primeira-edicao-do-young-n-wild-festival\/#primaryimage","url":"https:\/\/portaltela.pt\/s.01k8rhncp4jt1\/2026\/02\/2069400.jpg","contentUrl":"https:\/\/portaltela.pt\/s.01k8rhncp4jt1\/2026\/02\/2069400.jpg","width":796,"height":448,"caption":"Mais de 30 produtores do Alentejo ter\u00e3o os seus vinhos \u00e0 prova no Young N' Wild Festival, em Alvito"},{"@type":"BreadcrumbList","@id":"https:\/\/portaltela.pt\/noticias\/2026\/02\/25\/alvito-recebe-a-primeira-edicao-do-young-n-wild-festival\/#breadcrumb","itemListElement":[{"@type":"ListItem","position":1,"name":"In\u00edcio","item":"https:\/\/portaltela.pt\/"},{"@type":"ListItem","position":2,"name":"Alvito recebe a primeira edi\u00e7\u00e3o do Young N\u2019 Wild Festival"}]},{"@type":"WebSite","@id":"https:\/\/portaltela.pt\/#website","url":"https:\/\/portaltela.pt\/","name":"Portal Tela Portugal","description":"","potentialAction":[{"@type":"SearchAction","target":{"@type":"EntryPoint","urlTemplate":"https:\/\/portaltela.pt\/?s={search_term_string}"},"query-input":{"@type":"PropertyValueSpecification","valueRequired":true,"valueName":"search_term_string"}}],"inLanguage":"pt-PT"},{"@type":"Person","@id":"https:\/\/portaltela.pt\/#\/schema\/person\/c4278d4a6028830caff9ee44b42d32ed","name":"Telinha","image":{"@type":"ImageObject","inLanguage":"pt-PT","@id":"https:\/\/portaltela.pt\/s.01k8rhncp4jt1\/2025\/11\/talking-bot-125x125.png","url":"https:\/\/portaltela.pt\/s.01k8rhncp4jt1\/2025\/11\/talking-bot-125x125.png","contentUrl":"https:\/\/portaltela.pt\/s.01k8rhncp4jt1\/2025\/11\/talking-bot-125x125.png","caption":"Telinha"},"sameAs":["https:\/\/portaltela.pt\/"],"url":"https:\/\/portaltela.pt\/por\/367410592786\/"}]}},"_links":{"self":[{"href":"https:\/\/portaltela.pt\/api\/wp\/v2\/posts\/225873","targetHints":{"allow":["GET"]}}],"collection":[{"href":"https:\/\/portaltela.pt\/api\/wp\/v2\/posts"}],"about":[{"href":"https:\/\/portaltela.pt\/api\/wp\/v2\/types\/post"}],"author":[{"embeddable":true,"href":"https:\/\/portaltela.pt\/api\/wp\/v2\/users\/2"}],"replies":[{"embeddable":true,"href":"https:\/\/portaltela.pt\/api\/wp\/v2\/comments?post=225873"}],"version-history":[{"count":0,"href":"https:\/\/portaltela.pt\/api\/wp\/v2\/posts\/225873\/revisions"}],"wp:featuredmedia":[{"embeddable":true,"href":"https:\/\/portaltela.pt\/api\/wp\/v2\/media\/225886"}],"wp:attachment":[{"href":"https:\/\/portaltela.pt\/api\/wp\/v2\/media?parent=225873"}],"wp:term":[{"taxonomy":"category","embeddable":true,"href":"https:\/\/portaltela.pt\/api\/wp\/v2\/categories?post=225873"},{"taxonomy":"post_tag","embeddable":true,"href":"https:\/\/portaltela.pt\/api\/wp\/v2\/tags?post=225873"}],"curies":[{"name":"wp","href":"https:\/\/api.w.org\/{rel}","templated":true}]}}