{"id":225870,"date":"2026-02-25T11:57:00","date_gmt":"2026-02-25T14:57:00","guid":{"rendered":"https:\/\/portaltela.pt\/noticias\/2026\/02\/25\/alerta-responsavel-aos-perigos-dos-desafios-virais-nas-redes-sociais\/"},"modified":"2026-02-25T11:57:00","modified_gmt":"2026-02-25T14:57:00","slug":"alerta-responsavel-aos-perigos-dos-desafios-virais-nas-redes-sociais","status":"publish","type":"post","link":"https:\/\/portaltela.pt\/noticias\/2026\/02\/25\/alerta-responsavel-aos-perigos-dos-desafios-virais-nas-redes-sociais\/","title":{"rendered":"Alerta respons\u00e1vel aos perigos dos desafios virais nas redes sociais"},"content":{"rendered":"<p>Redes sociais: alerta respons\u00e1vel sobre desafios virais<\/p>\n<p>A imprensa, profissionais de sa\u00fade e influenciadores divulgaram recentemente um desafio viral supostamente perigoso. Embora a inten\u00e7\u00e3o tenha sido de sensibilizar, houve repeti\u00e7\u00e3o de informa\u00e7\u00f5es que exp\u00f5em o p\u00fablico a riscos. No centro da discuss\u00e3o est\u00e1 a pr\u00e1tica de partilhar o desafio e os seus detalhes operacionais.<\/p>\n<p>Especialistas destacam a necessidade de comunica\u00e7\u00e3o respons\u00e1vel. O objetivo \u00e9 evitar p\u00e2nico desnecess\u00e1rio e reduzir o efeito Werther, que pode levar a imita\u00e7\u00e3o. O tema \u00e9 relevante, mas exige cautela para n\u00e3o amplificar casos isolados como se fossem tend\u00eancias.<\/p>\n<p>O guia da imprensa recomenda adotar normas internacionais de promo\u00e7\u00e3o da sa\u00fade mental. Entre elas est\u00e3o evitar o sensacionalismo, n\u00e3o descrever passos do desafio e n\u00e3o veicular imagens que possam servir de tutorial. O foco deve ser nas consequ\u00eancias reais.<\/p>\n<h3>Medidas para uma cobertura respons\u00e1vel<\/h3>\n<p>Profissionais de sa\u00fade mental devem ser ouvidos, com entrevistas a psic\u00f3logos e especialistas em ciberseguran\u00e7a. Ao mesmo tempo, devem ser inclu\u00eddos recursos de apoio para quem possa encontrar risco, como linhas de apoio psicol\u00f3gi cas e servi\u00e7os de SNS. Evitar hashtags, nomes do desafio e f\u00f3runs facilita a preven\u00e7\u00e3o.<\/p>\n<h3>Diretrizes e objetivos de comunica\u00e7\u00e3o<\/h3>\n<p>\u00c9 essencial desmistificar o fen\u00f3meno, apontando danos f\u00edsicos, legais e emocionais. Se o desafio for boato, deve-se informar a veracidade logo no in\u00edcio. A cobertura deve privilegiar a literacia digital e a educa\u00e7\u00e3o para a cidadania online.<\/p>\n<p>A organiza\u00e7\u00e3o Agarrados \u00e0 Net refor\u00e7a que o objetivo \u00e9 informar, educar e sensibilizar sem reproduzir conte\u00fados que possam facilitar a imita\u00e7\u00e3o. O compromisso \u00e9 com a seguran\u00e7a digital e o bem-estar dos utilizadores, evitando retratar ou amplificar situa\u00e7\u00f5es de risco.<\/p>\n","protected":false},"excerpt":{"rendered":"<ul>\n<li>Contexto: a divulga\u00e7\u00e3o de um desafio viral perigoso foi feita por meios de comunica\u00e7\u00e3o, profissionais de sa\u00fade, for\u00e7as de seguran\u00e7a e influenciadores, gerando alerta sobre o risco para a sa\u00fade e bem-estar.<\/li>\n<li>Recomenda\u00e7\u00f5es gerais: evitar sensacionalismo e p\u00e2nico, verificar se \u00e9 uma tend\u00eancia real ou caso isolado antes de reportar.<\/li>\n<li>Cuidados operacionais: n\u00e3o descrever o \u201ccomo fazer\u201d, evitar imagens ou v\u00eddeos do desafio e n\u00e3o divulgar o nome, hashtags ou f\u00f3runs associados.<\/li>\n<li>Desmistifica\u00e7\u00e3o: enfatizar consequ\u00eancias reais e danos, esclarecer se o desafio \u00e9 boato e evitar refor\u00e7ar falsas narrativas.<\/li>\n<li>Educa\u00e7\u00e3o e apoio: ouvir especialistas em psicologia e ciberseguran\u00e7a e incluir recursos de apoio (linhas de ajuda) no conte\u00fado.<\/li>\n<\/ul>\n","protected":false},"author":2,"featured_media":225888,"comment_status":"closed","ping_status":"closed","sticky":false,"template":"","format":"standard","meta":{"footnotes":""},"categories":[1],"tags":[3195,1469,5965,2629,2215,55],"class_list":["post-225870","post","type-post","status-publish","format-standard","has-post-thumbnail","hentry","category-noticias","tag-ciberseguranca","tag-desinformacao","tag-educacao-para-a-cidadania","tag-literacia-digital","tag-protecao-da-privacidade","tag-saude-mental"],"yoast_head":"<!-- This site is optimized with the Yoast SEO plugin v27.2 - https:\/\/yoast.com\/product\/yoast-seo-wordpress\/ -->\n<title>Alerta respons\u00e1vel aos perigos dos desafios virais nas redes sociais - Portal Tela Portugal<\/title>\n<meta name=\"robots\" content=\"index, follow, max-snippet:-1, max-image-preview:large, max-video-preview:-1\" \/>\n<meta property=\"og:locale\" content=\"pt_PT\" \/>\n<meta property=\"og:type\" content=\"article\" \/>\n<meta property=\"og:title\" content=\"Alerta respons\u00e1vel aos perigos dos desafios virais nas redes sociais - Portal Tela Portugal\" \/>\n<meta property=\"og:description\" content=\"Contexto: a divulga\u00e7\u00e3o de um desafio viral perigoso foi feita por meios de comunica\u00e7\u00e3o, profissionais de sa\u00fade, for\u00e7as de seguran\u00e7a e influenciadores, gerando alerta sobre o risco para a sa\u00fade e bem-estar. Recomenda\u00e7\u00f5es gerais: evitar sensacionalismo e p\u00e2nico, verificar se \u00e9 uma tend\u00eancia real ou caso isolado antes de reportar. Cuidados operacionais: n\u00e3o descrever o \u201ccomo fazer\u201d, evitar imagens ou v\u00eddeos do desafio e n\u00e3o divulgar o nome, hashtags ou f\u00f3runs associados. Desmistifica\u00e7\u00e3o: enfatizar consequ\u00eancias reais e danos, esclarecer se o desafio \u00e9 boato e evitar refor\u00e7ar falsas narrativas. Educa\u00e7\u00e3o e apoio: ouvir especialistas em psicologia e ciberseguran\u00e7a e incluir recursos de apoio (linhas de ajuda) no conte\u00fado.\" \/>\n<meta property=\"og:url\" content=\"https:\/\/portaltela.pt\/noticias\/2026\/02\/25\/alerta-responsavel-aos-perigos-dos-desafios-virais-nas-redes-sociais\/\" \/>\n<meta property=\"og:site_name\" content=\"Portal Tela Portugal\" \/>\n<meta property=\"article:published_time\" content=\"2026-02-25T14:57:00+00:00\" \/>\n<meta name=\"author\" content=\"Telinha\" \/>\n<meta name=\"twitter:card\" content=\"summary_large_image\" \/>\n<meta name=\"twitter:label1\" content=\"Escrito por\" \/>\n\t<meta name=\"twitter:data1\" content=\"Telinha\" \/>\n\t<meta name=\"twitter:label2\" content=\"Tempo estimado de leitura\" \/>\n\t<meta name=\"twitter:data2\" content=\"2 minutos\" \/>\n<script type=\"application\/ld+json\" class=\"yoast-schema-graph\">{\"@context\":\"https:\/\/schema.org\",\"@graph\":[{\"@type\":\"Article\",\"@id\":\"https:\/\/portaltela.pt\/noticias\/2026\/02\/25\/alerta-responsavel-aos-perigos-dos-desafios-virais-nas-redes-sociais\/#article\",\"isPartOf\":{\"@id\":\"https:\/\/portaltela.pt\/noticias\/2026\/02\/25\/alerta-responsavel-aos-perigos-dos-desafios-virais-nas-redes-sociais\/\"},\"author\":{\"name\":\"Telinha\",\"@id\":\"https:\/\/portaltela.pt\/#\/schema\/person\/c4278d4a6028830caff9ee44b42d32ed\"},\"headline\":\"Alerta respons\u00e1vel aos perigos dos desafios virais nas redes sociais\",\"datePublished\":\"2026-02-25T14:57:00+00:00\",\"mainEntityOfPage\":{\"@id\":\"https:\/\/portaltela.pt\/noticias\/2026\/02\/25\/alerta-responsavel-aos-perigos-dos-desafios-virais-nas-redes-sociais\/\"},\"wordCount\":317,\"image\":{\"@id\":\"https:\/\/portaltela.pt\/noticias\/2026\/02\/25\/alerta-responsavel-aos-perigos-dos-desafios-virais-nas-redes-sociais\/#primaryimage\"},\"thumbnailUrl\":\"https:\/\/portaltela.pt\/s.01k8rhncp4jt1\/2026\/02\/2069697.jpg\",\"keywords\":[\"ciberseguran\u00e7a\",\"desinforma\u00e7\u00e3o\",\"Educa\u00e7\u00e3o para a Cidadania\",\"literacia digital\",\"prote\u00e7\u00e3o da privacidade\",\"sa\u00fade mental\"],\"articleSection\":[\"Not\u00edcias\"],\"inLanguage\":\"pt-PT\"},{\"@type\":\"WebPage\",\"@id\":\"https:\/\/portaltela.pt\/noticias\/2026\/02\/25\/alerta-responsavel-aos-perigos-dos-desafios-virais-nas-redes-sociais\/\",\"url\":\"https:\/\/portaltela.pt\/noticias\/2026\/02\/25\/alerta-responsavel-aos-perigos-dos-desafios-virais-nas-redes-sociais\/\",\"name\":\"Alerta respons\u00e1vel aos perigos dos desafios virais nas redes sociais - Portal Tela Portugal\",\"isPartOf\":{\"@id\":\"https:\/\/portaltela.pt\/#website\"},\"primaryImageOfPage\":{\"@id\":\"https:\/\/portaltela.pt\/noticias\/2026\/02\/25\/alerta-responsavel-aos-perigos-dos-desafios-virais-nas-redes-sociais\/#primaryimage\"},\"image\":{\"@id\":\"https:\/\/portaltela.pt\/noticias\/2026\/02\/25\/alerta-responsavel-aos-perigos-dos-desafios-virais-nas-redes-sociais\/#primaryimage\"},\"thumbnailUrl\":\"https:\/\/portaltela.pt\/s.01k8rhncp4jt1\/2026\/02\/2069697.jpg\",\"datePublished\":\"2026-02-25T14:57:00+00:00\",\"author\":{\"@id\":\"https:\/\/portaltela.pt\/#\/schema\/person\/c4278d4a6028830caff9ee44b42d32ed\"},\"breadcrumb\":{\"@id\":\"https:\/\/portaltela.pt\/noticias\/2026\/02\/25\/alerta-responsavel-aos-perigos-dos-desafios-virais-nas-redes-sociais\/#breadcrumb\"},\"inLanguage\":\"pt-PT\",\"potentialAction\":[{\"@type\":\"ReadAction\",\"target\":[\"https:\/\/portaltela.pt\/noticias\/2026\/02\/25\/alerta-responsavel-aos-perigos-dos-desafios-virais-nas-redes-sociais\/\"]}]},{\"@type\":\"ImageObject\",\"inLanguage\":\"pt-PT\",\"@id\":\"https:\/\/portaltela.pt\/noticias\/2026\/02\/25\/alerta-responsavel-aos-perigos-dos-desafios-virais-nas-redes-sociais\/#primaryimage\",\"url\":\"https:\/\/portaltela.pt\/s.01k8rhncp4jt1\/2026\/02\/2069697.jpg\",\"contentUrl\":\"https:\/\/portaltela.pt\/s.01k8rhncp4jt1\/2026\/02\/2069697.jpg\",\"width\":796,\"height\":448,\"caption\":\"Muitas vezes, estes desafios s\u00e3o fen\u00f3menos marginais que ganham escala apenas porque os media e influenciadores os noticiam\"},{\"@type\":\"BreadcrumbList\",\"@id\":\"https:\/\/portaltela.pt\/noticias\/2026\/02\/25\/alerta-responsavel-aos-perigos-dos-desafios-virais-nas-redes-sociais\/#breadcrumb\",\"itemListElement\":[{\"@type\":\"ListItem\",\"position\":1,\"name\":\"In\u00edcio\",\"item\":\"https:\/\/portaltela.pt\/\"},{\"@type\":\"ListItem\",\"position\":2,\"name\":\"Alerta respons\u00e1vel aos perigos dos desafios virais nas redes sociais\"}]},{\"@type\":\"WebSite\",\"@id\":\"https:\/\/portaltela.pt\/#website\",\"url\":\"https:\/\/portaltela.pt\/\",\"name\":\"Portal Tela Portugal\",\"description\":\"\",\"potentialAction\":[{\"@type\":\"SearchAction\",\"target\":{\"@type\":\"EntryPoint\",\"urlTemplate\":\"https:\/\/portaltela.pt\/?s={search_term_string}\"},\"query-input\":{\"@type\":\"PropertyValueSpecification\",\"valueRequired\":true,\"valueName\":\"search_term_string\"}}],\"inLanguage\":\"pt-PT\"},{\"@type\":\"Person\",\"@id\":\"https:\/\/portaltela.pt\/#\/schema\/person\/c4278d4a6028830caff9ee44b42d32ed\",\"name\":\"Telinha\",\"image\":{\"@type\":\"ImageObject\",\"inLanguage\":\"pt-PT\",\"@id\":\"https:\/\/portaltela.pt\/s.01k8rhncp4jt1\/2025\/11\/talking-bot-125x125.png\",\"url\":\"https:\/\/portaltela.pt\/s.01k8rhncp4jt1\/2025\/11\/talking-bot-125x125.png\",\"contentUrl\":\"https:\/\/portaltela.pt\/s.01k8rhncp4jt1\/2025\/11\/talking-bot-125x125.png\",\"caption\":\"Telinha\"},\"sameAs\":[\"https:\/\/portaltela.pt\/\"],\"url\":\"https:\/\/portaltela.pt\/por\/367410592786\/\"}]}<\/script>\n<!-- \/ Yoast SEO plugin. -->","yoast_head_json":{"title":"Alerta respons\u00e1vel aos perigos dos desafios virais nas redes sociais - Portal Tela Portugal","robots":{"index":"index","follow":"follow","max-snippet":"max-snippet:-1","max-image-preview":"max-image-preview:large","max-video-preview":"max-video-preview:-1"},"og_locale":"pt_PT","og_type":"article","og_title":"Alerta respons\u00e1vel aos perigos dos desafios virais nas redes sociais - Portal Tela Portugal","og_description":"Contexto: a divulga\u00e7\u00e3o de um desafio viral perigoso foi feita por meios de comunica\u00e7\u00e3o, profissionais de sa\u00fade, for\u00e7as de seguran\u00e7a e influenciadores, gerando alerta sobre o risco para a sa\u00fade e bem-estar. Recomenda\u00e7\u00f5es gerais: evitar sensacionalismo e p\u00e2nico, verificar se \u00e9 uma tend\u00eancia real ou caso isolado antes de reportar. Cuidados operacionais: n\u00e3o descrever o \u201ccomo fazer\u201d, evitar imagens ou v\u00eddeos do desafio e n\u00e3o divulgar o nome, hashtags ou f\u00f3runs associados. Desmistifica\u00e7\u00e3o: enfatizar consequ\u00eancias reais e danos, esclarecer se o desafio \u00e9 boato e evitar refor\u00e7ar falsas narrativas. Educa\u00e7\u00e3o e apoio: ouvir especialistas em psicologia e ciberseguran\u00e7a e incluir recursos de apoio (linhas de ajuda) no conte\u00fado.","og_url":"https:\/\/portaltela.pt\/noticias\/2026\/02\/25\/alerta-responsavel-aos-perigos-dos-desafios-virais-nas-redes-sociais\/","og_site_name":"Portal Tela Portugal","article_published_time":"2026-02-25T14:57:00+00:00","author":"Telinha","twitter_card":"summary_large_image","twitter_misc":{"Escrito por":"Telinha","Tempo estimado de leitura":"2 minutos"},"schema":{"@context":"https:\/\/schema.org","@graph":[{"@type":"Article","@id":"https:\/\/portaltela.pt\/noticias\/2026\/02\/25\/alerta-responsavel-aos-perigos-dos-desafios-virais-nas-redes-sociais\/#article","isPartOf":{"@id":"https:\/\/portaltela.pt\/noticias\/2026\/02\/25\/alerta-responsavel-aos-perigos-dos-desafios-virais-nas-redes-sociais\/"},"author":{"name":"Telinha","@id":"https:\/\/portaltela.pt\/#\/schema\/person\/c4278d4a6028830caff9ee44b42d32ed"},"headline":"Alerta respons\u00e1vel aos perigos dos desafios virais nas redes sociais","datePublished":"2026-02-25T14:57:00+00:00","mainEntityOfPage":{"@id":"https:\/\/portaltela.pt\/noticias\/2026\/02\/25\/alerta-responsavel-aos-perigos-dos-desafios-virais-nas-redes-sociais\/"},"wordCount":317,"image":{"@id":"https:\/\/portaltela.pt\/noticias\/2026\/02\/25\/alerta-responsavel-aos-perigos-dos-desafios-virais-nas-redes-sociais\/#primaryimage"},"thumbnailUrl":"https:\/\/portaltela.pt\/s.01k8rhncp4jt1\/2026\/02\/2069697.jpg","keywords":["ciberseguran\u00e7a","desinforma\u00e7\u00e3o","Educa\u00e7\u00e3o para a Cidadania","literacia digital","prote\u00e7\u00e3o da privacidade","sa\u00fade mental"],"articleSection":["Not\u00edcias"],"inLanguage":"pt-PT"},{"@type":"WebPage","@id":"https:\/\/portaltela.pt\/noticias\/2026\/02\/25\/alerta-responsavel-aos-perigos-dos-desafios-virais-nas-redes-sociais\/","url":"https:\/\/portaltela.pt\/noticias\/2026\/02\/25\/alerta-responsavel-aos-perigos-dos-desafios-virais-nas-redes-sociais\/","name":"Alerta respons\u00e1vel aos perigos dos desafios virais nas redes sociais - Portal Tela Portugal","isPartOf":{"@id":"https:\/\/portaltela.pt\/#website"},"primaryImageOfPage":{"@id":"https:\/\/portaltela.pt\/noticias\/2026\/02\/25\/alerta-responsavel-aos-perigos-dos-desafios-virais-nas-redes-sociais\/#primaryimage"},"image":{"@id":"https:\/\/portaltela.pt\/noticias\/2026\/02\/25\/alerta-responsavel-aos-perigos-dos-desafios-virais-nas-redes-sociais\/#primaryimage"},"thumbnailUrl":"https:\/\/portaltela.pt\/s.01k8rhncp4jt1\/2026\/02\/2069697.jpg","datePublished":"2026-02-25T14:57:00+00:00","author":{"@id":"https:\/\/portaltela.pt\/#\/schema\/person\/c4278d4a6028830caff9ee44b42d32ed"},"breadcrumb":{"@id":"https:\/\/portaltela.pt\/noticias\/2026\/02\/25\/alerta-responsavel-aos-perigos-dos-desafios-virais-nas-redes-sociais\/#breadcrumb"},"inLanguage":"pt-PT","potentialAction":[{"@type":"ReadAction","target":["https:\/\/portaltela.pt\/noticias\/2026\/02\/25\/alerta-responsavel-aos-perigos-dos-desafios-virais-nas-redes-sociais\/"]}]},{"@type":"ImageObject","inLanguage":"pt-PT","@id":"https:\/\/portaltela.pt\/noticias\/2026\/02\/25\/alerta-responsavel-aos-perigos-dos-desafios-virais-nas-redes-sociais\/#primaryimage","url":"https:\/\/portaltela.pt\/s.01k8rhncp4jt1\/2026\/02\/2069697.jpg","contentUrl":"https:\/\/portaltela.pt\/s.01k8rhncp4jt1\/2026\/02\/2069697.jpg","width":796,"height":448,"caption":"Muitas vezes, estes desafios s\u00e3o fen\u00f3menos marginais que ganham escala apenas porque os media e influenciadores os noticiam"},{"@type":"BreadcrumbList","@id":"https:\/\/portaltela.pt\/noticias\/2026\/02\/25\/alerta-responsavel-aos-perigos-dos-desafios-virais-nas-redes-sociais\/#breadcrumb","itemListElement":[{"@type":"ListItem","position":1,"name":"In\u00edcio","item":"https:\/\/portaltela.pt\/"},{"@type":"ListItem","position":2,"name":"Alerta respons\u00e1vel aos perigos dos desafios virais nas redes sociais"}]},{"@type":"WebSite","@id":"https:\/\/portaltela.pt\/#website","url":"https:\/\/portaltela.pt\/","name":"Portal Tela Portugal","description":"","potentialAction":[{"@type":"SearchAction","target":{"@type":"EntryPoint","urlTemplate":"https:\/\/portaltela.pt\/?s={search_term_string}"},"query-input":{"@type":"PropertyValueSpecification","valueRequired":true,"valueName":"search_term_string"}}],"inLanguage":"pt-PT"},{"@type":"Person","@id":"https:\/\/portaltela.pt\/#\/schema\/person\/c4278d4a6028830caff9ee44b42d32ed","name":"Telinha","image":{"@type":"ImageObject","inLanguage":"pt-PT","@id":"https:\/\/portaltela.pt\/s.01k8rhncp4jt1\/2025\/11\/talking-bot-125x125.png","url":"https:\/\/portaltela.pt\/s.01k8rhncp4jt1\/2025\/11\/talking-bot-125x125.png","contentUrl":"https:\/\/portaltela.pt\/s.01k8rhncp4jt1\/2025\/11\/talking-bot-125x125.png","caption":"Telinha"},"sameAs":["https:\/\/portaltela.pt\/"],"url":"https:\/\/portaltela.pt\/por\/367410592786\/"}]}},"_links":{"self":[{"href":"https:\/\/portaltela.pt\/api\/wp\/v2\/posts\/225870","targetHints":{"allow":["GET"]}}],"collection":[{"href":"https:\/\/portaltela.pt\/api\/wp\/v2\/posts"}],"about":[{"href":"https:\/\/portaltela.pt\/api\/wp\/v2\/types\/post"}],"author":[{"embeddable":true,"href":"https:\/\/portaltela.pt\/api\/wp\/v2\/users\/2"}],"replies":[{"embeddable":true,"href":"https:\/\/portaltela.pt\/api\/wp\/v2\/comments?post=225870"}],"version-history":[{"count":0,"href":"https:\/\/portaltela.pt\/api\/wp\/v2\/posts\/225870\/revisions"}],"wp:featuredmedia":[{"embeddable":true,"href":"https:\/\/portaltela.pt\/api\/wp\/v2\/media\/225888"}],"wp:attachment":[{"href":"https:\/\/portaltela.pt\/api\/wp\/v2\/media?parent=225870"}],"wp:term":[{"taxonomy":"category","embeddable":true,"href":"https:\/\/portaltela.pt\/api\/wp\/v2\/categories?post=225870"},{"taxonomy":"post_tag","embeddable":true,"href":"https:\/\/portaltela.pt\/api\/wp\/v2\/tags?post=225870"}],"curies":[{"name":"wp","href":"https:\/\/api.w.org\/{rel}","templated":true}]}}