{"id":225865,"date":"2026-02-25T12:28:04","date_gmt":"2026-02-25T15:28:04","guid":{"rendered":"https:\/\/portaltela.pt\/noticias\/2026\/02\/25\/rui-figueiredo-reage-a-ajuda-de-marco-costa-a-mae-de-carolina-pinto\/"},"modified":"2026-02-25T12:28:04","modified_gmt":"2026-02-25T15:28:04","slug":"rui-figueiredo-reage-a-ajuda-de-marco-costa-a-mae-de-carolina-pinto","status":"publish","type":"post","link":"https:\/\/portaltela.pt\/noticias\/2026\/02\/25\/rui-figueiredo-reage-a-ajuda-de-marco-costa-a-mae-de-carolina-pinto\/","title":{"rendered":"Rui Figueiredo reage \u00e0 ajuda de Marco Costa \u00e0 m\u00e3e de Carolina Pinto"},"content":{"rendered":"<p>Ao que tudo indica, Marco Costa, conhecido pasteleiro, ajudou a m\u00e3e de Carolina Pinto, proporcionando-lhe um novo sorriso. A hist\u00f3ria ganhou destaque ap\u00f3s as declara\u00e7\u00f5es de Rui Figueiredo, comentador da CMTV, que reagiu \u00e0 atitude do colega de profiss\u00e3o. Ainda n\u00e3o h\u00e1 detalhes sobre a natureza exata da ajuda ou sobre o valor envolvido.<\/p>\n<p>A fam\u00edlia de Carolina Pinto agradece o gesto, que marca uma dedica\u00e7\u00e3o humana apreciada por muitos. Os pormenores do empr\u00e9stimo ou apoio financeiro n\u00e3o foram divulgados pela equipa de Marco Costa, mantendo-se confidenciais a\u00e7\u00f5es e montantes.<\/p>\n<h3>Rea\u00e7\u00e3o p\u00fablica<\/h3>\n<p>Rui Figueiredo descreveu a atitude como de grande sensibilidade, destacando o papel de figuras p\u00fablicas na assist\u00eancia a familiares em situa\u00e7\u00f5es de necessidade. O tema ganhou eco em redes sociais, com f\u00e3s a elogiar a generosidade do pasteleiro.<\/p>\n<h3>GNR localiza idosa desaparecida<\/h3>\n<p>A Guarda Nacional Republicana informou ter localizado uma idosa que se encontrava desaparecida nas Caldas da Rainha. Os militares n\u00e3o divulgaram pormenores adicionais sobre o paradeiro ou as circunst\u00e2ncias do reencontro. A opera\u00e7\u00e3o decorreu durante o dia.<\/p>\n<h3>Com\u00e9rcio lus\u00f3fono e China em 2025<\/h3>\n<p>Dados oficiais indicam que os pa\u00edses de l\u00edngua oficial portuguesa importaram um valor recorde de produtos chineses no ano de 2025. O aumento das trocas comerciais entre os lus\u00f3fonos e a China reflete a intensifica\u00e7\u00e3o das rela\u00e7\u00f5es econ\u00f3micas na regi\u00e3o.<\/p>\n","protected":false},"excerpt":{"rendered":"<ul>\n<li>Rui Figueiredo reagiu \u00e0 ajuda de Marco Costa \u00e0 m\u00e3e de Carolina Pinto, descrevendo-o como &#8220;\u00c9 um cora\u00e7\u00e3o mole&#8221;.<\/li>\n<li>Comentador da CMTV comenta sobre o pasteleiro Marco Costa e a fam\u00edlia da ex-companheira.<\/li>\n<li>A GNR localizou uma idosa desaparecida nas Caldas da Rainha.<\/li>\n<li>Os pa\u00edses lus\u00f3fonos importaram, em 2025, um valor recorde de produtos chineses.<\/li>\n<\/ul>\n","protected":false},"author":2,"featured_media":225880,"comment_status":"closed","ping_status":"closed","sticky":false,"template":"","format":"standard","meta":{"footnotes":""},"categories":[12,1],"tags":[6115,1672,3368,4982,1380,4071],"class_list":["post-225865","post","type-post","status-publish","format-standard","has-post-thumbnail","hentry","category-entretenimento","category-noticias","tag-_economia","tag-caldas-da-rainha","tag-comercio-internacional","tag-filantropia","tag-gnr","tag-solidariedade-social"],"yoast_head":"<!-- This site is optimized with the Yoast SEO plugin v27.2 - https:\/\/yoast.com\/product\/yoast-seo-wordpress\/ -->\n<title>Rui Figueiredo reage \u00e0 ajuda de Marco Costa \u00e0 m\u00e3e de Carolina Pinto - Portal Tela Portugal<\/title>\n<meta name=\"robots\" content=\"index, follow, max-snippet:-1, max-image-preview:large, max-video-preview:-1\" \/>\n<meta property=\"og:locale\" content=\"pt_PT\" \/>\n<meta property=\"og:type\" content=\"article\" \/>\n<meta property=\"og:title\" content=\"Rui Figueiredo reage \u00e0 ajuda de Marco Costa \u00e0 m\u00e3e de Carolina Pinto - Portal Tela Portugal\" \/>\n<meta property=\"og:description\" content=\"Rui Figueiredo reagiu \u00e0 ajuda de Marco Costa \u00e0 m\u00e3e de Carolina Pinto, descrevendo-o como &quot;\u00c9 um cora\u00e7\u00e3o mole&quot;. Comentador da CMTV comenta sobre o pasteleiro Marco Costa e a fam\u00edlia da ex-companheira. A GNR localizou uma idosa desaparecida nas Caldas da Rainha. Os pa\u00edses lus\u00f3fonos importaram, em 2025, um valor recorde de produtos chineses.\" \/>\n<meta property=\"og:url\" content=\"https:\/\/portaltela.pt\/noticias\/2026\/02\/25\/rui-figueiredo-reage-a-ajuda-de-marco-costa-a-mae-de-carolina-pinto\/\" \/>\n<meta property=\"og:site_name\" content=\"Portal Tela Portugal\" \/>\n<meta property=\"article:published_time\" content=\"2026-02-25T15:28:04+00:00\" \/>\n<meta name=\"author\" content=\"Telinha\" \/>\n<meta name=\"twitter:card\" content=\"summary_large_image\" \/>\n<meta name=\"twitter:label1\" content=\"Escrito por\" \/>\n\t<meta name=\"twitter:data1\" content=\"Telinha\" \/>\n\t<meta name=\"twitter:label2\" content=\"Tempo estimado de leitura\" \/>\n\t<meta name=\"twitter:data2\" content=\"1 minuto\" \/>\n<script type=\"application\/ld+json\" class=\"yoast-schema-graph\">{\"@context\":\"https:\/\/schema.org\",\"@graph\":[{\"@type\":\"Article\",\"@id\":\"https:\/\/portaltela.pt\/noticias\/2026\/02\/25\/rui-figueiredo-reage-a-ajuda-de-marco-costa-a-mae-de-carolina-pinto\/#article\",\"isPartOf\":{\"@id\":\"https:\/\/portaltela.pt\/noticias\/2026\/02\/25\/rui-figueiredo-reage-a-ajuda-de-marco-costa-a-mae-de-carolina-pinto\/\"},\"author\":{\"name\":\"Telinha\",\"@id\":\"https:\/\/portaltela.pt\/#\/schema\/person\/c4278d4a6028830caff9ee44b42d32ed\"},\"headline\":\"Rui Figueiredo reage \u00e0 ajuda de Marco Costa \u00e0 m\u00e3e de Carolina Pinto\",\"datePublished\":\"2026-02-25T15:28:04+00:00\",\"mainEntityOfPage\":{\"@id\":\"https:\/\/portaltela.pt\/noticias\/2026\/02\/25\/rui-figueiredo-reage-a-ajuda-de-marco-costa-a-mae-de-carolina-pinto\/\"},\"wordCount\":255,\"image\":{\"@id\":\"https:\/\/portaltela.pt\/noticias\/2026\/02\/25\/rui-figueiredo-reage-a-ajuda-de-marco-costa-a-mae-de-carolina-pinto\/#primaryimage\"},\"thumbnailUrl\":\"https:\/\/portaltela.pt\/s.01k8rhncp4jt1\/2026\/02\/img_1280x722uu2026-02-25-15-19-31-2268951.jpg\",\"keywords\":[\"_economia\",\"Caldas da Rainha\",\"com\u00e9rcio internacional\",\"filantropia\",\"GNR\",\"Solidariedade Social\"],\"articleSection\":[\"Entretenimento\",\"Not\u00edcias\"],\"inLanguage\":\"pt-PT\"},{\"@type\":\"WebPage\",\"@id\":\"https:\/\/portaltela.pt\/noticias\/2026\/02\/25\/rui-figueiredo-reage-a-ajuda-de-marco-costa-a-mae-de-carolina-pinto\/\",\"url\":\"https:\/\/portaltela.pt\/noticias\/2026\/02\/25\/rui-figueiredo-reage-a-ajuda-de-marco-costa-a-mae-de-carolina-pinto\/\",\"name\":\"Rui Figueiredo reage \u00e0 ajuda de Marco Costa \u00e0 m\u00e3e de Carolina Pinto - Portal Tela Portugal\",\"isPartOf\":{\"@id\":\"https:\/\/portaltela.pt\/#website\"},\"primaryImageOfPage\":{\"@id\":\"https:\/\/portaltela.pt\/noticias\/2026\/02\/25\/rui-figueiredo-reage-a-ajuda-de-marco-costa-a-mae-de-carolina-pinto\/#primaryimage\"},\"image\":{\"@id\":\"https:\/\/portaltela.pt\/noticias\/2026\/02\/25\/rui-figueiredo-reage-a-ajuda-de-marco-costa-a-mae-de-carolina-pinto\/#primaryimage\"},\"thumbnailUrl\":\"https:\/\/portaltela.pt\/s.01k8rhncp4jt1\/2026\/02\/img_1280x722uu2026-02-25-15-19-31-2268951.jpg\",\"datePublished\":\"2026-02-25T15:28:04+00:00\",\"author\":{\"@id\":\"https:\/\/portaltela.pt\/#\/schema\/person\/c4278d4a6028830caff9ee44b42d32ed\"},\"breadcrumb\":{\"@id\":\"https:\/\/portaltela.pt\/noticias\/2026\/02\/25\/rui-figueiredo-reage-a-ajuda-de-marco-costa-a-mae-de-carolina-pinto\/#breadcrumb\"},\"inLanguage\":\"pt-PT\",\"potentialAction\":[{\"@type\":\"ReadAction\",\"target\":[\"https:\/\/portaltela.pt\/noticias\/2026\/02\/25\/rui-figueiredo-reage-a-ajuda-de-marco-costa-a-mae-de-carolina-pinto\/\"]}]},{\"@type\":\"ImageObject\",\"inLanguage\":\"pt-PT\",\"@id\":\"https:\/\/portaltela.pt\/noticias\/2026\/02\/25\/rui-figueiredo-reage-a-ajuda-de-marco-costa-a-mae-de-carolina-pinto\/#primaryimage\",\"url\":\"https:\/\/portaltela.pt\/s.01k8rhncp4jt1\/2026\/02\/img_1280x722uu2026-02-25-15-19-31-2268951.jpg\",\"contentUrl\":\"https:\/\/portaltela.pt\/s.01k8rhncp4jt1\/2026\/02\/img_1280x722uu2026-02-25-15-19-31-2268951.jpg\",\"width\":796,\"height\":448,\"caption\":\"Photo\"},{\"@type\":\"BreadcrumbList\",\"@id\":\"https:\/\/portaltela.pt\/noticias\/2026\/02\/25\/rui-figueiredo-reage-a-ajuda-de-marco-costa-a-mae-de-carolina-pinto\/#breadcrumb\",\"itemListElement\":[{\"@type\":\"ListItem\",\"position\":1,\"name\":\"In\u00edcio\",\"item\":\"https:\/\/portaltela.pt\/\"},{\"@type\":\"ListItem\",\"position\":2,\"name\":\"Rui Figueiredo reage \u00e0 ajuda de Marco Costa \u00e0 m\u00e3e de Carolina Pinto\"}]},{\"@type\":\"WebSite\",\"@id\":\"https:\/\/portaltela.pt\/#website\",\"url\":\"https:\/\/portaltela.pt\/\",\"name\":\"Portal Tela Portugal\",\"description\":\"\",\"potentialAction\":[{\"@type\":\"SearchAction\",\"target\":{\"@type\":\"EntryPoint\",\"urlTemplate\":\"https:\/\/portaltela.pt\/?s={search_term_string}\"},\"query-input\":{\"@type\":\"PropertyValueSpecification\",\"valueRequired\":true,\"valueName\":\"search_term_string\"}}],\"inLanguage\":\"pt-PT\"},{\"@type\":\"Person\",\"@id\":\"https:\/\/portaltela.pt\/#\/schema\/person\/c4278d4a6028830caff9ee44b42d32ed\",\"name\":\"Telinha\",\"image\":{\"@type\":\"ImageObject\",\"inLanguage\":\"pt-PT\",\"@id\":\"https:\/\/portaltela.pt\/s.01k8rhncp4jt1\/2025\/11\/talking-bot-125x125.png\",\"url\":\"https:\/\/portaltela.pt\/s.01k8rhncp4jt1\/2025\/11\/talking-bot-125x125.png\",\"contentUrl\":\"https:\/\/portaltela.pt\/s.01k8rhncp4jt1\/2025\/11\/talking-bot-125x125.png\",\"caption\":\"Telinha\"},\"sameAs\":[\"https:\/\/portaltela.pt\/\"],\"url\":\"https:\/\/portaltela.pt\/por\/367410592786\/\"}]}<\/script>\n<!-- \/ Yoast SEO plugin. -->","yoast_head_json":{"title":"Rui Figueiredo reage \u00e0 ajuda de Marco Costa \u00e0 m\u00e3e de Carolina Pinto - Portal Tela Portugal","robots":{"index":"index","follow":"follow","max-snippet":"max-snippet:-1","max-image-preview":"max-image-preview:large","max-video-preview":"max-video-preview:-1"},"og_locale":"pt_PT","og_type":"article","og_title":"Rui Figueiredo reage \u00e0 ajuda de Marco Costa \u00e0 m\u00e3e de Carolina Pinto - Portal Tela Portugal","og_description":"Rui Figueiredo reagiu \u00e0 ajuda de Marco Costa \u00e0 m\u00e3e de Carolina Pinto, descrevendo-o como \"\u00c9 um cora\u00e7\u00e3o mole\". Comentador da CMTV comenta sobre o pasteleiro Marco Costa e a fam\u00edlia da ex-companheira. A GNR localizou uma idosa desaparecida nas Caldas da Rainha. Os pa\u00edses lus\u00f3fonos importaram, em 2025, um valor recorde de produtos chineses.","og_url":"https:\/\/portaltela.pt\/noticias\/2026\/02\/25\/rui-figueiredo-reage-a-ajuda-de-marco-costa-a-mae-de-carolina-pinto\/","og_site_name":"Portal Tela Portugal","article_published_time":"2026-02-25T15:28:04+00:00","author":"Telinha","twitter_card":"summary_large_image","twitter_misc":{"Escrito por":"Telinha","Tempo estimado de leitura":"1 minuto"},"schema":{"@context":"https:\/\/schema.org","@graph":[{"@type":"Article","@id":"https:\/\/portaltela.pt\/noticias\/2026\/02\/25\/rui-figueiredo-reage-a-ajuda-de-marco-costa-a-mae-de-carolina-pinto\/#article","isPartOf":{"@id":"https:\/\/portaltela.pt\/noticias\/2026\/02\/25\/rui-figueiredo-reage-a-ajuda-de-marco-costa-a-mae-de-carolina-pinto\/"},"author":{"name":"Telinha","@id":"https:\/\/portaltela.pt\/#\/schema\/person\/c4278d4a6028830caff9ee44b42d32ed"},"headline":"Rui Figueiredo reage \u00e0 ajuda de Marco Costa \u00e0 m\u00e3e de Carolina Pinto","datePublished":"2026-02-25T15:28:04+00:00","mainEntityOfPage":{"@id":"https:\/\/portaltela.pt\/noticias\/2026\/02\/25\/rui-figueiredo-reage-a-ajuda-de-marco-costa-a-mae-de-carolina-pinto\/"},"wordCount":255,"image":{"@id":"https:\/\/portaltela.pt\/noticias\/2026\/02\/25\/rui-figueiredo-reage-a-ajuda-de-marco-costa-a-mae-de-carolina-pinto\/#primaryimage"},"thumbnailUrl":"https:\/\/portaltela.pt\/s.01k8rhncp4jt1\/2026\/02\/img_1280x722uu2026-02-25-15-19-31-2268951.jpg","keywords":["_economia","Caldas da Rainha","com\u00e9rcio internacional","filantropia","GNR","Solidariedade Social"],"articleSection":["Entretenimento","Not\u00edcias"],"inLanguage":"pt-PT"},{"@type":"WebPage","@id":"https:\/\/portaltela.pt\/noticias\/2026\/02\/25\/rui-figueiredo-reage-a-ajuda-de-marco-costa-a-mae-de-carolina-pinto\/","url":"https:\/\/portaltela.pt\/noticias\/2026\/02\/25\/rui-figueiredo-reage-a-ajuda-de-marco-costa-a-mae-de-carolina-pinto\/","name":"Rui Figueiredo reage \u00e0 ajuda de Marco Costa \u00e0 m\u00e3e de Carolina Pinto - Portal Tela Portugal","isPartOf":{"@id":"https:\/\/portaltela.pt\/#website"},"primaryImageOfPage":{"@id":"https:\/\/portaltela.pt\/noticias\/2026\/02\/25\/rui-figueiredo-reage-a-ajuda-de-marco-costa-a-mae-de-carolina-pinto\/#primaryimage"},"image":{"@id":"https:\/\/portaltela.pt\/noticias\/2026\/02\/25\/rui-figueiredo-reage-a-ajuda-de-marco-costa-a-mae-de-carolina-pinto\/#primaryimage"},"thumbnailUrl":"https:\/\/portaltela.pt\/s.01k8rhncp4jt1\/2026\/02\/img_1280x722uu2026-02-25-15-19-31-2268951.jpg","datePublished":"2026-02-25T15:28:04+00:00","author":{"@id":"https:\/\/portaltela.pt\/#\/schema\/person\/c4278d4a6028830caff9ee44b42d32ed"},"breadcrumb":{"@id":"https:\/\/portaltela.pt\/noticias\/2026\/02\/25\/rui-figueiredo-reage-a-ajuda-de-marco-costa-a-mae-de-carolina-pinto\/#breadcrumb"},"inLanguage":"pt-PT","potentialAction":[{"@type":"ReadAction","target":["https:\/\/portaltela.pt\/noticias\/2026\/02\/25\/rui-figueiredo-reage-a-ajuda-de-marco-costa-a-mae-de-carolina-pinto\/"]}]},{"@type":"ImageObject","inLanguage":"pt-PT","@id":"https:\/\/portaltela.pt\/noticias\/2026\/02\/25\/rui-figueiredo-reage-a-ajuda-de-marco-costa-a-mae-de-carolina-pinto\/#primaryimage","url":"https:\/\/portaltela.pt\/s.01k8rhncp4jt1\/2026\/02\/img_1280x722uu2026-02-25-15-19-31-2268951.jpg","contentUrl":"https:\/\/portaltela.pt\/s.01k8rhncp4jt1\/2026\/02\/img_1280x722uu2026-02-25-15-19-31-2268951.jpg","width":796,"height":448,"caption":"Photo"},{"@type":"BreadcrumbList","@id":"https:\/\/portaltela.pt\/noticias\/2026\/02\/25\/rui-figueiredo-reage-a-ajuda-de-marco-costa-a-mae-de-carolina-pinto\/#breadcrumb","itemListElement":[{"@type":"ListItem","position":1,"name":"In\u00edcio","item":"https:\/\/portaltela.pt\/"},{"@type":"ListItem","position":2,"name":"Rui Figueiredo reage \u00e0 ajuda de Marco Costa \u00e0 m\u00e3e de Carolina Pinto"}]},{"@type":"WebSite","@id":"https:\/\/portaltela.pt\/#website","url":"https:\/\/portaltela.pt\/","name":"Portal Tela Portugal","description":"","potentialAction":[{"@type":"SearchAction","target":{"@type":"EntryPoint","urlTemplate":"https:\/\/portaltela.pt\/?s={search_term_string}"},"query-input":{"@type":"PropertyValueSpecification","valueRequired":true,"valueName":"search_term_string"}}],"inLanguage":"pt-PT"},{"@type":"Person","@id":"https:\/\/portaltela.pt\/#\/schema\/person\/c4278d4a6028830caff9ee44b42d32ed","name":"Telinha","image":{"@type":"ImageObject","inLanguage":"pt-PT","@id":"https:\/\/portaltela.pt\/s.01k8rhncp4jt1\/2025\/11\/talking-bot-125x125.png","url":"https:\/\/portaltela.pt\/s.01k8rhncp4jt1\/2025\/11\/talking-bot-125x125.png","contentUrl":"https:\/\/portaltela.pt\/s.01k8rhncp4jt1\/2025\/11\/talking-bot-125x125.png","caption":"Telinha"},"sameAs":["https:\/\/portaltela.pt\/"],"url":"https:\/\/portaltela.pt\/por\/367410592786\/"}]}},"_links":{"self":[{"href":"https:\/\/portaltela.pt\/api\/wp\/v2\/posts\/225865","targetHints":{"allow":["GET"]}}],"collection":[{"href":"https:\/\/portaltela.pt\/api\/wp\/v2\/posts"}],"about":[{"href":"https:\/\/portaltela.pt\/api\/wp\/v2\/types\/post"}],"author":[{"embeddable":true,"href":"https:\/\/portaltela.pt\/api\/wp\/v2\/users\/2"}],"replies":[{"embeddable":true,"href":"https:\/\/portaltela.pt\/api\/wp\/v2\/comments?post=225865"}],"version-history":[{"count":0,"href":"https:\/\/portaltela.pt\/api\/wp\/v2\/posts\/225865\/revisions"}],"wp:featuredmedia":[{"embeddable":true,"href":"https:\/\/portaltela.pt\/api\/wp\/v2\/media\/225880"}],"wp:attachment":[{"href":"https:\/\/portaltela.pt\/api\/wp\/v2\/media?parent=225865"}],"wp:term":[{"taxonomy":"category","embeddable":true,"href":"https:\/\/portaltela.pt\/api\/wp\/v2\/categories?post=225865"},{"taxonomy":"post_tag","embeddable":true,"href":"https:\/\/portaltela.pt\/api\/wp\/v2\/tags?post=225865"}],"curies":[{"name":"wp","href":"https:\/\/api.w.org\/{rel}","templated":true}]}}