{"id":225852,"date":"2026-02-25T12:06:13","date_gmt":"2026-02-25T15:06:13","guid":{"rendered":"https:\/\/portaltela.pt\/noticias\/2026\/02\/25\/sobral-de-monte-agraco-regista-prejuizo-de-45-milhoes-de-euros\/"},"modified":"2026-02-25T12:06:13","modified_gmt":"2026-02-25T15:06:13","slug":"sobral-de-monte-agraco-regista-prejuizo-de-45-milhoes-de-euros","status":"publish","type":"post","link":"https:\/\/portaltela.pt\/noticias\/2026\/02\/25\/sobral-de-monte-agraco-regista-prejuizo-de-45-milhoes-de-euros\/","title":{"rendered":"Sobral de Monte Agra\u00e7o regista preju\u00edzo de 4,5 milh\u00f5es de euros"},"content":{"rendered":"<p>A C\u00e2mara Municipal de Sobral de Monte Agra\u00e7o anunciou um preju\u00edzo de 4,5 milh\u00f5es de euros devido aos estragos causados pelo mau tempo nas \u00faltimas semanas. A estimativa foi apresentada pela presidente Raquel Soares Louren\u00e7o \u00e0 ag\u00eancia Lusa.<\/p>\n<p>Segundo a autarca, 3 milh\u00f5es de euros destinam-se \u00e0 renova\u00e7\u00e3o e moderniza\u00e7\u00e3o da rede de abastecimento de \u00e1gua, em alta e em baixa, ap\u00f3s roturas nas condutas que deixaram a popula\u00e7\u00e3o sem \u00e1gua em v\u00e1rios cuidados. Mais 1,5 milh\u00f5es destinam-se \u00e0 reabilita\u00e7\u00e3o da rede vi\u00e1ria do concelho.<\/p>\n<p>Sobral de Monte Agra\u00e7o integrou, nesta quarta-feira, a lista de 22 munic\u00edpios abrangidos pela situa\u00e7\u00e3o de calamidade decretada pelo Governo. A medida reconhece a necessidade de a\u00e7\u00f5es excecionais para restabelecer a normalidade ap\u00f3s os danos.<\/p>\n<h3>Contexto e enquadramento<\/h3>\n<p>O Governo sublinha que, nos meses de janeiro e fevereiro, o territ\u00f3rio continental foi confrontado com fen\u00f3menos meteorol\u00f3gicos intensos e persistentes, com precipita\u00e7\u00e3o elevada e impactos significativos.<\/p>\n<p>A lista de concelhos abrangidos inclui Alcoutim, Alenquer, Almeirim, Alpiar\u00e7a, Anadia, Arganil, Arruda dos Vinhos, Azambuja, Bai\u00e3o, Benavente, Cartaxo, Castelo de Paiva, Chamusca, Coruche, Faro, Mafra, Monchique, Mort\u00e1gua, Oliveira do Hospital, Salvaterra de Magos, Sobral de Monte Agra\u00e7o e T\u00e1bua.<\/p>\n<p>O diploma cita o estado de calamidade como o mais grave entre tr\u00eas situa\u00e7\u00f5es previstas na legisla\u00e7\u00e3o, justificado pela necessidade de medidas excecionais para prevenir, reagir ou repor a normalidade.<\/p>\n","protected":false},"excerpt":{"rendered":"<ul>\n<li>A C\u00e2mara Municipal de Sobral de Monte Agra\u00e7o revelou um preju\u00edzo de 4,5 milh\u00f5es de euros devido aos estragos dos temporais nas \u00faltimas semanas.<\/li>\n<li>S\u00e3o 3 milh\u00f5es de euros destinados \u00e0 renova\u00e7\u00e3o e moderniza\u00e7\u00e3o da rede de abastecimento de \u00e1gua, ap\u00f3s roturas e falta de \u00e1gua no concelho, mais 1,5 milh\u00f5es para reparar a rede vi\u00e1ria.<\/li>\n<li>O valor foi reportado \u00e0 Comiss\u00e3o de Coordena\u00e7\u00e3o e Desenvolvimento Regional de Lisboa e Vale do Tejo (CCDRLVT) pela presidente, Raquel Soares Louren\u00e7o.<\/li>\n<li>Sobral de Monte Agra\u00e7o passou a integrar os 22 concelhos abrangidos pela calamidade decretada pelo Governo, devido aos fen\u00f3menos meteorol\u00f3gicos intensos ocorridos em janeiro e fevereiro.<\/li>\n<li>O diploma de calamidade define medidas excecionais para prevenir, reagir ou restabelecer condi\u00e7\u00f5es de vida, num quadro em que 18 pessoas morreram no pa\u00eds, com regi\u00f5es mais afetadas Centro, Lisboa e Vale do Tejo e Alentejo.<\/li>\n<\/ul>\n","protected":false},"author":2,"featured_media":225857,"comment_status":"closed","ping_status":"closed","sticky":false,"template":"","format":"standard","meta":{"footnotes":""},"categories":[1],"tags":[1503,1090,4687,5215,1615,5648],"class_list":["post-225852","post","type-post","status-publish","format-standard","has-post-thumbnail","hentry","category-noticias","tag-abastecimento-de-agua","tag-agua","tag-calamidade-publica","tag-catastrofes-naturais","tag-infraestrutura","tag-sobral-de-monte-agraco"],"yoast_head":"<!-- This site is optimized with the Yoast SEO plugin v27.2 - https:\/\/yoast.com\/product\/yoast-seo-wordpress\/ -->\n<title>Sobral de Monte Agra\u00e7o regista preju\u00edzo de 4,5 milh\u00f5es de euros - Portal Tela Portugal<\/title>\n<meta name=\"robots\" content=\"index, follow, max-snippet:-1, max-image-preview:large, max-video-preview:-1\" \/>\n<meta property=\"og:locale\" content=\"pt_PT\" \/>\n<meta property=\"og:type\" content=\"article\" \/>\n<meta property=\"og:title\" content=\"Sobral de Monte Agra\u00e7o regista preju\u00edzo de 4,5 milh\u00f5es de euros - Portal Tela Portugal\" \/>\n<meta property=\"og:description\" content=\"A C\u00e2mara Municipal de Sobral de Monte Agra\u00e7o revelou um preju\u00edzo de 4,5 milh\u00f5es de euros devido aos estragos dos temporais nas \u00faltimas semanas. S\u00e3o 3 milh\u00f5es de euros destinados \u00e0 renova\u00e7\u00e3o e moderniza\u00e7\u00e3o da rede de abastecimento de \u00e1gua, ap\u00f3s roturas e falta de \u00e1gua no concelho, mais 1,5 milh\u00f5es para reparar a rede vi\u00e1ria. O valor foi reportado \u00e0 Comiss\u00e3o de Coordena\u00e7\u00e3o e Desenvolvimento Regional de Lisboa e Vale do Tejo (CCDRLVT) pela presidente, Raquel Soares Louren\u00e7o. Sobral de Monte Agra\u00e7o passou a integrar os 22 concelhos abrangidos pela calamidade decretada pelo Governo, devido aos fen\u00f3menos meteorol\u00f3gicos intensos ocorridos em janeiro e fevereiro. O diploma de calamidade define medidas excecionais para prevenir, reagir ou restabelecer condi\u00e7\u00f5es de vida, num quadro em que 18 pessoas morreram no pa\u00eds, com regi\u00f5es mais afetadas Centro, Lisboa e Vale do Tejo e Alentejo.\" \/>\n<meta property=\"og:url\" content=\"https:\/\/portaltela.pt\/noticias\/2026\/02\/25\/sobral-de-monte-agraco-regista-prejuizo-de-45-milhoes-de-euros\/\" \/>\n<meta property=\"og:site_name\" content=\"Portal Tela Portugal\" \/>\n<meta property=\"article:published_time\" content=\"2026-02-25T15:06:13+00:00\" \/>\n<meta name=\"author\" content=\"Telinha\" \/>\n<meta name=\"twitter:card\" content=\"summary_large_image\" \/>\n<meta name=\"twitter:label1\" content=\"Escrito por\" \/>\n\t<meta name=\"twitter:data1\" content=\"Telinha\" \/>\n\t<meta name=\"twitter:label2\" content=\"Tempo estimado de leitura\" \/>\n\t<meta name=\"twitter:data2\" content=\"1 minuto\" \/>\n<script type=\"application\/ld+json\" class=\"yoast-schema-graph\">{\"@context\":\"https:\/\/schema.org\",\"@graph\":[{\"@type\":\"Article\",\"@id\":\"https:\/\/portaltela.pt\/noticias\/2026\/02\/25\/sobral-de-monte-agraco-regista-prejuizo-de-45-milhoes-de-euros\/#article\",\"isPartOf\":{\"@id\":\"https:\/\/portaltela.pt\/noticias\/2026\/02\/25\/sobral-de-monte-agraco-regista-prejuizo-de-45-milhoes-de-euros\/\"},\"author\":{\"name\":\"Telinha\",\"@id\":\"https:\/\/portaltela.pt\/#\/schema\/person\/c4278d4a6028830caff9ee44b42d32ed\"},\"headline\":\"Sobral de Monte Agra\u00e7o regista preju\u00edzo de 4,5 milh\u00f5es de euros\",\"datePublished\":\"2026-02-25T15:06:13+00:00\",\"mainEntityOfPage\":{\"@id\":\"https:\/\/portaltela.pt\/noticias\/2026\/02\/25\/sobral-de-monte-agraco-regista-prejuizo-de-45-milhoes-de-euros\/\"},\"wordCount\":258,\"image\":{\"@id\":\"https:\/\/portaltela.pt\/noticias\/2026\/02\/25\/sobral-de-monte-agraco-regista-prejuizo-de-45-milhoes-de-euros\/#primaryimage\"},\"thumbnailUrl\":\"https:\/\/portaltela.pt\/s.01k8rhncp4jt1\/2026\/02\/img_1500x1000uu2026-02-09-17-14-18-2265923.jpg\",\"keywords\":[\"abastecimento de \u00e1gua\",\"\u00e1gua\",\"calamidade p\u00fablica\",\"cat\u00e1strofes naturais\",\"infraestrutura\",\"Sobral de Monte Agra\u00e7o\"],\"articleSection\":[\"Not\u00edcias\"],\"inLanguage\":\"pt-PT\"},{\"@type\":\"WebPage\",\"@id\":\"https:\/\/portaltela.pt\/noticias\/2026\/02\/25\/sobral-de-monte-agraco-regista-prejuizo-de-45-milhoes-de-euros\/\",\"url\":\"https:\/\/portaltela.pt\/noticias\/2026\/02\/25\/sobral-de-monte-agraco-regista-prejuizo-de-45-milhoes-de-euros\/\",\"name\":\"Sobral de Monte Agra\u00e7o regista preju\u00edzo de 4,5 milh\u00f5es de euros - Portal Tela Portugal\",\"isPartOf\":{\"@id\":\"https:\/\/portaltela.pt\/#website\"},\"primaryImageOfPage\":{\"@id\":\"https:\/\/portaltela.pt\/noticias\/2026\/02\/25\/sobral-de-monte-agraco-regista-prejuizo-de-45-milhoes-de-euros\/#primaryimage\"},\"image\":{\"@id\":\"https:\/\/portaltela.pt\/noticias\/2026\/02\/25\/sobral-de-monte-agraco-regista-prejuizo-de-45-milhoes-de-euros\/#primaryimage\"},\"thumbnailUrl\":\"https:\/\/portaltela.pt\/s.01k8rhncp4jt1\/2026\/02\/img_1500x1000uu2026-02-09-17-14-18-2265923.jpg\",\"datePublished\":\"2026-02-25T15:06:13+00:00\",\"author\":{\"@id\":\"https:\/\/portaltela.pt\/#\/schema\/person\/c4278d4a6028830caff9ee44b42d32ed\"},\"breadcrumb\":{\"@id\":\"https:\/\/portaltela.pt\/noticias\/2026\/02\/25\/sobral-de-monte-agraco-regista-prejuizo-de-45-milhoes-de-euros\/#breadcrumb\"},\"inLanguage\":\"pt-PT\",\"potentialAction\":[{\"@type\":\"ReadAction\",\"target\":[\"https:\/\/portaltela.pt\/noticias\/2026\/02\/25\/sobral-de-monte-agraco-regista-prejuizo-de-45-milhoes-de-euros\/\"]}]},{\"@type\":\"ImageObject\",\"inLanguage\":\"pt-PT\",\"@id\":\"https:\/\/portaltela.pt\/noticias\/2026\/02\/25\/sobral-de-monte-agraco-regista-prejuizo-de-45-milhoes-de-euros\/#primaryimage\",\"url\":\"https:\/\/portaltela.pt\/s.01k8rhncp4jt1\/2026\/02\/img_1500x1000uu2026-02-09-17-14-18-2265923.jpg\",\"contentUrl\":\"https:\/\/portaltela.pt\/s.01k8rhncp4jt1\/2026\/02\/img_1500x1000uu2026-02-09-17-14-18-2265923.jpg\",\"width\":796,\"height\":448,\"caption\":\"Cemit\u00e9rio em Sobral de Monte Agra\u00e7o devastado pelo mau tempo\"},{\"@type\":\"BreadcrumbList\",\"@id\":\"https:\/\/portaltela.pt\/noticias\/2026\/02\/25\/sobral-de-monte-agraco-regista-prejuizo-de-45-milhoes-de-euros\/#breadcrumb\",\"itemListElement\":[{\"@type\":\"ListItem\",\"position\":1,\"name\":\"In\u00edcio\",\"item\":\"https:\/\/portaltela.pt\/\"},{\"@type\":\"ListItem\",\"position\":2,\"name\":\"Sobral de Monte Agra\u00e7o regista preju\u00edzo de 4,5 milh\u00f5es de euros\"}]},{\"@type\":\"WebSite\",\"@id\":\"https:\/\/portaltela.pt\/#website\",\"url\":\"https:\/\/portaltela.pt\/\",\"name\":\"Portal Tela Portugal\",\"description\":\"\",\"potentialAction\":[{\"@type\":\"SearchAction\",\"target\":{\"@type\":\"EntryPoint\",\"urlTemplate\":\"https:\/\/portaltela.pt\/?s={search_term_string}\"},\"query-input\":{\"@type\":\"PropertyValueSpecification\",\"valueRequired\":true,\"valueName\":\"search_term_string\"}}],\"inLanguage\":\"pt-PT\"},{\"@type\":\"Person\",\"@id\":\"https:\/\/portaltela.pt\/#\/schema\/person\/c4278d4a6028830caff9ee44b42d32ed\",\"name\":\"Telinha\",\"image\":{\"@type\":\"ImageObject\",\"inLanguage\":\"pt-PT\",\"@id\":\"https:\/\/portaltela.pt\/s.01k8rhncp4jt1\/2025\/11\/talking-bot-125x125.png\",\"url\":\"https:\/\/portaltela.pt\/s.01k8rhncp4jt1\/2025\/11\/talking-bot-125x125.png\",\"contentUrl\":\"https:\/\/portaltela.pt\/s.01k8rhncp4jt1\/2025\/11\/talking-bot-125x125.png\",\"caption\":\"Telinha\"},\"sameAs\":[\"https:\/\/portaltela.pt\/\"],\"url\":\"https:\/\/portaltela.pt\/por\/367410592786\/\"}]}<\/script>\n<!-- \/ Yoast SEO plugin. -->","yoast_head_json":{"title":"Sobral de Monte Agra\u00e7o regista preju\u00edzo de 4,5 milh\u00f5es de euros - Portal Tela Portugal","robots":{"index":"index","follow":"follow","max-snippet":"max-snippet:-1","max-image-preview":"max-image-preview:large","max-video-preview":"max-video-preview:-1"},"og_locale":"pt_PT","og_type":"article","og_title":"Sobral de Monte Agra\u00e7o regista preju\u00edzo de 4,5 milh\u00f5es de euros - Portal Tela Portugal","og_description":"A C\u00e2mara Municipal de Sobral de Monte Agra\u00e7o revelou um preju\u00edzo de 4,5 milh\u00f5es de euros devido aos estragos dos temporais nas \u00faltimas semanas. S\u00e3o 3 milh\u00f5es de euros destinados \u00e0 renova\u00e7\u00e3o e moderniza\u00e7\u00e3o da rede de abastecimento de \u00e1gua, ap\u00f3s roturas e falta de \u00e1gua no concelho, mais 1,5 milh\u00f5es para reparar a rede vi\u00e1ria. O valor foi reportado \u00e0 Comiss\u00e3o de Coordena\u00e7\u00e3o e Desenvolvimento Regional de Lisboa e Vale do Tejo (CCDRLVT) pela presidente, Raquel Soares Louren\u00e7o. Sobral de Monte Agra\u00e7o passou a integrar os 22 concelhos abrangidos pela calamidade decretada pelo Governo, devido aos fen\u00f3menos meteorol\u00f3gicos intensos ocorridos em janeiro e fevereiro. O diploma de calamidade define medidas excecionais para prevenir, reagir ou restabelecer condi\u00e7\u00f5es de vida, num quadro em que 18 pessoas morreram no pa\u00eds, com regi\u00f5es mais afetadas Centro, Lisboa e Vale do Tejo e Alentejo.","og_url":"https:\/\/portaltela.pt\/noticias\/2026\/02\/25\/sobral-de-monte-agraco-regista-prejuizo-de-45-milhoes-de-euros\/","og_site_name":"Portal Tela Portugal","article_published_time":"2026-02-25T15:06:13+00:00","author":"Telinha","twitter_card":"summary_large_image","twitter_misc":{"Escrito por":"Telinha","Tempo estimado de leitura":"1 minuto"},"schema":{"@context":"https:\/\/schema.org","@graph":[{"@type":"Article","@id":"https:\/\/portaltela.pt\/noticias\/2026\/02\/25\/sobral-de-monte-agraco-regista-prejuizo-de-45-milhoes-de-euros\/#article","isPartOf":{"@id":"https:\/\/portaltela.pt\/noticias\/2026\/02\/25\/sobral-de-monte-agraco-regista-prejuizo-de-45-milhoes-de-euros\/"},"author":{"name":"Telinha","@id":"https:\/\/portaltela.pt\/#\/schema\/person\/c4278d4a6028830caff9ee44b42d32ed"},"headline":"Sobral de Monte Agra\u00e7o regista preju\u00edzo de 4,5 milh\u00f5es de euros","datePublished":"2026-02-25T15:06:13+00:00","mainEntityOfPage":{"@id":"https:\/\/portaltela.pt\/noticias\/2026\/02\/25\/sobral-de-monte-agraco-regista-prejuizo-de-45-milhoes-de-euros\/"},"wordCount":258,"image":{"@id":"https:\/\/portaltela.pt\/noticias\/2026\/02\/25\/sobral-de-monte-agraco-regista-prejuizo-de-45-milhoes-de-euros\/#primaryimage"},"thumbnailUrl":"https:\/\/portaltela.pt\/s.01k8rhncp4jt1\/2026\/02\/img_1500x1000uu2026-02-09-17-14-18-2265923.jpg","keywords":["abastecimento de \u00e1gua","\u00e1gua","calamidade p\u00fablica","cat\u00e1strofes naturais","infraestrutura","Sobral de Monte Agra\u00e7o"],"articleSection":["Not\u00edcias"],"inLanguage":"pt-PT"},{"@type":"WebPage","@id":"https:\/\/portaltela.pt\/noticias\/2026\/02\/25\/sobral-de-monte-agraco-regista-prejuizo-de-45-milhoes-de-euros\/","url":"https:\/\/portaltela.pt\/noticias\/2026\/02\/25\/sobral-de-monte-agraco-regista-prejuizo-de-45-milhoes-de-euros\/","name":"Sobral de Monte Agra\u00e7o regista preju\u00edzo de 4,5 milh\u00f5es de euros - Portal Tela Portugal","isPartOf":{"@id":"https:\/\/portaltela.pt\/#website"},"primaryImageOfPage":{"@id":"https:\/\/portaltela.pt\/noticias\/2026\/02\/25\/sobral-de-monte-agraco-regista-prejuizo-de-45-milhoes-de-euros\/#primaryimage"},"image":{"@id":"https:\/\/portaltela.pt\/noticias\/2026\/02\/25\/sobral-de-monte-agraco-regista-prejuizo-de-45-milhoes-de-euros\/#primaryimage"},"thumbnailUrl":"https:\/\/portaltela.pt\/s.01k8rhncp4jt1\/2026\/02\/img_1500x1000uu2026-02-09-17-14-18-2265923.jpg","datePublished":"2026-02-25T15:06:13+00:00","author":{"@id":"https:\/\/portaltela.pt\/#\/schema\/person\/c4278d4a6028830caff9ee44b42d32ed"},"breadcrumb":{"@id":"https:\/\/portaltela.pt\/noticias\/2026\/02\/25\/sobral-de-monte-agraco-regista-prejuizo-de-45-milhoes-de-euros\/#breadcrumb"},"inLanguage":"pt-PT","potentialAction":[{"@type":"ReadAction","target":["https:\/\/portaltela.pt\/noticias\/2026\/02\/25\/sobral-de-monte-agraco-regista-prejuizo-de-45-milhoes-de-euros\/"]}]},{"@type":"ImageObject","inLanguage":"pt-PT","@id":"https:\/\/portaltela.pt\/noticias\/2026\/02\/25\/sobral-de-monte-agraco-regista-prejuizo-de-45-milhoes-de-euros\/#primaryimage","url":"https:\/\/portaltela.pt\/s.01k8rhncp4jt1\/2026\/02\/img_1500x1000uu2026-02-09-17-14-18-2265923.jpg","contentUrl":"https:\/\/portaltela.pt\/s.01k8rhncp4jt1\/2026\/02\/img_1500x1000uu2026-02-09-17-14-18-2265923.jpg","width":796,"height":448,"caption":"Cemit\u00e9rio em Sobral de Monte Agra\u00e7o devastado pelo mau tempo"},{"@type":"BreadcrumbList","@id":"https:\/\/portaltela.pt\/noticias\/2026\/02\/25\/sobral-de-monte-agraco-regista-prejuizo-de-45-milhoes-de-euros\/#breadcrumb","itemListElement":[{"@type":"ListItem","position":1,"name":"In\u00edcio","item":"https:\/\/portaltela.pt\/"},{"@type":"ListItem","position":2,"name":"Sobral de Monte Agra\u00e7o regista preju\u00edzo de 4,5 milh\u00f5es de euros"}]},{"@type":"WebSite","@id":"https:\/\/portaltela.pt\/#website","url":"https:\/\/portaltela.pt\/","name":"Portal Tela Portugal","description":"","potentialAction":[{"@type":"SearchAction","target":{"@type":"EntryPoint","urlTemplate":"https:\/\/portaltela.pt\/?s={search_term_string}"},"query-input":{"@type":"PropertyValueSpecification","valueRequired":true,"valueName":"search_term_string"}}],"inLanguage":"pt-PT"},{"@type":"Person","@id":"https:\/\/portaltela.pt\/#\/schema\/person\/c4278d4a6028830caff9ee44b42d32ed","name":"Telinha","image":{"@type":"ImageObject","inLanguage":"pt-PT","@id":"https:\/\/portaltela.pt\/s.01k8rhncp4jt1\/2025\/11\/talking-bot-125x125.png","url":"https:\/\/portaltela.pt\/s.01k8rhncp4jt1\/2025\/11\/talking-bot-125x125.png","contentUrl":"https:\/\/portaltela.pt\/s.01k8rhncp4jt1\/2025\/11\/talking-bot-125x125.png","caption":"Telinha"},"sameAs":["https:\/\/portaltela.pt\/"],"url":"https:\/\/portaltela.pt\/por\/367410592786\/"}]}},"_links":{"self":[{"href":"https:\/\/portaltela.pt\/api\/wp\/v2\/posts\/225852","targetHints":{"allow":["GET"]}}],"collection":[{"href":"https:\/\/portaltela.pt\/api\/wp\/v2\/posts"}],"about":[{"href":"https:\/\/portaltela.pt\/api\/wp\/v2\/types\/post"}],"author":[{"embeddable":true,"href":"https:\/\/portaltela.pt\/api\/wp\/v2\/users\/2"}],"replies":[{"embeddable":true,"href":"https:\/\/portaltela.pt\/api\/wp\/v2\/comments?post=225852"}],"version-history":[{"count":0,"href":"https:\/\/portaltela.pt\/api\/wp\/v2\/posts\/225852\/revisions"}],"wp:featuredmedia":[{"embeddable":true,"href":"https:\/\/portaltela.pt\/api\/wp\/v2\/media\/225857"}],"wp:attachment":[{"href":"https:\/\/portaltela.pt\/api\/wp\/v2\/media?parent=225852"}],"wp:term":[{"taxonomy":"category","embeddable":true,"href":"https:\/\/portaltela.pt\/api\/wp\/v2\/categories?post=225852"},{"taxonomy":"post_tag","embeddable":true,"href":"https:\/\/portaltela.pt\/api\/wp\/v2\/tags?post=225852"}],"curies":[{"name":"wp","href":"https:\/\/api.w.org\/{rel}","templated":true}]}}