{"id":225849,"date":"2026-02-25T12:11:10","date_gmt":"2026-02-25T15:11:10","guid":{"rendered":"https:\/\/portaltela.pt\/noticias\/2026\/02\/25\/374-mortos-e-19-milhoes-afetados-por-inundacoes-e-ciclones-no-sul-de-africa\/"},"modified":"2026-02-25T12:11:10","modified_gmt":"2026-02-25T15:11:10","slug":"374-mortos-e-19-milhoes-afetados-por-inundacoes-e-ciclones-no-sul-de-africa","status":"publish","type":"post","link":"https:\/\/portaltela.pt\/noticias\/2026\/02\/25\/374-mortos-e-19-milhoes-afetados-por-inundacoes-e-ciclones-no-sul-de-africa\/","title":{"rendered":"374 mortos e 1,9 milh\u00f5es afetados por inunda\u00e7\u00f5es e ciclones no sul de \u00c1frica"},"content":{"rendered":"<p>Pelo menos 374 pessoas morreram e quase 1,9 milh\u00f5es foram afetadas por inunda\u00e7\u00f5es e ciclones no sul de \u00c1frica, entre outubro de 2025 e meados de 2026, segundo a ONU. O conjunto de ocorr\u00eancias atinge Mo\u00e7ambique, Madag\u00e1scar, \u00c1frica do Sul, Zimb\u00e1bue, Mal\u00e1ui e Z\u00e2mbia.<\/p>\n<p>O Gabinete das Na\u00e7\u00f5es Unidas para a Coordena\u00e7\u00e3o de Assuntos Humanit\u00e1rios (OCHA) explica que a transi\u00e7\u00e3o de El Ni\u00f1o para La Ni\u00f1a, entre 2023-2024 e 2025-2026, intensificou as chuvas fortes na regi\u00e3o. El Ni\u00f1o aquece e seca; La Ni\u00f1a acentua ventos e inunda\u00e7\u00f5es.<\/p>\n<p>Entre os afetados, 723.000 residem em Mo\u00e7ambique devido \u00e0s chuvas intensas, e mais de 681.000 em Madag\u00e1scar por ciclones, segundo a ONU. Aproximadamente 175.000 pessoas foram deslocadas, 1.400 ficaram feridas e 293.000 habita\u00e7\u00f5es ficaram danificadas.<\/p>\n<p>As inunda\u00e7\u00f5es causaram mortes, deslocamentos e perdas de meios de subsist\u00eancia e de colheitas, sobretudo em Madag\u00e1scar e Mo\u00e7ambique, detalha o OCHA. A situa\u00e7\u00e3o mant\u00e9m-se cr\u00edtica com a previs\u00e3o de novas chuvas at\u00e9 junho.<\/p>\n<p>Preveem-se n\u00edveis de inunda\u00e7\u00e3o elevados que agravam a inseguran\u00e7a alimentar, surtos de doen\u00e7as e atrasam a recupera\u00e7\u00e3o. A ONU refor\u00e7a a necessidade de apoio cont\u00ednuo para responder \u00e0s necessidades b\u00e1sicas.<\/p>\n<h3>Desafios na resposta humanit\u00e1ria<\/h3>\n<p>Parceiros humanit\u00e1rios trabalham com governos para fornecer alimentos, \u00e1gua, saneamento e abrigo tempor\u00e1rio, mas enfrentam financiamento limitado e acesso dificultado por estradas e pontes inundadas.<\/p>\n<p>As chuvas constantes prolongam deslocamentos e aumentam o risco de doen\u00e7as transmitidas pela \u00e1gua, pressionando os sistemas de sa\u00fade j\u00e1 fr\u00e1geis da regi\u00e3o.<\/p>\n<h3>Contexto regional<\/h3>\n<p>A ONU ressalta que a transi\u00e7\u00e3o clim\u00e1tica afeta igualmente a seguran\u00e7a alimentar e a recupera\u00e7\u00e3o econ\u00f3mica. A coopera\u00e7\u00e3o internacional permanece crucial para sustentar as opera\u00e7\u00f5es de ajuda.<\/p>\n","protected":false},"excerpt":{"rendered":"<ul>\n<li>Pelo menos 374 mortos e quase 1,9 milh\u00f5es de pessoas afetadas por inunda\u00e7\u00f5es e ciclones no sul de \u00c1frica desde outubro de 2025 at\u00e9 meados deste m\u00eas, segundo a ONU.<\/li>\n<li>\u00c1frica Austral passou de seca provocada pelo El Ni\u00f1o para chuvas fortes associadas \u00e0 La Ni\u00f1a em 2025-26, impactando Mo\u00e7ambique, Madag\u00e1scar, \u00c1frica do Sul, Zimb\u00e1bue, Mal\u00e1ui e Z\u00e2mbia (OCHA).<\/li>\n<li>Estima-se que 723.000 pessoas tenham sido afetadas por inunda\u00e7\u00f5es em Mo\u00e7ambique e mais de 681.000 por ciclones em Madag\u00e1scar.<\/li>\n<li>Cerca de 175.000 pessoas foram deslocadas; 1.400 ficaram feridas e 293.000 habita\u00e7\u00f5es foram danificadas.<\/li>\n<li>As previs\u00f5es apontam novas chuvas at\u00e9 junho, com risco de inunda\u00e7\u00f5es persistente, afetando a seguran\u00e7a alimentar, surtos de doen\u00e7as e a recupera\u00e7\u00e3o, agravado por acessos humanit\u00e1rios dificultados.<\/li>\n<\/ul>\n","protected":false},"author":2,"featured_media":225856,"comment_status":"closed","ping_status":"closed","sticky":false,"template":"","format":"standard","meta":{"footnotes":""},"categories":[1],"tags":[5227,5747,5215,6364,1911,2867],"class_list":["post-225849","post","type-post","status-publish","format-standard","has-post-thumbnail","hentry","category-noticias","tag-africa","tag-ajuda-humanitaria","tag-catastrofes-naturais","tag-madagascar","tag-mocambique","tag-seguranca-alimentar"],"yoast_head":"<!-- This site is optimized with the Yoast SEO plugin v27.2 - https:\/\/yoast.com\/product\/yoast-seo-wordpress\/ -->\n<title>374 mortos e 1,9 milh\u00f5es afetados por inunda\u00e7\u00f5es e ciclones no sul de \u00c1frica - Portal Tela Portugal<\/title>\n<meta name=\"robots\" content=\"index, follow, max-snippet:-1, max-image-preview:large, max-video-preview:-1\" \/>\n<meta property=\"og:locale\" content=\"pt_PT\" \/>\n<meta property=\"og:type\" content=\"article\" \/>\n<meta property=\"og:title\" content=\"374 mortos e 1,9 milh\u00f5es afetados por inunda\u00e7\u00f5es e ciclones no sul de \u00c1frica - Portal Tela Portugal\" \/>\n<meta property=\"og:description\" content=\"Pelo menos 374 mortos e quase 1,9 milh\u00f5es de pessoas afetadas por inunda\u00e7\u00f5es e ciclones no sul de \u00c1frica desde outubro de 2025 at\u00e9 meados deste m\u00eas, segundo a ONU. \u00c1frica Austral passou de seca provocada pelo El Ni\u00f1o para chuvas fortes associadas \u00e0 La Ni\u00f1a em 2025-26, impactando Mo\u00e7ambique, Madag\u00e1scar, \u00c1frica do Sul, Zimb\u00e1bue, Mal\u00e1ui e Z\u00e2mbia (OCHA). Estima-se que 723.000 pessoas tenham sido afetadas por inunda\u00e7\u00f5es em Mo\u00e7ambique e mais de 681.000 por ciclones em Madag\u00e1scar. Cerca de 175.000 pessoas foram deslocadas; 1.400 ficaram feridas e 293.000 habita\u00e7\u00f5es foram danificadas. As previs\u00f5es apontam novas chuvas at\u00e9 junho, com risco de inunda\u00e7\u00f5es persistente, afetando a seguran\u00e7a alimentar, surtos de doen\u00e7as e a recupera\u00e7\u00e3o, agravado por acessos humanit\u00e1rios dificultados.\" \/>\n<meta property=\"og:url\" content=\"https:\/\/portaltela.pt\/noticias\/2026\/02\/25\/374-mortos-e-19-milhoes-afetados-por-inundacoes-e-ciclones-no-sul-de-africa\/\" \/>\n<meta property=\"og:site_name\" content=\"Portal Tela Portugal\" \/>\n<meta property=\"article:published_time\" content=\"2026-02-25T15:11:10+00:00\" \/>\n<meta name=\"author\" content=\"Telinha\" \/>\n<meta name=\"twitter:card\" content=\"summary_large_image\" \/>\n<meta name=\"twitter:label1\" content=\"Escrito por\" \/>\n\t<meta name=\"twitter:data1\" content=\"Telinha\" \/>\n\t<meta name=\"twitter:label2\" content=\"Tempo estimado de leitura\" \/>\n\t<meta name=\"twitter:data2\" content=\"2 minutos\" \/>\n<script type=\"application\/ld+json\" class=\"yoast-schema-graph\">{\"@context\":\"https:\/\/schema.org\",\"@graph\":[{\"@type\":\"Article\",\"@id\":\"https:\/\/portaltela.pt\/noticias\/2026\/02\/25\/374-mortos-e-19-milhoes-afetados-por-inundacoes-e-ciclones-no-sul-de-africa\/#article\",\"isPartOf\":{\"@id\":\"https:\/\/portaltela.pt\/noticias\/2026\/02\/25\/374-mortos-e-19-milhoes-afetados-por-inundacoes-e-ciclones-no-sul-de-africa\/\"},\"author\":{\"name\":\"Telinha\",\"@id\":\"https:\/\/portaltela.pt\/#\/schema\/person\/c4278d4a6028830caff9ee44b42d32ed\"},\"headline\":\"374 mortos e 1,9 milh\u00f5es afetados por inunda\u00e7\u00f5es e ciclones no sul de \u00c1frica\",\"datePublished\":\"2026-02-25T15:11:10+00:00\",\"mainEntityOfPage\":{\"@id\":\"https:\/\/portaltela.pt\/noticias\/2026\/02\/25\/374-mortos-e-19-milhoes-afetados-por-inundacoes-e-ciclones-no-sul-de-africa\/\"},\"wordCount\":323,\"image\":{\"@id\":\"https:\/\/portaltela.pt\/noticias\/2026\/02\/25\/374-mortos-e-19-milhoes-afetados-por-inundacoes-e-ciclones-no-sul-de-africa\/#primaryimage\"},\"thumbnailUrl\":\"https:\/\/portaltela.pt\/s.01k8rhncp4jt1\/2026\/02\/img_1500x1000uu2026-02-25-15-11-01-2268950.jpg\",\"keywords\":[\"\u00c1frica\",\"ajuda humanit\u00e1ria\",\"cat\u00e1strofes naturais\",\"Madag\u00e1scar\",\"Mo\u00e7ambique\",\"Seguran\u00e7a Alimentar\"],\"articleSection\":[\"Not\u00edcias\"],\"inLanguage\":\"pt-PT\"},{\"@type\":\"WebPage\",\"@id\":\"https:\/\/portaltela.pt\/noticias\/2026\/02\/25\/374-mortos-e-19-milhoes-afetados-por-inundacoes-e-ciclones-no-sul-de-africa\/\",\"url\":\"https:\/\/portaltela.pt\/noticias\/2026\/02\/25\/374-mortos-e-19-milhoes-afetados-por-inundacoes-e-ciclones-no-sul-de-africa\/\",\"name\":\"374 mortos e 1,9 milh\u00f5es afetados por inunda\u00e7\u00f5es e ciclones no sul de \u00c1frica - Portal Tela Portugal\",\"isPartOf\":{\"@id\":\"https:\/\/portaltela.pt\/#website\"},\"primaryImageOfPage\":{\"@id\":\"https:\/\/portaltela.pt\/noticias\/2026\/02\/25\/374-mortos-e-19-milhoes-afetados-por-inundacoes-e-ciclones-no-sul-de-africa\/#primaryimage\"},\"image\":{\"@id\":\"https:\/\/portaltela.pt\/noticias\/2026\/02\/25\/374-mortos-e-19-milhoes-afetados-por-inundacoes-e-ciclones-no-sul-de-africa\/#primaryimage\"},\"thumbnailUrl\":\"https:\/\/portaltela.pt\/s.01k8rhncp4jt1\/2026\/02\/img_1500x1000uu2026-02-25-15-11-01-2268950.jpg\",\"datePublished\":\"2026-02-25T15:11:10+00:00\",\"author\":{\"@id\":\"https:\/\/portaltela.pt\/#\/schema\/person\/c4278d4a6028830caff9ee44b42d32ed\"},\"breadcrumb\":{\"@id\":\"https:\/\/portaltela.pt\/noticias\/2026\/02\/25\/374-mortos-e-19-milhoes-afetados-por-inundacoes-e-ciclones-no-sul-de-africa\/#breadcrumb\"},\"inLanguage\":\"pt-PT\",\"potentialAction\":[{\"@type\":\"ReadAction\",\"target\":[\"https:\/\/portaltela.pt\/noticias\/2026\/02\/25\/374-mortos-e-19-milhoes-afetados-por-inundacoes-e-ciclones-no-sul-de-africa\/\"]}]},{\"@type\":\"ImageObject\",\"inLanguage\":\"pt-PT\",\"@id\":\"https:\/\/portaltela.pt\/noticias\/2026\/02\/25\/374-mortos-e-19-milhoes-afetados-por-inundacoes-e-ciclones-no-sul-de-africa\/#primaryimage\",\"url\":\"https:\/\/portaltela.pt\/s.01k8rhncp4jt1\/2026\/02\/img_1500x1000uu2026-02-25-15-11-01-2268950.jpg\",\"contentUrl\":\"https:\/\/portaltela.pt\/s.01k8rhncp4jt1\/2026\/02\/img_1500x1000uu2026-02-25-15-11-01-2268950.jpg\",\"width\":796,\"height\":448,\"caption\":\"Inunda\u00e7\u00f5es em Mo\u00e7ambique\"},{\"@type\":\"BreadcrumbList\",\"@id\":\"https:\/\/portaltela.pt\/noticias\/2026\/02\/25\/374-mortos-e-19-milhoes-afetados-por-inundacoes-e-ciclones-no-sul-de-africa\/#breadcrumb\",\"itemListElement\":[{\"@type\":\"ListItem\",\"position\":1,\"name\":\"In\u00edcio\",\"item\":\"https:\/\/portaltela.pt\/\"},{\"@type\":\"ListItem\",\"position\":2,\"name\":\"374 mortos e 1,9 milh\u00f5es afetados por inunda\u00e7\u00f5es e ciclones no sul de \u00c1frica\"}]},{\"@type\":\"WebSite\",\"@id\":\"https:\/\/portaltela.pt\/#website\",\"url\":\"https:\/\/portaltela.pt\/\",\"name\":\"Portal Tela Portugal\",\"description\":\"\",\"potentialAction\":[{\"@type\":\"SearchAction\",\"target\":{\"@type\":\"EntryPoint\",\"urlTemplate\":\"https:\/\/portaltela.pt\/?s={search_term_string}\"},\"query-input\":{\"@type\":\"PropertyValueSpecification\",\"valueRequired\":true,\"valueName\":\"search_term_string\"}}],\"inLanguage\":\"pt-PT\"},{\"@type\":\"Person\",\"@id\":\"https:\/\/portaltela.pt\/#\/schema\/person\/c4278d4a6028830caff9ee44b42d32ed\",\"name\":\"Telinha\",\"image\":{\"@type\":\"ImageObject\",\"inLanguage\":\"pt-PT\",\"@id\":\"https:\/\/portaltela.pt\/s.01k8rhncp4jt1\/2025\/11\/talking-bot-125x125.png\",\"url\":\"https:\/\/portaltela.pt\/s.01k8rhncp4jt1\/2025\/11\/talking-bot-125x125.png\",\"contentUrl\":\"https:\/\/portaltela.pt\/s.01k8rhncp4jt1\/2025\/11\/talking-bot-125x125.png\",\"caption\":\"Telinha\"},\"sameAs\":[\"https:\/\/portaltela.pt\/\"],\"url\":\"https:\/\/portaltela.pt\/por\/367410592786\/\"}]}<\/script>\n<!-- \/ Yoast SEO plugin. -->","yoast_head_json":{"title":"374 mortos e 1,9 milh\u00f5es afetados por inunda\u00e7\u00f5es e ciclones no sul de \u00c1frica - Portal Tela Portugal","robots":{"index":"index","follow":"follow","max-snippet":"max-snippet:-1","max-image-preview":"max-image-preview:large","max-video-preview":"max-video-preview:-1"},"og_locale":"pt_PT","og_type":"article","og_title":"374 mortos e 1,9 milh\u00f5es afetados por inunda\u00e7\u00f5es e ciclones no sul de \u00c1frica - Portal Tela Portugal","og_description":"Pelo menos 374 mortos e quase 1,9 milh\u00f5es de pessoas afetadas por inunda\u00e7\u00f5es e ciclones no sul de \u00c1frica desde outubro de 2025 at\u00e9 meados deste m\u00eas, segundo a ONU. \u00c1frica Austral passou de seca provocada pelo El Ni\u00f1o para chuvas fortes associadas \u00e0 La Ni\u00f1a em 2025-26, impactando Mo\u00e7ambique, Madag\u00e1scar, \u00c1frica do Sul, Zimb\u00e1bue, Mal\u00e1ui e Z\u00e2mbia (OCHA). Estima-se que 723.000 pessoas tenham sido afetadas por inunda\u00e7\u00f5es em Mo\u00e7ambique e mais de 681.000 por ciclones em Madag\u00e1scar. Cerca de 175.000 pessoas foram deslocadas; 1.400 ficaram feridas e 293.000 habita\u00e7\u00f5es foram danificadas. As previs\u00f5es apontam novas chuvas at\u00e9 junho, com risco de inunda\u00e7\u00f5es persistente, afetando a seguran\u00e7a alimentar, surtos de doen\u00e7as e a recupera\u00e7\u00e3o, agravado por acessos humanit\u00e1rios dificultados.","og_url":"https:\/\/portaltela.pt\/noticias\/2026\/02\/25\/374-mortos-e-19-milhoes-afetados-por-inundacoes-e-ciclones-no-sul-de-africa\/","og_site_name":"Portal Tela Portugal","article_published_time":"2026-02-25T15:11:10+00:00","author":"Telinha","twitter_card":"summary_large_image","twitter_misc":{"Escrito por":"Telinha","Tempo estimado de leitura":"2 minutos"},"schema":{"@context":"https:\/\/schema.org","@graph":[{"@type":"Article","@id":"https:\/\/portaltela.pt\/noticias\/2026\/02\/25\/374-mortos-e-19-milhoes-afetados-por-inundacoes-e-ciclones-no-sul-de-africa\/#article","isPartOf":{"@id":"https:\/\/portaltela.pt\/noticias\/2026\/02\/25\/374-mortos-e-19-milhoes-afetados-por-inundacoes-e-ciclones-no-sul-de-africa\/"},"author":{"name":"Telinha","@id":"https:\/\/portaltela.pt\/#\/schema\/person\/c4278d4a6028830caff9ee44b42d32ed"},"headline":"374 mortos e 1,9 milh\u00f5es afetados por inunda\u00e7\u00f5es e ciclones no sul de \u00c1frica","datePublished":"2026-02-25T15:11:10+00:00","mainEntityOfPage":{"@id":"https:\/\/portaltela.pt\/noticias\/2026\/02\/25\/374-mortos-e-19-milhoes-afetados-por-inundacoes-e-ciclones-no-sul-de-africa\/"},"wordCount":323,"image":{"@id":"https:\/\/portaltela.pt\/noticias\/2026\/02\/25\/374-mortos-e-19-milhoes-afetados-por-inundacoes-e-ciclones-no-sul-de-africa\/#primaryimage"},"thumbnailUrl":"https:\/\/portaltela.pt\/s.01k8rhncp4jt1\/2026\/02\/img_1500x1000uu2026-02-25-15-11-01-2268950.jpg","keywords":["\u00c1frica","ajuda humanit\u00e1ria","cat\u00e1strofes naturais","Madag\u00e1scar","Mo\u00e7ambique","Seguran\u00e7a Alimentar"],"articleSection":["Not\u00edcias"],"inLanguage":"pt-PT"},{"@type":"WebPage","@id":"https:\/\/portaltela.pt\/noticias\/2026\/02\/25\/374-mortos-e-19-milhoes-afetados-por-inundacoes-e-ciclones-no-sul-de-africa\/","url":"https:\/\/portaltela.pt\/noticias\/2026\/02\/25\/374-mortos-e-19-milhoes-afetados-por-inundacoes-e-ciclones-no-sul-de-africa\/","name":"374 mortos e 1,9 milh\u00f5es afetados por inunda\u00e7\u00f5es e ciclones no sul de \u00c1frica - Portal Tela Portugal","isPartOf":{"@id":"https:\/\/portaltela.pt\/#website"},"primaryImageOfPage":{"@id":"https:\/\/portaltela.pt\/noticias\/2026\/02\/25\/374-mortos-e-19-milhoes-afetados-por-inundacoes-e-ciclones-no-sul-de-africa\/#primaryimage"},"image":{"@id":"https:\/\/portaltela.pt\/noticias\/2026\/02\/25\/374-mortos-e-19-milhoes-afetados-por-inundacoes-e-ciclones-no-sul-de-africa\/#primaryimage"},"thumbnailUrl":"https:\/\/portaltela.pt\/s.01k8rhncp4jt1\/2026\/02\/img_1500x1000uu2026-02-25-15-11-01-2268950.jpg","datePublished":"2026-02-25T15:11:10+00:00","author":{"@id":"https:\/\/portaltela.pt\/#\/schema\/person\/c4278d4a6028830caff9ee44b42d32ed"},"breadcrumb":{"@id":"https:\/\/portaltela.pt\/noticias\/2026\/02\/25\/374-mortos-e-19-milhoes-afetados-por-inundacoes-e-ciclones-no-sul-de-africa\/#breadcrumb"},"inLanguage":"pt-PT","potentialAction":[{"@type":"ReadAction","target":["https:\/\/portaltela.pt\/noticias\/2026\/02\/25\/374-mortos-e-19-milhoes-afetados-por-inundacoes-e-ciclones-no-sul-de-africa\/"]}]},{"@type":"ImageObject","inLanguage":"pt-PT","@id":"https:\/\/portaltela.pt\/noticias\/2026\/02\/25\/374-mortos-e-19-milhoes-afetados-por-inundacoes-e-ciclones-no-sul-de-africa\/#primaryimage","url":"https:\/\/portaltela.pt\/s.01k8rhncp4jt1\/2026\/02\/img_1500x1000uu2026-02-25-15-11-01-2268950.jpg","contentUrl":"https:\/\/portaltela.pt\/s.01k8rhncp4jt1\/2026\/02\/img_1500x1000uu2026-02-25-15-11-01-2268950.jpg","width":796,"height":448,"caption":"Inunda\u00e7\u00f5es em Mo\u00e7ambique"},{"@type":"BreadcrumbList","@id":"https:\/\/portaltela.pt\/noticias\/2026\/02\/25\/374-mortos-e-19-milhoes-afetados-por-inundacoes-e-ciclones-no-sul-de-africa\/#breadcrumb","itemListElement":[{"@type":"ListItem","position":1,"name":"In\u00edcio","item":"https:\/\/portaltela.pt\/"},{"@type":"ListItem","position":2,"name":"374 mortos e 1,9 milh\u00f5es afetados por inunda\u00e7\u00f5es e ciclones no sul de \u00c1frica"}]},{"@type":"WebSite","@id":"https:\/\/portaltela.pt\/#website","url":"https:\/\/portaltela.pt\/","name":"Portal Tela Portugal","description":"","potentialAction":[{"@type":"SearchAction","target":{"@type":"EntryPoint","urlTemplate":"https:\/\/portaltela.pt\/?s={search_term_string}"},"query-input":{"@type":"PropertyValueSpecification","valueRequired":true,"valueName":"search_term_string"}}],"inLanguage":"pt-PT"},{"@type":"Person","@id":"https:\/\/portaltela.pt\/#\/schema\/person\/c4278d4a6028830caff9ee44b42d32ed","name":"Telinha","image":{"@type":"ImageObject","inLanguage":"pt-PT","@id":"https:\/\/portaltela.pt\/s.01k8rhncp4jt1\/2025\/11\/talking-bot-125x125.png","url":"https:\/\/portaltela.pt\/s.01k8rhncp4jt1\/2025\/11\/talking-bot-125x125.png","contentUrl":"https:\/\/portaltela.pt\/s.01k8rhncp4jt1\/2025\/11\/talking-bot-125x125.png","caption":"Telinha"},"sameAs":["https:\/\/portaltela.pt\/"],"url":"https:\/\/portaltela.pt\/por\/367410592786\/"}]}},"_links":{"self":[{"href":"https:\/\/portaltela.pt\/api\/wp\/v2\/posts\/225849","targetHints":{"allow":["GET"]}}],"collection":[{"href":"https:\/\/portaltela.pt\/api\/wp\/v2\/posts"}],"about":[{"href":"https:\/\/portaltela.pt\/api\/wp\/v2\/types\/post"}],"author":[{"embeddable":true,"href":"https:\/\/portaltela.pt\/api\/wp\/v2\/users\/2"}],"replies":[{"embeddable":true,"href":"https:\/\/portaltela.pt\/api\/wp\/v2\/comments?post=225849"}],"version-history":[{"count":0,"href":"https:\/\/portaltela.pt\/api\/wp\/v2\/posts\/225849\/revisions"}],"wp:featuredmedia":[{"embeddable":true,"href":"https:\/\/portaltela.pt\/api\/wp\/v2\/media\/225856"}],"wp:attachment":[{"href":"https:\/\/portaltela.pt\/api\/wp\/v2\/media?parent=225849"}],"wp:term":[{"taxonomy":"category","embeddable":true,"href":"https:\/\/portaltela.pt\/api\/wp\/v2\/categories?post=225849"},{"taxonomy":"post_tag","embeddable":true,"href":"https:\/\/portaltela.pt\/api\/wp\/v2\/tags?post=225849"}],"curies":[{"name":"wp","href":"https:\/\/api.w.org\/{rel}","templated":true}]}}