{"id":225847,"date":"2026-02-25T12:00:00","date_gmt":"2026-02-25T15:00:00","guid":{"rendered":"https:\/\/portaltela.pt\/noticias\/2026\/02\/25\/francisco-laranjo-um-artista-inquieto\/"},"modified":"2026-02-25T12:00:00","modified_gmt":"2026-02-25T15:00:00","slug":"francisco-laranjo-um-artista-inquieto","status":"publish","type":"post","link":"https:\/\/portaltela.pt\/noticias\/2026\/02\/25\/francisco-laranjo-um-artista-inquieto\/","title":{"rendered":"Francisco Laranjo, um artista inquieto"},"content":{"rendered":"<p>Francisco Laranjo \u00e9 apresentado como um artista inquieto, cuja pr\u00e1tica abrange v\u00e1rias formas e leituras. Paralelamente, a exposi\u00e7\u00e3o &#8220;Porto, Dresden, Nagasaki&#8221; est\u00e1 patente na Casa Comum, destacando a cria\u00e7\u00e3o contempor\u00e2nea em contexto de cidade portuguesa.<\/p>\n<p>A not\u00edcia salienta a liga\u00e7\u00e3o entre o percurso do artista e as tem\u00e1ticas que surgem na mostra, sugerindo uma leitura sobre a rela\u00e7\u00e3o entre territ\u00f3rio, mem\u00f3ria e experi\u00eancia est\u00e9tica. O destaque recai sobre a diversidade de abordagens presentes na exposi\u00e7\u00e3o.<\/p>\n<p>Al\u00e9m disso, a Universidade do Porto reuniu entrevistas de artistas pl\u00e1sticos, resultando no volume &#8220;Sempre o invis\u00edvel&#8221;. O projeto agregador oferece uma vis\u00e3o de processos criativos e de perspetivas distintas no campo art\u00edstico.<\/p>\n<h3>Volume &#8220;Sempre o invis\u00edvel&#8221;<\/h3>\n<p>O livro compilado pela comunidade acad\u00e9mica procura contextualizar a produ\u00e7\u00e3o pl\u00e1stica atual, reunindo relatos, m\u00e9todos e inspira\u00e7\u00f5es de diversos criadores. A publica\u00e7\u00e3o \u00e9 apresentada como complemento \u00e0 divulga\u00e7\u00e3o da exposi\u00e7\u00e3o na Casa Comum.<\/p>\n<p>Os conte\u00fados reunidos focam-se naquilo que, muitas vezes, n\u00e3o \u00e9 imediatamente vis\u00edvel na pr\u00e1tica art\u00edstica, oferecendo, assim, uma leitura complementar \u00e0s obras em cartaz. A organiza\u00e7\u00e3o editorial indica um olhar transversal sobre a cria\u00e7\u00e3o.<\/p>\n","protected":false},"excerpt":{"rendered":"<ul>\n<li>Francisco Laranjo \u00e9 apresentado como artista inquieto na not\u00edcia.<\/li>\n<li>A exposi\u00e7\u00e3o &#8220;Porto, Dresden, Nagasaki&#8221; encontra-se patente na Casa Comum.<\/li>\n<li>A Universidade do Porto reuniu entrevistas de artistas pl\u00e1sticos no volume &#8220;Sempre o invis\u00edvel&#8221;.<\/li>\n<li>O livro junta conversas com artistas pl\u00e1sticos ligadas ao tema da exposi\u00e7\u00e3o.<\/li>\n<\/ul>\n","protected":false},"author":2,"featured_media":225851,"comment_status":"closed","ping_status":"closed","sticky":false,"template":"","format":"standard","meta":{"footnotes":""},"categories":[1],"tags":[4653,2473,145,982,58],"class_list":["post-225847","post","type-post","status-publish","format-standard","has-post-thumbnail","hentry","category-noticias","tag-artes-plasticas","tag-criacao-artistica","tag-cultura","tag-porto","tag-universidades"],"yoast_head":"<!-- This site is optimized with the Yoast SEO plugin v27.2 - https:\/\/yoast.com\/product\/yoast-seo-wordpress\/ -->\n<title>Francisco Laranjo, um artista inquieto - Portal Tela Portugal<\/title>\n<meta name=\"robots\" content=\"index, follow, max-snippet:-1, max-image-preview:large, max-video-preview:-1\" \/>\n<meta property=\"og:locale\" content=\"pt_PT\" \/>\n<meta property=\"og:type\" content=\"article\" \/>\n<meta property=\"og:title\" content=\"Francisco Laranjo, um artista inquieto - Portal Tela Portugal\" \/>\n<meta property=\"og:description\" content=\"Francisco Laranjo \u00e9 apresentado como artista inquieto na not\u00edcia. A exposi\u00e7\u00e3o &quot;Porto, Dresden, Nagasaki&quot; encontra-se patente na Casa Comum. A Universidade do Porto reuniu entrevistas de artistas pl\u00e1sticos no volume &quot;Sempre o invis\u00edvel&quot;. O livro junta conversas com artistas pl\u00e1sticos ligadas ao tema da exposi\u00e7\u00e3o.\" \/>\n<meta property=\"og:url\" content=\"https:\/\/portaltela.pt\/noticias\/2026\/02\/25\/francisco-laranjo-um-artista-inquieto\/\" \/>\n<meta property=\"og:site_name\" content=\"Portal Tela Portugal\" \/>\n<meta property=\"article:published_time\" content=\"2026-02-25T15:00:00+00:00\" \/>\n<meta name=\"author\" content=\"Telinha\" \/>\n<meta name=\"twitter:card\" content=\"summary_large_image\" \/>\n<meta name=\"twitter:label1\" content=\"Escrito por\" \/>\n\t<meta name=\"twitter:data1\" content=\"Telinha\" \/>\n\t<meta name=\"twitter:label2\" content=\"Tempo estimado de leitura\" \/>\n\t<meta name=\"twitter:data2\" content=\"1 minuto\" \/>\n<script type=\"application\/ld+json\" class=\"yoast-schema-graph\">{\"@context\":\"https:\/\/schema.org\",\"@graph\":[{\"@type\":\"Article\",\"@id\":\"https:\/\/portaltela.pt\/noticias\/2026\/02\/25\/francisco-laranjo-um-artista-inquieto\/#article\",\"isPartOf\":{\"@id\":\"https:\/\/portaltela.pt\/noticias\/2026\/02\/25\/francisco-laranjo-um-artista-inquieto\/\"},\"author\":{\"name\":\"Telinha\",\"@id\":\"https:\/\/portaltela.pt\/#\/schema\/person\/c4278d4a6028830caff9ee44b42d32ed\"},\"headline\":\"Francisco Laranjo, um artista inquieto\",\"datePublished\":\"2026-02-25T15:00:00+00:00\",\"mainEntityOfPage\":{\"@id\":\"https:\/\/portaltela.pt\/noticias\/2026\/02\/25\/francisco-laranjo-um-artista-inquieto\/\"},\"wordCount\":215,\"image\":{\"@id\":\"https:\/\/portaltela.pt\/noticias\/2026\/02\/25\/francisco-laranjo-um-artista-inquieto\/#primaryimage\"},\"thumbnailUrl\":\"https:\/\/portaltela.pt\/s.01k8rhncp4jt1\/2026\/02\/bc3b8365-6a3e-491c-859d-6789eff55a04_1200x675.jpg\",\"keywords\":[\"Artes Pl\u00e1sticas\",\"Cria\u00e7\u00e3o Art\u00edstica\",\"cultura\",\"Porto\",\"universidades\"],\"articleSection\":[\"Not\u00edcias\"],\"inLanguage\":\"pt-PT\"},{\"@type\":\"WebPage\",\"@id\":\"https:\/\/portaltela.pt\/noticias\/2026\/02\/25\/francisco-laranjo-um-artista-inquieto\/\",\"url\":\"https:\/\/portaltela.pt\/noticias\/2026\/02\/25\/francisco-laranjo-um-artista-inquieto\/\",\"name\":\"Francisco Laranjo, um artista inquieto - Portal Tela Portugal\",\"isPartOf\":{\"@id\":\"https:\/\/portaltela.pt\/#website\"},\"primaryImageOfPage\":{\"@id\":\"https:\/\/portaltela.pt\/noticias\/2026\/02\/25\/francisco-laranjo-um-artista-inquieto\/#primaryimage\"},\"image\":{\"@id\":\"https:\/\/portaltela.pt\/noticias\/2026\/02\/25\/francisco-laranjo-um-artista-inquieto\/#primaryimage\"},\"thumbnailUrl\":\"https:\/\/portaltela.pt\/s.01k8rhncp4jt1\/2026\/02\/bc3b8365-6a3e-491c-859d-6789eff55a04_1200x675.jpg\",\"datePublished\":\"2026-02-25T15:00:00+00:00\",\"author\":{\"@id\":\"https:\/\/portaltela.pt\/#\/schema\/person\/c4278d4a6028830caff9ee44b42d32ed\"},\"breadcrumb\":{\"@id\":\"https:\/\/portaltela.pt\/noticias\/2026\/02\/25\/francisco-laranjo-um-artista-inquieto\/#breadcrumb\"},\"inLanguage\":\"pt-PT\",\"potentialAction\":[{\"@type\":\"ReadAction\",\"target\":[\"https:\/\/portaltela.pt\/noticias\/2026\/02\/25\/francisco-laranjo-um-artista-inquieto\/\"]}]},{\"@type\":\"ImageObject\",\"inLanguage\":\"pt-PT\",\"@id\":\"https:\/\/portaltela.pt\/noticias\/2026\/02\/25\/francisco-laranjo-um-artista-inquieto\/#primaryimage\",\"url\":\"https:\/\/portaltela.pt\/s.01k8rhncp4jt1\/2026\/02\/bc3b8365-6a3e-491c-859d-6789eff55a04_1200x675.jpg\",\"contentUrl\":\"https:\/\/portaltela.pt\/s.01k8rhncp4jt1\/2026\/02\/bc3b8365-6a3e-491c-859d-6789eff55a04_1200x675.jpg\",\"width\":796,\"height\":448,\"caption\":\"Photo\"},{\"@type\":\"BreadcrumbList\",\"@id\":\"https:\/\/portaltela.pt\/noticias\/2026\/02\/25\/francisco-laranjo-um-artista-inquieto\/#breadcrumb\",\"itemListElement\":[{\"@type\":\"ListItem\",\"position\":1,\"name\":\"In\u00edcio\",\"item\":\"https:\/\/portaltela.pt\/\"},{\"@type\":\"ListItem\",\"position\":2,\"name\":\"Francisco Laranjo, um artista inquieto\"}]},{\"@type\":\"WebSite\",\"@id\":\"https:\/\/portaltela.pt\/#website\",\"url\":\"https:\/\/portaltela.pt\/\",\"name\":\"Portal Tela Portugal\",\"description\":\"\",\"potentialAction\":[{\"@type\":\"SearchAction\",\"target\":{\"@type\":\"EntryPoint\",\"urlTemplate\":\"https:\/\/portaltela.pt\/?s={search_term_string}\"},\"query-input\":{\"@type\":\"PropertyValueSpecification\",\"valueRequired\":true,\"valueName\":\"search_term_string\"}}],\"inLanguage\":\"pt-PT\"},{\"@type\":\"Person\",\"@id\":\"https:\/\/portaltela.pt\/#\/schema\/person\/c4278d4a6028830caff9ee44b42d32ed\",\"name\":\"Telinha\",\"image\":{\"@type\":\"ImageObject\",\"inLanguage\":\"pt-PT\",\"@id\":\"https:\/\/portaltela.pt\/s.01k8rhncp4jt1\/2025\/11\/talking-bot-125x125.png\",\"url\":\"https:\/\/portaltela.pt\/s.01k8rhncp4jt1\/2025\/11\/talking-bot-125x125.png\",\"contentUrl\":\"https:\/\/portaltela.pt\/s.01k8rhncp4jt1\/2025\/11\/talking-bot-125x125.png\",\"caption\":\"Telinha\"},\"sameAs\":[\"https:\/\/portaltela.pt\/\"],\"url\":\"https:\/\/portaltela.pt\/por\/367410592786\/\"}]}<\/script>\n<!-- \/ Yoast SEO plugin. -->","yoast_head_json":{"title":"Francisco Laranjo, um artista inquieto - Portal Tela Portugal","robots":{"index":"index","follow":"follow","max-snippet":"max-snippet:-1","max-image-preview":"max-image-preview:large","max-video-preview":"max-video-preview:-1"},"og_locale":"pt_PT","og_type":"article","og_title":"Francisco Laranjo, um artista inquieto - Portal Tela Portugal","og_description":"Francisco Laranjo \u00e9 apresentado como artista inquieto na not\u00edcia. A exposi\u00e7\u00e3o \"Porto, Dresden, Nagasaki\" encontra-se patente na Casa Comum. A Universidade do Porto reuniu entrevistas de artistas pl\u00e1sticos no volume \"Sempre o invis\u00edvel\". O livro junta conversas com artistas pl\u00e1sticos ligadas ao tema da exposi\u00e7\u00e3o.","og_url":"https:\/\/portaltela.pt\/noticias\/2026\/02\/25\/francisco-laranjo-um-artista-inquieto\/","og_site_name":"Portal Tela Portugal","article_published_time":"2026-02-25T15:00:00+00:00","author":"Telinha","twitter_card":"summary_large_image","twitter_misc":{"Escrito por":"Telinha","Tempo estimado de leitura":"1 minuto"},"schema":{"@context":"https:\/\/schema.org","@graph":[{"@type":"Article","@id":"https:\/\/portaltela.pt\/noticias\/2026\/02\/25\/francisco-laranjo-um-artista-inquieto\/#article","isPartOf":{"@id":"https:\/\/portaltela.pt\/noticias\/2026\/02\/25\/francisco-laranjo-um-artista-inquieto\/"},"author":{"name":"Telinha","@id":"https:\/\/portaltela.pt\/#\/schema\/person\/c4278d4a6028830caff9ee44b42d32ed"},"headline":"Francisco Laranjo, um artista inquieto","datePublished":"2026-02-25T15:00:00+00:00","mainEntityOfPage":{"@id":"https:\/\/portaltela.pt\/noticias\/2026\/02\/25\/francisco-laranjo-um-artista-inquieto\/"},"wordCount":215,"image":{"@id":"https:\/\/portaltela.pt\/noticias\/2026\/02\/25\/francisco-laranjo-um-artista-inquieto\/#primaryimage"},"thumbnailUrl":"https:\/\/portaltela.pt\/s.01k8rhncp4jt1\/2026\/02\/bc3b8365-6a3e-491c-859d-6789eff55a04_1200x675.jpg","keywords":["Artes Pl\u00e1sticas","Cria\u00e7\u00e3o Art\u00edstica","cultura","Porto","universidades"],"articleSection":["Not\u00edcias"],"inLanguage":"pt-PT"},{"@type":"WebPage","@id":"https:\/\/portaltela.pt\/noticias\/2026\/02\/25\/francisco-laranjo-um-artista-inquieto\/","url":"https:\/\/portaltela.pt\/noticias\/2026\/02\/25\/francisco-laranjo-um-artista-inquieto\/","name":"Francisco Laranjo, um artista inquieto - Portal Tela Portugal","isPartOf":{"@id":"https:\/\/portaltela.pt\/#website"},"primaryImageOfPage":{"@id":"https:\/\/portaltela.pt\/noticias\/2026\/02\/25\/francisco-laranjo-um-artista-inquieto\/#primaryimage"},"image":{"@id":"https:\/\/portaltela.pt\/noticias\/2026\/02\/25\/francisco-laranjo-um-artista-inquieto\/#primaryimage"},"thumbnailUrl":"https:\/\/portaltela.pt\/s.01k8rhncp4jt1\/2026\/02\/bc3b8365-6a3e-491c-859d-6789eff55a04_1200x675.jpg","datePublished":"2026-02-25T15:00:00+00:00","author":{"@id":"https:\/\/portaltela.pt\/#\/schema\/person\/c4278d4a6028830caff9ee44b42d32ed"},"breadcrumb":{"@id":"https:\/\/portaltela.pt\/noticias\/2026\/02\/25\/francisco-laranjo-um-artista-inquieto\/#breadcrumb"},"inLanguage":"pt-PT","potentialAction":[{"@type":"ReadAction","target":["https:\/\/portaltela.pt\/noticias\/2026\/02\/25\/francisco-laranjo-um-artista-inquieto\/"]}]},{"@type":"ImageObject","inLanguage":"pt-PT","@id":"https:\/\/portaltela.pt\/noticias\/2026\/02\/25\/francisco-laranjo-um-artista-inquieto\/#primaryimage","url":"https:\/\/portaltela.pt\/s.01k8rhncp4jt1\/2026\/02\/bc3b8365-6a3e-491c-859d-6789eff55a04_1200x675.jpg","contentUrl":"https:\/\/portaltela.pt\/s.01k8rhncp4jt1\/2026\/02\/bc3b8365-6a3e-491c-859d-6789eff55a04_1200x675.jpg","width":796,"height":448,"caption":"Photo"},{"@type":"BreadcrumbList","@id":"https:\/\/portaltela.pt\/noticias\/2026\/02\/25\/francisco-laranjo-um-artista-inquieto\/#breadcrumb","itemListElement":[{"@type":"ListItem","position":1,"name":"In\u00edcio","item":"https:\/\/portaltela.pt\/"},{"@type":"ListItem","position":2,"name":"Francisco Laranjo, um artista inquieto"}]},{"@type":"WebSite","@id":"https:\/\/portaltela.pt\/#website","url":"https:\/\/portaltela.pt\/","name":"Portal Tela Portugal","description":"","potentialAction":[{"@type":"SearchAction","target":{"@type":"EntryPoint","urlTemplate":"https:\/\/portaltela.pt\/?s={search_term_string}"},"query-input":{"@type":"PropertyValueSpecification","valueRequired":true,"valueName":"search_term_string"}}],"inLanguage":"pt-PT"},{"@type":"Person","@id":"https:\/\/portaltela.pt\/#\/schema\/person\/c4278d4a6028830caff9ee44b42d32ed","name":"Telinha","image":{"@type":"ImageObject","inLanguage":"pt-PT","@id":"https:\/\/portaltela.pt\/s.01k8rhncp4jt1\/2025\/11\/talking-bot-125x125.png","url":"https:\/\/portaltela.pt\/s.01k8rhncp4jt1\/2025\/11\/talking-bot-125x125.png","contentUrl":"https:\/\/portaltela.pt\/s.01k8rhncp4jt1\/2025\/11\/talking-bot-125x125.png","caption":"Telinha"},"sameAs":["https:\/\/portaltela.pt\/"],"url":"https:\/\/portaltela.pt\/por\/367410592786\/"}]}},"_links":{"self":[{"href":"https:\/\/portaltela.pt\/api\/wp\/v2\/posts\/225847","targetHints":{"allow":["GET"]}}],"collection":[{"href":"https:\/\/portaltela.pt\/api\/wp\/v2\/posts"}],"about":[{"href":"https:\/\/portaltela.pt\/api\/wp\/v2\/types\/post"}],"author":[{"embeddable":true,"href":"https:\/\/portaltela.pt\/api\/wp\/v2\/users\/2"}],"replies":[{"embeddable":true,"href":"https:\/\/portaltela.pt\/api\/wp\/v2\/comments?post=225847"}],"version-history":[{"count":0,"href":"https:\/\/portaltela.pt\/api\/wp\/v2\/posts\/225847\/revisions"}],"wp:featuredmedia":[{"embeddable":true,"href":"https:\/\/portaltela.pt\/api\/wp\/v2\/media\/225851"}],"wp:attachment":[{"href":"https:\/\/portaltela.pt\/api\/wp\/v2\/media?parent=225847"}],"wp:term":[{"taxonomy":"category","embeddable":true,"href":"https:\/\/portaltela.pt\/api\/wp\/v2\/categories?post=225847"},{"taxonomy":"post_tag","embeddable":true,"href":"https:\/\/portaltela.pt\/api\/wp\/v2\/tags?post=225847"}],"curies":[{"name":"wp","href":"https:\/\/api.w.org\/{rel}","templated":true}]}}