{"id":225820,"date":"2026-02-25T11:43:00","date_gmt":"2026-02-25T14:43:00","guid":{"rendered":"https:\/\/portaltela.pt\/noticias\/2026\/02\/25\/ex-dirigente-condenado-a-pagar-625-euros-por-gravar-jogadoras-no-balneario-2\/"},"modified":"2026-02-25T11:43:00","modified_gmt":"2026-02-25T14:43:00","slug":"ex-dirigente-condenado-a-pagar-625-euros-por-gravar-jogadoras-no-balneario-2","status":"publish","type":"post","link":"https:\/\/portaltela.pt\/desporto\/futebol\/2026\/02\/25\/ex-dirigente-condenado-a-pagar-625-euros-por-gravar-jogadoras-no-balneario-2\/","title":{"rendered":"Ex-dirigente condenado a pagar 625 euros por gravar jogadoras no balne\u00e1rio"},"content":{"rendered":"<p>Um homem de 31 anos foi condenado pela justi\u00e7a austr\u00edaca a sete meses de pris\u00e3o com pena suspensa, al\u00e9m de uma multa de 1.200 euros. O veredito, proferido pelo Tribunal de Feldkirch, considerou-o culpado de gravar jogadoras de futebol nos balne\u00e1rios, gin\u00e1sio e duches do SCR Altach, onde atuou como dirigente entre 2020 e 2025.<\/p>\n<p>Ao todo, cerca de 30 jogadoras foram identificadas como v\u00edtimas, incluindo v\u00e1rias menores. O Tribunal determinou ainda o pagamento de uma indemniza\u00e7\u00e3o por danos morais de 625 euros a cada v\u00edtima, justificando que fotografar para consumo pr\u00f3prio n\u00e3o \u00e9 equivalente a manter o que se gravou.<\/p>\n<p>A defesa da v\u00edtima mais conhecida, a ex-jogadora Eleni Rittmann, acompanhou o desfecho do caso e reagiu publicamente. Em publica\u00e7\u00f5es no Instagram, a comentadora salientou que o respons\u00e1vel era figura de relevo no SCR Altach e questionou se a puni\u00e7\u00e3o seria suficientemente dissuasora, refletindo sobre o impacto na sensa\u00e7\u00e3o de seguran\u00e7a das jogadoras.<\/p>\n<p>Durante o julgamento, foi lida uma declara\u00e7\u00e3o de algumas jogadoras, que descreveu o balne\u00e1rio como espa\u00e7o de perten\u00e7a violado pela a\u00e7\u00e3o do condenado, afetando a confian\u00e7a no futuro ambiente desportivo. O texto tamb\u00e9m destacou o trauma causado pela viola\u00e7\u00e3o da privacidade.<\/p>\n<p>O caso ganhou relev\u00e2ncia nacional, levando a interven\u00e7\u00e3o da Ministra do Desporto, Michaela Schmidt, que classificou os crimes como nojentos e sublinhou a import\u00e2ncia de espa\u00e7os seguros para as atletas. A dirigente destacou a necessidade de prote\u00e7\u00e3o para que as jogadoras possam treinar sem receio.<\/p>\n<p>Segundo o advogado de defesa, os investigadores apreenderam 188 ficheiros de imagem e v\u00eddeo, que n\u00e3o chegaram a ser partilhados, e parte do material foi destru\u00edda. O acusado mostrou solidariedade \u00e0s v\u00edtimas e pediu desculpa pelas suas a\u00e7\u00f5es, reconhecendo a senten\u00e7a.<\/p>\n<p>Embora a senten\u00e7a tenha sido aceite pelo arguido, o Minist\u00e9rio P\u00fablico indicou que pode recorrer, mantendo ainda pendente a possibilidade de an\u00e1lise de recurso. A decis\u00e3o final depende de eventual recurso e do prazo de reflex\u00e3o solicitado pela acusa\u00e7\u00e3o.<\/p>\n","protected":false},"excerpt":{"rendered":"<ul>\n<li>Um homem de 31 anos foi condenado pela justi\u00e7a da \u00c1ustria a sete meses de pris\u00e3o com pena suspensa e a pagar uma multa de 1.200 euros, por ter gravado jogadoras do SCR Altach em balne\u00e1rios, gin\u00e1sio e duches com telem\u00f3vel.<\/li>\n<li>Ele foi dirigente do clube entre 2020 e 2025; cerca de trinta jogadoras identificadas, incluindo menores com menos de 14 anos, s\u00e3o as v\u00edtimas contempladas pela indemniza\u00e7\u00e3o por danos morais de 625 euros a cada uma.<\/li>\n<li>O tribunal de Feldkirch entendeu que as grava\u00e7\u00f5es, feitas apenas para consumo pr\u00f3prio, justificam a indemniza\u00e7\u00e3o, destacando o impacto na privacidade das jogadoras.<\/li>\n<li>As v\u00edtimas leram declara\u00e7\u00f5es em tribunal, descrevendo a sensa\u00e7\u00e3o de balne\u00e1rio \u201ccasa\u201d destru\u00edda e a viola\u00e7\u00e3o da sua intimidade, com preocupa\u00e7\u00e3o sobre a seguran\u00e7a em duches p\u00fablicos.<\/li>\n<li>A acusa\u00e7\u00e3o pode recorrer; o Minist\u00e9rio P\u00fablico pediu tr\u00eas dias para refletir, de modo a decidir sobre a continuidade do processo, n\u00e3o sendo a decis\u00e3o ainda definitiva.<\/li>\n<\/ul>\n","protected":false},"author":2,"featured_media":225828,"comment_status":"closed","ping_status":"closed","sticky":false,"template":"","format":"standard","meta":{"footnotes":""},"categories":[21,24],"tags":[147,152,6125,32,6056,1574],"class_list":["post-225820","post","type-post","status-publish","format-standard","has-post-thumbnail","hentry","category-desporto","category-futebol","tag-crime","tag-desporto","tag-exploracao-de-menores-dependentes","tag-futebol","tag-menores","tag-violacao-de-privacidade"],"yoast_head":"<!-- This site is optimized with the Yoast SEO plugin v27.2 - https:\/\/yoast.com\/product\/yoast-seo-wordpress\/ -->\n<title>Ex-dirigente condenado a pagar 625 euros por gravar jogadoras no balne\u00e1rio - Portal Tela Portugal<\/title>\n<meta name=\"robots\" content=\"index, follow, max-snippet:-1, max-image-preview:large, max-video-preview:-1\" \/>\n<meta property=\"og:locale\" content=\"pt_PT\" \/>\n<meta property=\"og:type\" content=\"article\" \/>\n<meta property=\"og:title\" content=\"Ex-dirigente condenado a pagar 625 euros por gravar jogadoras no balne\u00e1rio - Portal Tela Portugal\" \/>\n<meta property=\"og:description\" content=\"Um homem de 31 anos foi condenado pela justi\u00e7a da \u00c1ustria a sete meses de pris\u00e3o com pena suspensa e a pagar uma multa de 1.200 euros, por ter gravado jogadoras do SCR Altach em balne\u00e1rios, gin\u00e1sio e duches com telem\u00f3vel. Ele foi dirigente do clube entre 2020 e 2025; cerca de trinta jogadoras identificadas, incluindo menores com menos de 14 anos, s\u00e3o as v\u00edtimas contempladas pela indemniza\u00e7\u00e3o por danos morais de 625 euros a cada uma. O tribunal de Feldkirch entendeu que as grava\u00e7\u00f5es, feitas apenas para consumo pr\u00f3prio, justificam a indemniza\u00e7\u00e3o, destacando o impacto na privacidade das jogadoras. As v\u00edtimas leram declara\u00e7\u00f5es em tribunal, descrevendo a sensa\u00e7\u00e3o de balne\u00e1rio \u201ccasa\u201d destru\u00edda e a viola\u00e7\u00e3o da sua intimidade, com preocupa\u00e7\u00e3o sobre a seguran\u00e7a em duches p\u00fablicos. A acusa\u00e7\u00e3o pode recorrer; o Minist\u00e9rio P\u00fablico pediu tr\u00eas dias para refletir, de modo a decidir sobre a continuidade do processo, n\u00e3o sendo a decis\u00e3o ainda definitiva.\" \/>\n<meta property=\"og:url\" content=\"https:\/\/portaltela.pt\/noticias\/2026\/02\/25\/ex-dirigente-condenado-a-pagar-625-euros-por-gravar-jogadoras-no-balneario-2\/\" \/>\n<meta property=\"og:site_name\" content=\"Portal Tela Portugal\" \/>\n<meta property=\"article:published_time\" content=\"2026-02-25T14:43:00+00:00\" \/>\n<meta name=\"author\" content=\"Telinha\" \/>\n<meta name=\"twitter:card\" content=\"summary_large_image\" \/>\n<meta name=\"twitter:label1\" content=\"Escrito por\" \/>\n\t<meta name=\"twitter:data1\" content=\"Telinha\" \/>\n\t<meta name=\"twitter:label2\" content=\"Tempo estimado de leitura\" \/>\n\t<meta name=\"twitter:data2\" content=\"2 minutos\" \/>\n<script type=\"application\/ld+json\" class=\"yoast-schema-graph\">{\"@context\":\"https:\/\/schema.org\",\"@graph\":[{\"@type\":\"Article\",\"@id\":\"https:\/\/portaltela.pt\/noticias\/2026\/02\/25\/ex-dirigente-condenado-a-pagar-625-euros-por-gravar-jogadoras-no-balneario-2\/#article\",\"isPartOf\":{\"@id\":\"https:\/\/portaltela.pt\/noticias\/2026\/02\/25\/ex-dirigente-condenado-a-pagar-625-euros-por-gravar-jogadoras-no-balneario-2\/\"},\"author\":{\"name\":\"Telinha\",\"@id\":\"https:\/\/portaltela.pt\/#\/schema\/person\/c4278d4a6028830caff9ee44b42d32ed\"},\"headline\":\"Ex-dirigente condenado a pagar 625 euros por gravar jogadoras no balne\u00e1rio\",\"datePublished\":\"2026-02-25T14:43:00+00:00\",\"mainEntityOfPage\":{\"@id\":\"https:\/\/portaltela.pt\/noticias\/2026\/02\/25\/ex-dirigente-condenado-a-pagar-625-euros-por-gravar-jogadoras-no-balneario-2\/\"},\"wordCount\":367,\"image\":{\"@id\":\"https:\/\/portaltela.pt\/noticias\/2026\/02\/25\/ex-dirigente-condenado-a-pagar-625-euros-por-gravar-jogadoras-no-balneario-2\/#primaryimage\"},\"thumbnailUrl\":\"https:\/\/portaltela.pt\/s.01k8rhncp4jt1\/2026\/02\/img_1500x1000uu2026-02-25-14-41-28-2268938.jpg\",\"keywords\":[\"crime\",\"desporto\",\"explora\u00e7\u00e3o de menores dependentes\",\"futebol\",\"menores\",\"viola\u00e7\u00e3o de privacidade\"],\"articleSection\":[\"Desporto\",\"Futebol\"],\"inLanguage\":\"pt-PT\"},{\"@type\":\"WebPage\",\"@id\":\"https:\/\/portaltela.pt\/noticias\/2026\/02\/25\/ex-dirigente-condenado-a-pagar-625-euros-por-gravar-jogadoras-no-balneario-2\/\",\"url\":\"https:\/\/portaltela.pt\/noticias\/2026\/02\/25\/ex-dirigente-condenado-a-pagar-625-euros-por-gravar-jogadoras-no-balneario-2\/\",\"name\":\"Ex-dirigente condenado a pagar 625 euros por gravar jogadoras no balne\u00e1rio - Portal Tela Portugal\",\"isPartOf\":{\"@id\":\"https:\/\/portaltela.pt\/#website\"},\"primaryImageOfPage\":{\"@id\":\"https:\/\/portaltela.pt\/noticias\/2026\/02\/25\/ex-dirigente-condenado-a-pagar-625-euros-por-gravar-jogadoras-no-balneario-2\/#primaryimage\"},\"image\":{\"@id\":\"https:\/\/portaltela.pt\/noticias\/2026\/02\/25\/ex-dirigente-condenado-a-pagar-625-euros-por-gravar-jogadoras-no-balneario-2\/#primaryimage\"},\"thumbnailUrl\":\"https:\/\/portaltela.pt\/s.01k8rhncp4jt1\/2026\/02\/img_1500x1000uu2026-02-25-14-41-28-2268938.jpg\",\"datePublished\":\"2026-02-25T14:43:00+00:00\",\"author\":{\"@id\":\"https:\/\/portaltela.pt\/#\/schema\/person\/c4278d4a6028830caff9ee44b42d32ed\"},\"breadcrumb\":{\"@id\":\"https:\/\/portaltela.pt\/noticias\/2026\/02\/25\/ex-dirigente-condenado-a-pagar-625-euros-por-gravar-jogadoras-no-balneario-2\/#breadcrumb\"},\"inLanguage\":\"pt-PT\",\"potentialAction\":[{\"@type\":\"ReadAction\",\"target\":[\"https:\/\/portaltela.pt\/noticias\/2026\/02\/25\/ex-dirigente-condenado-a-pagar-625-euros-por-gravar-jogadoras-no-balneario-2\/\"]}]},{\"@type\":\"ImageObject\",\"inLanguage\":\"pt-PT\",\"@id\":\"https:\/\/portaltela.pt\/noticias\/2026\/02\/25\/ex-dirigente-condenado-a-pagar-625-euros-por-gravar-jogadoras-no-balneario-2\/#primaryimage\",\"url\":\"https:\/\/portaltela.pt\/s.01k8rhncp4jt1\/2026\/02\/img_1500x1000uu2026-02-25-14-41-28-2268938.jpg\",\"contentUrl\":\"https:\/\/portaltela.pt\/s.01k8rhncp4jt1\/2026\/02\/img_1500x1000uu2026-02-25-14-41-28-2268938.jpg\",\"width\":796,\"height\":448,\"caption\":\"Vista geral do Est\u00e1dio do SCR Altach\"},{\"@type\":\"BreadcrumbList\",\"@id\":\"https:\/\/portaltela.pt\/noticias\/2026\/02\/25\/ex-dirigente-condenado-a-pagar-625-euros-por-gravar-jogadoras-no-balneario-2\/#breadcrumb\",\"itemListElement\":[{\"@type\":\"ListItem\",\"position\":1,\"name\":\"In\u00edcio\",\"item\":\"https:\/\/portaltela.pt\/\"},{\"@type\":\"ListItem\",\"position\":2,\"name\":\"Ex-dirigente condenado a pagar 625 euros por gravar jogadoras no balne\u00e1rio\"}]},{\"@type\":\"WebSite\",\"@id\":\"https:\/\/portaltela.pt\/#website\",\"url\":\"https:\/\/portaltela.pt\/\",\"name\":\"Portal Tela Portugal\",\"description\":\"\",\"potentialAction\":[{\"@type\":\"SearchAction\",\"target\":{\"@type\":\"EntryPoint\",\"urlTemplate\":\"https:\/\/portaltela.pt\/?s={search_term_string}\"},\"query-input\":{\"@type\":\"PropertyValueSpecification\",\"valueRequired\":true,\"valueName\":\"search_term_string\"}}],\"inLanguage\":\"pt-PT\"},{\"@type\":\"Person\",\"@id\":\"https:\/\/portaltela.pt\/#\/schema\/person\/c4278d4a6028830caff9ee44b42d32ed\",\"name\":\"Telinha\",\"image\":{\"@type\":\"ImageObject\",\"inLanguage\":\"pt-PT\",\"@id\":\"https:\/\/portaltela.pt\/s.01k8rhncp4jt1\/2025\/11\/talking-bot-125x125.png\",\"url\":\"https:\/\/portaltela.pt\/s.01k8rhncp4jt1\/2025\/11\/talking-bot-125x125.png\",\"contentUrl\":\"https:\/\/portaltela.pt\/s.01k8rhncp4jt1\/2025\/11\/talking-bot-125x125.png\",\"caption\":\"Telinha\"},\"sameAs\":[\"https:\/\/portaltela.pt\/\"],\"url\":\"https:\/\/portaltela.pt\/por\/367410592786\/\"}]}<\/script>\n<!-- \/ Yoast SEO plugin. -->","yoast_head_json":{"title":"Ex-dirigente condenado a pagar 625 euros por gravar jogadoras no balne\u00e1rio - Portal Tela Portugal","robots":{"index":"index","follow":"follow","max-snippet":"max-snippet:-1","max-image-preview":"max-image-preview:large","max-video-preview":"max-video-preview:-1"},"og_locale":"pt_PT","og_type":"article","og_title":"Ex-dirigente condenado a pagar 625 euros por gravar jogadoras no balne\u00e1rio - Portal Tela Portugal","og_description":"Um homem de 31 anos foi condenado pela justi\u00e7a da \u00c1ustria a sete meses de pris\u00e3o com pena suspensa e a pagar uma multa de 1.200 euros, por ter gravado jogadoras do SCR Altach em balne\u00e1rios, gin\u00e1sio e duches com telem\u00f3vel. Ele foi dirigente do clube entre 2020 e 2025; cerca de trinta jogadoras identificadas, incluindo menores com menos de 14 anos, s\u00e3o as v\u00edtimas contempladas pela indemniza\u00e7\u00e3o por danos morais de 625 euros a cada uma. O tribunal de Feldkirch entendeu que as grava\u00e7\u00f5es, feitas apenas para consumo pr\u00f3prio, justificam a indemniza\u00e7\u00e3o, destacando o impacto na privacidade das jogadoras. As v\u00edtimas leram declara\u00e7\u00f5es em tribunal, descrevendo a sensa\u00e7\u00e3o de balne\u00e1rio \u201ccasa\u201d destru\u00edda e a viola\u00e7\u00e3o da sua intimidade, com preocupa\u00e7\u00e3o sobre a seguran\u00e7a em duches p\u00fablicos. A acusa\u00e7\u00e3o pode recorrer; o Minist\u00e9rio P\u00fablico pediu tr\u00eas dias para refletir, de modo a decidir sobre a continuidade do processo, n\u00e3o sendo a decis\u00e3o ainda definitiva.","og_url":"https:\/\/portaltela.pt\/noticias\/2026\/02\/25\/ex-dirigente-condenado-a-pagar-625-euros-por-gravar-jogadoras-no-balneario-2\/","og_site_name":"Portal Tela Portugal","article_published_time":"2026-02-25T14:43:00+00:00","author":"Telinha","twitter_card":"summary_large_image","twitter_misc":{"Escrito por":"Telinha","Tempo estimado de leitura":"2 minutos"},"schema":{"@context":"https:\/\/schema.org","@graph":[{"@type":"Article","@id":"https:\/\/portaltela.pt\/noticias\/2026\/02\/25\/ex-dirigente-condenado-a-pagar-625-euros-por-gravar-jogadoras-no-balneario-2\/#article","isPartOf":{"@id":"https:\/\/portaltela.pt\/noticias\/2026\/02\/25\/ex-dirigente-condenado-a-pagar-625-euros-por-gravar-jogadoras-no-balneario-2\/"},"author":{"name":"Telinha","@id":"https:\/\/portaltela.pt\/#\/schema\/person\/c4278d4a6028830caff9ee44b42d32ed"},"headline":"Ex-dirigente condenado a pagar 625 euros por gravar jogadoras no balne\u00e1rio","datePublished":"2026-02-25T14:43:00+00:00","mainEntityOfPage":{"@id":"https:\/\/portaltela.pt\/noticias\/2026\/02\/25\/ex-dirigente-condenado-a-pagar-625-euros-por-gravar-jogadoras-no-balneario-2\/"},"wordCount":367,"image":{"@id":"https:\/\/portaltela.pt\/noticias\/2026\/02\/25\/ex-dirigente-condenado-a-pagar-625-euros-por-gravar-jogadoras-no-balneario-2\/#primaryimage"},"thumbnailUrl":"https:\/\/portaltela.pt\/s.01k8rhncp4jt1\/2026\/02\/img_1500x1000uu2026-02-25-14-41-28-2268938.jpg","keywords":["crime","desporto","explora\u00e7\u00e3o de menores dependentes","futebol","menores","viola\u00e7\u00e3o de privacidade"],"articleSection":["Desporto","Futebol"],"inLanguage":"pt-PT"},{"@type":"WebPage","@id":"https:\/\/portaltela.pt\/noticias\/2026\/02\/25\/ex-dirigente-condenado-a-pagar-625-euros-por-gravar-jogadoras-no-balneario-2\/","url":"https:\/\/portaltela.pt\/noticias\/2026\/02\/25\/ex-dirigente-condenado-a-pagar-625-euros-por-gravar-jogadoras-no-balneario-2\/","name":"Ex-dirigente condenado a pagar 625 euros por gravar jogadoras no balne\u00e1rio - Portal Tela Portugal","isPartOf":{"@id":"https:\/\/portaltela.pt\/#website"},"primaryImageOfPage":{"@id":"https:\/\/portaltela.pt\/noticias\/2026\/02\/25\/ex-dirigente-condenado-a-pagar-625-euros-por-gravar-jogadoras-no-balneario-2\/#primaryimage"},"image":{"@id":"https:\/\/portaltela.pt\/noticias\/2026\/02\/25\/ex-dirigente-condenado-a-pagar-625-euros-por-gravar-jogadoras-no-balneario-2\/#primaryimage"},"thumbnailUrl":"https:\/\/portaltela.pt\/s.01k8rhncp4jt1\/2026\/02\/img_1500x1000uu2026-02-25-14-41-28-2268938.jpg","datePublished":"2026-02-25T14:43:00+00:00","author":{"@id":"https:\/\/portaltela.pt\/#\/schema\/person\/c4278d4a6028830caff9ee44b42d32ed"},"breadcrumb":{"@id":"https:\/\/portaltela.pt\/noticias\/2026\/02\/25\/ex-dirigente-condenado-a-pagar-625-euros-por-gravar-jogadoras-no-balneario-2\/#breadcrumb"},"inLanguage":"pt-PT","potentialAction":[{"@type":"ReadAction","target":["https:\/\/portaltela.pt\/noticias\/2026\/02\/25\/ex-dirigente-condenado-a-pagar-625-euros-por-gravar-jogadoras-no-balneario-2\/"]}]},{"@type":"ImageObject","inLanguage":"pt-PT","@id":"https:\/\/portaltela.pt\/noticias\/2026\/02\/25\/ex-dirigente-condenado-a-pagar-625-euros-por-gravar-jogadoras-no-balneario-2\/#primaryimage","url":"https:\/\/portaltela.pt\/s.01k8rhncp4jt1\/2026\/02\/img_1500x1000uu2026-02-25-14-41-28-2268938.jpg","contentUrl":"https:\/\/portaltela.pt\/s.01k8rhncp4jt1\/2026\/02\/img_1500x1000uu2026-02-25-14-41-28-2268938.jpg","width":796,"height":448,"caption":"Vista geral do Est\u00e1dio do SCR Altach"},{"@type":"BreadcrumbList","@id":"https:\/\/portaltela.pt\/noticias\/2026\/02\/25\/ex-dirigente-condenado-a-pagar-625-euros-por-gravar-jogadoras-no-balneario-2\/#breadcrumb","itemListElement":[{"@type":"ListItem","position":1,"name":"In\u00edcio","item":"https:\/\/portaltela.pt\/"},{"@type":"ListItem","position":2,"name":"Ex-dirigente condenado a pagar 625 euros por gravar jogadoras no balne\u00e1rio"}]},{"@type":"WebSite","@id":"https:\/\/portaltela.pt\/#website","url":"https:\/\/portaltela.pt\/","name":"Portal Tela Portugal","description":"","potentialAction":[{"@type":"SearchAction","target":{"@type":"EntryPoint","urlTemplate":"https:\/\/portaltela.pt\/?s={search_term_string}"},"query-input":{"@type":"PropertyValueSpecification","valueRequired":true,"valueName":"search_term_string"}}],"inLanguage":"pt-PT"},{"@type":"Person","@id":"https:\/\/portaltela.pt\/#\/schema\/person\/c4278d4a6028830caff9ee44b42d32ed","name":"Telinha","image":{"@type":"ImageObject","inLanguage":"pt-PT","@id":"https:\/\/portaltela.pt\/s.01k8rhncp4jt1\/2025\/11\/talking-bot-125x125.png","url":"https:\/\/portaltela.pt\/s.01k8rhncp4jt1\/2025\/11\/talking-bot-125x125.png","contentUrl":"https:\/\/portaltela.pt\/s.01k8rhncp4jt1\/2025\/11\/talking-bot-125x125.png","caption":"Telinha"},"sameAs":["https:\/\/portaltela.pt\/"],"url":"https:\/\/portaltela.pt\/por\/367410592786\/"}]}},"_links":{"self":[{"href":"https:\/\/portaltela.pt\/api\/wp\/v2\/posts\/225820","targetHints":{"allow":["GET"]}}],"collection":[{"href":"https:\/\/portaltela.pt\/api\/wp\/v2\/posts"}],"about":[{"href":"https:\/\/portaltela.pt\/api\/wp\/v2\/types\/post"}],"author":[{"embeddable":true,"href":"https:\/\/portaltela.pt\/api\/wp\/v2\/users\/2"}],"replies":[{"embeddable":true,"href":"https:\/\/portaltela.pt\/api\/wp\/v2\/comments?post=225820"}],"version-history":[{"count":0,"href":"https:\/\/portaltela.pt\/api\/wp\/v2\/posts\/225820\/revisions"}],"wp:featuredmedia":[{"embeddable":true,"href":"https:\/\/portaltela.pt\/api\/wp\/v2\/media\/225828"}],"wp:attachment":[{"href":"https:\/\/portaltela.pt\/api\/wp\/v2\/media?parent=225820"}],"wp:term":[{"taxonomy":"category","embeddable":true,"href":"https:\/\/portaltela.pt\/api\/wp\/v2\/categories?post=225820"},{"taxonomy":"post_tag","embeddable":true,"href":"https:\/\/portaltela.pt\/api\/wp\/v2\/tags?post=225820"}],"curies":[{"name":"wp","href":"https:\/\/api.w.org\/{rel}","templated":true}]}}