{"id":225814,"date":"2026-02-25T11:40:14","date_gmt":"2026-02-25T14:40:14","guid":{"rendered":"https:\/\/portaltela.pt\/noticias\/2026\/02\/25\/fc-porto-regressa-aos-treinos-com-subida-de-patamar-de-tres-jogadores\/"},"modified":"2026-02-25T11:40:14","modified_gmt":"2026-02-25T14:40:14","slug":"fc-porto-regressa-aos-treinos-com-subida-de-patamar-de-tres-jogadores","status":"publish","type":"post","link":"https:\/\/portaltela.pt\/desporto\/futebol\/2026\/02\/25\/fc-porto-regressa-aos-treinos-com-subida-de-patamar-de-tres-jogadores\/","title":{"rendered":"FC Porto regressa aos treinos com subida de patamar de tr\u00eas jogadores"},"content":{"rendered":"<p>Boas not\u00edcias para o FC Porto no regresso aos treinos, esta quarta-feira. Doze jogadores constam no registo de presen\u00e7a da sess\u00e3o, com tr\u00eas a avan\u00e7arem para treino integrado condicionado, sinal de melhoria nas respetivas recupera\u00e7\u00f5es.<\/p>\n<p>Kiwior registou a evolu\u00e7\u00e3o mais significativa, passando a treinar j\u00e1 num regime integrado condicionado. A evolu\u00e7\u00e3o aproxima-o da rece\u00e7\u00e3o ao Arouca, na sexta-feira, embora o treinador Francesco Farioli possa n\u00e3o o convocar de imediato.<\/p>\n<p>Thiago Silva e Martim Fernandes tamb\u00e9m evolu\u00edram, com o central a prosseguir treino no gin\u00e1sio e o defesa-direito a cumprir treino condicionado. Inalteradas continuam as situa\u00e7\u00f5es de Nehu\u00e9n P\u00e9rez (treino condicionado), Luuk de Jong (tratamento e gin\u00e1sio) e Samu (tratamento), numa sess\u00e3o marcada pela presen\u00e7a de jogadores da equipa B.<\/p>\n<h3>Elementos adicionais e pr\u00f3ximos passos<\/h3>\n<p>Farioli falou aos jornalistas na sess\u00e3o de hoje, recordando que a sess\u00e3o de antevis\u00e3o ao encontro com o Arouca ser\u00e1 amanh\u00e3, pelas 12h45, no Olival. O t\u00e9cnico explicou que a avalia\u00e7\u00e3o de cada jogador continuar\u00e1 a orientar as escolhas para o encontro.<\/p>\n","protected":false},"excerpt":{"rendered":"<ul>\n<li>Kiwior passou a treinar integrado condicionado e pode ficar dispon\u00edvel para receber o Arouca, na sexta-feira, embora o treinador possa n\u00e3o o chamar.<\/li>\n<li>Thiago Silva e Martim Fernandes tamb\u00e9m evolu\u00edram: o central j\u00e1 faz gin\u00e1sio e o defesa-direito treina condicionado.<\/li>\n<li>Nehu\u00e9n P\u00e9rez permanece em treino condicionado; Luuk de Jong est\u00e1 em tratamento e gin\u00e1sio; Samu continua em tratamento.<\/li>\n<li>Francesco Farioli chamou cinco jogadores da equipa B \u2014 Lu\u00eds Gomes, Andr\u00e9 Oliveira, Mateus Mide, Tiago Andrade e Andr\u00e9 Miranda.<\/li>\n<li>A confer\u00eancia de imprensa sobre a rece\u00e7\u00e3o ao Arouca est\u00e1 marcada para quinta-feira, \u00e0s 12h45, no Olival.<\/li>\n<\/ul>\n","protected":false},"author":2,"featured_media":225825,"comment_status":"closed","ping_status":"closed","sticky":false,"template":"","format":"standard","meta":{"footnotes":""},"categories":[21,24],"tags":[2028,32,5910,4045,982,3037],"class_list":["post-225814","post","type-post","status-publish","format-standard","has-post-thumbnail","hentry","category-desporto","category-futebol","tag-fc-porto","tag-futebol","tag-martim-fernandes","tag-nehuen-perez","tag-porto","tag-thiago-silva"],"yoast_head":"<!-- This site is optimized with the Yoast SEO plugin v27.2 - https:\/\/yoast.com\/product\/yoast-seo-wordpress\/ -->\n<title>FC Porto regressa aos treinos com subida de patamar de tr\u00eas jogadores - Portal Tela Portugal<\/title>\n<meta name=\"robots\" content=\"index, follow, max-snippet:-1, max-image-preview:large, max-video-preview:-1\" \/>\n<meta property=\"og:locale\" content=\"pt_PT\" \/>\n<meta property=\"og:type\" content=\"article\" \/>\n<meta property=\"og:title\" content=\"FC Porto regressa aos treinos com subida de patamar de tr\u00eas jogadores - Portal Tela Portugal\" \/>\n<meta property=\"og:description\" content=\"Kiwior passou a treinar integrado condicionado e pode ficar dispon\u00edvel para receber o Arouca, na sexta-feira, embora o treinador possa n\u00e3o o chamar. Thiago Silva e Martim Fernandes tamb\u00e9m evolu\u00edram: o central j\u00e1 faz gin\u00e1sio e o defesa-direito treina condicionado. Nehu\u00e9n P\u00e9rez permanece em treino condicionado; Luuk de Jong est\u00e1 em tratamento e gin\u00e1sio; Samu continua em tratamento. Francesco Farioli chamou cinco jogadores da equipa B \u2014 Lu\u00eds Gomes, Andr\u00e9 Oliveira, Mateus Mide, Tiago Andrade e Andr\u00e9 Miranda. A confer\u00eancia de imprensa sobre a rece\u00e7\u00e3o ao Arouca est\u00e1 marcada para quinta-feira, \u00e0s 12h45, no Olival.\" \/>\n<meta property=\"og:url\" content=\"https:\/\/portaltela.pt\/noticias\/2026\/02\/25\/fc-porto-regressa-aos-treinos-com-subida-de-patamar-de-tres-jogadores\/\" \/>\n<meta property=\"og:site_name\" content=\"Portal Tela Portugal\" \/>\n<meta property=\"article:published_time\" content=\"2026-02-25T14:40:14+00:00\" \/>\n<meta name=\"author\" content=\"Telinha\" \/>\n<meta name=\"twitter:card\" content=\"summary_large_image\" \/>\n<meta name=\"twitter:label1\" content=\"Escrito por\" \/>\n\t<meta name=\"twitter:data1\" content=\"Telinha\" \/>\n\t<meta name=\"twitter:label2\" content=\"Tempo estimado de leitura\" \/>\n\t<meta name=\"twitter:data2\" content=\"1 minuto\" \/>\n<script type=\"application\/ld+json\" class=\"yoast-schema-graph\">{\"@context\":\"https:\/\/schema.org\",\"@graph\":[{\"@type\":\"Article\",\"@id\":\"https:\/\/portaltela.pt\/noticias\/2026\/02\/25\/fc-porto-regressa-aos-treinos-com-subida-de-patamar-de-tres-jogadores\/#article\",\"isPartOf\":{\"@id\":\"https:\/\/portaltela.pt\/noticias\/2026\/02\/25\/fc-porto-regressa-aos-treinos-com-subida-de-patamar-de-tres-jogadores\/\"},\"author\":{\"name\":\"Telinha\",\"@id\":\"https:\/\/portaltela.pt\/#\/schema\/person\/c4278d4a6028830caff9ee44b42d32ed\"},\"headline\":\"FC Porto regressa aos treinos com subida de patamar de tr\u00eas jogadores\",\"datePublished\":\"2026-02-25T14:40:14+00:00\",\"mainEntityOfPage\":{\"@id\":\"https:\/\/portaltela.pt\/noticias\/2026\/02\/25\/fc-porto-regressa-aos-treinos-com-subida-de-patamar-de-tres-jogadores\/\"},\"wordCount\":204,\"image\":{\"@id\":\"https:\/\/portaltela.pt\/noticias\/2026\/02\/25\/fc-porto-regressa-aos-treinos-com-subida-de-patamar-de-tres-jogadores\/#primaryimage\"},\"thumbnailUrl\":\"https:\/\/portaltela.pt\/s.01k8rhncp4jt1\/2026\/02\/img_1200x721uu2026-02-25-09-58-19-2423570-1.jpg\",\"keywords\":[\"FC Porto\",\"futebol\",\"Martim Fernandes\",\"Nehu\u00e9n P\u00e9rez\",\"Porto\",\"Thiago Silva\"],\"articleSection\":[\"Desporto\",\"Futebol\"],\"inLanguage\":\"pt-PT\"},{\"@type\":\"WebPage\",\"@id\":\"https:\/\/portaltela.pt\/noticias\/2026\/02\/25\/fc-porto-regressa-aos-treinos-com-subida-de-patamar-de-tres-jogadores\/\",\"url\":\"https:\/\/portaltela.pt\/noticias\/2026\/02\/25\/fc-porto-regressa-aos-treinos-com-subida-de-patamar-de-tres-jogadores\/\",\"name\":\"FC Porto regressa aos treinos com subida de patamar de tr\u00eas jogadores - Portal Tela Portugal\",\"isPartOf\":{\"@id\":\"https:\/\/portaltela.pt\/#website\"},\"primaryImageOfPage\":{\"@id\":\"https:\/\/portaltela.pt\/noticias\/2026\/02\/25\/fc-porto-regressa-aos-treinos-com-subida-de-patamar-de-tres-jogadores\/#primaryimage\"},\"image\":{\"@id\":\"https:\/\/portaltela.pt\/noticias\/2026\/02\/25\/fc-porto-regressa-aos-treinos-com-subida-de-patamar-de-tres-jogadores\/#primaryimage\"},\"thumbnailUrl\":\"https:\/\/portaltela.pt\/s.01k8rhncp4jt1\/2026\/02\/img_1200x721uu2026-02-25-09-58-19-2423570-1.jpg\",\"datePublished\":\"2026-02-25T14:40:14+00:00\",\"author\":{\"@id\":\"https:\/\/portaltela.pt\/#\/schema\/person\/c4278d4a6028830caff9ee44b42d32ed\"},\"breadcrumb\":{\"@id\":\"https:\/\/portaltela.pt\/noticias\/2026\/02\/25\/fc-porto-regressa-aos-treinos-com-subida-de-patamar-de-tres-jogadores\/#breadcrumb\"},\"inLanguage\":\"pt-PT\",\"potentialAction\":[{\"@type\":\"ReadAction\",\"target\":[\"https:\/\/portaltela.pt\/noticias\/2026\/02\/25\/fc-porto-regressa-aos-treinos-com-subida-de-patamar-de-tres-jogadores\/\"]}]},{\"@type\":\"ImageObject\",\"inLanguage\":\"pt-PT\",\"@id\":\"https:\/\/portaltela.pt\/noticias\/2026\/02\/25\/fc-porto-regressa-aos-treinos-com-subida-de-patamar-de-tres-jogadores\/#primaryimage\",\"url\":\"https:\/\/portaltela.pt\/s.01k8rhncp4jt1\/2026\/02\/img_1200x721uu2026-02-25-09-58-19-2423570-1.jpg\",\"contentUrl\":\"https:\/\/portaltela.pt\/s.01k8rhncp4jt1\/2026\/02\/img_1200x721uu2026-02-25-09-58-19-2423570-1.jpg\",\"width\":796,\"height\":448,\"caption\":\"Tr\u00eas drag\u00f5es sobem de patamar no regresso do FC Porto aos trabalhos\"},{\"@type\":\"BreadcrumbList\",\"@id\":\"https:\/\/portaltela.pt\/noticias\/2026\/02\/25\/fc-porto-regressa-aos-treinos-com-subida-de-patamar-de-tres-jogadores\/#breadcrumb\",\"itemListElement\":[{\"@type\":\"ListItem\",\"position\":1,\"name\":\"In\u00edcio\",\"item\":\"https:\/\/portaltela.pt\/\"},{\"@type\":\"ListItem\",\"position\":2,\"name\":\"FC Porto regressa aos treinos com subida de patamar de tr\u00eas jogadores\"}]},{\"@type\":\"WebSite\",\"@id\":\"https:\/\/portaltela.pt\/#website\",\"url\":\"https:\/\/portaltela.pt\/\",\"name\":\"Portal Tela Portugal\",\"description\":\"\",\"potentialAction\":[{\"@type\":\"SearchAction\",\"target\":{\"@type\":\"EntryPoint\",\"urlTemplate\":\"https:\/\/portaltela.pt\/?s={search_term_string}\"},\"query-input\":{\"@type\":\"PropertyValueSpecification\",\"valueRequired\":true,\"valueName\":\"search_term_string\"}}],\"inLanguage\":\"pt-PT\"},{\"@type\":\"Person\",\"@id\":\"https:\/\/portaltela.pt\/#\/schema\/person\/c4278d4a6028830caff9ee44b42d32ed\",\"name\":\"Telinha\",\"image\":{\"@type\":\"ImageObject\",\"inLanguage\":\"pt-PT\",\"@id\":\"https:\/\/portaltela.pt\/s.01k8rhncp4jt1\/2025\/11\/talking-bot-125x125.png\",\"url\":\"https:\/\/portaltela.pt\/s.01k8rhncp4jt1\/2025\/11\/talking-bot-125x125.png\",\"contentUrl\":\"https:\/\/portaltela.pt\/s.01k8rhncp4jt1\/2025\/11\/talking-bot-125x125.png\",\"caption\":\"Telinha\"},\"sameAs\":[\"https:\/\/portaltela.pt\/\"],\"url\":\"https:\/\/portaltela.pt\/por\/367410592786\/\"}]}<\/script>\n<!-- \/ Yoast SEO plugin. -->","yoast_head_json":{"title":"FC Porto regressa aos treinos com subida de patamar de tr\u00eas jogadores - Portal Tela Portugal","robots":{"index":"index","follow":"follow","max-snippet":"max-snippet:-1","max-image-preview":"max-image-preview:large","max-video-preview":"max-video-preview:-1"},"og_locale":"pt_PT","og_type":"article","og_title":"FC Porto regressa aos treinos com subida de patamar de tr\u00eas jogadores - Portal Tela Portugal","og_description":"Kiwior passou a treinar integrado condicionado e pode ficar dispon\u00edvel para receber o Arouca, na sexta-feira, embora o treinador possa n\u00e3o o chamar. Thiago Silva e Martim Fernandes tamb\u00e9m evolu\u00edram: o central j\u00e1 faz gin\u00e1sio e o defesa-direito treina condicionado. Nehu\u00e9n P\u00e9rez permanece em treino condicionado; Luuk de Jong est\u00e1 em tratamento e gin\u00e1sio; Samu continua em tratamento. Francesco Farioli chamou cinco jogadores da equipa B \u2014 Lu\u00eds Gomes, Andr\u00e9 Oliveira, Mateus Mide, Tiago Andrade e Andr\u00e9 Miranda. A confer\u00eancia de imprensa sobre a rece\u00e7\u00e3o ao Arouca est\u00e1 marcada para quinta-feira, \u00e0s 12h45, no Olival.","og_url":"https:\/\/portaltela.pt\/noticias\/2026\/02\/25\/fc-porto-regressa-aos-treinos-com-subida-de-patamar-de-tres-jogadores\/","og_site_name":"Portal Tela Portugal","article_published_time":"2026-02-25T14:40:14+00:00","author":"Telinha","twitter_card":"summary_large_image","twitter_misc":{"Escrito por":"Telinha","Tempo estimado de leitura":"1 minuto"},"schema":{"@context":"https:\/\/schema.org","@graph":[{"@type":"Article","@id":"https:\/\/portaltela.pt\/noticias\/2026\/02\/25\/fc-porto-regressa-aos-treinos-com-subida-de-patamar-de-tres-jogadores\/#article","isPartOf":{"@id":"https:\/\/portaltela.pt\/noticias\/2026\/02\/25\/fc-porto-regressa-aos-treinos-com-subida-de-patamar-de-tres-jogadores\/"},"author":{"name":"Telinha","@id":"https:\/\/portaltela.pt\/#\/schema\/person\/c4278d4a6028830caff9ee44b42d32ed"},"headline":"FC Porto regressa aos treinos com subida de patamar de tr\u00eas jogadores","datePublished":"2026-02-25T14:40:14+00:00","mainEntityOfPage":{"@id":"https:\/\/portaltela.pt\/noticias\/2026\/02\/25\/fc-porto-regressa-aos-treinos-com-subida-de-patamar-de-tres-jogadores\/"},"wordCount":204,"image":{"@id":"https:\/\/portaltela.pt\/noticias\/2026\/02\/25\/fc-porto-regressa-aos-treinos-com-subida-de-patamar-de-tres-jogadores\/#primaryimage"},"thumbnailUrl":"https:\/\/portaltela.pt\/s.01k8rhncp4jt1\/2026\/02\/img_1200x721uu2026-02-25-09-58-19-2423570-1.jpg","keywords":["FC Porto","futebol","Martim Fernandes","Nehu\u00e9n P\u00e9rez","Porto","Thiago Silva"],"articleSection":["Desporto","Futebol"],"inLanguage":"pt-PT"},{"@type":"WebPage","@id":"https:\/\/portaltela.pt\/noticias\/2026\/02\/25\/fc-porto-regressa-aos-treinos-com-subida-de-patamar-de-tres-jogadores\/","url":"https:\/\/portaltela.pt\/noticias\/2026\/02\/25\/fc-porto-regressa-aos-treinos-com-subida-de-patamar-de-tres-jogadores\/","name":"FC Porto regressa aos treinos com subida de patamar de tr\u00eas jogadores - Portal Tela Portugal","isPartOf":{"@id":"https:\/\/portaltela.pt\/#website"},"primaryImageOfPage":{"@id":"https:\/\/portaltela.pt\/noticias\/2026\/02\/25\/fc-porto-regressa-aos-treinos-com-subida-de-patamar-de-tres-jogadores\/#primaryimage"},"image":{"@id":"https:\/\/portaltela.pt\/noticias\/2026\/02\/25\/fc-porto-regressa-aos-treinos-com-subida-de-patamar-de-tres-jogadores\/#primaryimage"},"thumbnailUrl":"https:\/\/portaltela.pt\/s.01k8rhncp4jt1\/2026\/02\/img_1200x721uu2026-02-25-09-58-19-2423570-1.jpg","datePublished":"2026-02-25T14:40:14+00:00","author":{"@id":"https:\/\/portaltela.pt\/#\/schema\/person\/c4278d4a6028830caff9ee44b42d32ed"},"breadcrumb":{"@id":"https:\/\/portaltela.pt\/noticias\/2026\/02\/25\/fc-porto-regressa-aos-treinos-com-subida-de-patamar-de-tres-jogadores\/#breadcrumb"},"inLanguage":"pt-PT","potentialAction":[{"@type":"ReadAction","target":["https:\/\/portaltela.pt\/noticias\/2026\/02\/25\/fc-porto-regressa-aos-treinos-com-subida-de-patamar-de-tres-jogadores\/"]}]},{"@type":"ImageObject","inLanguage":"pt-PT","@id":"https:\/\/portaltela.pt\/noticias\/2026\/02\/25\/fc-porto-regressa-aos-treinos-com-subida-de-patamar-de-tres-jogadores\/#primaryimage","url":"https:\/\/portaltela.pt\/s.01k8rhncp4jt1\/2026\/02\/img_1200x721uu2026-02-25-09-58-19-2423570-1.jpg","contentUrl":"https:\/\/portaltela.pt\/s.01k8rhncp4jt1\/2026\/02\/img_1200x721uu2026-02-25-09-58-19-2423570-1.jpg","width":796,"height":448,"caption":"Tr\u00eas drag\u00f5es sobem de patamar no regresso do FC Porto aos trabalhos"},{"@type":"BreadcrumbList","@id":"https:\/\/portaltela.pt\/noticias\/2026\/02\/25\/fc-porto-regressa-aos-treinos-com-subida-de-patamar-de-tres-jogadores\/#breadcrumb","itemListElement":[{"@type":"ListItem","position":1,"name":"In\u00edcio","item":"https:\/\/portaltela.pt\/"},{"@type":"ListItem","position":2,"name":"FC Porto regressa aos treinos com subida de patamar de tr\u00eas jogadores"}]},{"@type":"WebSite","@id":"https:\/\/portaltela.pt\/#website","url":"https:\/\/portaltela.pt\/","name":"Portal Tela Portugal","description":"","potentialAction":[{"@type":"SearchAction","target":{"@type":"EntryPoint","urlTemplate":"https:\/\/portaltela.pt\/?s={search_term_string}"},"query-input":{"@type":"PropertyValueSpecification","valueRequired":true,"valueName":"search_term_string"}}],"inLanguage":"pt-PT"},{"@type":"Person","@id":"https:\/\/portaltela.pt\/#\/schema\/person\/c4278d4a6028830caff9ee44b42d32ed","name":"Telinha","image":{"@type":"ImageObject","inLanguage":"pt-PT","@id":"https:\/\/portaltela.pt\/s.01k8rhncp4jt1\/2025\/11\/talking-bot-125x125.png","url":"https:\/\/portaltela.pt\/s.01k8rhncp4jt1\/2025\/11\/talking-bot-125x125.png","contentUrl":"https:\/\/portaltela.pt\/s.01k8rhncp4jt1\/2025\/11\/talking-bot-125x125.png","caption":"Telinha"},"sameAs":["https:\/\/portaltela.pt\/"],"url":"https:\/\/portaltela.pt\/por\/367410592786\/"}]}},"_links":{"self":[{"href":"https:\/\/portaltela.pt\/api\/wp\/v2\/posts\/225814","targetHints":{"allow":["GET"]}}],"collection":[{"href":"https:\/\/portaltela.pt\/api\/wp\/v2\/posts"}],"about":[{"href":"https:\/\/portaltela.pt\/api\/wp\/v2\/types\/post"}],"author":[{"embeddable":true,"href":"https:\/\/portaltela.pt\/api\/wp\/v2\/users\/2"}],"replies":[{"embeddable":true,"href":"https:\/\/portaltela.pt\/api\/wp\/v2\/comments?post=225814"}],"version-history":[{"count":0,"href":"https:\/\/portaltela.pt\/api\/wp\/v2\/posts\/225814\/revisions"}],"wp:featuredmedia":[{"embeddable":true,"href":"https:\/\/portaltela.pt\/api\/wp\/v2\/media\/225825"}],"wp:attachment":[{"href":"https:\/\/portaltela.pt\/api\/wp\/v2\/media?parent=225814"}],"wp:term":[{"taxonomy":"category","embeddable":true,"href":"https:\/\/portaltela.pt\/api\/wp\/v2\/categories?post=225814"},{"taxonomy":"post_tag","embeddable":true,"href":"https:\/\/portaltela.pt\/api\/wp\/v2\/tags?post=225814"}],"curies":[{"name":"wp","href":"https:\/\/api.w.org\/{rel}","templated":true}]}}