{"id":225805,"date":"2026-02-25T11:33:00","date_gmt":"2026-02-25T14:33:00","guid":{"rendered":"https:\/\/portaltela.pt\/noticias\/2026\/02\/25\/terra-vil-restringe-possibilidades-de-violencia-ou-desordem\/"},"modified":"2026-02-25T11:33:00","modified_gmt":"2026-02-25T14:33:00","slug":"terra-vil-restringe-possibilidades-de-violencia-ou-desordem","status":"publish","type":"post","link":"https:\/\/portaltela.pt\/noticias\/2026\/02\/25\/terra-vil-restringe-possibilidades-de-violencia-ou-desordem\/","title":{"rendered":"Terra Vil restringe possibilidades de viol\u00eancia ou desordem"},"content":{"rendered":"<p>Terra Vil, a obra de Lu\u00eds Campos, \u00e9 apresentada como um telefilme cuidado, com acabamento apurado e aus\u00eancia de arestas vis\u00edveis. A an\u00e1lise descreve o filme como uma pe\u00e7a de \u201cescola\u201d que percorre d\u00e9cadas, mantendo fidelidade a motivos que atravessam o tempo.<\/p>\n<p>A narrativa centra-se na ruralidade fluvial entre Douro e T\u00e2mega, explorando a inf\u00e2ncia e a adolesc\u00eancia em forma\u00e7\u00e3o de semiorfandade. O protagonista, um rapaz, \u00e9 acompanhado pela figura da m\u00e3e, cuja hist\u00f3ria n\u00e3o \u00e9 revelada de forma expl\u00edcita, e por um pai ausente ou ambivalente.<\/p>\n<p>O enredo destaca desconfian\u00e7a em rela\u00e7\u00e3o \u00e0s figuras paternas. O progenitor, interpretado pelo ator Ruben Gomes, \u00e9 apresentado como pescador de lampreias, um vulto violento e inst\u00e1vel que influencia a percep\u00e7\u00e3o do jovem ao longo da hist\u00f3ria. A produ\u00e7\u00e3o sustenta o tom e o foco nas rela\u00e7\u00f5es familiares dentro de um ambiente rural.<\/p>\n","protected":false},"excerpt":{"rendered":"<ul>\n<li>Terra Vil, de Lu\u00eds Campos, \u00e9 descrita como um telefilme cuidado, com acabamento apurado e sem arestas.<\/li>\n<li>O filme remete \u00e0 est\u00e9tica dos cinemas portugueses dos anos oitenta, com foco em temas de ruralidade entre o Douro e o T\u00e2mega.<\/li>\n<li>Aborda a inf\u00e2ncia e a adolesc\u00eancia numa perspetiva de semiorfandade, incluindo a situa\u00e7\u00e3o da m\u00e3e do protagonista, William Cesnek, cuja vida n\u00e3o \u00e9 detalhada.<\/li>\n<li>H\u00e1 uma forte desconfian\u00e7a em rela\u00e7\u00e3o \u00e0s figuras paternas, nomeadamente ao progenitor Ruben Gomes, um pescador de lampreias retratado como violento.<\/li>\n<li>O olhar do filme dirige-se para essas din\u00e2micas familiares e para o ambiente rural que as envolve.<\/li>\n<\/ul>\n","protected":false},"author":2,"featured_media":225812,"comment_status":"closed","ping_status":"closed","sticky":false,"template":"","format":"standard","meta":{"footnotes":""},"categories":[1],"tags":[5018,145,1194,64,5242,1759],"class_list":["post-225805","post","type-post","status-publish","format-standard","has-post-thumbnail","hentry","category-noticias","tag-adolescentes","tag-cultura","tag-douro","tag-familia","tag-filmes","tag-infancia"],"yoast_head":"<!-- This site is optimized with the Yoast SEO plugin v27.2 - https:\/\/yoast.com\/product\/yoast-seo-wordpress\/ -->\n<title>Terra Vil restringe possibilidades de viol\u00eancia ou desordem - Portal Tela Portugal<\/title>\n<meta name=\"robots\" content=\"index, follow, max-snippet:-1, max-image-preview:large, max-video-preview:-1\" \/>\n<meta property=\"og:locale\" content=\"pt_PT\" \/>\n<meta property=\"og:type\" content=\"article\" \/>\n<meta property=\"og:title\" content=\"Terra Vil restringe possibilidades de viol\u00eancia ou desordem - Portal Tela Portugal\" \/>\n<meta property=\"og:description\" content=\"Terra Vil, de Lu\u00eds Campos, \u00e9 descrita como um telefilme cuidado, com acabamento apurado e sem arestas. O filme remete \u00e0 est\u00e9tica dos cinemas portugueses dos anos oitenta, com foco em temas de ruralidade entre o Douro e o T\u00e2mega. Aborda a inf\u00e2ncia e a adolesc\u00eancia numa perspetiva de semiorfandade, incluindo a situa\u00e7\u00e3o da m\u00e3e do protagonista, William Cesnek, cuja vida n\u00e3o \u00e9 detalhada. H\u00e1 uma forte desconfian\u00e7a em rela\u00e7\u00e3o \u00e0s figuras paternas, nomeadamente ao progenitor Ruben Gomes, um pescador de lampreias retratado como violento. O olhar do filme dirige-se para essas din\u00e2micas familiares e para o ambiente rural que as envolve.\" \/>\n<meta property=\"og:url\" content=\"https:\/\/portaltela.pt\/noticias\/2026\/02\/25\/terra-vil-restringe-possibilidades-de-violencia-ou-desordem\/\" \/>\n<meta property=\"og:site_name\" content=\"Portal Tela Portugal\" \/>\n<meta property=\"article:published_time\" content=\"2026-02-25T14:33:00+00:00\" \/>\n<meta name=\"author\" content=\"Telinha\" \/>\n<meta name=\"twitter:card\" content=\"summary_large_image\" \/>\n<meta name=\"twitter:label1\" content=\"Escrito por\" \/>\n\t<meta name=\"twitter:data1\" content=\"Telinha\" \/>\n\t<meta name=\"twitter:label2\" content=\"Tempo estimado de leitura\" \/>\n\t<meta name=\"twitter:data2\" content=\"1 minuto\" \/>\n<script type=\"application\/ld+json\" class=\"yoast-schema-graph\">{\"@context\":\"https:\/\/schema.org\",\"@graph\":[{\"@type\":\"Article\",\"@id\":\"https:\/\/portaltela.pt\/noticias\/2026\/02\/25\/terra-vil-restringe-possibilidades-de-violencia-ou-desordem\/#article\",\"isPartOf\":{\"@id\":\"https:\/\/portaltela.pt\/noticias\/2026\/02\/25\/terra-vil-restringe-possibilidades-de-violencia-ou-desordem\/\"},\"author\":{\"name\":\"Telinha\",\"@id\":\"https:\/\/portaltela.pt\/#\/schema\/person\/c4278d4a6028830caff9ee44b42d32ed\"},\"headline\":\"Terra Vil restringe possibilidades de viol\u00eancia ou desordem\",\"datePublished\":\"2026-02-25T14:33:00+00:00\",\"mainEntityOfPage\":{\"@id\":\"https:\/\/portaltela.pt\/noticias\/2026\/02\/25\/terra-vil-restringe-possibilidades-de-violencia-ou-desordem\/\"},\"wordCount\":166,\"image\":{\"@id\":\"https:\/\/portaltela.pt\/noticias\/2026\/02\/25\/terra-vil-restringe-possibilidades-de-violencia-ou-desordem\/#primaryimage\"},\"thumbnailUrl\":\"https:\/\/portaltela.pt\/s.01k8rhncp4jt1\/2026\/02\/2069580.jpg\",\"keywords\":[\"adolescentes\",\"cultura\",\"Douro\",\"fam\u00edlia\",\"filmes\",\"inf\u00e2ncia\"],\"articleSection\":[\"Not\u00edcias\"],\"inLanguage\":\"pt-PT\"},{\"@type\":\"WebPage\",\"@id\":\"https:\/\/portaltela.pt\/noticias\/2026\/02\/25\/terra-vil-restringe-possibilidades-de-violencia-ou-desordem\/\",\"url\":\"https:\/\/portaltela.pt\/noticias\/2026\/02\/25\/terra-vil-restringe-possibilidades-de-violencia-ou-desordem\/\",\"name\":\"Terra Vil restringe possibilidades de viol\u00eancia ou desordem - Portal Tela Portugal\",\"isPartOf\":{\"@id\":\"https:\/\/portaltela.pt\/#website\"},\"primaryImageOfPage\":{\"@id\":\"https:\/\/portaltela.pt\/noticias\/2026\/02\/25\/terra-vil-restringe-possibilidades-de-violencia-ou-desordem\/#primaryimage\"},\"image\":{\"@id\":\"https:\/\/portaltela.pt\/noticias\/2026\/02\/25\/terra-vil-restringe-possibilidades-de-violencia-ou-desordem\/#primaryimage\"},\"thumbnailUrl\":\"https:\/\/portaltela.pt\/s.01k8rhncp4jt1\/2026\/02\/2069580.jpg\",\"datePublished\":\"2026-02-25T14:33:00+00:00\",\"author\":{\"@id\":\"https:\/\/portaltela.pt\/#\/schema\/person\/c4278d4a6028830caff9ee44b42d32ed\"},\"breadcrumb\":{\"@id\":\"https:\/\/portaltela.pt\/noticias\/2026\/02\/25\/terra-vil-restringe-possibilidades-de-violencia-ou-desordem\/#breadcrumb\"},\"inLanguage\":\"pt-PT\",\"potentialAction\":[{\"@type\":\"ReadAction\",\"target\":[\"https:\/\/portaltela.pt\/noticias\/2026\/02\/25\/terra-vil-restringe-possibilidades-de-violencia-ou-desordem\/\"]}]},{\"@type\":\"ImageObject\",\"inLanguage\":\"pt-PT\",\"@id\":\"https:\/\/portaltela.pt\/noticias\/2026\/02\/25\/terra-vil-restringe-possibilidades-de-violencia-ou-desordem\/#primaryimage\",\"url\":\"https:\/\/portaltela.pt\/s.01k8rhncp4jt1\/2026\/02\/2069580.jpg\",\"contentUrl\":\"https:\/\/portaltela.pt\/s.01k8rhncp4jt1\/2026\/02\/2069580.jpg\",\"width\":796,\"height\":448,\"caption\":\"Terra Vil\"},{\"@type\":\"BreadcrumbList\",\"@id\":\"https:\/\/portaltela.pt\/noticias\/2026\/02\/25\/terra-vil-restringe-possibilidades-de-violencia-ou-desordem\/#breadcrumb\",\"itemListElement\":[{\"@type\":\"ListItem\",\"position\":1,\"name\":\"In\u00edcio\",\"item\":\"https:\/\/portaltela.pt\/\"},{\"@type\":\"ListItem\",\"position\":2,\"name\":\"Terra Vil restringe possibilidades de viol\u00eancia ou desordem\"}]},{\"@type\":\"WebSite\",\"@id\":\"https:\/\/portaltela.pt\/#website\",\"url\":\"https:\/\/portaltela.pt\/\",\"name\":\"Portal Tela Portugal\",\"description\":\"\",\"potentialAction\":[{\"@type\":\"SearchAction\",\"target\":{\"@type\":\"EntryPoint\",\"urlTemplate\":\"https:\/\/portaltela.pt\/?s={search_term_string}\"},\"query-input\":{\"@type\":\"PropertyValueSpecification\",\"valueRequired\":true,\"valueName\":\"search_term_string\"}}],\"inLanguage\":\"pt-PT\"},{\"@type\":\"Person\",\"@id\":\"https:\/\/portaltela.pt\/#\/schema\/person\/c4278d4a6028830caff9ee44b42d32ed\",\"name\":\"Telinha\",\"image\":{\"@type\":\"ImageObject\",\"inLanguage\":\"pt-PT\",\"@id\":\"https:\/\/portaltela.pt\/s.01k8rhncp4jt1\/2025\/11\/talking-bot-125x125.png\",\"url\":\"https:\/\/portaltela.pt\/s.01k8rhncp4jt1\/2025\/11\/talking-bot-125x125.png\",\"contentUrl\":\"https:\/\/portaltela.pt\/s.01k8rhncp4jt1\/2025\/11\/talking-bot-125x125.png\",\"caption\":\"Telinha\"},\"sameAs\":[\"https:\/\/portaltela.pt\/\"],\"url\":\"https:\/\/portaltela.pt\/por\/367410592786\/\"}]}<\/script>\n<!-- \/ Yoast SEO plugin. -->","yoast_head_json":{"title":"Terra Vil restringe possibilidades de viol\u00eancia ou desordem - Portal Tela Portugal","robots":{"index":"index","follow":"follow","max-snippet":"max-snippet:-1","max-image-preview":"max-image-preview:large","max-video-preview":"max-video-preview:-1"},"og_locale":"pt_PT","og_type":"article","og_title":"Terra Vil restringe possibilidades de viol\u00eancia ou desordem - Portal Tela Portugal","og_description":"Terra Vil, de Lu\u00eds Campos, \u00e9 descrita como um telefilme cuidado, com acabamento apurado e sem arestas. O filme remete \u00e0 est\u00e9tica dos cinemas portugueses dos anos oitenta, com foco em temas de ruralidade entre o Douro e o T\u00e2mega. Aborda a inf\u00e2ncia e a adolesc\u00eancia numa perspetiva de semiorfandade, incluindo a situa\u00e7\u00e3o da m\u00e3e do protagonista, William Cesnek, cuja vida n\u00e3o \u00e9 detalhada. H\u00e1 uma forte desconfian\u00e7a em rela\u00e7\u00e3o \u00e0s figuras paternas, nomeadamente ao progenitor Ruben Gomes, um pescador de lampreias retratado como violento. O olhar do filme dirige-se para essas din\u00e2micas familiares e para o ambiente rural que as envolve.","og_url":"https:\/\/portaltela.pt\/noticias\/2026\/02\/25\/terra-vil-restringe-possibilidades-de-violencia-ou-desordem\/","og_site_name":"Portal Tela Portugal","article_published_time":"2026-02-25T14:33:00+00:00","author":"Telinha","twitter_card":"summary_large_image","twitter_misc":{"Escrito por":"Telinha","Tempo estimado de leitura":"1 minuto"},"schema":{"@context":"https:\/\/schema.org","@graph":[{"@type":"Article","@id":"https:\/\/portaltela.pt\/noticias\/2026\/02\/25\/terra-vil-restringe-possibilidades-de-violencia-ou-desordem\/#article","isPartOf":{"@id":"https:\/\/portaltela.pt\/noticias\/2026\/02\/25\/terra-vil-restringe-possibilidades-de-violencia-ou-desordem\/"},"author":{"name":"Telinha","@id":"https:\/\/portaltela.pt\/#\/schema\/person\/c4278d4a6028830caff9ee44b42d32ed"},"headline":"Terra Vil restringe possibilidades de viol\u00eancia ou desordem","datePublished":"2026-02-25T14:33:00+00:00","mainEntityOfPage":{"@id":"https:\/\/portaltela.pt\/noticias\/2026\/02\/25\/terra-vil-restringe-possibilidades-de-violencia-ou-desordem\/"},"wordCount":166,"image":{"@id":"https:\/\/portaltela.pt\/noticias\/2026\/02\/25\/terra-vil-restringe-possibilidades-de-violencia-ou-desordem\/#primaryimage"},"thumbnailUrl":"https:\/\/portaltela.pt\/s.01k8rhncp4jt1\/2026\/02\/2069580.jpg","keywords":["adolescentes","cultura","Douro","fam\u00edlia","filmes","inf\u00e2ncia"],"articleSection":["Not\u00edcias"],"inLanguage":"pt-PT"},{"@type":"WebPage","@id":"https:\/\/portaltela.pt\/noticias\/2026\/02\/25\/terra-vil-restringe-possibilidades-de-violencia-ou-desordem\/","url":"https:\/\/portaltela.pt\/noticias\/2026\/02\/25\/terra-vil-restringe-possibilidades-de-violencia-ou-desordem\/","name":"Terra Vil restringe possibilidades de viol\u00eancia ou desordem - Portal Tela Portugal","isPartOf":{"@id":"https:\/\/portaltela.pt\/#website"},"primaryImageOfPage":{"@id":"https:\/\/portaltela.pt\/noticias\/2026\/02\/25\/terra-vil-restringe-possibilidades-de-violencia-ou-desordem\/#primaryimage"},"image":{"@id":"https:\/\/portaltela.pt\/noticias\/2026\/02\/25\/terra-vil-restringe-possibilidades-de-violencia-ou-desordem\/#primaryimage"},"thumbnailUrl":"https:\/\/portaltela.pt\/s.01k8rhncp4jt1\/2026\/02\/2069580.jpg","datePublished":"2026-02-25T14:33:00+00:00","author":{"@id":"https:\/\/portaltela.pt\/#\/schema\/person\/c4278d4a6028830caff9ee44b42d32ed"},"breadcrumb":{"@id":"https:\/\/portaltela.pt\/noticias\/2026\/02\/25\/terra-vil-restringe-possibilidades-de-violencia-ou-desordem\/#breadcrumb"},"inLanguage":"pt-PT","potentialAction":[{"@type":"ReadAction","target":["https:\/\/portaltela.pt\/noticias\/2026\/02\/25\/terra-vil-restringe-possibilidades-de-violencia-ou-desordem\/"]}]},{"@type":"ImageObject","inLanguage":"pt-PT","@id":"https:\/\/portaltela.pt\/noticias\/2026\/02\/25\/terra-vil-restringe-possibilidades-de-violencia-ou-desordem\/#primaryimage","url":"https:\/\/portaltela.pt\/s.01k8rhncp4jt1\/2026\/02\/2069580.jpg","contentUrl":"https:\/\/portaltela.pt\/s.01k8rhncp4jt1\/2026\/02\/2069580.jpg","width":796,"height":448,"caption":"Terra Vil"},{"@type":"BreadcrumbList","@id":"https:\/\/portaltela.pt\/noticias\/2026\/02\/25\/terra-vil-restringe-possibilidades-de-violencia-ou-desordem\/#breadcrumb","itemListElement":[{"@type":"ListItem","position":1,"name":"In\u00edcio","item":"https:\/\/portaltela.pt\/"},{"@type":"ListItem","position":2,"name":"Terra Vil restringe possibilidades de viol\u00eancia ou desordem"}]},{"@type":"WebSite","@id":"https:\/\/portaltela.pt\/#website","url":"https:\/\/portaltela.pt\/","name":"Portal Tela Portugal","description":"","potentialAction":[{"@type":"SearchAction","target":{"@type":"EntryPoint","urlTemplate":"https:\/\/portaltela.pt\/?s={search_term_string}"},"query-input":{"@type":"PropertyValueSpecification","valueRequired":true,"valueName":"search_term_string"}}],"inLanguage":"pt-PT"},{"@type":"Person","@id":"https:\/\/portaltela.pt\/#\/schema\/person\/c4278d4a6028830caff9ee44b42d32ed","name":"Telinha","image":{"@type":"ImageObject","inLanguage":"pt-PT","@id":"https:\/\/portaltela.pt\/s.01k8rhncp4jt1\/2025\/11\/talking-bot-125x125.png","url":"https:\/\/portaltela.pt\/s.01k8rhncp4jt1\/2025\/11\/talking-bot-125x125.png","contentUrl":"https:\/\/portaltela.pt\/s.01k8rhncp4jt1\/2025\/11\/talking-bot-125x125.png","caption":"Telinha"},"sameAs":["https:\/\/portaltela.pt\/"],"url":"https:\/\/portaltela.pt\/por\/367410592786\/"}]}},"_links":{"self":[{"href":"https:\/\/portaltela.pt\/api\/wp\/v2\/posts\/225805","targetHints":{"allow":["GET"]}}],"collection":[{"href":"https:\/\/portaltela.pt\/api\/wp\/v2\/posts"}],"about":[{"href":"https:\/\/portaltela.pt\/api\/wp\/v2\/types\/post"}],"author":[{"embeddable":true,"href":"https:\/\/portaltela.pt\/api\/wp\/v2\/users\/2"}],"replies":[{"embeddable":true,"href":"https:\/\/portaltela.pt\/api\/wp\/v2\/comments?post=225805"}],"version-history":[{"count":0,"href":"https:\/\/portaltela.pt\/api\/wp\/v2\/posts\/225805\/revisions"}],"wp:featuredmedia":[{"embeddable":true,"href":"https:\/\/portaltela.pt\/api\/wp\/v2\/media\/225812"}],"wp:attachment":[{"href":"https:\/\/portaltela.pt\/api\/wp\/v2\/media?parent=225805"}],"wp:term":[{"taxonomy":"category","embeddable":true,"href":"https:\/\/portaltela.pt\/api\/wp\/v2\/categories?post=225805"},{"taxonomy":"post_tag","embeddable":true,"href":"https:\/\/portaltela.pt\/api\/wp\/v2\/tags?post=225805"}],"curies":[{"name":"wp","href":"https:\/\/api.w.org\/{rel}","templated":true}]}}