{"id":225756,"date":"2026-02-25T08:32:00","date_gmt":"2026-02-25T11:32:00","guid":{"rendered":"https:\/\/portaltela.pt\/noticias\/2026\/02\/25\/o-papa-viaja-para-a-africa-em-abril-com-paradas-em-angola-e-guine-equatorial\/"},"modified":"2026-02-25T08:32:00","modified_gmt":"2026-02-25T11:32:00","slug":"o-papa-viaja-para-a-africa-em-abril-com-paradas-em-angola-e-guine-equatorial","status":"publish","type":"post","link":"https:\/\/portaltela.pt\/noticias\/2026\/02\/25\/o-papa-viaja-para-a-africa-em-abril-com-paradas-em-angola-e-guine-equatorial\/","title":{"rendered":"O Papa viaja para a \u00c1frica em abril, com paradas em Angola e Guin\u00e9 Equatorial"},"content":{"rendered":"<p>O Papa Le\u00e3o XIV vai realizar uma viagem pastoral \u00e0 \u00c1frica em abril, com paragens previstas em quatro pa\u00edses, entre os quais se contam Angola e a Guin\u00e9 Equatorial. A not\u00edcia foi anunciada pela Sala de Imprensa da Santa S\u00e9. A visita insere-se no \u00e2mbito de umarompida de passos de proximidade com comunidades lus\u00f3fonas.<\/p>\n<p>De acordo com o comunicado, as fases da digress\u00e3o incluem quatro pa\u00edses africanos, incluindo Angola e a Guin\u00e9 Equatorial, ambos membros da Comunidade de Pa\u00edses de L\u00edngua Portuguesa (CPLP). N\u00e3o foram divulgadas datas exatas nem detalhes log\u00edsticos pelo Vaticano.<\/p>\n<h3>Contexto e CPLP<\/h3>\n<p>A inclus\u00e3o de Angola e da Guin\u00e9 Equatorial destaca a rela\u00e7\u00e3o do Vaticano com pa\u00edses lus\u00f3fonos na regi\u00e3o. A Santa S\u00e9 limitou-se a confirmar a viagem para abril, sem adiantar agenda espec\u00edfica, compromissos ou encontros programados.<\/p>\n<p>Este an\u00fancio foca-se na dimens\u00e3o simb\u00f3lica da visita, sem indicar manifesta\u00e7\u00f5es p\u00fablicas, hor\u00e1rios ou interlocutores oficiais, mantendo o prisma factual da comunica\u00e7\u00e3o do Vaticano.<\/p>\n","protected":false},"excerpt":{"rendered":"<ul>\n<li>O Papa Le\u00e3o XIV vai viajar para \u00c1frica em abril, anunciou a Sala de Imprensa da Santa S\u00e9.<\/li>\n<li>A viagem inclui paragens em Angola e na Guin\u00e9 Equatorial, ambos membros da Comunidade de Pa\u00edses de L\u00edngua Portuguesa (CPLP).<\/li>\n<li>O Papa dever\u00e1 visitar quatro pa\u00eds africanos no total.<\/li>\n<li>A divulga\u00e7\u00e3o foi feita pela Sala de Imprensa da Santa S\u00e9.<\/li>\n<li>O itiner\u00e1rio completo e as datas exatas n\u00e3o foram divulgados.<\/li>\n<\/ul>\n","protected":false},"author":2,"featured_media":225770,"comment_status":"closed","ping_status":"closed","sticky":false,"template":"","format":"standard","meta":{"footnotes":""},"categories":[1],"tags":[5227,4837,6339,3566,102,104],"class_list":["post-225756","post","type-post","status-publish","format-standard","has-post-thumbnail","hentry","category-noticias","tag-africa","tag-angola","tag-catolicos","tag-cplp","tag-igreja","tag-religiao"],"yoast_head":"<!-- This site is optimized with the Yoast SEO plugin v27.2 - https:\/\/yoast.com\/product\/yoast-seo-wordpress\/ -->\n<title>O Papa viaja para a \u00c1frica em abril, com paradas em Angola e Guin\u00e9 Equatorial - Portal Tela Portugal<\/title>\n<meta name=\"robots\" content=\"index, follow, max-snippet:-1, max-image-preview:large, max-video-preview:-1\" \/>\n<meta property=\"og:locale\" content=\"pt_PT\" \/>\n<meta property=\"og:type\" content=\"article\" \/>\n<meta property=\"og:title\" content=\"O Papa viaja para a \u00c1frica em abril, com paradas em Angola e Guin\u00e9 Equatorial - Portal Tela Portugal\" \/>\n<meta property=\"og:description\" content=\"O Papa Le\u00e3o XIV vai viajar para \u00c1frica em abril, anunciou a Sala de Imprensa da Santa S\u00e9. A viagem inclui paragens em Angola e na Guin\u00e9 Equatorial, ambos membros da Comunidade de Pa\u00edses de L\u00edngua Portuguesa (CPLP). O Papa dever\u00e1 visitar quatro pa\u00eds africanos no total. A divulga\u00e7\u00e3o foi feita pela Sala de Imprensa da Santa S\u00e9. O itiner\u00e1rio completo e as datas exatas n\u00e3o foram divulgados.\" \/>\n<meta property=\"og:url\" content=\"https:\/\/portaltela.pt\/noticias\/2026\/02\/25\/o-papa-viaja-para-a-africa-em-abril-com-paradas-em-angola-e-guine-equatorial\/\" \/>\n<meta property=\"og:site_name\" content=\"Portal Tela Portugal\" \/>\n<meta property=\"article:published_time\" content=\"2026-02-25T11:32:00+00:00\" \/>\n<meta name=\"author\" content=\"Telinha\" \/>\n<meta name=\"twitter:card\" content=\"summary_large_image\" \/>\n<meta name=\"twitter:label1\" content=\"Escrito por\" \/>\n\t<meta name=\"twitter:data1\" content=\"Telinha\" \/>\n\t<meta name=\"twitter:label2\" content=\"Tempo estimado de leitura\" \/>\n\t<meta name=\"twitter:data2\" content=\"1 minuto\" \/>\n<script type=\"application\/ld+json\" class=\"yoast-schema-graph\">{\"@context\":\"https:\/\/schema.org\",\"@graph\":[{\"@type\":\"Article\",\"@id\":\"https:\/\/portaltela.pt\/noticias\/2026\/02\/25\/o-papa-viaja-para-a-africa-em-abril-com-paradas-em-angola-e-guine-equatorial\/#article\",\"isPartOf\":{\"@id\":\"https:\/\/portaltela.pt\/noticias\/2026\/02\/25\/o-papa-viaja-para-a-africa-em-abril-com-paradas-em-angola-e-guine-equatorial\/\"},\"author\":{\"name\":\"Telinha\",\"@id\":\"https:\/\/portaltela.pt\/#\/schema\/person\/c4278d4a6028830caff9ee44b42d32ed\"},\"headline\":\"O Papa viaja para a \u00c1frica em abril, com paradas em Angola e Guin\u00e9 Equatorial\",\"datePublished\":\"2026-02-25T11:32:00+00:00\",\"mainEntityOfPage\":{\"@id\":\"https:\/\/portaltela.pt\/noticias\/2026\/02\/25\/o-papa-viaja-para-a-africa-em-abril-com-paradas-em-angola-e-guine-equatorial\/\"},\"wordCount\":193,\"image\":{\"@id\":\"https:\/\/portaltela.pt\/noticias\/2026\/02\/25\/o-papa-viaja-para-a-africa-em-abril-com-paradas-em-angola-e-guine-equatorial\/#primaryimage\"},\"thumbnailUrl\":\"https:\/\/portaltela.pt\/s.01k8rhncp4jt1\/2026\/02\/CACHE_780X1200_ANALOG_WATERMARKED_46619146_10826396291533.jpg\",\"keywords\":[\"\u00c1frica\",\"Angola\",\"cat\u00f3licos\",\"CPLP\",\"igreja\",\"religi\u00e3o\"],\"articleSection\":[\"Not\u00edcias\"],\"inLanguage\":\"pt-PT\"},{\"@type\":\"WebPage\",\"@id\":\"https:\/\/portaltela.pt\/noticias\/2026\/02\/25\/o-papa-viaja-para-a-africa-em-abril-com-paradas-em-angola-e-guine-equatorial\/\",\"url\":\"https:\/\/portaltela.pt\/noticias\/2026\/02\/25\/o-papa-viaja-para-a-africa-em-abril-com-paradas-em-angola-e-guine-equatorial\/\",\"name\":\"O Papa viaja para a \u00c1frica em abril, com paradas em Angola e Guin\u00e9 Equatorial - Portal Tela Portugal\",\"isPartOf\":{\"@id\":\"https:\/\/portaltela.pt\/#website\"},\"primaryImageOfPage\":{\"@id\":\"https:\/\/portaltela.pt\/noticias\/2026\/02\/25\/o-papa-viaja-para-a-africa-em-abril-com-paradas-em-angola-e-guine-equatorial\/#primaryimage\"},\"image\":{\"@id\":\"https:\/\/portaltela.pt\/noticias\/2026\/02\/25\/o-papa-viaja-para-a-africa-em-abril-com-paradas-em-angola-e-guine-equatorial\/#primaryimage\"},\"thumbnailUrl\":\"https:\/\/portaltela.pt\/s.01k8rhncp4jt1\/2026\/02\/CACHE_780X1200_ANALOG_WATERMARKED_46619146_10826396291533.jpg\",\"datePublished\":\"2026-02-25T11:32:00+00:00\",\"author\":{\"@id\":\"https:\/\/portaltela.pt\/#\/schema\/person\/c4278d4a6028830caff9ee44b42d32ed\"},\"breadcrumb\":{\"@id\":\"https:\/\/portaltela.pt\/noticias\/2026\/02\/25\/o-papa-viaja-para-a-africa-em-abril-com-paradas-em-angola-e-guine-equatorial\/#breadcrumb\"},\"inLanguage\":\"pt-PT\",\"potentialAction\":[{\"@type\":\"ReadAction\",\"target\":[\"https:\/\/portaltela.pt\/noticias\/2026\/02\/25\/o-papa-viaja-para-a-africa-em-abril-com-paradas-em-angola-e-guine-equatorial\/\"]}]},{\"@type\":\"ImageObject\",\"inLanguage\":\"pt-PT\",\"@id\":\"https:\/\/portaltela.pt\/noticias\/2026\/02\/25\/o-papa-viaja-para-a-africa-em-abril-com-paradas-em-angola-e-guine-equatorial\/#primaryimage\",\"url\":\"https:\/\/portaltela.pt\/s.01k8rhncp4jt1\/2026\/02\/CACHE_780X1200_ANALOG_WATERMARKED_46619146_10826396291533.jpg\",\"contentUrl\":\"https:\/\/portaltela.pt\/s.01k8rhncp4jt1\/2026\/02\/CACHE_780X1200_ANALOG_WATERMARKED_46619146_10826396291533.jpg\",\"width\":796,\"height\":448,\"caption\":\"Papa viaja para \u00c1frica em abril, com paragem em Angola e Guin\u00e9 Equatorial\"},{\"@type\":\"BreadcrumbList\",\"@id\":\"https:\/\/portaltela.pt\/noticias\/2026\/02\/25\/o-papa-viaja-para-a-africa-em-abril-com-paradas-em-angola-e-guine-equatorial\/#breadcrumb\",\"itemListElement\":[{\"@type\":\"ListItem\",\"position\":1,\"name\":\"In\u00edcio\",\"item\":\"https:\/\/portaltela.pt\/\"},{\"@type\":\"ListItem\",\"position\":2,\"name\":\"O Papa viaja para a \u00c1frica em abril, com paradas em Angola e Guin\u00e9 Equatorial\"}]},{\"@type\":\"WebSite\",\"@id\":\"https:\/\/portaltela.pt\/#website\",\"url\":\"https:\/\/portaltela.pt\/\",\"name\":\"Portal Tela Portugal\",\"description\":\"\",\"potentialAction\":[{\"@type\":\"SearchAction\",\"target\":{\"@type\":\"EntryPoint\",\"urlTemplate\":\"https:\/\/portaltela.pt\/?s={search_term_string}\"},\"query-input\":{\"@type\":\"PropertyValueSpecification\",\"valueRequired\":true,\"valueName\":\"search_term_string\"}}],\"inLanguage\":\"pt-PT\"},{\"@type\":\"Person\",\"@id\":\"https:\/\/portaltela.pt\/#\/schema\/person\/c4278d4a6028830caff9ee44b42d32ed\",\"name\":\"Telinha\",\"image\":{\"@type\":\"ImageObject\",\"inLanguage\":\"pt-PT\",\"@id\":\"https:\/\/portaltela.pt\/s.01k8rhncp4jt1\/2025\/11\/talking-bot-125x125.png\",\"url\":\"https:\/\/portaltela.pt\/s.01k8rhncp4jt1\/2025\/11\/talking-bot-125x125.png\",\"contentUrl\":\"https:\/\/portaltela.pt\/s.01k8rhncp4jt1\/2025\/11\/talking-bot-125x125.png\",\"caption\":\"Telinha\"},\"sameAs\":[\"https:\/\/portaltela.pt\/\"],\"url\":\"https:\/\/portaltela.pt\/por\/367410592786\/\"}]}<\/script>\n<!-- \/ Yoast SEO plugin. -->","yoast_head_json":{"title":"O Papa viaja para a \u00c1frica em abril, com paradas em Angola e Guin\u00e9 Equatorial - Portal Tela Portugal","robots":{"index":"index","follow":"follow","max-snippet":"max-snippet:-1","max-image-preview":"max-image-preview:large","max-video-preview":"max-video-preview:-1"},"og_locale":"pt_PT","og_type":"article","og_title":"O Papa viaja para a \u00c1frica em abril, com paradas em Angola e Guin\u00e9 Equatorial - Portal Tela Portugal","og_description":"O Papa Le\u00e3o XIV vai viajar para \u00c1frica em abril, anunciou a Sala de Imprensa da Santa S\u00e9. A viagem inclui paragens em Angola e na Guin\u00e9 Equatorial, ambos membros da Comunidade de Pa\u00edses de L\u00edngua Portuguesa (CPLP). O Papa dever\u00e1 visitar quatro pa\u00eds africanos no total. A divulga\u00e7\u00e3o foi feita pela Sala de Imprensa da Santa S\u00e9. O itiner\u00e1rio completo e as datas exatas n\u00e3o foram divulgados.","og_url":"https:\/\/portaltela.pt\/noticias\/2026\/02\/25\/o-papa-viaja-para-a-africa-em-abril-com-paradas-em-angola-e-guine-equatorial\/","og_site_name":"Portal Tela Portugal","article_published_time":"2026-02-25T11:32:00+00:00","author":"Telinha","twitter_card":"summary_large_image","twitter_misc":{"Escrito por":"Telinha","Tempo estimado de leitura":"1 minuto"},"schema":{"@context":"https:\/\/schema.org","@graph":[{"@type":"Article","@id":"https:\/\/portaltela.pt\/noticias\/2026\/02\/25\/o-papa-viaja-para-a-africa-em-abril-com-paradas-em-angola-e-guine-equatorial\/#article","isPartOf":{"@id":"https:\/\/portaltela.pt\/noticias\/2026\/02\/25\/o-papa-viaja-para-a-africa-em-abril-com-paradas-em-angola-e-guine-equatorial\/"},"author":{"name":"Telinha","@id":"https:\/\/portaltela.pt\/#\/schema\/person\/c4278d4a6028830caff9ee44b42d32ed"},"headline":"O Papa viaja para a \u00c1frica em abril, com paradas em Angola e Guin\u00e9 Equatorial","datePublished":"2026-02-25T11:32:00+00:00","mainEntityOfPage":{"@id":"https:\/\/portaltela.pt\/noticias\/2026\/02\/25\/o-papa-viaja-para-a-africa-em-abril-com-paradas-em-angola-e-guine-equatorial\/"},"wordCount":193,"image":{"@id":"https:\/\/portaltela.pt\/noticias\/2026\/02\/25\/o-papa-viaja-para-a-africa-em-abril-com-paradas-em-angola-e-guine-equatorial\/#primaryimage"},"thumbnailUrl":"https:\/\/portaltela.pt\/s.01k8rhncp4jt1\/2026\/02\/CACHE_780X1200_ANALOG_WATERMARKED_46619146_10826396291533.jpg","keywords":["\u00c1frica","Angola","cat\u00f3licos","CPLP","igreja","religi\u00e3o"],"articleSection":["Not\u00edcias"],"inLanguage":"pt-PT"},{"@type":"WebPage","@id":"https:\/\/portaltela.pt\/noticias\/2026\/02\/25\/o-papa-viaja-para-a-africa-em-abril-com-paradas-em-angola-e-guine-equatorial\/","url":"https:\/\/portaltela.pt\/noticias\/2026\/02\/25\/o-papa-viaja-para-a-africa-em-abril-com-paradas-em-angola-e-guine-equatorial\/","name":"O Papa viaja para a \u00c1frica em abril, com paradas em Angola e Guin\u00e9 Equatorial - Portal Tela Portugal","isPartOf":{"@id":"https:\/\/portaltela.pt\/#website"},"primaryImageOfPage":{"@id":"https:\/\/portaltela.pt\/noticias\/2026\/02\/25\/o-papa-viaja-para-a-africa-em-abril-com-paradas-em-angola-e-guine-equatorial\/#primaryimage"},"image":{"@id":"https:\/\/portaltela.pt\/noticias\/2026\/02\/25\/o-papa-viaja-para-a-africa-em-abril-com-paradas-em-angola-e-guine-equatorial\/#primaryimage"},"thumbnailUrl":"https:\/\/portaltela.pt\/s.01k8rhncp4jt1\/2026\/02\/CACHE_780X1200_ANALOG_WATERMARKED_46619146_10826396291533.jpg","datePublished":"2026-02-25T11:32:00+00:00","author":{"@id":"https:\/\/portaltela.pt\/#\/schema\/person\/c4278d4a6028830caff9ee44b42d32ed"},"breadcrumb":{"@id":"https:\/\/portaltela.pt\/noticias\/2026\/02\/25\/o-papa-viaja-para-a-africa-em-abril-com-paradas-em-angola-e-guine-equatorial\/#breadcrumb"},"inLanguage":"pt-PT","potentialAction":[{"@type":"ReadAction","target":["https:\/\/portaltela.pt\/noticias\/2026\/02\/25\/o-papa-viaja-para-a-africa-em-abril-com-paradas-em-angola-e-guine-equatorial\/"]}]},{"@type":"ImageObject","inLanguage":"pt-PT","@id":"https:\/\/portaltela.pt\/noticias\/2026\/02\/25\/o-papa-viaja-para-a-africa-em-abril-com-paradas-em-angola-e-guine-equatorial\/#primaryimage","url":"https:\/\/portaltela.pt\/s.01k8rhncp4jt1\/2026\/02\/CACHE_780X1200_ANALOG_WATERMARKED_46619146_10826396291533.jpg","contentUrl":"https:\/\/portaltela.pt\/s.01k8rhncp4jt1\/2026\/02\/CACHE_780X1200_ANALOG_WATERMARKED_46619146_10826396291533.jpg","width":796,"height":448,"caption":"Papa viaja para \u00c1frica em abril, com paragem em Angola e Guin\u00e9 Equatorial"},{"@type":"BreadcrumbList","@id":"https:\/\/portaltela.pt\/noticias\/2026\/02\/25\/o-papa-viaja-para-a-africa-em-abril-com-paradas-em-angola-e-guine-equatorial\/#breadcrumb","itemListElement":[{"@type":"ListItem","position":1,"name":"In\u00edcio","item":"https:\/\/portaltela.pt\/"},{"@type":"ListItem","position":2,"name":"O Papa viaja para a \u00c1frica em abril, com paradas em Angola e Guin\u00e9 Equatorial"}]},{"@type":"WebSite","@id":"https:\/\/portaltela.pt\/#website","url":"https:\/\/portaltela.pt\/","name":"Portal Tela Portugal","description":"","potentialAction":[{"@type":"SearchAction","target":{"@type":"EntryPoint","urlTemplate":"https:\/\/portaltela.pt\/?s={search_term_string}"},"query-input":{"@type":"PropertyValueSpecification","valueRequired":true,"valueName":"search_term_string"}}],"inLanguage":"pt-PT"},{"@type":"Person","@id":"https:\/\/portaltela.pt\/#\/schema\/person\/c4278d4a6028830caff9ee44b42d32ed","name":"Telinha","image":{"@type":"ImageObject","inLanguage":"pt-PT","@id":"https:\/\/portaltela.pt\/s.01k8rhncp4jt1\/2025\/11\/talking-bot-125x125.png","url":"https:\/\/portaltela.pt\/s.01k8rhncp4jt1\/2025\/11\/talking-bot-125x125.png","contentUrl":"https:\/\/portaltela.pt\/s.01k8rhncp4jt1\/2025\/11\/talking-bot-125x125.png","caption":"Telinha"},"sameAs":["https:\/\/portaltela.pt\/"],"url":"https:\/\/portaltela.pt\/por\/367410592786\/"}]}},"_links":{"self":[{"href":"https:\/\/portaltela.pt\/api\/wp\/v2\/posts\/225756","targetHints":{"allow":["GET"]}}],"collection":[{"href":"https:\/\/portaltela.pt\/api\/wp\/v2\/posts"}],"about":[{"href":"https:\/\/portaltela.pt\/api\/wp\/v2\/types\/post"}],"author":[{"embeddable":true,"href":"https:\/\/portaltela.pt\/api\/wp\/v2\/users\/2"}],"replies":[{"embeddable":true,"href":"https:\/\/portaltela.pt\/api\/wp\/v2\/comments?post=225756"}],"version-history":[{"count":0,"href":"https:\/\/portaltela.pt\/api\/wp\/v2\/posts\/225756\/revisions"}],"wp:featuredmedia":[{"embeddable":true,"href":"https:\/\/portaltela.pt\/api\/wp\/v2\/media\/225770"}],"wp:attachment":[{"href":"https:\/\/portaltela.pt\/api\/wp\/v2\/media?parent=225756"}],"wp:term":[{"taxonomy":"category","embeddable":true,"href":"https:\/\/portaltela.pt\/api\/wp\/v2\/categories?post=225756"},{"taxonomy":"post_tag","embeddable":true,"href":"https:\/\/portaltela.pt\/api\/wp\/v2\/tags?post=225756"}],"curies":[{"name":"wp","href":"https:\/\/api.w.org\/{rel}","templated":true}]}}