{"id":225755,"date":"2026-02-25T11:12:00","date_gmt":"2026-02-25T14:12:00","guid":{"rendered":"https:\/\/portaltela.pt\/noticias\/2026\/02\/25\/livre-quer-divulgacao-rapida-do-custo-do-ptrr-e-conversao-da-missao-em-agencia\/"},"modified":"2026-02-25T11:12:00","modified_gmt":"2026-02-25T14:12:00","slug":"livre-quer-divulgacao-rapida-do-custo-do-ptrr-e-conversao-da-missao-em-agencia","status":"publish","type":"post","link":"https:\/\/portaltela.pt\/noticias\/politica\/2026\/02\/25\/livre-quer-divulgacao-rapida-do-custo-do-ptrr-e-conversao-da-missao-em-agencia\/","title":{"rendered":"Livre quer divulga\u00e7\u00e3o r\u00e1pida do custo do PTRR e convers\u00e3o da miss\u00e3o em ag\u00eancia"},"content":{"rendered":"<p>O grupo Livre afirmou a necessidade de que o custo do PTRR seja divulgado rapidamente. A not\u00edcia destaca o pedido de transpar\u00eancia financeira relacionado com o PTRR.<\/p>\n<p>Ainda segundo o texto, a estrutura de miss\u00e3o, que estaria associada ao PTRR, teria sido convertida em ag\u00eancia. O objetivo \u00e9 esclarecer o funcionamento desse enquadramento institucional.<\/p>\n<p>O conte\u00fado completo permanece acess\u00edvel apenas para subscritores, conforme o texto-base. N\u00e3o foram divulgados detalhes adicionais no material enviado.<\/p>\n","protected":false},"excerpt":{"rendered":"<ul>\n<li>O partido Livre quer que o custo do PTRR seja divulgado rapidamente.<\/li>\n<li>Prop\u00f5e que a estrutura de miss\u00e3o seja convertida em ag\u00eancia.<\/li>\n<li>O conte\u00fado completo est\u00e1 dispon\u00edvel apenas para subscritores.<\/li>\n<\/ul>\n","protected":false},"author":2,"featured_media":225769,"comment_status":"closed","ping_status":"closed","sticky":false,"template":"","format":"standard","meta":{"footnotes":""},"categories":[1,5],"tags":[6115,4561,28,733,34,5708],"class_list":["post-225755","post","type-post","status-publish","format-standard","has-post-thumbnail","hentry","category-noticias","category-politica","tag-_economia","tag-agencia-publica","tag-economia","tag-financas-publicas","tag-governo","tag-transparencia-publica"],"yoast_head":"<!-- This site is optimized with the Yoast SEO plugin v27.2 - https:\/\/yoast.com\/product\/yoast-seo-wordpress\/ -->\n<title>Livre quer divulga\u00e7\u00e3o r\u00e1pida do custo do PTRR e convers\u00e3o da miss\u00e3o em ag\u00eancia - Portal Tela Portugal<\/title>\n<meta name=\"robots\" content=\"index, follow, max-snippet:-1, max-image-preview:large, max-video-preview:-1\" \/>\n<meta property=\"og:locale\" content=\"pt_PT\" \/>\n<meta property=\"og:type\" content=\"article\" \/>\n<meta property=\"og:title\" content=\"Livre quer divulga\u00e7\u00e3o r\u00e1pida do custo do PTRR e convers\u00e3o da miss\u00e3o em ag\u00eancia - Portal Tela Portugal\" \/>\n<meta property=\"og:description\" content=\"O partido Livre quer que o custo do PTRR seja divulgado rapidamente. Prop\u00f5e que a estrutura de miss\u00e3o seja convertida em ag\u00eancia. O conte\u00fado completo est\u00e1 dispon\u00edvel apenas para subscritores.\" \/>\n<meta property=\"og:url\" content=\"https:\/\/portaltela.pt\/noticias\/2026\/02\/25\/livre-quer-divulgacao-rapida-do-custo-do-ptrr-e-conversao-da-missao-em-agencia\/\" \/>\n<meta property=\"og:site_name\" content=\"Portal Tela Portugal\" \/>\n<meta property=\"article:published_time\" content=\"2026-02-25T14:12:00+00:00\" \/>\n<meta name=\"author\" content=\"Telinha\" \/>\n<meta name=\"twitter:card\" content=\"summary_large_image\" \/>\n<meta name=\"twitter:label1\" content=\"Escrito por\" \/>\n\t<meta name=\"twitter:data1\" content=\"Telinha\" \/>\n<script type=\"application\/ld+json\" class=\"yoast-schema-graph\">{\"@context\":\"https:\/\/schema.org\",\"@graph\":[{\"@type\":\"Article\",\"@id\":\"https:\/\/portaltela.pt\/noticias\/2026\/02\/25\/livre-quer-divulgacao-rapida-do-custo-do-ptrr-e-conversao-da-missao-em-agencia\/#article\",\"isPartOf\":{\"@id\":\"https:\/\/portaltela.pt\/noticias\/2026\/02\/25\/livre-quer-divulgacao-rapida-do-custo-do-ptrr-e-conversao-da-missao-em-agencia\/\"},\"author\":{\"name\":\"Telinha\",\"@id\":\"https:\/\/portaltela.pt\/#\/schema\/person\/c4278d4a6028830caff9ee44b42d32ed\"},\"headline\":\"Livre quer divulga\u00e7\u00e3o r\u00e1pida do custo do PTRR e convers\u00e3o da miss\u00e3o em ag\u00eancia\",\"datePublished\":\"2026-02-25T14:12:00+00:00\",\"mainEntityOfPage\":{\"@id\":\"https:\/\/portaltela.pt\/noticias\/2026\/02\/25\/livre-quer-divulgacao-rapida-do-custo-do-ptrr-e-conversao-da-missao-em-agencia\/\"},\"wordCount\":98,\"image\":{\"@id\":\"https:\/\/portaltela.pt\/noticias\/2026\/02\/25\/livre-quer-divulgacao-rapida-do-custo-do-ptrr-e-conversao-da-missao-em-agencia\/#primaryimage\"},\"thumbnailUrl\":\"https:\/\/portaltela.pt\/s.01k8rhncp4jt1\/2026\/02\/CACHE_780X1200_ANALOG_WATERMARKED_46638374_5616491_25022026015413.jpg\",\"keywords\":[\"_economia\",\"ag\u00eancia p\u00fablica\",\"economia\",\"finan\u00e7as p\u00fablicas\",\"governo\",\"transpar\u00eancia p\u00fablica\"],\"articleSection\":[\"Not\u00edcias\",\"Pol\u00edtica\"],\"inLanguage\":\"pt-PT\"},{\"@type\":\"WebPage\",\"@id\":\"https:\/\/portaltela.pt\/noticias\/2026\/02\/25\/livre-quer-divulgacao-rapida-do-custo-do-ptrr-e-conversao-da-missao-em-agencia\/\",\"url\":\"https:\/\/portaltela.pt\/noticias\/2026\/02\/25\/livre-quer-divulgacao-rapida-do-custo-do-ptrr-e-conversao-da-missao-em-agencia\/\",\"name\":\"Livre quer divulga\u00e7\u00e3o r\u00e1pida do custo do PTRR e convers\u00e3o da miss\u00e3o em ag\u00eancia - Portal Tela Portugal\",\"isPartOf\":{\"@id\":\"https:\/\/portaltela.pt\/#website\"},\"primaryImageOfPage\":{\"@id\":\"https:\/\/portaltela.pt\/noticias\/2026\/02\/25\/livre-quer-divulgacao-rapida-do-custo-do-ptrr-e-conversao-da-missao-em-agencia\/#primaryimage\"},\"image\":{\"@id\":\"https:\/\/portaltela.pt\/noticias\/2026\/02\/25\/livre-quer-divulgacao-rapida-do-custo-do-ptrr-e-conversao-da-missao-em-agencia\/#primaryimage\"},\"thumbnailUrl\":\"https:\/\/portaltela.pt\/s.01k8rhncp4jt1\/2026\/02\/CACHE_780X1200_ANALOG_WATERMARKED_46638374_5616491_25022026015413.jpg\",\"datePublished\":\"2026-02-25T14:12:00+00:00\",\"author\":{\"@id\":\"https:\/\/portaltela.pt\/#\/schema\/person\/c4278d4a6028830caff9ee44b42d32ed\"},\"breadcrumb\":{\"@id\":\"https:\/\/portaltela.pt\/noticias\/2026\/02\/25\/livre-quer-divulgacao-rapida-do-custo-do-ptrr-e-conversao-da-missao-em-agencia\/#breadcrumb\"},\"inLanguage\":\"pt-PT\",\"potentialAction\":[{\"@type\":\"ReadAction\",\"target\":[\"https:\/\/portaltela.pt\/noticias\/2026\/02\/25\/livre-quer-divulgacao-rapida-do-custo-do-ptrr-e-conversao-da-missao-em-agencia\/\"]}]},{\"@type\":\"ImageObject\",\"inLanguage\":\"pt-PT\",\"@id\":\"https:\/\/portaltela.pt\/noticias\/2026\/02\/25\/livre-quer-divulgacao-rapida-do-custo-do-ptrr-e-conversao-da-missao-em-agencia\/#primaryimage\",\"url\":\"https:\/\/portaltela.pt\/s.01k8rhncp4jt1\/2026\/02\/CACHE_780X1200_ANALOG_WATERMARKED_46638374_5616491_25022026015413.jpg\",\"contentUrl\":\"https:\/\/portaltela.pt\/s.01k8rhncp4jt1\/2026\/02\/CACHE_780X1200_ANALOG_WATERMARKED_46638374_5616491_25022026015413.jpg\",\"width\":796,\"height\":448,\"caption\":\"Livre quer custo do PTRR divulgado rapidamente e estrutura de miss\u00e3o convertida em ag\u00eancia\"},{\"@type\":\"BreadcrumbList\",\"@id\":\"https:\/\/portaltela.pt\/noticias\/2026\/02\/25\/livre-quer-divulgacao-rapida-do-custo-do-ptrr-e-conversao-da-missao-em-agencia\/#breadcrumb\",\"itemListElement\":[{\"@type\":\"ListItem\",\"position\":1,\"name\":\"In\u00edcio\",\"item\":\"https:\/\/portaltela.pt\/\"},{\"@type\":\"ListItem\",\"position\":2,\"name\":\"Livre quer divulga\u00e7\u00e3o r\u00e1pida do custo do PTRR e convers\u00e3o da miss\u00e3o em ag\u00eancia\"}]},{\"@type\":\"WebSite\",\"@id\":\"https:\/\/portaltela.pt\/#website\",\"url\":\"https:\/\/portaltela.pt\/\",\"name\":\"Portal Tela Portugal\",\"description\":\"\",\"potentialAction\":[{\"@type\":\"SearchAction\",\"target\":{\"@type\":\"EntryPoint\",\"urlTemplate\":\"https:\/\/portaltela.pt\/?s={search_term_string}\"},\"query-input\":{\"@type\":\"PropertyValueSpecification\",\"valueRequired\":true,\"valueName\":\"search_term_string\"}}],\"inLanguage\":\"pt-PT\"},{\"@type\":\"Person\",\"@id\":\"https:\/\/portaltela.pt\/#\/schema\/person\/c4278d4a6028830caff9ee44b42d32ed\",\"name\":\"Telinha\",\"image\":{\"@type\":\"ImageObject\",\"inLanguage\":\"pt-PT\",\"@id\":\"https:\/\/portaltela.pt\/s.01k8rhncp4jt1\/2025\/11\/talking-bot-125x125.png\",\"url\":\"https:\/\/portaltela.pt\/s.01k8rhncp4jt1\/2025\/11\/talking-bot-125x125.png\",\"contentUrl\":\"https:\/\/portaltela.pt\/s.01k8rhncp4jt1\/2025\/11\/talking-bot-125x125.png\",\"caption\":\"Telinha\"},\"sameAs\":[\"https:\/\/portaltela.pt\/\"],\"url\":\"https:\/\/portaltela.pt\/por\/367410592786\/\"}]}<\/script>\n<!-- \/ Yoast SEO plugin. -->","yoast_head_json":{"title":"Livre quer divulga\u00e7\u00e3o r\u00e1pida do custo do PTRR e convers\u00e3o da miss\u00e3o em ag\u00eancia - Portal Tela Portugal","robots":{"index":"index","follow":"follow","max-snippet":"max-snippet:-1","max-image-preview":"max-image-preview:large","max-video-preview":"max-video-preview:-1"},"og_locale":"pt_PT","og_type":"article","og_title":"Livre quer divulga\u00e7\u00e3o r\u00e1pida do custo do PTRR e convers\u00e3o da miss\u00e3o em ag\u00eancia - Portal Tela Portugal","og_description":"O partido Livre quer que o custo do PTRR seja divulgado rapidamente. Prop\u00f5e que a estrutura de miss\u00e3o seja convertida em ag\u00eancia. O conte\u00fado completo est\u00e1 dispon\u00edvel apenas para subscritores.","og_url":"https:\/\/portaltela.pt\/noticias\/2026\/02\/25\/livre-quer-divulgacao-rapida-do-custo-do-ptrr-e-conversao-da-missao-em-agencia\/","og_site_name":"Portal Tela Portugal","article_published_time":"2026-02-25T14:12:00+00:00","author":"Telinha","twitter_card":"summary_large_image","twitter_misc":{"Escrito por":"Telinha"},"schema":{"@context":"https:\/\/schema.org","@graph":[{"@type":"Article","@id":"https:\/\/portaltela.pt\/noticias\/2026\/02\/25\/livre-quer-divulgacao-rapida-do-custo-do-ptrr-e-conversao-da-missao-em-agencia\/#article","isPartOf":{"@id":"https:\/\/portaltela.pt\/noticias\/2026\/02\/25\/livre-quer-divulgacao-rapida-do-custo-do-ptrr-e-conversao-da-missao-em-agencia\/"},"author":{"name":"Telinha","@id":"https:\/\/portaltela.pt\/#\/schema\/person\/c4278d4a6028830caff9ee44b42d32ed"},"headline":"Livre quer divulga\u00e7\u00e3o r\u00e1pida do custo do PTRR e convers\u00e3o da miss\u00e3o em ag\u00eancia","datePublished":"2026-02-25T14:12:00+00:00","mainEntityOfPage":{"@id":"https:\/\/portaltela.pt\/noticias\/2026\/02\/25\/livre-quer-divulgacao-rapida-do-custo-do-ptrr-e-conversao-da-missao-em-agencia\/"},"wordCount":98,"image":{"@id":"https:\/\/portaltela.pt\/noticias\/2026\/02\/25\/livre-quer-divulgacao-rapida-do-custo-do-ptrr-e-conversao-da-missao-em-agencia\/#primaryimage"},"thumbnailUrl":"https:\/\/portaltela.pt\/s.01k8rhncp4jt1\/2026\/02\/CACHE_780X1200_ANALOG_WATERMARKED_46638374_5616491_25022026015413.jpg","keywords":["_economia","ag\u00eancia p\u00fablica","economia","finan\u00e7as p\u00fablicas","governo","transpar\u00eancia p\u00fablica"],"articleSection":["Not\u00edcias","Pol\u00edtica"],"inLanguage":"pt-PT"},{"@type":"WebPage","@id":"https:\/\/portaltela.pt\/noticias\/2026\/02\/25\/livre-quer-divulgacao-rapida-do-custo-do-ptrr-e-conversao-da-missao-em-agencia\/","url":"https:\/\/portaltela.pt\/noticias\/2026\/02\/25\/livre-quer-divulgacao-rapida-do-custo-do-ptrr-e-conversao-da-missao-em-agencia\/","name":"Livre quer divulga\u00e7\u00e3o r\u00e1pida do custo do PTRR e convers\u00e3o da miss\u00e3o em ag\u00eancia - Portal Tela Portugal","isPartOf":{"@id":"https:\/\/portaltela.pt\/#website"},"primaryImageOfPage":{"@id":"https:\/\/portaltela.pt\/noticias\/2026\/02\/25\/livre-quer-divulgacao-rapida-do-custo-do-ptrr-e-conversao-da-missao-em-agencia\/#primaryimage"},"image":{"@id":"https:\/\/portaltela.pt\/noticias\/2026\/02\/25\/livre-quer-divulgacao-rapida-do-custo-do-ptrr-e-conversao-da-missao-em-agencia\/#primaryimage"},"thumbnailUrl":"https:\/\/portaltela.pt\/s.01k8rhncp4jt1\/2026\/02\/CACHE_780X1200_ANALOG_WATERMARKED_46638374_5616491_25022026015413.jpg","datePublished":"2026-02-25T14:12:00+00:00","author":{"@id":"https:\/\/portaltela.pt\/#\/schema\/person\/c4278d4a6028830caff9ee44b42d32ed"},"breadcrumb":{"@id":"https:\/\/portaltela.pt\/noticias\/2026\/02\/25\/livre-quer-divulgacao-rapida-do-custo-do-ptrr-e-conversao-da-missao-em-agencia\/#breadcrumb"},"inLanguage":"pt-PT","potentialAction":[{"@type":"ReadAction","target":["https:\/\/portaltela.pt\/noticias\/2026\/02\/25\/livre-quer-divulgacao-rapida-do-custo-do-ptrr-e-conversao-da-missao-em-agencia\/"]}]},{"@type":"ImageObject","inLanguage":"pt-PT","@id":"https:\/\/portaltela.pt\/noticias\/2026\/02\/25\/livre-quer-divulgacao-rapida-do-custo-do-ptrr-e-conversao-da-missao-em-agencia\/#primaryimage","url":"https:\/\/portaltela.pt\/s.01k8rhncp4jt1\/2026\/02\/CACHE_780X1200_ANALOG_WATERMARKED_46638374_5616491_25022026015413.jpg","contentUrl":"https:\/\/portaltela.pt\/s.01k8rhncp4jt1\/2026\/02\/CACHE_780X1200_ANALOG_WATERMARKED_46638374_5616491_25022026015413.jpg","width":796,"height":448,"caption":"Livre quer custo do PTRR divulgado rapidamente e estrutura de miss\u00e3o convertida em ag\u00eancia"},{"@type":"BreadcrumbList","@id":"https:\/\/portaltela.pt\/noticias\/2026\/02\/25\/livre-quer-divulgacao-rapida-do-custo-do-ptrr-e-conversao-da-missao-em-agencia\/#breadcrumb","itemListElement":[{"@type":"ListItem","position":1,"name":"In\u00edcio","item":"https:\/\/portaltela.pt\/"},{"@type":"ListItem","position":2,"name":"Livre quer divulga\u00e7\u00e3o r\u00e1pida do custo do PTRR e convers\u00e3o da miss\u00e3o em ag\u00eancia"}]},{"@type":"WebSite","@id":"https:\/\/portaltela.pt\/#website","url":"https:\/\/portaltela.pt\/","name":"Portal Tela Portugal","description":"","potentialAction":[{"@type":"SearchAction","target":{"@type":"EntryPoint","urlTemplate":"https:\/\/portaltela.pt\/?s={search_term_string}"},"query-input":{"@type":"PropertyValueSpecification","valueRequired":true,"valueName":"search_term_string"}}],"inLanguage":"pt-PT"},{"@type":"Person","@id":"https:\/\/portaltela.pt\/#\/schema\/person\/c4278d4a6028830caff9ee44b42d32ed","name":"Telinha","image":{"@type":"ImageObject","inLanguage":"pt-PT","@id":"https:\/\/portaltela.pt\/s.01k8rhncp4jt1\/2025\/11\/talking-bot-125x125.png","url":"https:\/\/portaltela.pt\/s.01k8rhncp4jt1\/2025\/11\/talking-bot-125x125.png","contentUrl":"https:\/\/portaltela.pt\/s.01k8rhncp4jt1\/2025\/11\/talking-bot-125x125.png","caption":"Telinha"},"sameAs":["https:\/\/portaltela.pt\/"],"url":"https:\/\/portaltela.pt\/por\/367410592786\/"}]}},"_links":{"self":[{"href":"https:\/\/portaltela.pt\/api\/wp\/v2\/posts\/225755","targetHints":{"allow":["GET"]}}],"collection":[{"href":"https:\/\/portaltela.pt\/api\/wp\/v2\/posts"}],"about":[{"href":"https:\/\/portaltela.pt\/api\/wp\/v2\/types\/post"}],"author":[{"embeddable":true,"href":"https:\/\/portaltela.pt\/api\/wp\/v2\/users\/2"}],"replies":[{"embeddable":true,"href":"https:\/\/portaltela.pt\/api\/wp\/v2\/comments?post=225755"}],"version-history":[{"count":0,"href":"https:\/\/portaltela.pt\/api\/wp\/v2\/posts\/225755\/revisions"}],"wp:featuredmedia":[{"embeddable":true,"href":"https:\/\/portaltela.pt\/api\/wp\/v2\/media\/225769"}],"wp:attachment":[{"href":"https:\/\/portaltela.pt\/api\/wp\/v2\/media?parent=225755"}],"wp:term":[{"taxonomy":"category","embeddable":true,"href":"https:\/\/portaltela.pt\/api\/wp\/v2\/categories?post=225755"},{"taxonomy":"post_tag","embeddable":true,"href":"https:\/\/portaltela.pt\/api\/wp\/v2\/tags?post=225755"}],"curies":[{"name":"wp","href":"https:\/\/api.w.org\/{rel}","templated":true}]}}