{"id":225754,"date":"2026-02-25T11:03:00","date_gmt":"2026-02-25T14:03:00","guid":{"rendered":"https:\/\/portaltela.pt\/noticias\/2026\/02\/25\/voluntarios-mobilizados-para-plantar-13-mil-arvores-na-serra-do-alvao\/"},"modified":"2026-02-25T11:03:00","modified_gmt":"2026-02-25T14:03:00","slug":"voluntarios-mobilizados-para-plantar-13-mil-arvores-na-serra-do-alvao","status":"publish","type":"post","link":"https:\/\/portaltela.pt\/noticias\/2026\/02\/25\/voluntarios-mobilizados-para-plantar-13-mil-arvores-na-serra-do-alvao\/","title":{"rendered":"Volunt\u00e1rios mobilizados para plantar 13 mil \u00e1rvores na Serra do Alv\u00e3o"},"content":{"rendered":"<p>Iniciativa dos Baldios de Vila Cova e Mascoselo e dos Linces do Mar\u00e3o organiza a planta\u00e7\u00e3o de 13 mil \u00e1rvores na Serra do Alv\u00e3o, em Vila Real, no pr\u00f3ximo s\u00e1bado. A a\u00e7\u00e3o visa reflorestar cerca de 650 hectares devastados por um inc\u00eandio em agosto de 2025, com o apoio do ICNF.<\/p>\n<p>Carlos Dias, presidente da Comunidade Local dos Baldios, descreve o cen\u00e1rio como desolador. O projeto pretende devolver vida \u00e0 paisagem, com prioridade para a planta\u00e7\u00e3o de pinheiros. A iniciativa envolve perto de 80 atletas dos Linces do Mar\u00e3o e volunt\u00e1rios locais.<\/p>\n<h3>Quando, onde e quem<\/h3>\n<p>O encontro ocorre no s\u00e1bado, 28 de fevereiro, \u00e0s 9h30, no largo da Igreja Paroquial de Vila Cova. O projeto conta com a participa\u00e7\u00e3o de 13 mil \u00e1rvores, principalmente pinheiros, a serem plantadas ao longo da Serra do Alv\u00e3o.<\/p>\n<p>Jorge Costa, da associa\u00e7\u00e3o Trilhos Semelhantes, adianta que os Linces do Mar\u00e3o oferecer\u00e3o pelo menos 1200 \u00e1rvores. A equipa participa ap\u00f3s a prova Trilho dos Linces, realizada em novembro de 2025, que tamb\u00e9m foi afetada pelo fogo.<\/p>\n<h3>Participa\u00e7\u00e3o e log\u00edstica<\/h3>\n<p>Podem inscrever-se volunt\u00e1rios atrav\u00e9s de uma plataforma ligada aos Linces do Mar\u00e3o, com link nas redes sociais da associa\u00e7\u00e3o e da Comunidade Local dos Baldios. \u00c9 recomendado levar um ferro grande e uma enxada de bico para facilitar o trabalho.<\/p>\n<p>Caso o n\u00famero de volunt\u00e1rios seja elevado, parte das a\u00e7\u00f5es poder\u00e1 ficar para uma segunda jornada. Ao final do dia est\u00e1 prevista uma merenda de conv\u00edvio para agradecer a participa\u00e7\u00e3o.<\/p>\n","protected":false},"excerpt":{"rendered":"<ul>\n<li>Planta\u00e7\u00e3o de 13 mil \u00e1rvores na Serra do Alv\u00e3o, em Vila Real, no pr\u00f3ximo s\u00e1bado, com apoio do Instituto da Conserva\u00e7\u00e3o da Natureza e das Florestas (ICNF).<\/li>\n<li>\u00c1rea devastada pelos inc\u00eandios de agosto de 2025: cerca de 650 hectares da comunidade Baldios de Vila Cova e Mascoselo; objetivo \u00e9 reflorestar.<\/li>\n<li>Linces do Mar\u00e3o v\u00e3o contribuir com pelo menos 1.200 \u00e1rvores, numa iniciativa que envolve a equipa de trail e volunt\u00e1rios.<\/li>\n<li>Ponto de encontro: largo da Igreja Paroquial de Vila Cova, \u00e0s 9h30 de s\u00e1bado, 28 de fevereiro; inscri\u00e7\u00f5es via plataforma indicada nas redes dos Linces do Mar\u00e3o ou da Comunidade Local dos Baldios.<\/li>\n<li>Requisitos: levar ferro do monte grande e enxada de bico; haver\u00e1 conv\u00edvio com merenda; participa\u00e7\u00e3o aberta a volunt\u00e1rios.<\/li>\n<\/ul>\n","protected":false},"author":2,"featured_media":225768,"comment_status":"closed","ping_status":"closed","sticky":false,"template":"","format":"standard","meta":{"footnotes":""},"categories":[1],"tags":[4051,167,4880,4576,1665,3266],"class_list":["post-225754","post","type-post","status-publish","format-standard","has-post-thumbnail","hentry","category-noticias","tag-alvao","tag-ambiente","tag-conservacao-ambiental","tag-florestal","tag-vila-real","tag-voluntariado-apoiado"],"yoast_head":"<!-- This site is optimized with the Yoast SEO plugin v27.2 - https:\/\/yoast.com\/product\/yoast-seo-wordpress\/ -->\n<title>Volunt\u00e1rios mobilizados para plantar 13 mil \u00e1rvores na Serra do Alv\u00e3o - Portal Tela Portugal<\/title>\n<meta name=\"robots\" content=\"index, follow, max-snippet:-1, max-image-preview:large, max-video-preview:-1\" \/>\n<meta property=\"og:locale\" content=\"pt_PT\" \/>\n<meta property=\"og:type\" content=\"article\" \/>\n<meta property=\"og:title\" content=\"Volunt\u00e1rios mobilizados para plantar 13 mil \u00e1rvores na Serra do Alv\u00e3o - Portal Tela Portugal\" \/>\n<meta property=\"og:description\" content=\"Planta\u00e7\u00e3o de 13 mil \u00e1rvores na Serra do Alv\u00e3o, em Vila Real, no pr\u00f3ximo s\u00e1bado, com apoio do Instituto da Conserva\u00e7\u00e3o da Natureza e das Florestas (ICNF). \u00c1rea devastada pelos inc\u00eandios de agosto de 2025: cerca de 650 hectares da comunidade Baldios de Vila Cova e Mascoselo; objetivo \u00e9 reflorestar. Linces do Mar\u00e3o v\u00e3o contribuir com pelo menos 1.200 \u00e1rvores, numa iniciativa que envolve a equipa de trail e volunt\u00e1rios. Ponto de encontro: largo da Igreja Paroquial de Vila Cova, \u00e0s 9h30 de s\u00e1bado, 28 de fevereiro; inscri\u00e7\u00f5es via plataforma indicada nas redes dos Linces do Mar\u00e3o ou da Comunidade Local dos Baldios. Requisitos: levar ferro do monte grande e enxada de bico; haver\u00e1 conv\u00edvio com merenda; participa\u00e7\u00e3o aberta a volunt\u00e1rios.\" \/>\n<meta property=\"og:url\" content=\"https:\/\/portaltela.pt\/noticias\/2026\/02\/25\/voluntarios-mobilizados-para-plantar-13-mil-arvores-na-serra-do-alvao\/\" \/>\n<meta property=\"og:site_name\" content=\"Portal Tela Portugal\" \/>\n<meta property=\"article:published_time\" content=\"2026-02-25T14:03:00+00:00\" \/>\n<meta name=\"author\" content=\"Telinha\" \/>\n<meta name=\"twitter:card\" content=\"summary_large_image\" \/>\n<meta name=\"twitter:label1\" content=\"Escrito por\" \/>\n\t<meta name=\"twitter:data1\" content=\"Telinha\" \/>\n\t<meta name=\"twitter:label2\" content=\"Tempo estimado de leitura\" \/>\n\t<meta name=\"twitter:data2\" content=\"1 minuto\" \/>\n<script type=\"application\/ld+json\" class=\"yoast-schema-graph\">{\"@context\":\"https:\/\/schema.org\",\"@graph\":[{\"@type\":\"Article\",\"@id\":\"https:\/\/portaltela.pt\/noticias\/2026\/02\/25\/voluntarios-mobilizados-para-plantar-13-mil-arvores-na-serra-do-alvao\/#article\",\"isPartOf\":{\"@id\":\"https:\/\/portaltela.pt\/noticias\/2026\/02\/25\/voluntarios-mobilizados-para-plantar-13-mil-arvores-na-serra-do-alvao\/\"},\"author\":{\"name\":\"Telinha\",\"@id\":\"https:\/\/portaltela.pt\/#\/schema\/person\/c4278d4a6028830caff9ee44b42d32ed\"},\"headline\":\"Volunt\u00e1rios mobilizados para plantar 13 mil \u00e1rvores na Serra do Alv\u00e3o\",\"datePublished\":\"2026-02-25T14:03:00+00:00\",\"mainEntityOfPage\":{\"@id\":\"https:\/\/portaltela.pt\/noticias\/2026\/02\/25\/voluntarios-mobilizados-para-plantar-13-mil-arvores-na-serra-do-alvao\/\"},\"wordCount\":277,\"image\":{\"@id\":\"https:\/\/portaltela.pt\/noticias\/2026\/02\/25\/voluntarios-mobilizados-para-plantar-13-mil-arvores-na-serra-do-alvao\/#primaryimage\"},\"thumbnailUrl\":\"https:\/\/portaltela.pt\/s.01k8rhncp4jt1\/2026\/02\/image-1847.jpg\",\"keywords\":[\"Alv\u00e3o\",\"ambiente\",\"conserva\u00e7\u00e3o ambiental\",\"florestal\",\"Vila Real\",\"Voluntariado Apoiado\"],\"articleSection\":[\"Not\u00edcias\"],\"inLanguage\":\"pt-PT\"},{\"@type\":\"WebPage\",\"@id\":\"https:\/\/portaltela.pt\/noticias\/2026\/02\/25\/voluntarios-mobilizados-para-plantar-13-mil-arvores-na-serra-do-alvao\/\",\"url\":\"https:\/\/portaltela.pt\/noticias\/2026\/02\/25\/voluntarios-mobilizados-para-plantar-13-mil-arvores-na-serra-do-alvao\/\",\"name\":\"Volunt\u00e1rios mobilizados para plantar 13 mil \u00e1rvores na Serra do Alv\u00e3o - Portal Tela Portugal\",\"isPartOf\":{\"@id\":\"https:\/\/portaltela.pt\/#website\"},\"primaryImageOfPage\":{\"@id\":\"https:\/\/portaltela.pt\/noticias\/2026\/02\/25\/voluntarios-mobilizados-para-plantar-13-mil-arvores-na-serra-do-alvao\/#primaryimage\"},\"image\":{\"@id\":\"https:\/\/portaltela.pt\/noticias\/2026\/02\/25\/voluntarios-mobilizados-para-plantar-13-mil-arvores-na-serra-do-alvao\/#primaryimage\"},\"thumbnailUrl\":\"https:\/\/portaltela.pt\/s.01k8rhncp4jt1\/2026\/02\/image-1847.jpg\",\"datePublished\":\"2026-02-25T14:03:00+00:00\",\"author\":{\"@id\":\"https:\/\/portaltela.pt\/#\/schema\/person\/c4278d4a6028830caff9ee44b42d32ed\"},\"breadcrumb\":{\"@id\":\"https:\/\/portaltela.pt\/noticias\/2026\/02\/25\/voluntarios-mobilizados-para-plantar-13-mil-arvores-na-serra-do-alvao\/#breadcrumb\"},\"inLanguage\":\"pt-PT\",\"potentialAction\":[{\"@type\":\"ReadAction\",\"target\":[\"https:\/\/portaltela.pt\/noticias\/2026\/02\/25\/voluntarios-mobilizados-para-plantar-13-mil-arvores-na-serra-do-alvao\/\"]}]},{\"@type\":\"ImageObject\",\"inLanguage\":\"pt-PT\",\"@id\":\"https:\/\/portaltela.pt\/noticias\/2026\/02\/25\/voluntarios-mobilizados-para-plantar-13-mil-arvores-na-serra-do-alvao\/#primaryimage\",\"url\":\"https:\/\/portaltela.pt\/s.01k8rhncp4jt1\/2026\/02\/image-1847.jpg\",\"contentUrl\":\"https:\/\/portaltela.pt\/s.01k8rhncp4jt1\/2026\/02\/image-1847.jpg\",\"width\":796,\"height\":448,\"caption\":\"Organizada a planta\u00e7\u00e3o de 13 mil \u00e1rvores, no pr\u00f3ximo s\u00e1bado, na Serra do Alv\u00e3o\"},{\"@type\":\"BreadcrumbList\",\"@id\":\"https:\/\/portaltela.pt\/noticias\/2026\/02\/25\/voluntarios-mobilizados-para-plantar-13-mil-arvores-na-serra-do-alvao\/#breadcrumb\",\"itemListElement\":[{\"@type\":\"ListItem\",\"position\":1,\"name\":\"In\u00edcio\",\"item\":\"https:\/\/portaltela.pt\/\"},{\"@type\":\"ListItem\",\"position\":2,\"name\":\"Volunt\u00e1rios mobilizados para plantar 13 mil \u00e1rvores na Serra do Alv\u00e3o\"}]},{\"@type\":\"WebSite\",\"@id\":\"https:\/\/portaltela.pt\/#website\",\"url\":\"https:\/\/portaltela.pt\/\",\"name\":\"Portal Tela Portugal\",\"description\":\"\",\"potentialAction\":[{\"@type\":\"SearchAction\",\"target\":{\"@type\":\"EntryPoint\",\"urlTemplate\":\"https:\/\/portaltela.pt\/?s={search_term_string}\"},\"query-input\":{\"@type\":\"PropertyValueSpecification\",\"valueRequired\":true,\"valueName\":\"search_term_string\"}}],\"inLanguage\":\"pt-PT\"},{\"@type\":\"Person\",\"@id\":\"https:\/\/portaltela.pt\/#\/schema\/person\/c4278d4a6028830caff9ee44b42d32ed\",\"name\":\"Telinha\",\"image\":{\"@type\":\"ImageObject\",\"inLanguage\":\"pt-PT\",\"@id\":\"https:\/\/portaltela.pt\/s.01k8rhncp4jt1\/2025\/11\/talking-bot-125x125.png\",\"url\":\"https:\/\/portaltela.pt\/s.01k8rhncp4jt1\/2025\/11\/talking-bot-125x125.png\",\"contentUrl\":\"https:\/\/portaltela.pt\/s.01k8rhncp4jt1\/2025\/11\/talking-bot-125x125.png\",\"caption\":\"Telinha\"},\"sameAs\":[\"https:\/\/portaltela.pt\/\"],\"url\":\"https:\/\/portaltela.pt\/por\/367410592786\/\"}]}<\/script>\n<!-- \/ Yoast SEO plugin. -->","yoast_head_json":{"title":"Volunt\u00e1rios mobilizados para plantar 13 mil \u00e1rvores na Serra do Alv\u00e3o - Portal Tela Portugal","robots":{"index":"index","follow":"follow","max-snippet":"max-snippet:-1","max-image-preview":"max-image-preview:large","max-video-preview":"max-video-preview:-1"},"og_locale":"pt_PT","og_type":"article","og_title":"Volunt\u00e1rios mobilizados para plantar 13 mil \u00e1rvores na Serra do Alv\u00e3o - Portal Tela Portugal","og_description":"Planta\u00e7\u00e3o de 13 mil \u00e1rvores na Serra do Alv\u00e3o, em Vila Real, no pr\u00f3ximo s\u00e1bado, com apoio do Instituto da Conserva\u00e7\u00e3o da Natureza e das Florestas (ICNF). \u00c1rea devastada pelos inc\u00eandios de agosto de 2025: cerca de 650 hectares da comunidade Baldios de Vila Cova e Mascoselo; objetivo \u00e9 reflorestar. Linces do Mar\u00e3o v\u00e3o contribuir com pelo menos 1.200 \u00e1rvores, numa iniciativa que envolve a equipa de trail e volunt\u00e1rios. Ponto de encontro: largo da Igreja Paroquial de Vila Cova, \u00e0s 9h30 de s\u00e1bado, 28 de fevereiro; inscri\u00e7\u00f5es via plataforma indicada nas redes dos Linces do Mar\u00e3o ou da Comunidade Local dos Baldios. Requisitos: levar ferro do monte grande e enxada de bico; haver\u00e1 conv\u00edvio com merenda; participa\u00e7\u00e3o aberta a volunt\u00e1rios.","og_url":"https:\/\/portaltela.pt\/noticias\/2026\/02\/25\/voluntarios-mobilizados-para-plantar-13-mil-arvores-na-serra-do-alvao\/","og_site_name":"Portal Tela Portugal","article_published_time":"2026-02-25T14:03:00+00:00","author":"Telinha","twitter_card":"summary_large_image","twitter_misc":{"Escrito por":"Telinha","Tempo estimado de leitura":"1 minuto"},"schema":{"@context":"https:\/\/schema.org","@graph":[{"@type":"Article","@id":"https:\/\/portaltela.pt\/noticias\/2026\/02\/25\/voluntarios-mobilizados-para-plantar-13-mil-arvores-na-serra-do-alvao\/#article","isPartOf":{"@id":"https:\/\/portaltela.pt\/noticias\/2026\/02\/25\/voluntarios-mobilizados-para-plantar-13-mil-arvores-na-serra-do-alvao\/"},"author":{"name":"Telinha","@id":"https:\/\/portaltela.pt\/#\/schema\/person\/c4278d4a6028830caff9ee44b42d32ed"},"headline":"Volunt\u00e1rios mobilizados para plantar 13 mil \u00e1rvores na Serra do Alv\u00e3o","datePublished":"2026-02-25T14:03:00+00:00","mainEntityOfPage":{"@id":"https:\/\/portaltela.pt\/noticias\/2026\/02\/25\/voluntarios-mobilizados-para-plantar-13-mil-arvores-na-serra-do-alvao\/"},"wordCount":277,"image":{"@id":"https:\/\/portaltela.pt\/noticias\/2026\/02\/25\/voluntarios-mobilizados-para-plantar-13-mil-arvores-na-serra-do-alvao\/#primaryimage"},"thumbnailUrl":"https:\/\/portaltela.pt\/s.01k8rhncp4jt1\/2026\/02\/image-1847.jpg","keywords":["Alv\u00e3o","ambiente","conserva\u00e7\u00e3o ambiental","florestal","Vila Real","Voluntariado Apoiado"],"articleSection":["Not\u00edcias"],"inLanguage":"pt-PT"},{"@type":"WebPage","@id":"https:\/\/portaltela.pt\/noticias\/2026\/02\/25\/voluntarios-mobilizados-para-plantar-13-mil-arvores-na-serra-do-alvao\/","url":"https:\/\/portaltela.pt\/noticias\/2026\/02\/25\/voluntarios-mobilizados-para-plantar-13-mil-arvores-na-serra-do-alvao\/","name":"Volunt\u00e1rios mobilizados para plantar 13 mil \u00e1rvores na Serra do Alv\u00e3o - Portal Tela Portugal","isPartOf":{"@id":"https:\/\/portaltela.pt\/#website"},"primaryImageOfPage":{"@id":"https:\/\/portaltela.pt\/noticias\/2026\/02\/25\/voluntarios-mobilizados-para-plantar-13-mil-arvores-na-serra-do-alvao\/#primaryimage"},"image":{"@id":"https:\/\/portaltela.pt\/noticias\/2026\/02\/25\/voluntarios-mobilizados-para-plantar-13-mil-arvores-na-serra-do-alvao\/#primaryimage"},"thumbnailUrl":"https:\/\/portaltela.pt\/s.01k8rhncp4jt1\/2026\/02\/image-1847.jpg","datePublished":"2026-02-25T14:03:00+00:00","author":{"@id":"https:\/\/portaltela.pt\/#\/schema\/person\/c4278d4a6028830caff9ee44b42d32ed"},"breadcrumb":{"@id":"https:\/\/portaltela.pt\/noticias\/2026\/02\/25\/voluntarios-mobilizados-para-plantar-13-mil-arvores-na-serra-do-alvao\/#breadcrumb"},"inLanguage":"pt-PT","potentialAction":[{"@type":"ReadAction","target":["https:\/\/portaltela.pt\/noticias\/2026\/02\/25\/voluntarios-mobilizados-para-plantar-13-mil-arvores-na-serra-do-alvao\/"]}]},{"@type":"ImageObject","inLanguage":"pt-PT","@id":"https:\/\/portaltela.pt\/noticias\/2026\/02\/25\/voluntarios-mobilizados-para-plantar-13-mil-arvores-na-serra-do-alvao\/#primaryimage","url":"https:\/\/portaltela.pt\/s.01k8rhncp4jt1\/2026\/02\/image-1847.jpg","contentUrl":"https:\/\/portaltela.pt\/s.01k8rhncp4jt1\/2026\/02\/image-1847.jpg","width":796,"height":448,"caption":"Organizada a planta\u00e7\u00e3o de 13 mil \u00e1rvores, no pr\u00f3ximo s\u00e1bado, na Serra do Alv\u00e3o"},{"@type":"BreadcrumbList","@id":"https:\/\/portaltela.pt\/noticias\/2026\/02\/25\/voluntarios-mobilizados-para-plantar-13-mil-arvores-na-serra-do-alvao\/#breadcrumb","itemListElement":[{"@type":"ListItem","position":1,"name":"In\u00edcio","item":"https:\/\/portaltela.pt\/"},{"@type":"ListItem","position":2,"name":"Volunt\u00e1rios mobilizados para plantar 13 mil \u00e1rvores na Serra do Alv\u00e3o"}]},{"@type":"WebSite","@id":"https:\/\/portaltela.pt\/#website","url":"https:\/\/portaltela.pt\/","name":"Portal Tela Portugal","description":"","potentialAction":[{"@type":"SearchAction","target":{"@type":"EntryPoint","urlTemplate":"https:\/\/portaltela.pt\/?s={search_term_string}"},"query-input":{"@type":"PropertyValueSpecification","valueRequired":true,"valueName":"search_term_string"}}],"inLanguage":"pt-PT"},{"@type":"Person","@id":"https:\/\/portaltela.pt\/#\/schema\/person\/c4278d4a6028830caff9ee44b42d32ed","name":"Telinha","image":{"@type":"ImageObject","inLanguage":"pt-PT","@id":"https:\/\/portaltela.pt\/s.01k8rhncp4jt1\/2025\/11\/talking-bot-125x125.png","url":"https:\/\/portaltela.pt\/s.01k8rhncp4jt1\/2025\/11\/talking-bot-125x125.png","contentUrl":"https:\/\/portaltela.pt\/s.01k8rhncp4jt1\/2025\/11\/talking-bot-125x125.png","caption":"Telinha"},"sameAs":["https:\/\/portaltela.pt\/"],"url":"https:\/\/portaltela.pt\/por\/367410592786\/"}]}},"_links":{"self":[{"href":"https:\/\/portaltela.pt\/api\/wp\/v2\/posts\/225754","targetHints":{"allow":["GET"]}}],"collection":[{"href":"https:\/\/portaltela.pt\/api\/wp\/v2\/posts"}],"about":[{"href":"https:\/\/portaltela.pt\/api\/wp\/v2\/types\/post"}],"author":[{"embeddable":true,"href":"https:\/\/portaltela.pt\/api\/wp\/v2\/users\/2"}],"replies":[{"embeddable":true,"href":"https:\/\/portaltela.pt\/api\/wp\/v2\/comments?post=225754"}],"version-history":[{"count":0,"href":"https:\/\/portaltela.pt\/api\/wp\/v2\/posts\/225754\/revisions"}],"wp:featuredmedia":[{"embeddable":true,"href":"https:\/\/portaltela.pt\/api\/wp\/v2\/media\/225768"}],"wp:attachment":[{"href":"https:\/\/portaltela.pt\/api\/wp\/v2\/media?parent=225754"}],"wp:term":[{"taxonomy":"category","embeddable":true,"href":"https:\/\/portaltela.pt\/api\/wp\/v2\/categories?post=225754"},{"taxonomy":"post_tag","embeddable":true,"href":"https:\/\/portaltela.pt\/api\/wp\/v2\/tags?post=225754"}],"curies":[{"name":"wp","href":"https:\/\/api.w.org\/{rel}","templated":true}]}}