{"id":225715,"date":"2026-02-25T10:32:01","date_gmt":"2026-02-25T13:32:01","guid":{"rendered":"https:\/\/portaltela.pt\/noticias\/2026\/02\/25\/madeira-enterra-70-da-rede-eletrica-para-enfrentar-estragos-de-intemperies\/"},"modified":"2026-02-25T10:32:01","modified_gmt":"2026-02-25T13:32:01","slug":"madeira-enterra-70-da-rede-eletrica-para-enfrentar-estragos-de-intemperies","status":"publish","type":"post","link":"https:\/\/portaltela.pt\/noticias\/2026\/02\/25\/madeira-enterra-70-da-rede-eletrica-para-enfrentar-estragos-de-intemperies\/","title":{"rendered":"Madeira enterra 70% da rede el\u00e9trica para enfrentar estragos de intemp\u00e9ries"},"content":{"rendered":"<p>A Madeira tem mais de 70% das linhas de alta e m\u00e9dia tens\u00e3o enterradas, em parte para reduzir a exposi\u00e7\u00e3o da rede \u00e0s intemp\u00e9ries. O dado foi apresentado pelo secret\u00e1rio regional das Infraestruturas e Equipamentos, durante o plen\u00e1rio da Assembleia Legislativa da Madeira, no Funchal.<\/p>\n<p>A firmeza dessa estrat\u00e9gia de mitiga\u00e7\u00e3o de riscos resulta de investimentos na rede subterr\u00e2nea. O respons\u00e1vel destacou que a percentagem regional se aproxima da de pa\u00edses desenvolvidos, face a uma m\u00e9dia nacional de cabos enterrados de cerca de 20%.<\/p>\n<p>A apresenta\u00e7\u00e3o ocorreu no \u00e2mbito da discuss\u00e3o de um decreto legislativo regional sobre autoconsumo de energia renov\u00e1vel, visando adaptar a legisla\u00e7\u00e3o nacional de 2022 \u00e0s especificidades da regi\u00e3o.<\/p>\n<p>Esta medida, explicou Pedro Rodrigues, pretende tornar o regime de autoconsumo mais claro, juridicamente robusto e compat\u00edvel com o sistema el\u00e9trico da Madeira, assegurando previsibilidade para investidores e prote\u00e7\u00e3o do interesse p\u00fablico.<\/p>\n<p>A \u00eanfase foi colocada na redu\u00e7\u00e3o de falhas e interrup\u00e7\u00f5es, com a elevada percentagem de cabos enterrados a diminuir a exposi\u00e7\u00e3o da rede a ventos fortes, deslizamentos e outras intemp\u00e9ries.<\/p>\n<h3>Debate parlamentar e perspetivas partid\u00e1rias<\/h3>\n<p>Durante a discuss\u00e3o, o Juntos Pelo Povo (JPP) criticou a falta de apoio \u00e0s fam\u00edlias, apontando que o Or\u00e7amento Regional para 2026 destinou apenas 50 mil euros a esse fim. O deputado Lu\u00eds Martins considerou o montante insuficiente para chegar a metas de energia renov\u00e1vel.<\/p>\n<p>O PS avaliou o diploma como atrasado, argumentando que adapta uma legisla\u00e7\u00e3o antiga. O partido referiu investimentos pr\u00e9vios na regi\u00e3o e apontou oportunidades perdidas na \u00e1rea das energias renov\u00e1veis.<\/p>\n<p>O Chega criticou a continuidade da depend\u00eancia de f\u00f3sseis e a eventual repercuss\u00e3o de instabilidades externas nos pre\u00e7os aos consumidores. O partido reconheceu aspetos positivos do diploma, mas pediu melhorias para uma transi\u00e7\u00e3o energ\u00e9tica mais justa.<\/p>\n<p>A IL tamb\u00e9m reconheceu que a adapta\u00e7\u00e3o legislativa a demora, mas valorizou v\u00e1rios m\u00e9ritos do texto, ao mesmo tempo que apontou a burocracia excessiva como ponto de melhoria.<\/p>\n","protected":false},"excerpt":{"rendered":"<ul>\n<li>A Madeira tem mais de setenta por cento das linhas de alta e m\u00e9dia tens\u00e3o enterradas, visando reduzir a exposi\u00e7\u00e3o a intemp\u00e9ries.<\/li>\n<li>O investimento em rede subterr\u00e2nea \u00e9 visto como parte da mitiga\u00e7\u00e3o de riscos, com a Madeira em patamar compar\u00e1vel aos pa\u00edses desenvolvidos, face a uma m\u00e9dia nacional de quarenta por cento de cabos enterrados.<\/li>\n<li>A percentagem elevada de cabos enterrados reduz a exposi\u00e7\u00e3o a eventos clim\u00e1ticos, deslizamentos e ventos fortes, diminuindo falhas e dura\u00e7\u00e3o de interrup\u00e7\u00f5es.<\/li>\n<li>A proposta de decreto legislativo regional pretende adaptar o regime de autoconsumo de energia renov\u00e1vel para a Madeira, tornando-o mais claro e juridicamente robusto.<\/li>\n<li>No debate, partidos como JPP, PS, Chega e IL expressaram cr\u00edticas e preocupa\u00e7\u00f5es sobre prazos, apoios \u00e0s fam\u00edlias e burocracia, destacando ainda quest\u00f5es sobre a transi\u00e7\u00e3o energ\u00e9tica e depend\u00eancia de energias f\u00f3sseis.<\/li>\n<\/ul>\n","protected":false},"author":2,"featured_media":225723,"comment_status":"closed","ping_status":"closed","sticky":false,"template":"","format":"standard","meta":{"footnotes":""},"categories":[1],"tags":[174,4549,3603,1615,859,4327],"class_list":["post-225715","post","type-post","status-publish","format-standard","has-post-thumbnail","hentry","category-noticias","tag-energia","tag-energia-eletrica","tag-energias-renovaveis","tag-infraestrutura","tag-madeira","tag-rede-eletrica"],"yoast_head":"<!-- This site is optimized with the Yoast SEO plugin v27.2 - https:\/\/yoast.com\/product\/yoast-seo-wordpress\/ -->\n<title>Madeira enterra 70% da rede el\u00e9trica para enfrentar estragos de intemp\u00e9ries - Portal Tela Portugal<\/title>\n<meta name=\"robots\" content=\"index, follow, max-snippet:-1, max-image-preview:large, max-video-preview:-1\" \/>\n<meta property=\"og:locale\" content=\"pt_PT\" \/>\n<meta property=\"og:type\" content=\"article\" \/>\n<meta property=\"og:title\" content=\"Madeira enterra 70% da rede el\u00e9trica para enfrentar estragos de intemp\u00e9ries - Portal Tela Portugal\" \/>\n<meta property=\"og:description\" content=\"A Madeira tem mais de setenta por cento das linhas de alta e m\u00e9dia tens\u00e3o enterradas, visando reduzir a exposi\u00e7\u00e3o a intemp\u00e9ries. O investimento em rede subterr\u00e2nea \u00e9 visto como parte da mitiga\u00e7\u00e3o de riscos, com a Madeira em patamar compar\u00e1vel aos pa\u00edses desenvolvidos, face a uma m\u00e9dia nacional de quarenta por cento de cabos enterrados. A percentagem elevada de cabos enterrados reduz a exposi\u00e7\u00e3o a eventos clim\u00e1ticos, deslizamentos e ventos fortes, diminuindo falhas e dura\u00e7\u00e3o de interrup\u00e7\u00f5es. A proposta de decreto legislativo regional pretende adaptar o regime de autoconsumo de energia renov\u00e1vel para a Madeira, tornando-o mais claro e juridicamente robusto. No debate, partidos como JPP, PS, Chega e IL expressaram cr\u00edticas e preocupa\u00e7\u00f5es sobre prazos, apoios \u00e0s fam\u00edlias e burocracia, destacando ainda quest\u00f5es sobre a transi\u00e7\u00e3o energ\u00e9tica e depend\u00eancia de energias f\u00f3sseis.\" \/>\n<meta property=\"og:url\" content=\"https:\/\/portaltela.pt\/noticias\/2026\/02\/25\/madeira-enterra-70-da-rede-eletrica-para-enfrentar-estragos-de-intemperies\/\" \/>\n<meta property=\"og:site_name\" content=\"Portal Tela Portugal\" \/>\n<meta property=\"article:published_time\" content=\"2026-02-25T13:32:01+00:00\" \/>\n<meta name=\"author\" content=\"Telinha\" \/>\n<meta name=\"twitter:card\" content=\"summary_large_image\" \/>\n<meta name=\"twitter:label1\" content=\"Escrito por\" \/>\n\t<meta name=\"twitter:data1\" content=\"Telinha\" \/>\n\t<meta name=\"twitter:label2\" content=\"Tempo estimado de leitura\" \/>\n\t<meta name=\"twitter:data2\" content=\"2 minutos\" \/>\n<script type=\"application\/ld+json\" class=\"yoast-schema-graph\">{\"@context\":\"https:\/\/schema.org\",\"@graph\":[{\"@type\":\"Article\",\"@id\":\"https:\/\/portaltela.pt\/noticias\/2026\/02\/25\/madeira-enterra-70-da-rede-eletrica-para-enfrentar-estragos-de-intemperies\/#article\",\"isPartOf\":{\"@id\":\"https:\/\/portaltela.pt\/noticias\/2026\/02\/25\/madeira-enterra-70-da-rede-eletrica-para-enfrentar-estragos-de-intemperies\/\"},\"author\":{\"name\":\"Telinha\",\"@id\":\"https:\/\/portaltela.pt\/#\/schema\/person\/c4278d4a6028830caff9ee44b42d32ed\"},\"headline\":\"Madeira enterra 70% da rede el\u00e9trica para enfrentar estragos de intemp\u00e9ries\",\"datePublished\":\"2026-02-25T13:32:01+00:00\",\"mainEntityOfPage\":{\"@id\":\"https:\/\/portaltela.pt\/noticias\/2026\/02\/25\/madeira-enterra-70-da-rede-eletrica-para-enfrentar-estragos-de-intemperies\/\"},\"wordCount\":369,\"image\":{\"@id\":\"https:\/\/portaltela.pt\/noticias\/2026\/02\/25\/madeira-enterra-70-da-rede-eletrica-para-enfrentar-estragos-de-intemperies\/#primaryimage\"},\"thumbnailUrl\":\"https:\/\/portaltela.pt\/s.01k8rhncp4jt1\/2026\/02\/img_1500x1000uu2024-02-10-18-45-06-1567893.jpg\",\"keywords\":[\"energia\",\"energia el\u00e9trica\",\"energias renov\u00e1veis\",\"infraestrutura\",\"Madeira\",\"rede el\u00e9trica\"],\"articleSection\":[\"Not\u00edcias\"],\"inLanguage\":\"pt-PT\"},{\"@type\":\"WebPage\",\"@id\":\"https:\/\/portaltela.pt\/noticias\/2026\/02\/25\/madeira-enterra-70-da-rede-eletrica-para-enfrentar-estragos-de-intemperies\/\",\"url\":\"https:\/\/portaltela.pt\/noticias\/2026\/02\/25\/madeira-enterra-70-da-rede-eletrica-para-enfrentar-estragos-de-intemperies\/\",\"name\":\"Madeira enterra 70% da rede el\u00e9trica para enfrentar estragos de intemp\u00e9ries - Portal Tela Portugal\",\"isPartOf\":{\"@id\":\"https:\/\/portaltela.pt\/#website\"},\"primaryImageOfPage\":{\"@id\":\"https:\/\/portaltela.pt\/noticias\/2026\/02\/25\/madeira-enterra-70-da-rede-eletrica-para-enfrentar-estragos-de-intemperies\/#primaryimage\"},\"image\":{\"@id\":\"https:\/\/portaltela.pt\/noticias\/2026\/02\/25\/madeira-enterra-70-da-rede-eletrica-para-enfrentar-estragos-de-intemperies\/#primaryimage\"},\"thumbnailUrl\":\"https:\/\/portaltela.pt\/s.01k8rhncp4jt1\/2026\/02\/img_1500x1000uu2024-02-10-18-45-06-1567893.jpg\",\"datePublished\":\"2026-02-25T13:32:01+00:00\",\"author\":{\"@id\":\"https:\/\/portaltela.pt\/#\/schema\/person\/c4278d4a6028830caff9ee44b42d32ed\"},\"breadcrumb\":{\"@id\":\"https:\/\/portaltela.pt\/noticias\/2026\/02\/25\/madeira-enterra-70-da-rede-eletrica-para-enfrentar-estragos-de-intemperies\/#breadcrumb\"},\"inLanguage\":\"pt-PT\",\"potentialAction\":[{\"@type\":\"ReadAction\",\"target\":[\"https:\/\/portaltela.pt\/noticias\/2026\/02\/25\/madeira-enterra-70-da-rede-eletrica-para-enfrentar-estragos-de-intemperies\/\"]}]},{\"@type\":\"ImageObject\",\"inLanguage\":\"pt-PT\",\"@id\":\"https:\/\/portaltela.pt\/noticias\/2026\/02\/25\/madeira-enterra-70-da-rede-eletrica-para-enfrentar-estragos-de-intemperies\/#primaryimage\",\"url\":\"https:\/\/portaltela.pt\/s.01k8rhncp4jt1\/2026\/02\/img_1500x1000uu2024-02-10-18-45-06-1567893.jpg\",\"contentUrl\":\"https:\/\/portaltela.pt\/s.01k8rhncp4jt1\/2026\/02\/img_1500x1000uu2024-02-10-18-45-06-1567893.jpg\",\"width\":796,\"height\":448,\"caption\":\"Ilha da Madeira\"},{\"@type\":\"BreadcrumbList\",\"@id\":\"https:\/\/portaltela.pt\/noticias\/2026\/02\/25\/madeira-enterra-70-da-rede-eletrica-para-enfrentar-estragos-de-intemperies\/#breadcrumb\",\"itemListElement\":[{\"@type\":\"ListItem\",\"position\":1,\"name\":\"In\u00edcio\",\"item\":\"https:\/\/portaltela.pt\/\"},{\"@type\":\"ListItem\",\"position\":2,\"name\":\"Madeira enterra 70% da rede el\u00e9trica para enfrentar estragos de intemp\u00e9ries\"}]},{\"@type\":\"WebSite\",\"@id\":\"https:\/\/portaltela.pt\/#website\",\"url\":\"https:\/\/portaltela.pt\/\",\"name\":\"Portal Tela Portugal\",\"description\":\"\",\"potentialAction\":[{\"@type\":\"SearchAction\",\"target\":{\"@type\":\"EntryPoint\",\"urlTemplate\":\"https:\/\/portaltela.pt\/?s={search_term_string}\"},\"query-input\":{\"@type\":\"PropertyValueSpecification\",\"valueRequired\":true,\"valueName\":\"search_term_string\"}}],\"inLanguage\":\"pt-PT\"},{\"@type\":\"Person\",\"@id\":\"https:\/\/portaltela.pt\/#\/schema\/person\/c4278d4a6028830caff9ee44b42d32ed\",\"name\":\"Telinha\",\"image\":{\"@type\":\"ImageObject\",\"inLanguage\":\"pt-PT\",\"@id\":\"https:\/\/portaltela.pt\/s.01k8rhncp4jt1\/2025\/11\/talking-bot-125x125.png\",\"url\":\"https:\/\/portaltela.pt\/s.01k8rhncp4jt1\/2025\/11\/talking-bot-125x125.png\",\"contentUrl\":\"https:\/\/portaltela.pt\/s.01k8rhncp4jt1\/2025\/11\/talking-bot-125x125.png\",\"caption\":\"Telinha\"},\"sameAs\":[\"https:\/\/portaltela.pt\/\"],\"url\":\"https:\/\/portaltela.pt\/por\/367410592786\/\"}]}<\/script>\n<!-- \/ Yoast SEO plugin. -->","yoast_head_json":{"title":"Madeira enterra 70% da rede el\u00e9trica para enfrentar estragos de intemp\u00e9ries - Portal Tela Portugal","robots":{"index":"index","follow":"follow","max-snippet":"max-snippet:-1","max-image-preview":"max-image-preview:large","max-video-preview":"max-video-preview:-1"},"og_locale":"pt_PT","og_type":"article","og_title":"Madeira enterra 70% da rede el\u00e9trica para enfrentar estragos de intemp\u00e9ries - Portal Tela Portugal","og_description":"A Madeira tem mais de setenta por cento das linhas de alta e m\u00e9dia tens\u00e3o enterradas, visando reduzir a exposi\u00e7\u00e3o a intemp\u00e9ries. O investimento em rede subterr\u00e2nea \u00e9 visto como parte da mitiga\u00e7\u00e3o de riscos, com a Madeira em patamar compar\u00e1vel aos pa\u00edses desenvolvidos, face a uma m\u00e9dia nacional de quarenta por cento de cabos enterrados. A percentagem elevada de cabos enterrados reduz a exposi\u00e7\u00e3o a eventos clim\u00e1ticos, deslizamentos e ventos fortes, diminuindo falhas e dura\u00e7\u00e3o de interrup\u00e7\u00f5es. A proposta de decreto legislativo regional pretende adaptar o regime de autoconsumo de energia renov\u00e1vel para a Madeira, tornando-o mais claro e juridicamente robusto. No debate, partidos como JPP, PS, Chega e IL expressaram cr\u00edticas e preocupa\u00e7\u00f5es sobre prazos, apoios \u00e0s fam\u00edlias e burocracia, destacando ainda quest\u00f5es sobre a transi\u00e7\u00e3o energ\u00e9tica e depend\u00eancia de energias f\u00f3sseis.","og_url":"https:\/\/portaltela.pt\/noticias\/2026\/02\/25\/madeira-enterra-70-da-rede-eletrica-para-enfrentar-estragos-de-intemperies\/","og_site_name":"Portal Tela Portugal","article_published_time":"2026-02-25T13:32:01+00:00","author":"Telinha","twitter_card":"summary_large_image","twitter_misc":{"Escrito por":"Telinha","Tempo estimado de leitura":"2 minutos"},"schema":{"@context":"https:\/\/schema.org","@graph":[{"@type":"Article","@id":"https:\/\/portaltela.pt\/noticias\/2026\/02\/25\/madeira-enterra-70-da-rede-eletrica-para-enfrentar-estragos-de-intemperies\/#article","isPartOf":{"@id":"https:\/\/portaltela.pt\/noticias\/2026\/02\/25\/madeira-enterra-70-da-rede-eletrica-para-enfrentar-estragos-de-intemperies\/"},"author":{"name":"Telinha","@id":"https:\/\/portaltela.pt\/#\/schema\/person\/c4278d4a6028830caff9ee44b42d32ed"},"headline":"Madeira enterra 70% da rede el\u00e9trica para enfrentar estragos de intemp\u00e9ries","datePublished":"2026-02-25T13:32:01+00:00","mainEntityOfPage":{"@id":"https:\/\/portaltela.pt\/noticias\/2026\/02\/25\/madeira-enterra-70-da-rede-eletrica-para-enfrentar-estragos-de-intemperies\/"},"wordCount":369,"image":{"@id":"https:\/\/portaltela.pt\/noticias\/2026\/02\/25\/madeira-enterra-70-da-rede-eletrica-para-enfrentar-estragos-de-intemperies\/#primaryimage"},"thumbnailUrl":"https:\/\/portaltela.pt\/s.01k8rhncp4jt1\/2026\/02\/img_1500x1000uu2024-02-10-18-45-06-1567893.jpg","keywords":["energia","energia el\u00e9trica","energias renov\u00e1veis","infraestrutura","Madeira","rede el\u00e9trica"],"articleSection":["Not\u00edcias"],"inLanguage":"pt-PT"},{"@type":"WebPage","@id":"https:\/\/portaltela.pt\/noticias\/2026\/02\/25\/madeira-enterra-70-da-rede-eletrica-para-enfrentar-estragos-de-intemperies\/","url":"https:\/\/portaltela.pt\/noticias\/2026\/02\/25\/madeira-enterra-70-da-rede-eletrica-para-enfrentar-estragos-de-intemperies\/","name":"Madeira enterra 70% da rede el\u00e9trica para enfrentar estragos de intemp\u00e9ries - Portal Tela Portugal","isPartOf":{"@id":"https:\/\/portaltela.pt\/#website"},"primaryImageOfPage":{"@id":"https:\/\/portaltela.pt\/noticias\/2026\/02\/25\/madeira-enterra-70-da-rede-eletrica-para-enfrentar-estragos-de-intemperies\/#primaryimage"},"image":{"@id":"https:\/\/portaltela.pt\/noticias\/2026\/02\/25\/madeira-enterra-70-da-rede-eletrica-para-enfrentar-estragos-de-intemperies\/#primaryimage"},"thumbnailUrl":"https:\/\/portaltela.pt\/s.01k8rhncp4jt1\/2026\/02\/img_1500x1000uu2024-02-10-18-45-06-1567893.jpg","datePublished":"2026-02-25T13:32:01+00:00","author":{"@id":"https:\/\/portaltela.pt\/#\/schema\/person\/c4278d4a6028830caff9ee44b42d32ed"},"breadcrumb":{"@id":"https:\/\/portaltela.pt\/noticias\/2026\/02\/25\/madeira-enterra-70-da-rede-eletrica-para-enfrentar-estragos-de-intemperies\/#breadcrumb"},"inLanguage":"pt-PT","potentialAction":[{"@type":"ReadAction","target":["https:\/\/portaltela.pt\/noticias\/2026\/02\/25\/madeira-enterra-70-da-rede-eletrica-para-enfrentar-estragos-de-intemperies\/"]}]},{"@type":"ImageObject","inLanguage":"pt-PT","@id":"https:\/\/portaltela.pt\/noticias\/2026\/02\/25\/madeira-enterra-70-da-rede-eletrica-para-enfrentar-estragos-de-intemperies\/#primaryimage","url":"https:\/\/portaltela.pt\/s.01k8rhncp4jt1\/2026\/02\/img_1500x1000uu2024-02-10-18-45-06-1567893.jpg","contentUrl":"https:\/\/portaltela.pt\/s.01k8rhncp4jt1\/2026\/02\/img_1500x1000uu2024-02-10-18-45-06-1567893.jpg","width":796,"height":448,"caption":"Ilha da Madeira"},{"@type":"BreadcrumbList","@id":"https:\/\/portaltela.pt\/noticias\/2026\/02\/25\/madeira-enterra-70-da-rede-eletrica-para-enfrentar-estragos-de-intemperies\/#breadcrumb","itemListElement":[{"@type":"ListItem","position":1,"name":"In\u00edcio","item":"https:\/\/portaltela.pt\/"},{"@type":"ListItem","position":2,"name":"Madeira enterra 70% da rede el\u00e9trica para enfrentar estragos de intemp\u00e9ries"}]},{"@type":"WebSite","@id":"https:\/\/portaltela.pt\/#website","url":"https:\/\/portaltela.pt\/","name":"Portal Tela Portugal","description":"","potentialAction":[{"@type":"SearchAction","target":{"@type":"EntryPoint","urlTemplate":"https:\/\/portaltela.pt\/?s={search_term_string}"},"query-input":{"@type":"PropertyValueSpecification","valueRequired":true,"valueName":"search_term_string"}}],"inLanguage":"pt-PT"},{"@type":"Person","@id":"https:\/\/portaltela.pt\/#\/schema\/person\/c4278d4a6028830caff9ee44b42d32ed","name":"Telinha","image":{"@type":"ImageObject","inLanguage":"pt-PT","@id":"https:\/\/portaltela.pt\/s.01k8rhncp4jt1\/2025\/11\/talking-bot-125x125.png","url":"https:\/\/portaltela.pt\/s.01k8rhncp4jt1\/2025\/11\/talking-bot-125x125.png","contentUrl":"https:\/\/portaltela.pt\/s.01k8rhncp4jt1\/2025\/11\/talking-bot-125x125.png","caption":"Telinha"},"sameAs":["https:\/\/portaltela.pt\/"],"url":"https:\/\/portaltela.pt\/por\/367410592786\/"}]}},"_links":{"self":[{"href":"https:\/\/portaltela.pt\/api\/wp\/v2\/posts\/225715","targetHints":{"allow":["GET"]}}],"collection":[{"href":"https:\/\/portaltela.pt\/api\/wp\/v2\/posts"}],"about":[{"href":"https:\/\/portaltela.pt\/api\/wp\/v2\/types\/post"}],"author":[{"embeddable":true,"href":"https:\/\/portaltela.pt\/api\/wp\/v2\/users\/2"}],"replies":[{"embeddable":true,"href":"https:\/\/portaltela.pt\/api\/wp\/v2\/comments?post=225715"}],"version-history":[{"count":0,"href":"https:\/\/portaltela.pt\/api\/wp\/v2\/posts\/225715\/revisions"}],"wp:featuredmedia":[{"embeddable":true,"href":"https:\/\/portaltela.pt\/api\/wp\/v2\/media\/225723"}],"wp:attachment":[{"href":"https:\/\/portaltela.pt\/api\/wp\/v2\/media?parent=225715"}],"wp:term":[{"taxonomy":"category","embeddable":true,"href":"https:\/\/portaltela.pt\/api\/wp\/v2\/categories?post=225715"},{"taxonomy":"post_tag","embeddable":true,"href":"https:\/\/portaltela.pt\/api\/wp\/v2\/tags?post=225715"}],"curies":[{"name":"wp","href":"https:\/\/api.w.org\/{rel}","templated":true}]}}