{"id":225714,"date":"2026-02-25T10:20:00","date_gmt":"2026-02-25T13:20:00","guid":{"rendered":"https:\/\/portaltela.pt\/noticias\/2026\/02\/25\/alenquer-regista-400-ha-de-vinhas-afetadas-e-recebe-apoios\/"},"modified":"2026-02-25T10:20:00","modified_gmt":"2026-02-25T13:20:00","slug":"alenquer-regista-400-ha-de-vinhas-afetadas-e-recebe-apoios","status":"publish","type":"post","link":"https:\/\/portaltela.pt\/noticias\/2026\/02\/25\/alenquer-regista-400-ha-de-vinhas-afetadas-e-recebe-apoios\/","title":{"rendered":"Alenquer regista 400 ha de vinhas afetadas e recebe apoios"},"content":{"rendered":"<p>Os temporais que atingiram Lisboa e zonas vizinhas causaram danos significativos na regi\u00e3o de Alenquer, onde 400 hectares de vinhas ficaram afetados. Os preju\u00edzos apontados chegam a 1,7 milh\u00f5es de euros, segundo a CVR de Lisboa e a AVA.<\/p>\n<p>Os produtores de Alenquer registaram os n\u00fameros junto da CCDR Lisboa e Vale do Tejo. A informa\u00e7\u00e3o foi divulgada num comunicado conjunto, que tamb\u00e9m aponta a fragilidade de v\u00e1rias explora\u00e7\u00f5es perante deslizamentos de terras, abatimentos de solo e estradas intransit\u00e1veis.<\/p>\n<p>Na mesma altura, o Governo publicou um despacho que alarga o estado de calamidade a 22 concelhos, entre eles Alenquer, Arruda dos Vinhos e Sobral de Monte Agra\u00e7o, permitindo medidas de exce\u00e7\u00e3o para a regi\u00e3o.<\/p>\n<p>Esses mesmos organismos destacam que os preju\u00edzos j\u00e1 eram vis\u00edveis no terreno, com impactos nas vias de acesso, drenagens e manuseio de equipamentos, obst\u00e1culos que dificultam o trabalho agr\u00edcola di\u00e1rio.<\/p>\n<h3>Apoios e medidas anunciadas<\/h3>\n<p>A CVR de Lisboa e a AVA refor\u00e7am que os n\u00fameros ainda est\u00e3o em consolida\u00e7\u00e3o, mas destacam a necessidade de apoio ao restabelecimento do potencial produtivo. Em particular, pedem clarifica\u00e7\u00e3o sobre o limiar de 30% de preju\u00edzo.<\/p>\n<p>Solicitam ainda que o Minist\u00e9rio da Agricultura defina medidas de reestrutura\u00e7\u00e3o e convers\u00e3o de vinhas, incluindo a abertura de apoios adicionais ao VITIS. A formaliza\u00e7\u00e3o de for\u00e7a maior tamb\u00e9m est\u00e1 entre as exig\u00eancias.<\/p>\n<p>No panorama regional, o impacto em Alenquer preocupa pela imagem da regi\u00e3o como terroir dos Vinhos de Lisboa e pela depend\u00eancia de setores vitivin\u00edcolas para a economia local.<\/p>\n<h3>Contexto e perspetivas<\/h3>\n<p>Entre os impactos imediatos, h\u00e1 deslizamentos, deforma\u00e7\u00f5es do solo, danos em postes, arames e sistemas de drenagem, com acessos cortados a v\u00e1rias parcelas e dificuldades log\u00edsticas para as opera\u00e7\u00f5es agr\u00edcolas.<\/p>\n<p>A situa\u00e7\u00e3o na regi\u00e3o comp\u00f5e um quadro mais amplo de danos tamb\u00e9m sentidos no Centro e no Douro, onde munic\u00edpios registam perdas relevantes em infraestrutura e na produ\u00e7\u00e3o de vinho, ap\u00f3s o epis\u00f3dio de mau tempo.<\/p>\n<p>Em Bruxelas, o Conselho de Ministros da Agricultura aprovou medidas de apoio ao setor vitivin\u00edcola, incluindo est\u00edmulos ao arranque de vinha, adapta\u00e7\u00e3o clim\u00e1tica e simplifica\u00e7\u00e3o de pr\u00e1ticas de rotulagem. Portugal acompanha com pedidos de refor\u00e7o financeiro e de flexibilidade.<\/p>\n<p>O ministro da Agricultura, Jos\u00e9 Manuel Fernandes, saudou as medidas da UE, mas sublinhou que faltaram instrumentos para recuperar fundos n\u00e3o utilizados, que poderiam mitigar perdas significativas no setor.<\/p>\n","protected":false},"excerpt":{"rendered":"<ul>\n<li>Em Alenquer, cerca de 400 hectares de vinhas foram afectados pela tempestade Kristin e outras ocorr\u00eancias, com preju\u00edzos estimados em 1,7 milh\u00f5es de euros.<\/li>\n<li>Os produtores da regi\u00e3o de Lisboa reclamaram que esses preju\u00edzos seriam contemplados pelos apoios do Governo anunciados, j\u00e1 confirmados no despacho de calamidade.<\/li>\n<li>O Governo publicou o despacho que alarga o estado de calamidade a mais 22 concelhos, incluindo Alenquer, Arruda dos Vinhos e Sobral de Monte Agra\u00e7o.<\/li>\n<li>A Comiss\u00e3o Vitivin\u00edcola da Regi\u00e3o de Lisboa e a Associa\u00e7\u00e3o de Viticultores de Alenquer indicam que, apesar de os n\u00fameros ainda estarem em consolida\u00e7\u00e3o, os danos devem comprometer a campanha vitivin\u00edcola deste ano.<\/li>\n<li>Pedem clarifica\u00e7\u00e3o do conceito de preju\u00edzo superior a 30% e a abertura de medidas adicionais de apoio, incluindo reestrutura\u00e7\u00e3o de vinhas (VITIS) e reconhecimento de for\u00e7a maior para facilitar o restabelecimento produtivo.<\/li>\n<\/ul>\n","protected":false},"author":2,"featured_media":225721,"comment_status":"closed","ping_status":"closed","sticky":false,"template":"","format":"standard","meta":{"footnotes":""},"categories":[1],"tags":[179,4180,4687,981,5586,4103],"class_list":["post-225714","post","type-post","status-publish","format-standard","has-post-thumbnail","hentry","category-noticias","tag-agricultura","tag-alenquer","tag-calamidade-publica","tag-lisboa","tag-vinho","tag-viticultura"],"yoast_head":"<!-- This site is optimized with the Yoast SEO plugin v27.2 - https:\/\/yoast.com\/product\/yoast-seo-wordpress\/ -->\n<title>Alenquer regista 400 ha de vinhas afetadas e recebe apoios - Portal Tela Portugal<\/title>\n<meta name=\"robots\" content=\"index, follow, max-snippet:-1, max-image-preview:large, max-video-preview:-1\" \/>\n<meta property=\"og:locale\" content=\"pt_PT\" \/>\n<meta property=\"og:type\" content=\"article\" \/>\n<meta property=\"og:title\" content=\"Alenquer regista 400 ha de vinhas afetadas e recebe apoios - Portal Tela Portugal\" \/>\n<meta property=\"og:description\" content=\"Em Alenquer, cerca de 400 hectares de vinhas foram afectados pela tempestade Kristin e outras ocorr\u00eancias, com preju\u00edzos estimados em 1,7 milh\u00f5es de euros. Os produtores da regi\u00e3o de Lisboa reclamaram que esses preju\u00edzos seriam contemplados pelos apoios do Governo anunciados, j\u00e1 confirmados no despacho de calamidade. O Governo publicou o despacho que alarga o estado de calamidade a mais 22 concelhos, incluindo Alenquer, Arruda dos Vinhos e Sobral de Monte Agra\u00e7o. A Comiss\u00e3o Vitivin\u00edcola da Regi\u00e3o de Lisboa e a Associa\u00e7\u00e3o de Viticultores de Alenquer indicam que, apesar de os n\u00fameros ainda estarem em consolida\u00e7\u00e3o, os danos devem comprometer a campanha vitivin\u00edcola deste ano. Pedem clarifica\u00e7\u00e3o do conceito de preju\u00edzo superior a 30% e a abertura de medidas adicionais de apoio, incluindo reestrutura\u00e7\u00e3o de vinhas (VITIS) e reconhecimento de for\u00e7a maior para facilitar o restabelecimento produtivo.\" \/>\n<meta property=\"og:url\" content=\"https:\/\/portaltela.pt\/noticias\/2026\/02\/25\/alenquer-regista-400-ha-de-vinhas-afetadas-e-recebe-apoios\/\" \/>\n<meta property=\"og:site_name\" content=\"Portal Tela Portugal\" \/>\n<meta property=\"article:published_time\" content=\"2026-02-25T13:20:00+00:00\" \/>\n<meta name=\"author\" content=\"Telinha\" \/>\n<meta name=\"twitter:card\" content=\"summary_large_image\" \/>\n<meta name=\"twitter:label1\" content=\"Escrito por\" \/>\n\t<meta name=\"twitter:data1\" content=\"Telinha\" \/>\n\t<meta name=\"twitter:label2\" content=\"Tempo estimado de leitura\" \/>\n\t<meta name=\"twitter:data2\" content=\"2 minutos\" \/>\n<script type=\"application\/ld+json\" class=\"yoast-schema-graph\">{\"@context\":\"https:\/\/schema.org\",\"@graph\":[{\"@type\":\"Article\",\"@id\":\"https:\/\/portaltela.pt\/noticias\/2026\/02\/25\/alenquer-regista-400-ha-de-vinhas-afetadas-e-recebe-apoios\/#article\",\"isPartOf\":{\"@id\":\"https:\/\/portaltela.pt\/noticias\/2026\/02\/25\/alenquer-regista-400-ha-de-vinhas-afetadas-e-recebe-apoios\/\"},\"author\":{\"name\":\"Telinha\",\"@id\":\"https:\/\/portaltela.pt\/#\/schema\/person\/c4278d4a6028830caff9ee44b42d32ed\"},\"headline\":\"Alenquer regista 400 ha de vinhas afetadas e recebe apoios\",\"datePublished\":\"2026-02-25T13:20:00+00:00\",\"mainEntityOfPage\":{\"@id\":\"https:\/\/portaltela.pt\/noticias\/2026\/02\/25\/alenquer-regista-400-ha-de-vinhas-afetadas-e-recebe-apoios\/\"},\"wordCount\":442,\"image\":{\"@id\":\"https:\/\/portaltela.pt\/noticias\/2026\/02\/25\/alenquer-regista-400-ha-de-vinhas-afetadas-e-recebe-apoios\/#primaryimage\"},\"thumbnailUrl\":\"https:\/\/portaltela.pt\/s.01k8rhncp4jt1\/2026\/02\/2069660.jpg\",\"keywords\":[\"agricultura\",\"Alenquer\",\"calamidade p\u00fablica\",\"Lisboa\",\"vinho\",\"viticultura\"],\"articleSection\":[\"Not\u00edcias\"],\"inLanguage\":\"pt-PT\"},{\"@type\":\"WebPage\",\"@id\":\"https:\/\/portaltela.pt\/noticias\/2026\/02\/25\/alenquer-regista-400-ha-de-vinhas-afetadas-e-recebe-apoios\/\",\"url\":\"https:\/\/portaltela.pt\/noticias\/2026\/02\/25\/alenquer-regista-400-ha-de-vinhas-afetadas-e-recebe-apoios\/\",\"name\":\"Alenquer regista 400 ha de vinhas afetadas e recebe apoios - Portal Tela Portugal\",\"isPartOf\":{\"@id\":\"https:\/\/portaltela.pt\/#website\"},\"primaryImageOfPage\":{\"@id\":\"https:\/\/portaltela.pt\/noticias\/2026\/02\/25\/alenquer-regista-400-ha-de-vinhas-afetadas-e-recebe-apoios\/#primaryimage\"},\"image\":{\"@id\":\"https:\/\/portaltela.pt\/noticias\/2026\/02\/25\/alenquer-regista-400-ha-de-vinhas-afetadas-e-recebe-apoios\/#primaryimage\"},\"thumbnailUrl\":\"https:\/\/portaltela.pt\/s.01k8rhncp4jt1\/2026\/02\/2069660.jpg\",\"datePublished\":\"2026-02-25T13:20:00+00:00\",\"author\":{\"@id\":\"https:\/\/portaltela.pt\/#\/schema\/person\/c4278d4a6028830caff9ee44b42d32ed\"},\"breadcrumb\":{\"@id\":\"https:\/\/portaltela.pt\/noticias\/2026\/02\/25\/alenquer-regista-400-ha-de-vinhas-afetadas-e-recebe-apoios\/#breadcrumb\"},\"inLanguage\":\"pt-PT\",\"potentialAction\":[{\"@type\":\"ReadAction\",\"target\":[\"https:\/\/portaltela.pt\/noticias\/2026\/02\/25\/alenquer-regista-400-ha-de-vinhas-afetadas-e-recebe-apoios\/\"]}]},{\"@type\":\"ImageObject\",\"inLanguage\":\"pt-PT\",\"@id\":\"https:\/\/portaltela.pt\/noticias\/2026\/02\/25\/alenquer-regista-400-ha-de-vinhas-afetadas-e-recebe-apoios\/#primaryimage\",\"url\":\"https:\/\/portaltela.pt\/s.01k8rhncp4jt1\/2026\/02\/2069660.jpg\",\"contentUrl\":\"https:\/\/portaltela.pt\/s.01k8rhncp4jt1\/2026\/02\/2069660.jpg\",\"width\":796,\"height\":448,\"caption\":\"Na Casa Santos Lima, em Alenquer, os terrenos n\u00e3o resistiram \u00e0 chuva intensa e persistente e cederam\"},{\"@type\":\"BreadcrumbList\",\"@id\":\"https:\/\/portaltela.pt\/noticias\/2026\/02\/25\/alenquer-regista-400-ha-de-vinhas-afetadas-e-recebe-apoios\/#breadcrumb\",\"itemListElement\":[{\"@type\":\"ListItem\",\"position\":1,\"name\":\"In\u00edcio\",\"item\":\"https:\/\/portaltela.pt\/\"},{\"@type\":\"ListItem\",\"position\":2,\"name\":\"Alenquer regista 400 ha de vinhas afetadas e recebe apoios\"}]},{\"@type\":\"WebSite\",\"@id\":\"https:\/\/portaltela.pt\/#website\",\"url\":\"https:\/\/portaltela.pt\/\",\"name\":\"Portal Tela Portugal\",\"description\":\"\",\"potentialAction\":[{\"@type\":\"SearchAction\",\"target\":{\"@type\":\"EntryPoint\",\"urlTemplate\":\"https:\/\/portaltela.pt\/?s={search_term_string}\"},\"query-input\":{\"@type\":\"PropertyValueSpecification\",\"valueRequired\":true,\"valueName\":\"search_term_string\"}}],\"inLanguage\":\"pt-PT\"},{\"@type\":\"Person\",\"@id\":\"https:\/\/portaltela.pt\/#\/schema\/person\/c4278d4a6028830caff9ee44b42d32ed\",\"name\":\"Telinha\",\"image\":{\"@type\":\"ImageObject\",\"inLanguage\":\"pt-PT\",\"@id\":\"https:\/\/portaltela.pt\/s.01k8rhncp4jt1\/2025\/11\/talking-bot-125x125.png\",\"url\":\"https:\/\/portaltela.pt\/s.01k8rhncp4jt1\/2025\/11\/talking-bot-125x125.png\",\"contentUrl\":\"https:\/\/portaltela.pt\/s.01k8rhncp4jt1\/2025\/11\/talking-bot-125x125.png\",\"caption\":\"Telinha\"},\"sameAs\":[\"https:\/\/portaltela.pt\/\"],\"url\":\"https:\/\/portaltela.pt\/por\/367410592786\/\"}]}<\/script>\n<!-- \/ Yoast SEO plugin. -->","yoast_head_json":{"title":"Alenquer regista 400 ha de vinhas afetadas e recebe apoios - Portal Tela Portugal","robots":{"index":"index","follow":"follow","max-snippet":"max-snippet:-1","max-image-preview":"max-image-preview:large","max-video-preview":"max-video-preview:-1"},"og_locale":"pt_PT","og_type":"article","og_title":"Alenquer regista 400 ha de vinhas afetadas e recebe apoios - Portal Tela Portugal","og_description":"Em Alenquer, cerca de 400 hectares de vinhas foram afectados pela tempestade Kristin e outras ocorr\u00eancias, com preju\u00edzos estimados em 1,7 milh\u00f5es de euros. Os produtores da regi\u00e3o de Lisboa reclamaram que esses preju\u00edzos seriam contemplados pelos apoios do Governo anunciados, j\u00e1 confirmados no despacho de calamidade. O Governo publicou o despacho que alarga o estado de calamidade a mais 22 concelhos, incluindo Alenquer, Arruda dos Vinhos e Sobral de Monte Agra\u00e7o. A Comiss\u00e3o Vitivin\u00edcola da Regi\u00e3o de Lisboa e a Associa\u00e7\u00e3o de Viticultores de Alenquer indicam que, apesar de os n\u00fameros ainda estarem em consolida\u00e7\u00e3o, os danos devem comprometer a campanha vitivin\u00edcola deste ano. Pedem clarifica\u00e7\u00e3o do conceito de preju\u00edzo superior a 30% e a abertura de medidas adicionais de apoio, incluindo reestrutura\u00e7\u00e3o de vinhas (VITIS) e reconhecimento de for\u00e7a maior para facilitar o restabelecimento produtivo.","og_url":"https:\/\/portaltela.pt\/noticias\/2026\/02\/25\/alenquer-regista-400-ha-de-vinhas-afetadas-e-recebe-apoios\/","og_site_name":"Portal Tela Portugal","article_published_time":"2026-02-25T13:20:00+00:00","author":"Telinha","twitter_card":"summary_large_image","twitter_misc":{"Escrito por":"Telinha","Tempo estimado de leitura":"2 minutos"},"schema":{"@context":"https:\/\/schema.org","@graph":[{"@type":"Article","@id":"https:\/\/portaltela.pt\/noticias\/2026\/02\/25\/alenquer-regista-400-ha-de-vinhas-afetadas-e-recebe-apoios\/#article","isPartOf":{"@id":"https:\/\/portaltela.pt\/noticias\/2026\/02\/25\/alenquer-regista-400-ha-de-vinhas-afetadas-e-recebe-apoios\/"},"author":{"name":"Telinha","@id":"https:\/\/portaltela.pt\/#\/schema\/person\/c4278d4a6028830caff9ee44b42d32ed"},"headline":"Alenquer regista 400 ha de vinhas afetadas e recebe apoios","datePublished":"2026-02-25T13:20:00+00:00","mainEntityOfPage":{"@id":"https:\/\/portaltela.pt\/noticias\/2026\/02\/25\/alenquer-regista-400-ha-de-vinhas-afetadas-e-recebe-apoios\/"},"wordCount":442,"image":{"@id":"https:\/\/portaltela.pt\/noticias\/2026\/02\/25\/alenquer-regista-400-ha-de-vinhas-afetadas-e-recebe-apoios\/#primaryimage"},"thumbnailUrl":"https:\/\/portaltela.pt\/s.01k8rhncp4jt1\/2026\/02\/2069660.jpg","keywords":["agricultura","Alenquer","calamidade p\u00fablica","Lisboa","vinho","viticultura"],"articleSection":["Not\u00edcias"],"inLanguage":"pt-PT"},{"@type":"WebPage","@id":"https:\/\/portaltela.pt\/noticias\/2026\/02\/25\/alenquer-regista-400-ha-de-vinhas-afetadas-e-recebe-apoios\/","url":"https:\/\/portaltela.pt\/noticias\/2026\/02\/25\/alenquer-regista-400-ha-de-vinhas-afetadas-e-recebe-apoios\/","name":"Alenquer regista 400 ha de vinhas afetadas e recebe apoios - Portal Tela Portugal","isPartOf":{"@id":"https:\/\/portaltela.pt\/#website"},"primaryImageOfPage":{"@id":"https:\/\/portaltela.pt\/noticias\/2026\/02\/25\/alenquer-regista-400-ha-de-vinhas-afetadas-e-recebe-apoios\/#primaryimage"},"image":{"@id":"https:\/\/portaltela.pt\/noticias\/2026\/02\/25\/alenquer-regista-400-ha-de-vinhas-afetadas-e-recebe-apoios\/#primaryimage"},"thumbnailUrl":"https:\/\/portaltela.pt\/s.01k8rhncp4jt1\/2026\/02\/2069660.jpg","datePublished":"2026-02-25T13:20:00+00:00","author":{"@id":"https:\/\/portaltela.pt\/#\/schema\/person\/c4278d4a6028830caff9ee44b42d32ed"},"breadcrumb":{"@id":"https:\/\/portaltela.pt\/noticias\/2026\/02\/25\/alenquer-regista-400-ha-de-vinhas-afetadas-e-recebe-apoios\/#breadcrumb"},"inLanguage":"pt-PT","potentialAction":[{"@type":"ReadAction","target":["https:\/\/portaltela.pt\/noticias\/2026\/02\/25\/alenquer-regista-400-ha-de-vinhas-afetadas-e-recebe-apoios\/"]}]},{"@type":"ImageObject","inLanguage":"pt-PT","@id":"https:\/\/portaltela.pt\/noticias\/2026\/02\/25\/alenquer-regista-400-ha-de-vinhas-afetadas-e-recebe-apoios\/#primaryimage","url":"https:\/\/portaltela.pt\/s.01k8rhncp4jt1\/2026\/02\/2069660.jpg","contentUrl":"https:\/\/portaltela.pt\/s.01k8rhncp4jt1\/2026\/02\/2069660.jpg","width":796,"height":448,"caption":"Na Casa Santos Lima, em Alenquer, os terrenos n\u00e3o resistiram \u00e0 chuva intensa e persistente e cederam"},{"@type":"BreadcrumbList","@id":"https:\/\/portaltela.pt\/noticias\/2026\/02\/25\/alenquer-regista-400-ha-de-vinhas-afetadas-e-recebe-apoios\/#breadcrumb","itemListElement":[{"@type":"ListItem","position":1,"name":"In\u00edcio","item":"https:\/\/portaltela.pt\/"},{"@type":"ListItem","position":2,"name":"Alenquer regista 400 ha de vinhas afetadas e recebe apoios"}]},{"@type":"WebSite","@id":"https:\/\/portaltela.pt\/#website","url":"https:\/\/portaltela.pt\/","name":"Portal Tela Portugal","description":"","potentialAction":[{"@type":"SearchAction","target":{"@type":"EntryPoint","urlTemplate":"https:\/\/portaltela.pt\/?s={search_term_string}"},"query-input":{"@type":"PropertyValueSpecification","valueRequired":true,"valueName":"search_term_string"}}],"inLanguage":"pt-PT"},{"@type":"Person","@id":"https:\/\/portaltela.pt\/#\/schema\/person\/c4278d4a6028830caff9ee44b42d32ed","name":"Telinha","image":{"@type":"ImageObject","inLanguage":"pt-PT","@id":"https:\/\/portaltela.pt\/s.01k8rhncp4jt1\/2025\/11\/talking-bot-125x125.png","url":"https:\/\/portaltela.pt\/s.01k8rhncp4jt1\/2025\/11\/talking-bot-125x125.png","contentUrl":"https:\/\/portaltela.pt\/s.01k8rhncp4jt1\/2025\/11\/talking-bot-125x125.png","caption":"Telinha"},"sameAs":["https:\/\/portaltela.pt\/"],"url":"https:\/\/portaltela.pt\/por\/367410592786\/"}]}},"_links":{"self":[{"href":"https:\/\/portaltela.pt\/api\/wp\/v2\/posts\/225714","targetHints":{"allow":["GET"]}}],"collection":[{"href":"https:\/\/portaltela.pt\/api\/wp\/v2\/posts"}],"about":[{"href":"https:\/\/portaltela.pt\/api\/wp\/v2\/types\/post"}],"author":[{"embeddable":true,"href":"https:\/\/portaltela.pt\/api\/wp\/v2\/users\/2"}],"replies":[{"embeddable":true,"href":"https:\/\/portaltela.pt\/api\/wp\/v2\/comments?post=225714"}],"version-history":[{"count":0,"href":"https:\/\/portaltela.pt\/api\/wp\/v2\/posts\/225714\/revisions"}],"wp:featuredmedia":[{"embeddable":true,"href":"https:\/\/portaltela.pt\/api\/wp\/v2\/media\/225721"}],"wp:attachment":[{"href":"https:\/\/portaltela.pt\/api\/wp\/v2\/media?parent=225714"}],"wp:term":[{"taxonomy":"category","embeddable":true,"href":"https:\/\/portaltela.pt\/api\/wp\/v2\/categories?post=225714"},{"taxonomy":"post_tag","embeddable":true,"href":"https:\/\/portaltela.pt\/api\/wp\/v2\/tags?post=225714"}],"curies":[{"name":"wp","href":"https:\/\/api.w.org\/{rel}","templated":true}]}}