{"id":225697,"date":"2026-02-25T10:27:00","date_gmt":"2026-02-25T13:27:00","guid":{"rendered":"https:\/\/portaltela.pt\/noticias\/2026\/02\/25\/farmaceuticos-pedem-politicas-para-ampliar-o-acesso-a-medicamentos\/"},"modified":"2026-02-25T10:27:00","modified_gmt":"2026-02-25T13:27:00","slug":"farmaceuticos-pedem-politicas-para-ampliar-o-acesso-a-medicamentos","status":"publish","type":"post","link":"https:\/\/portaltela.pt\/noticias\/2026\/02\/25\/farmaceuticos-pedem-politicas-para-ampliar-o-acesso-a-medicamentos\/","title":{"rendered":"Farmac\u00eauticos pedem pol\u00edticas para ampliar o acesso a medicamentos"},"content":{"rendered":"<p>A Ordem dos Farmac\u00eauticos reiterou, nesta quarta-feira, a necessidade de pol\u00edticas que reduzam as barreiras econ\u00f3micas no acesso a medicamentos. A posi\u00e7\u00e3o foi apresentada ap\u00f3s a divulga\u00e7\u00e3o de um estudo que aponta que os portugueses est\u00e3o entre os que mais se esfor\u00e7am para pagar f\u00e1rmacos, em compara\u00e7\u00e3o com outros pa\u00edses.<\/p>\n<p>Conforme o baston\u00e1rio Helder Mota Filipe, as metas or\u00e7amentais n\u00e3o devem sobrepor-se \u00e0 miss\u00e3o de garantir acesso equitativo, seguro e racional ao medicamento. A organiza\u00e7\u00e3o defende que a pol\u00edtica do medicamento se baseie em evid\u00eancia cient\u00edfica, n\u00e3o apenas em objetivos de redu\u00e7\u00e3o de despesa.<\/p>\n<p>O estudo, o \u00cdndex da Equidade de Acesso ao Medicamento, \u00e9 promovido pela Associa\u00e7\u00e3o Portuguesa de Medicamentos pela Equidade em Sa\u00fade (EQUALMED). Mostra ainda que cada portugu\u00eas gasta, em m\u00e9dia, 148,3 euros por ano, face a um sal\u00e1rio m\u00e9dio anual de 20.451 euros.<\/p>\n<h3>Uso de gen\u00e9ricos e biossimilares<\/h3>\n<p>A Ordem indica que, segundo o relat\u00f3rio, os gen\u00e9ricos representam 53% e os biossimilares 62% do gasto com medicamentos. Desde 2016, estes f\u00e1rmacos t\u00eam permitido tratar mais de 1,7 milh\u00f5es de doentes e reduziram em 15% o pre\u00e7o m\u00e9dio por tratamento.<\/p>\n<p>Ainda assim, a entidade refor\u00e7a que h\u00e1 margem para ampliar a utiliza\u00e7\u00e3o de gen\u00e9ricos e biossimilares. A medida permitiria libertar recursos para financiar a inova\u00e7\u00e3o terap\u00eautica e melhorar o acesso aos cuidados de sa\u00fade.<\/p>\n","protected":false},"excerpt":{"rendered":"<ul>\n<li>A Ordem dos Farmac\u00eauticos defendeu pol\u00edticas para reduzir barreiras econ\u00f3micas no acesso a medicamentos, ap\u00f3s um estudo indicar que os portugueses se esfor\u00e7am mais para pag\u00e1-los.<\/li>\n<li>O baston\u00e1rio Helder Mota Filipe sublinhou que metas or\u00e7amentais n\u00e3o podem sobrepor-se \u00e0 miss\u00e3o de garantir acesso equitativo, seguro e racional ao medicamento.<\/li>\n<li>Segundo o \u00cdndex da Equidade de Acesso ao Medicamento da Associa\u00e7\u00e3o Portuguesa de Medicamentos pela Equidade em Sa\u00fade (EQUALMED), cada portugu\u00eas gasta em m\u00e9dia 148,3 euros por ano em medicamentos, face a um sal\u00e1rio m\u00e9dio de 20.451 euros.<\/li>\n<li>O relat\u00f3rio aponta que Portugal \u00e9 o pa\u00eds com menor despesa per capita em medicamentos entre os comparados e tem um dos menores pesos da despesa com medicamentos no total da sa\u00fade.<\/li>\n<li>Quanto a gen\u00e9ricos e biossimilares, as taxas s\u00e3o de 53% e 62% respetivamente; desde 2016, esses f\u00e1rmacos permitiram tratar mais de 1,7 milh\u00f5es de doentes e reduziram em 15% o pre\u00e7o m\u00e9dio por tratamento, sendo defendida uma maior sua utiliza\u00e7\u00e3o para sustentar o sistema e melhorar o acesso aos cuidados.<\/li>\n<\/ul>\n","protected":false},"author":2,"featured_media":225701,"comment_status":"closed","ping_status":"closed","sticky":false,"template":"","format":"standard","meta":{"footnotes":""},"categories":[1],"tags":[6115,5764,6345,5762,229,271],"class_list":["post-225697","post","type-post","status-publish","format-standard","has-post-thumbnail","hentry","category-noticias","tag-_economia","tag-assistencia-de-saude","tag-biossimilares","tag-farmacia-comunitaria","tag-politica-publica","tag-saude-publica"],"yoast_head":"<!-- This site is optimized with the Yoast SEO plugin v27.2 - https:\/\/yoast.com\/product\/yoast-seo-wordpress\/ -->\n<title>Farmac\u00eauticos pedem pol\u00edticas para ampliar o acesso a medicamentos - Portal Tela Portugal<\/title>\n<meta name=\"robots\" content=\"index, follow, max-snippet:-1, max-image-preview:large, max-video-preview:-1\" \/>\n<meta property=\"og:locale\" content=\"pt_PT\" \/>\n<meta property=\"og:type\" content=\"article\" \/>\n<meta property=\"og:title\" content=\"Farmac\u00eauticos pedem pol\u00edticas para ampliar o acesso a medicamentos - Portal Tela Portugal\" \/>\n<meta property=\"og:description\" content=\"A Ordem dos Farmac\u00eauticos defendeu pol\u00edticas para reduzir barreiras econ\u00f3micas no acesso a medicamentos, ap\u00f3s um estudo indicar que os portugueses se esfor\u00e7am mais para pag\u00e1-los. O baston\u00e1rio Helder Mota Filipe sublinhou que metas or\u00e7amentais n\u00e3o podem sobrepor-se \u00e0 miss\u00e3o de garantir acesso equitativo, seguro e racional ao medicamento. Segundo o \u00cdndex da Equidade de Acesso ao Medicamento da Associa\u00e7\u00e3o Portuguesa de Medicamentos pela Equidade em Sa\u00fade (EQUALMED), cada portugu\u00eas gasta em m\u00e9dia 148,3 euros por ano em medicamentos, face a um sal\u00e1rio m\u00e9dio de 20.451 euros. O relat\u00f3rio aponta que Portugal \u00e9 o pa\u00eds com menor despesa per capita em medicamentos entre os comparados e tem um dos menores pesos da despesa com medicamentos no total da sa\u00fade. Quanto a gen\u00e9ricos e biossimilares, as taxas s\u00e3o de 53% e 62% respetivamente; desde 2016, esses f\u00e1rmacos permitiram tratar mais de 1,7 milh\u00f5es de doentes e reduziram em 15% o pre\u00e7o m\u00e9dio por tratamento, sendo defendida uma maior sua utiliza\u00e7\u00e3o para sustentar o sistema e melhorar o acesso aos cuidados.\" \/>\n<meta property=\"og:url\" content=\"https:\/\/portaltela.pt\/noticias\/2026\/02\/25\/farmaceuticos-pedem-politicas-para-ampliar-o-acesso-a-medicamentos\/\" \/>\n<meta property=\"og:site_name\" content=\"Portal Tela Portugal\" \/>\n<meta property=\"article:published_time\" content=\"2026-02-25T13:27:00+00:00\" \/>\n<meta name=\"author\" content=\"Telinha\" \/>\n<meta name=\"twitter:card\" content=\"summary_large_image\" \/>\n<meta name=\"twitter:label1\" content=\"Escrito por\" \/>\n\t<meta name=\"twitter:data1\" content=\"Telinha\" \/>\n\t<meta name=\"twitter:label2\" content=\"Tempo estimado de leitura\" \/>\n\t<meta name=\"twitter:data2\" content=\"1 minuto\" \/>\n<script type=\"application\/ld+json\" class=\"yoast-schema-graph\">{\"@context\":\"https:\/\/schema.org\",\"@graph\":[{\"@type\":\"Article\",\"@id\":\"https:\/\/portaltela.pt\/noticias\/2026\/02\/25\/farmaceuticos-pedem-politicas-para-ampliar-o-acesso-a-medicamentos\/#article\",\"isPartOf\":{\"@id\":\"https:\/\/portaltela.pt\/noticias\/2026\/02\/25\/farmaceuticos-pedem-politicas-para-ampliar-o-acesso-a-medicamentos\/\"},\"author\":{\"name\":\"Telinha\",\"@id\":\"https:\/\/portaltela.pt\/#\/schema\/person\/c4278d4a6028830caff9ee44b42d32ed\"},\"headline\":\"Farmac\u00eauticos pedem pol\u00edticas para ampliar o acesso a medicamentos\",\"datePublished\":\"2026-02-25T13:27:00+00:00\",\"mainEntityOfPage\":{\"@id\":\"https:\/\/portaltela.pt\/noticias\/2026\/02\/25\/farmaceuticos-pedem-politicas-para-ampliar-o-acesso-a-medicamentos\/\"},\"wordCount\":260,\"image\":{\"@id\":\"https:\/\/portaltela.pt\/noticias\/2026\/02\/25\/farmaceuticos-pedem-politicas-para-ampliar-o-acesso-a-medicamentos\/#primaryimage\"},\"thumbnailUrl\":\"https:\/\/portaltela.pt\/s.01k8rhncp4jt1\/2026\/02\/img_1500x1000uu2026-01-30-11-26-00-2248517-2.jpg\",\"keywords\":[\"_economia\",\"assist\u00eancia de sa\u00fade\",\"biossimilares\",\"farm\u00e1cia comunit\u00e1ria\",\"pol\u00edtica p\u00fablica\",\"sa\u00fade p\u00fablica\"],\"articleSection\":[\"Not\u00edcias\"],\"inLanguage\":\"pt-PT\"},{\"@type\":\"WebPage\",\"@id\":\"https:\/\/portaltela.pt\/noticias\/2026\/02\/25\/farmaceuticos-pedem-politicas-para-ampliar-o-acesso-a-medicamentos\/\",\"url\":\"https:\/\/portaltela.pt\/noticias\/2026\/02\/25\/farmaceuticos-pedem-politicas-para-ampliar-o-acesso-a-medicamentos\/\",\"name\":\"Farmac\u00eauticos pedem pol\u00edticas para ampliar o acesso a medicamentos - Portal Tela Portugal\",\"isPartOf\":{\"@id\":\"https:\/\/portaltela.pt\/#website\"},\"primaryImageOfPage\":{\"@id\":\"https:\/\/portaltela.pt\/noticias\/2026\/02\/25\/farmaceuticos-pedem-politicas-para-ampliar-o-acesso-a-medicamentos\/#primaryimage\"},\"image\":{\"@id\":\"https:\/\/portaltela.pt\/noticias\/2026\/02\/25\/farmaceuticos-pedem-politicas-para-ampliar-o-acesso-a-medicamentos\/#primaryimage\"},\"thumbnailUrl\":\"https:\/\/portaltela.pt\/s.01k8rhncp4jt1\/2026\/02\/img_1500x1000uu2026-01-30-11-26-00-2248517-2.jpg\",\"datePublished\":\"2026-02-25T13:27:00+00:00\",\"author\":{\"@id\":\"https:\/\/portaltela.pt\/#\/schema\/person\/c4278d4a6028830caff9ee44b42d32ed\"},\"breadcrumb\":{\"@id\":\"https:\/\/portaltela.pt\/noticias\/2026\/02\/25\/farmaceuticos-pedem-politicas-para-ampliar-o-acesso-a-medicamentos\/#breadcrumb\"},\"inLanguage\":\"pt-PT\",\"potentialAction\":[{\"@type\":\"ReadAction\",\"target\":[\"https:\/\/portaltela.pt\/noticias\/2026\/02\/25\/farmaceuticos-pedem-politicas-para-ampliar-o-acesso-a-medicamentos\/\"]}]},{\"@type\":\"ImageObject\",\"inLanguage\":\"pt-PT\",\"@id\":\"https:\/\/portaltela.pt\/noticias\/2026\/02\/25\/farmaceuticos-pedem-politicas-para-ampliar-o-acesso-a-medicamentos\/#primaryimage\",\"url\":\"https:\/\/portaltela.pt\/s.01k8rhncp4jt1\/2026\/02\/img_1500x1000uu2026-01-30-11-26-00-2248517-2.jpg\",\"contentUrl\":\"https:\/\/portaltela.pt\/s.01k8rhncp4jt1\/2026\/02\/img_1500x1000uu2026-01-30-11-26-00-2248517-2.jpg\",\"width\":796,\"height\":448,\"caption\":\"Medicamentos\"},{\"@type\":\"BreadcrumbList\",\"@id\":\"https:\/\/portaltela.pt\/noticias\/2026\/02\/25\/farmaceuticos-pedem-politicas-para-ampliar-o-acesso-a-medicamentos\/#breadcrumb\",\"itemListElement\":[{\"@type\":\"ListItem\",\"position\":1,\"name\":\"In\u00edcio\",\"item\":\"https:\/\/portaltela.pt\/\"},{\"@type\":\"ListItem\",\"position\":2,\"name\":\"Farmac\u00eauticos pedem pol\u00edticas para ampliar o acesso a medicamentos\"}]},{\"@type\":\"WebSite\",\"@id\":\"https:\/\/portaltela.pt\/#website\",\"url\":\"https:\/\/portaltela.pt\/\",\"name\":\"Portal Tela Portugal\",\"description\":\"\",\"potentialAction\":[{\"@type\":\"SearchAction\",\"target\":{\"@type\":\"EntryPoint\",\"urlTemplate\":\"https:\/\/portaltela.pt\/?s={search_term_string}\"},\"query-input\":{\"@type\":\"PropertyValueSpecification\",\"valueRequired\":true,\"valueName\":\"search_term_string\"}}],\"inLanguage\":\"pt-PT\"},{\"@type\":\"Person\",\"@id\":\"https:\/\/portaltela.pt\/#\/schema\/person\/c4278d4a6028830caff9ee44b42d32ed\",\"name\":\"Telinha\",\"image\":{\"@type\":\"ImageObject\",\"inLanguage\":\"pt-PT\",\"@id\":\"https:\/\/portaltela.pt\/s.01k8rhncp4jt1\/2025\/11\/talking-bot-125x125.png\",\"url\":\"https:\/\/portaltela.pt\/s.01k8rhncp4jt1\/2025\/11\/talking-bot-125x125.png\",\"contentUrl\":\"https:\/\/portaltela.pt\/s.01k8rhncp4jt1\/2025\/11\/talking-bot-125x125.png\",\"caption\":\"Telinha\"},\"sameAs\":[\"https:\/\/portaltela.pt\/\"],\"url\":\"https:\/\/portaltela.pt\/por\/367410592786\/\"}]}<\/script>\n<!-- \/ Yoast SEO plugin. -->","yoast_head_json":{"title":"Farmac\u00eauticos pedem pol\u00edticas para ampliar o acesso a medicamentos - Portal Tela Portugal","robots":{"index":"index","follow":"follow","max-snippet":"max-snippet:-1","max-image-preview":"max-image-preview:large","max-video-preview":"max-video-preview:-1"},"og_locale":"pt_PT","og_type":"article","og_title":"Farmac\u00eauticos pedem pol\u00edticas para ampliar o acesso a medicamentos - Portal Tela Portugal","og_description":"A Ordem dos Farmac\u00eauticos defendeu pol\u00edticas para reduzir barreiras econ\u00f3micas no acesso a medicamentos, ap\u00f3s um estudo indicar que os portugueses se esfor\u00e7am mais para pag\u00e1-los. O baston\u00e1rio Helder Mota Filipe sublinhou que metas or\u00e7amentais n\u00e3o podem sobrepor-se \u00e0 miss\u00e3o de garantir acesso equitativo, seguro e racional ao medicamento. Segundo o \u00cdndex da Equidade de Acesso ao Medicamento da Associa\u00e7\u00e3o Portuguesa de Medicamentos pela Equidade em Sa\u00fade (EQUALMED), cada portugu\u00eas gasta em m\u00e9dia 148,3 euros por ano em medicamentos, face a um sal\u00e1rio m\u00e9dio de 20.451 euros. O relat\u00f3rio aponta que Portugal \u00e9 o pa\u00eds com menor despesa per capita em medicamentos entre os comparados e tem um dos menores pesos da despesa com medicamentos no total da sa\u00fade. Quanto a gen\u00e9ricos e biossimilares, as taxas s\u00e3o de 53% e 62% respetivamente; desde 2016, esses f\u00e1rmacos permitiram tratar mais de 1,7 milh\u00f5es de doentes e reduziram em 15% o pre\u00e7o m\u00e9dio por tratamento, sendo defendida uma maior sua utiliza\u00e7\u00e3o para sustentar o sistema e melhorar o acesso aos cuidados.","og_url":"https:\/\/portaltela.pt\/noticias\/2026\/02\/25\/farmaceuticos-pedem-politicas-para-ampliar-o-acesso-a-medicamentos\/","og_site_name":"Portal Tela Portugal","article_published_time":"2026-02-25T13:27:00+00:00","author":"Telinha","twitter_card":"summary_large_image","twitter_misc":{"Escrito por":"Telinha","Tempo estimado de leitura":"1 minuto"},"schema":{"@context":"https:\/\/schema.org","@graph":[{"@type":"Article","@id":"https:\/\/portaltela.pt\/noticias\/2026\/02\/25\/farmaceuticos-pedem-politicas-para-ampliar-o-acesso-a-medicamentos\/#article","isPartOf":{"@id":"https:\/\/portaltela.pt\/noticias\/2026\/02\/25\/farmaceuticos-pedem-politicas-para-ampliar-o-acesso-a-medicamentos\/"},"author":{"name":"Telinha","@id":"https:\/\/portaltela.pt\/#\/schema\/person\/c4278d4a6028830caff9ee44b42d32ed"},"headline":"Farmac\u00eauticos pedem pol\u00edticas para ampliar o acesso a medicamentos","datePublished":"2026-02-25T13:27:00+00:00","mainEntityOfPage":{"@id":"https:\/\/portaltela.pt\/noticias\/2026\/02\/25\/farmaceuticos-pedem-politicas-para-ampliar-o-acesso-a-medicamentos\/"},"wordCount":260,"image":{"@id":"https:\/\/portaltela.pt\/noticias\/2026\/02\/25\/farmaceuticos-pedem-politicas-para-ampliar-o-acesso-a-medicamentos\/#primaryimage"},"thumbnailUrl":"https:\/\/portaltela.pt\/s.01k8rhncp4jt1\/2026\/02\/img_1500x1000uu2026-01-30-11-26-00-2248517-2.jpg","keywords":["_economia","assist\u00eancia de sa\u00fade","biossimilares","farm\u00e1cia comunit\u00e1ria","pol\u00edtica p\u00fablica","sa\u00fade p\u00fablica"],"articleSection":["Not\u00edcias"],"inLanguage":"pt-PT"},{"@type":"WebPage","@id":"https:\/\/portaltela.pt\/noticias\/2026\/02\/25\/farmaceuticos-pedem-politicas-para-ampliar-o-acesso-a-medicamentos\/","url":"https:\/\/portaltela.pt\/noticias\/2026\/02\/25\/farmaceuticos-pedem-politicas-para-ampliar-o-acesso-a-medicamentos\/","name":"Farmac\u00eauticos pedem pol\u00edticas para ampliar o acesso a medicamentos - Portal Tela Portugal","isPartOf":{"@id":"https:\/\/portaltela.pt\/#website"},"primaryImageOfPage":{"@id":"https:\/\/portaltela.pt\/noticias\/2026\/02\/25\/farmaceuticos-pedem-politicas-para-ampliar-o-acesso-a-medicamentos\/#primaryimage"},"image":{"@id":"https:\/\/portaltela.pt\/noticias\/2026\/02\/25\/farmaceuticos-pedem-politicas-para-ampliar-o-acesso-a-medicamentos\/#primaryimage"},"thumbnailUrl":"https:\/\/portaltela.pt\/s.01k8rhncp4jt1\/2026\/02\/img_1500x1000uu2026-01-30-11-26-00-2248517-2.jpg","datePublished":"2026-02-25T13:27:00+00:00","author":{"@id":"https:\/\/portaltela.pt\/#\/schema\/person\/c4278d4a6028830caff9ee44b42d32ed"},"breadcrumb":{"@id":"https:\/\/portaltela.pt\/noticias\/2026\/02\/25\/farmaceuticos-pedem-politicas-para-ampliar-o-acesso-a-medicamentos\/#breadcrumb"},"inLanguage":"pt-PT","potentialAction":[{"@type":"ReadAction","target":["https:\/\/portaltela.pt\/noticias\/2026\/02\/25\/farmaceuticos-pedem-politicas-para-ampliar-o-acesso-a-medicamentos\/"]}]},{"@type":"ImageObject","inLanguage":"pt-PT","@id":"https:\/\/portaltela.pt\/noticias\/2026\/02\/25\/farmaceuticos-pedem-politicas-para-ampliar-o-acesso-a-medicamentos\/#primaryimage","url":"https:\/\/portaltela.pt\/s.01k8rhncp4jt1\/2026\/02\/img_1500x1000uu2026-01-30-11-26-00-2248517-2.jpg","contentUrl":"https:\/\/portaltela.pt\/s.01k8rhncp4jt1\/2026\/02\/img_1500x1000uu2026-01-30-11-26-00-2248517-2.jpg","width":796,"height":448,"caption":"Medicamentos"},{"@type":"BreadcrumbList","@id":"https:\/\/portaltela.pt\/noticias\/2026\/02\/25\/farmaceuticos-pedem-politicas-para-ampliar-o-acesso-a-medicamentos\/#breadcrumb","itemListElement":[{"@type":"ListItem","position":1,"name":"In\u00edcio","item":"https:\/\/portaltela.pt\/"},{"@type":"ListItem","position":2,"name":"Farmac\u00eauticos pedem pol\u00edticas para ampliar o acesso a medicamentos"}]},{"@type":"WebSite","@id":"https:\/\/portaltela.pt\/#website","url":"https:\/\/portaltela.pt\/","name":"Portal Tela Portugal","description":"","potentialAction":[{"@type":"SearchAction","target":{"@type":"EntryPoint","urlTemplate":"https:\/\/portaltela.pt\/?s={search_term_string}"},"query-input":{"@type":"PropertyValueSpecification","valueRequired":true,"valueName":"search_term_string"}}],"inLanguage":"pt-PT"},{"@type":"Person","@id":"https:\/\/portaltela.pt\/#\/schema\/person\/c4278d4a6028830caff9ee44b42d32ed","name":"Telinha","image":{"@type":"ImageObject","inLanguage":"pt-PT","@id":"https:\/\/portaltela.pt\/s.01k8rhncp4jt1\/2025\/11\/talking-bot-125x125.png","url":"https:\/\/portaltela.pt\/s.01k8rhncp4jt1\/2025\/11\/talking-bot-125x125.png","contentUrl":"https:\/\/portaltela.pt\/s.01k8rhncp4jt1\/2025\/11\/talking-bot-125x125.png","caption":"Telinha"},"sameAs":["https:\/\/portaltela.pt\/"],"url":"https:\/\/portaltela.pt\/por\/367410592786\/"}]}},"_links":{"self":[{"href":"https:\/\/portaltela.pt\/api\/wp\/v2\/posts\/225697","targetHints":{"allow":["GET"]}}],"collection":[{"href":"https:\/\/portaltela.pt\/api\/wp\/v2\/posts"}],"about":[{"href":"https:\/\/portaltela.pt\/api\/wp\/v2\/types\/post"}],"author":[{"embeddable":true,"href":"https:\/\/portaltela.pt\/api\/wp\/v2\/users\/2"}],"replies":[{"embeddable":true,"href":"https:\/\/portaltela.pt\/api\/wp\/v2\/comments?post=225697"}],"version-history":[{"count":0,"href":"https:\/\/portaltela.pt\/api\/wp\/v2\/posts\/225697\/revisions"}],"wp:featuredmedia":[{"embeddable":true,"href":"https:\/\/portaltela.pt\/api\/wp\/v2\/media\/225701"}],"wp:attachment":[{"href":"https:\/\/portaltela.pt\/api\/wp\/v2\/media?parent=225697"}],"wp:term":[{"taxonomy":"category","embeddable":true,"href":"https:\/\/portaltela.pt\/api\/wp\/v2\/categories?post=225697"},{"taxonomy":"post_tag","embeddable":true,"href":"https:\/\/portaltela.pt\/api\/wp\/v2\/tags?post=225697"}],"curies":[{"name":"wp","href":"https:\/\/api.w.org\/{rel}","templated":true}]}}