{"id":225660,"date":"2026-02-25T09:55:11","date_gmt":"2026-02-25T12:55:11","guid":{"rendered":"https:\/\/portaltela.pt\/noticias\/2026\/02\/25\/pcp-acores-reafirma-defesa-de-plano-para-salvaguardar-a-sata\/"},"modified":"2026-02-25T09:55:11","modified_gmt":"2026-02-25T12:55:11","slug":"pcp-acores-reafirma-defesa-de-plano-para-salvaguardar-a-sata","status":"publish","type":"post","link":"https:\/\/portaltela.pt\/noticias\/politica\/2026\/02\/25\/pcp-acores-reafirma-defesa-de-plano-para-salvaguardar-a-sata\/","title":{"rendered":"PCP\/A\u00e7ores reafirma defesa de plano para salvaguardar a SATA"},"content":{"rendered":"<p>A\u00c7ORES \u2013 O PCP\/A\u00e7ores reafirmou hoje a defesa de um plano que salvaguarde a SATA, diante de uma poss\u00edvel privatiza\u00e7\u00e3o da transportadora. O partido alerta que, caso a privatiza\u00e7\u00e3o n\u00e3o seja travada, as consequ\u00eancias seriam negativas social e economicamente.<\/p>\n<p>A DORAA (Dire\u00e7\u00e3o Regional do PCP\/A\u00e7ores) sustenta que a regi\u00e3o tem de suportar um encargo de 3 milh\u00f5es de euros pela devolu\u00e7\u00e3o de verbas da reestrutura\u00e7\u00e3o imposta pela Comiss\u00e3o Europeia. A mensagem \u00e9 de que o futuro regional depende de uma SATA p\u00fablica.<\/p>\n<p>O PCP afirma ainda que manter a SATA p\u00fablica \u00e9 prioridade, criticando o que descreve como pol\u00edticas de direita que prejudicam a regi\u00e3o. A posi\u00e7\u00e3o surge ap\u00f3s o an\u00fancio de que a SATA ter\u00e1 de devolver 3 milh\u00f5es de euros por n\u00e3o privatizar a Azores Airlines at\u00e9 ao final de 2025.<\/p>\n<p>A Comiss\u00e3o Europeia obrigou a SATA a devolver o montante, alegando que os motivos apresentados para o adiamento da privatiza\u00e7\u00e3o n\u00e3o devem ser considerados fatores externos. A decis\u00e3o mant\u00e9m, contudo, a prorroga\u00e7\u00e3o do prazo at\u00e9 2026.<\/p>\n<p>Segundo o Executivo comunit\u00e1rio, Portugal pediu a prorroga\u00e7\u00e3o at\u00e9 31 de dezembro de 2026 para a venda da maioria da Azores Airlines pela SATA Air A\u00e7ores, mantendo as contrapartidas existentes. A ajuda ao reembolso total ainda envolve outros mecanismos de reestrutura\u00e7\u00e3o.<\/p>\n<p>A not\u00edcia de 23 de dezembro de 2023 confirmou a posi\u00e7\u00e3o da UE sobre o reembolso, ao mesmo tempo em que a TAP dever\u00e1 devolver 25 milh\u00f5es de euros por outros atrasos. O PCP destaca que os contornos da privatiza\u00e7\u00e3o geram incerteza para trabalhadores e mobilidade regional.<\/p>\n<p>Em junho de 2022, a Comiss\u00e3o Europeia aprovou uma ajuda estatal de 453,25 milh\u00f5es de euros para a reestrutura\u00e7\u00e3o da SATA, incluindo empr\u00e9stimos, garantias estatais e o desinvestimento de uma participa\u00e7\u00e3o de controlo de 51%. O objetivo \u00e9 reorganizar a empresa, sem comprometer a mobilidade regional.<\/p>\n","protected":false},"excerpt":{"rendered":"<ul>\n<li>O PCP\/A\u00e7ores reafirmou a defesa de um plano para salvaguardar a SATA, dizendo que a privatiza\u00e7\u00e3o n\u00e3o travada ter\u00e1 consequ\u00eancias negativas sociais e econ\u00f3micas.<\/li>\n<li>O partido aponta um encargo de tr\u00eas milh\u00f5es de euros pela devolu\u00e7\u00e3o de verbas associadas \u00e0 reestrutura\u00e7\u00e3o imposta pela Comiss\u00e3o Europeia.<\/li>\n<li>A posi\u00e7\u00e3o surge num contexto em que a privatiza\u00e7\u00e3o da Azores Airlines deveria ter sido conclu\u00edda em 2025, com prorroga\u00e7\u00e3o at\u00e9 final de 2026 pela CE.<\/li>\n<li>A Comiss\u00e3o Europeia determinou o reembolso de tr\u00eas milh\u00f5es de euros por n\u00e3o ter privatizado 51% da Azores Airlines at\u00e9 o fim de 2025, mantendo a prorroga\u00e7\u00e3o at\u00e9 2026.<\/li>\n<li>A CE tamb\u00e9m confirmou prorroga\u00e7\u00f5es relacionadas com a privatiza\u00e7\u00e3o da TAP\/SPH e da Cateringpor, mas manteve condi\u00e7\u00f5es e contrapartidas associadas ao apoio \u00e0 reestrutura\u00e7\u00e3o.<\/li>\n<\/ul>\n","protected":false},"author":2,"featured_media":225666,"comment_status":"closed","ping_status":"closed","sticky":false,"template":"","format":"standard","meta":{"footnotes":""},"categories":[1,5],"tags":[6115,822,3302,1250,1638,6356],"class_list":["post-225660","post","type-post","status-publish","format-standard","has-post-thumbnail","hentry","category-noticias","category-politica","tag-_economia","tag-acores","tag-aeroportos","tag-azores","tag-comissao-europeia","tag-mobilidade-regional"],"yoast_head":"<!-- This site is optimized with the Yoast SEO plugin v27.2 - https:\/\/yoast.com\/product\/yoast-seo-wordpress\/ -->\n<title>PCP\/A\u00e7ores reafirma defesa de plano para salvaguardar a SATA - Portal Tela Portugal<\/title>\n<meta name=\"robots\" content=\"index, follow, max-snippet:-1, max-image-preview:large, max-video-preview:-1\" \/>\n<meta property=\"og:locale\" content=\"pt_PT\" \/>\n<meta property=\"og:type\" content=\"article\" \/>\n<meta property=\"og:title\" content=\"PCP\/A\u00e7ores reafirma defesa de plano para salvaguardar a SATA - Portal Tela Portugal\" \/>\n<meta property=\"og:description\" content=\"O PCP\/A\u00e7ores reafirmou a defesa de um plano para salvaguardar a SATA, dizendo que a privatiza\u00e7\u00e3o n\u00e3o travada ter\u00e1 consequ\u00eancias negativas sociais e econ\u00f3micas. O partido aponta um encargo de tr\u00eas milh\u00f5es de euros pela devolu\u00e7\u00e3o de verbas associadas \u00e0 reestrutura\u00e7\u00e3o imposta pela Comiss\u00e3o Europeia. A posi\u00e7\u00e3o surge num contexto em que a privatiza\u00e7\u00e3o da Azores Airlines deveria ter sido conclu\u00edda em 2025, com prorroga\u00e7\u00e3o at\u00e9 final de 2026 pela CE. A Comiss\u00e3o Europeia determinou o reembolso de tr\u00eas milh\u00f5es de euros por n\u00e3o ter privatizado 51% da Azores Airlines at\u00e9 o fim de 2025, mantendo a prorroga\u00e7\u00e3o at\u00e9 2026. A CE tamb\u00e9m confirmou prorroga\u00e7\u00f5es relacionadas com a privatiza\u00e7\u00e3o da TAP\/SPH e da Cateringpor, mas manteve condi\u00e7\u00f5es e contrapartidas associadas ao apoio \u00e0 reestrutura\u00e7\u00e3o.\" \/>\n<meta property=\"og:url\" content=\"https:\/\/portaltela.pt\/noticias\/2026\/02\/25\/pcp-acores-reafirma-defesa-de-plano-para-salvaguardar-a-sata\/\" \/>\n<meta property=\"og:site_name\" content=\"Portal Tela Portugal\" \/>\n<meta property=\"article:published_time\" content=\"2026-02-25T12:55:11+00:00\" \/>\n<meta name=\"author\" content=\"Telinha\" \/>\n<meta name=\"twitter:card\" content=\"summary_large_image\" \/>\n<meta name=\"twitter:label1\" content=\"Escrito por\" \/>\n\t<meta name=\"twitter:data1\" content=\"Telinha\" \/>\n\t<meta name=\"twitter:label2\" content=\"Tempo estimado de leitura\" \/>\n\t<meta name=\"twitter:data2\" content=\"2 minutos\" \/>\n<script type=\"application\/ld+json\" class=\"yoast-schema-graph\">{\"@context\":\"https:\/\/schema.org\",\"@graph\":[{\"@type\":\"Article\",\"@id\":\"https:\/\/portaltela.pt\/noticias\/2026\/02\/25\/pcp-acores-reafirma-defesa-de-plano-para-salvaguardar-a-sata\/#article\",\"isPartOf\":{\"@id\":\"https:\/\/portaltela.pt\/noticias\/2026\/02\/25\/pcp-acores-reafirma-defesa-de-plano-para-salvaguardar-a-sata\/\"},\"author\":{\"name\":\"Telinha\",\"@id\":\"https:\/\/portaltela.pt\/#\/schema\/person\/c4278d4a6028830caff9ee44b42d32ed\"},\"headline\":\"PCP\/A\u00e7ores reafirma defesa de plano para salvaguardar a SATA\",\"datePublished\":\"2026-02-25T12:55:11+00:00\",\"mainEntityOfPage\":{\"@id\":\"https:\/\/portaltela.pt\/noticias\/2026\/02\/25\/pcp-acores-reafirma-defesa-de-plano-para-salvaguardar-a-sata\/\"},\"wordCount\":342,\"image\":{\"@id\":\"https:\/\/portaltela.pt\/noticias\/2026\/02\/25\/pcp-acores-reafirma-defesa-de-plano-para-salvaguardar-a-sata\/#primaryimage\"},\"thumbnailUrl\":\"https:\/\/portaltela.pt\/s.01k8rhncp4jt1\/2026\/02\/img_1500x1000uu2025-05-09-21-41-02-2207910-1.jpg\",\"keywords\":[\"_economia\",\"A\u00e7ores\",\"aeroportos\",\"Azores\",\"Comiss\u00e3o Europeia\",\"mobilidade regional\"],\"articleSection\":[\"Not\u00edcias\",\"Pol\u00edtica\"],\"inLanguage\":\"pt-PT\"},{\"@type\":\"WebPage\",\"@id\":\"https:\/\/portaltela.pt\/noticias\/2026\/02\/25\/pcp-acores-reafirma-defesa-de-plano-para-salvaguardar-a-sata\/\",\"url\":\"https:\/\/portaltela.pt\/noticias\/2026\/02\/25\/pcp-acores-reafirma-defesa-de-plano-para-salvaguardar-a-sata\/\",\"name\":\"PCP\/A\u00e7ores reafirma defesa de plano para salvaguardar a SATA - Portal Tela Portugal\",\"isPartOf\":{\"@id\":\"https:\/\/portaltela.pt\/#website\"},\"primaryImageOfPage\":{\"@id\":\"https:\/\/portaltela.pt\/noticias\/2026\/02\/25\/pcp-acores-reafirma-defesa-de-plano-para-salvaguardar-a-sata\/#primaryimage\"},\"image\":{\"@id\":\"https:\/\/portaltela.pt\/noticias\/2026\/02\/25\/pcp-acores-reafirma-defesa-de-plano-para-salvaguardar-a-sata\/#primaryimage\"},\"thumbnailUrl\":\"https:\/\/portaltela.pt\/s.01k8rhncp4jt1\/2026\/02\/img_1500x1000uu2025-05-09-21-41-02-2207910-1.jpg\",\"datePublished\":\"2026-02-25T12:55:11+00:00\",\"author\":{\"@id\":\"https:\/\/portaltela.pt\/#\/schema\/person\/c4278d4a6028830caff9ee44b42d32ed\"},\"breadcrumb\":{\"@id\":\"https:\/\/portaltela.pt\/noticias\/2026\/02\/25\/pcp-acores-reafirma-defesa-de-plano-para-salvaguardar-a-sata\/#breadcrumb\"},\"inLanguage\":\"pt-PT\",\"potentialAction\":[{\"@type\":\"ReadAction\",\"target\":[\"https:\/\/portaltela.pt\/noticias\/2026\/02\/25\/pcp-acores-reafirma-defesa-de-plano-para-salvaguardar-a-sata\/\"]}]},{\"@type\":\"ImageObject\",\"inLanguage\":\"pt-PT\",\"@id\":\"https:\/\/portaltela.pt\/noticias\/2026\/02\/25\/pcp-acores-reafirma-defesa-de-plano-para-salvaguardar-a-sata\/#primaryimage\",\"url\":\"https:\/\/portaltela.pt\/s.01k8rhncp4jt1\/2026\/02\/img_1500x1000uu2025-05-09-21-41-02-2207910-1.jpg\",\"contentUrl\":\"https:\/\/portaltela.pt\/s.01k8rhncp4jt1\/2026\/02\/img_1500x1000uu2025-05-09-21-41-02-2207910-1.jpg\",\"width\":796,\"height\":448,\"caption\":\"Avi\u00e3o da Sata Air A\u00e7ores\"},{\"@type\":\"BreadcrumbList\",\"@id\":\"https:\/\/portaltela.pt\/noticias\/2026\/02\/25\/pcp-acores-reafirma-defesa-de-plano-para-salvaguardar-a-sata\/#breadcrumb\",\"itemListElement\":[{\"@type\":\"ListItem\",\"position\":1,\"name\":\"In\u00edcio\",\"item\":\"https:\/\/portaltela.pt\/\"},{\"@type\":\"ListItem\",\"position\":2,\"name\":\"PCP\/A\u00e7ores reafirma defesa de plano para salvaguardar a SATA\"}]},{\"@type\":\"WebSite\",\"@id\":\"https:\/\/portaltela.pt\/#website\",\"url\":\"https:\/\/portaltela.pt\/\",\"name\":\"Portal Tela Portugal\",\"description\":\"\",\"potentialAction\":[{\"@type\":\"SearchAction\",\"target\":{\"@type\":\"EntryPoint\",\"urlTemplate\":\"https:\/\/portaltela.pt\/?s={search_term_string}\"},\"query-input\":{\"@type\":\"PropertyValueSpecification\",\"valueRequired\":true,\"valueName\":\"search_term_string\"}}],\"inLanguage\":\"pt-PT\"},{\"@type\":\"Person\",\"@id\":\"https:\/\/portaltela.pt\/#\/schema\/person\/c4278d4a6028830caff9ee44b42d32ed\",\"name\":\"Telinha\",\"image\":{\"@type\":\"ImageObject\",\"inLanguage\":\"pt-PT\",\"@id\":\"https:\/\/portaltela.pt\/s.01k8rhncp4jt1\/2025\/11\/talking-bot-125x125.png\",\"url\":\"https:\/\/portaltela.pt\/s.01k8rhncp4jt1\/2025\/11\/talking-bot-125x125.png\",\"contentUrl\":\"https:\/\/portaltela.pt\/s.01k8rhncp4jt1\/2025\/11\/talking-bot-125x125.png\",\"caption\":\"Telinha\"},\"sameAs\":[\"https:\/\/portaltela.pt\/\"],\"url\":\"https:\/\/portaltela.pt\/por\/367410592786\/\"}]}<\/script>\n<!-- \/ Yoast SEO plugin. -->","yoast_head_json":{"title":"PCP\/A\u00e7ores reafirma defesa de plano para salvaguardar a SATA - Portal Tela Portugal","robots":{"index":"index","follow":"follow","max-snippet":"max-snippet:-1","max-image-preview":"max-image-preview:large","max-video-preview":"max-video-preview:-1"},"og_locale":"pt_PT","og_type":"article","og_title":"PCP\/A\u00e7ores reafirma defesa de plano para salvaguardar a SATA - Portal Tela Portugal","og_description":"O PCP\/A\u00e7ores reafirmou a defesa de um plano para salvaguardar a SATA, dizendo que a privatiza\u00e7\u00e3o n\u00e3o travada ter\u00e1 consequ\u00eancias negativas sociais e econ\u00f3micas. O partido aponta um encargo de tr\u00eas milh\u00f5es de euros pela devolu\u00e7\u00e3o de verbas associadas \u00e0 reestrutura\u00e7\u00e3o imposta pela Comiss\u00e3o Europeia. A posi\u00e7\u00e3o surge num contexto em que a privatiza\u00e7\u00e3o da Azores Airlines deveria ter sido conclu\u00edda em 2025, com prorroga\u00e7\u00e3o at\u00e9 final de 2026 pela CE. A Comiss\u00e3o Europeia determinou o reembolso de tr\u00eas milh\u00f5es de euros por n\u00e3o ter privatizado 51% da Azores Airlines at\u00e9 o fim de 2025, mantendo a prorroga\u00e7\u00e3o at\u00e9 2026. A CE tamb\u00e9m confirmou prorroga\u00e7\u00f5es relacionadas com a privatiza\u00e7\u00e3o da TAP\/SPH e da Cateringpor, mas manteve condi\u00e7\u00f5es e contrapartidas associadas ao apoio \u00e0 reestrutura\u00e7\u00e3o.","og_url":"https:\/\/portaltela.pt\/noticias\/2026\/02\/25\/pcp-acores-reafirma-defesa-de-plano-para-salvaguardar-a-sata\/","og_site_name":"Portal Tela Portugal","article_published_time":"2026-02-25T12:55:11+00:00","author":"Telinha","twitter_card":"summary_large_image","twitter_misc":{"Escrito por":"Telinha","Tempo estimado de leitura":"2 minutos"},"schema":{"@context":"https:\/\/schema.org","@graph":[{"@type":"Article","@id":"https:\/\/portaltela.pt\/noticias\/2026\/02\/25\/pcp-acores-reafirma-defesa-de-plano-para-salvaguardar-a-sata\/#article","isPartOf":{"@id":"https:\/\/portaltela.pt\/noticias\/2026\/02\/25\/pcp-acores-reafirma-defesa-de-plano-para-salvaguardar-a-sata\/"},"author":{"name":"Telinha","@id":"https:\/\/portaltela.pt\/#\/schema\/person\/c4278d4a6028830caff9ee44b42d32ed"},"headline":"PCP\/A\u00e7ores reafirma defesa de plano para salvaguardar a SATA","datePublished":"2026-02-25T12:55:11+00:00","mainEntityOfPage":{"@id":"https:\/\/portaltela.pt\/noticias\/2026\/02\/25\/pcp-acores-reafirma-defesa-de-plano-para-salvaguardar-a-sata\/"},"wordCount":342,"image":{"@id":"https:\/\/portaltela.pt\/noticias\/2026\/02\/25\/pcp-acores-reafirma-defesa-de-plano-para-salvaguardar-a-sata\/#primaryimage"},"thumbnailUrl":"https:\/\/portaltela.pt\/s.01k8rhncp4jt1\/2026\/02\/img_1500x1000uu2025-05-09-21-41-02-2207910-1.jpg","keywords":["_economia","A\u00e7ores","aeroportos","Azores","Comiss\u00e3o Europeia","mobilidade regional"],"articleSection":["Not\u00edcias","Pol\u00edtica"],"inLanguage":"pt-PT"},{"@type":"WebPage","@id":"https:\/\/portaltela.pt\/noticias\/2026\/02\/25\/pcp-acores-reafirma-defesa-de-plano-para-salvaguardar-a-sata\/","url":"https:\/\/portaltela.pt\/noticias\/2026\/02\/25\/pcp-acores-reafirma-defesa-de-plano-para-salvaguardar-a-sata\/","name":"PCP\/A\u00e7ores reafirma defesa de plano para salvaguardar a SATA - Portal Tela Portugal","isPartOf":{"@id":"https:\/\/portaltela.pt\/#website"},"primaryImageOfPage":{"@id":"https:\/\/portaltela.pt\/noticias\/2026\/02\/25\/pcp-acores-reafirma-defesa-de-plano-para-salvaguardar-a-sata\/#primaryimage"},"image":{"@id":"https:\/\/portaltela.pt\/noticias\/2026\/02\/25\/pcp-acores-reafirma-defesa-de-plano-para-salvaguardar-a-sata\/#primaryimage"},"thumbnailUrl":"https:\/\/portaltela.pt\/s.01k8rhncp4jt1\/2026\/02\/img_1500x1000uu2025-05-09-21-41-02-2207910-1.jpg","datePublished":"2026-02-25T12:55:11+00:00","author":{"@id":"https:\/\/portaltela.pt\/#\/schema\/person\/c4278d4a6028830caff9ee44b42d32ed"},"breadcrumb":{"@id":"https:\/\/portaltela.pt\/noticias\/2026\/02\/25\/pcp-acores-reafirma-defesa-de-plano-para-salvaguardar-a-sata\/#breadcrumb"},"inLanguage":"pt-PT","potentialAction":[{"@type":"ReadAction","target":["https:\/\/portaltela.pt\/noticias\/2026\/02\/25\/pcp-acores-reafirma-defesa-de-plano-para-salvaguardar-a-sata\/"]}]},{"@type":"ImageObject","inLanguage":"pt-PT","@id":"https:\/\/portaltela.pt\/noticias\/2026\/02\/25\/pcp-acores-reafirma-defesa-de-plano-para-salvaguardar-a-sata\/#primaryimage","url":"https:\/\/portaltela.pt\/s.01k8rhncp4jt1\/2026\/02\/img_1500x1000uu2025-05-09-21-41-02-2207910-1.jpg","contentUrl":"https:\/\/portaltela.pt\/s.01k8rhncp4jt1\/2026\/02\/img_1500x1000uu2025-05-09-21-41-02-2207910-1.jpg","width":796,"height":448,"caption":"Avi\u00e3o da Sata Air A\u00e7ores"},{"@type":"BreadcrumbList","@id":"https:\/\/portaltela.pt\/noticias\/2026\/02\/25\/pcp-acores-reafirma-defesa-de-plano-para-salvaguardar-a-sata\/#breadcrumb","itemListElement":[{"@type":"ListItem","position":1,"name":"In\u00edcio","item":"https:\/\/portaltela.pt\/"},{"@type":"ListItem","position":2,"name":"PCP\/A\u00e7ores reafirma defesa de plano para salvaguardar a SATA"}]},{"@type":"WebSite","@id":"https:\/\/portaltela.pt\/#website","url":"https:\/\/portaltela.pt\/","name":"Portal Tela Portugal","description":"","potentialAction":[{"@type":"SearchAction","target":{"@type":"EntryPoint","urlTemplate":"https:\/\/portaltela.pt\/?s={search_term_string}"},"query-input":{"@type":"PropertyValueSpecification","valueRequired":true,"valueName":"search_term_string"}}],"inLanguage":"pt-PT"},{"@type":"Person","@id":"https:\/\/portaltela.pt\/#\/schema\/person\/c4278d4a6028830caff9ee44b42d32ed","name":"Telinha","image":{"@type":"ImageObject","inLanguage":"pt-PT","@id":"https:\/\/portaltela.pt\/s.01k8rhncp4jt1\/2025\/11\/talking-bot-125x125.png","url":"https:\/\/portaltela.pt\/s.01k8rhncp4jt1\/2025\/11\/talking-bot-125x125.png","contentUrl":"https:\/\/portaltela.pt\/s.01k8rhncp4jt1\/2025\/11\/talking-bot-125x125.png","caption":"Telinha"},"sameAs":["https:\/\/portaltela.pt\/"],"url":"https:\/\/portaltela.pt\/por\/367410592786\/"}]}},"_links":{"self":[{"href":"https:\/\/portaltela.pt\/api\/wp\/v2\/posts\/225660","targetHints":{"allow":["GET"]}}],"collection":[{"href":"https:\/\/portaltela.pt\/api\/wp\/v2\/posts"}],"about":[{"href":"https:\/\/portaltela.pt\/api\/wp\/v2\/types\/post"}],"author":[{"embeddable":true,"href":"https:\/\/portaltela.pt\/api\/wp\/v2\/users\/2"}],"replies":[{"embeddable":true,"href":"https:\/\/portaltela.pt\/api\/wp\/v2\/comments?post=225660"}],"version-history":[{"count":0,"href":"https:\/\/portaltela.pt\/api\/wp\/v2\/posts\/225660\/revisions"}],"wp:featuredmedia":[{"embeddable":true,"href":"https:\/\/portaltela.pt\/api\/wp\/v2\/media\/225666"}],"wp:attachment":[{"href":"https:\/\/portaltela.pt\/api\/wp\/v2\/media?parent=225660"}],"wp:term":[{"taxonomy":"category","embeddable":true,"href":"https:\/\/portaltela.pt\/api\/wp\/v2\/categories?post=225660"},{"taxonomy":"post_tag","embeddable":true,"href":"https:\/\/portaltela.pt\/api\/wp\/v2\/tags?post=225660"}],"curies":[{"name":"wp","href":"https:\/\/api.w.org\/{rel}","templated":true}]}}