{"id":225641,"date":"2026-02-25T09:58:00","date_gmt":"2026-02-25T12:58:00","guid":{"rendered":"https:\/\/portaltela.pt\/noticias\/2026\/02\/25\/sofia-alves-diagnosticada-com-tumor-enfrenta-risco-de-cegueira\/"},"modified":"2026-02-25T09:58:00","modified_gmt":"2026-02-25T12:58:00","slug":"sofia-alves-diagnosticada-com-tumor-enfrenta-risco-de-cegueira","status":"publish","type":"post","link":"https:\/\/portaltela.pt\/noticias\/2026\/02\/25\/sofia-alves-diagnosticada-com-tumor-enfrenta-risco-de-cegueira\/","title":{"rendered":"Sofia Alves diagnosticada com tumor enfrenta risco de cegueira"},"content":{"rendered":"<p>Sofia Alves, atriz de 52 anos, revelou numa entrevista para o programa Alta Defini\u00e7\u00e3o, da SIC, os dramas de sa\u00fade que enfrentou nos \u00faltimos anos. A revela\u00e7\u00e3o ocorreu na edi\u00e7\u00e3o de s\u00e1bado, 21 de fevereiro, durante conversa com Daniel Oliveira. Ela descreveu os momentos marcantes vividos durante as grava\u00e7\u00f5es da novela A Serra, entre 2021 e 2022, quando foi diagnosticada com um tumor nos ov\u00e1rios e submetida a uma cirurgia de urg\u00eancia.<\/p>\n<p>Cerca de um ano depois, ainda no conjunto de grava\u00e7\u00f5es de Sangue Oculto, a atriz viu o seu estado de sa\u00fade agravar-se. Depois de contrair Covid-19, o sistema imunit\u00e1rio ficou debilitado e surgiu uma manifesta\u00e7\u00e3o dolorosa na testa, identificada como zona. A situa\u00e7\u00e3o foi descrita pela pr\u00f3pria Sofia Alves como extremamente dolorosa e desafiadora, ocorrendo em plena grava\u00e7\u00e3o de novela.<\/p>\n<h3>Desdobramentos e recupera\u00e7\u00e3o<\/h3>\n<p>A recupera\u00e7\u00e3o mostrou-se lenta, com receios de perder a vis\u00e3o. A atriz relatou dificuldades visuais, com vis\u00e3o reduzida e manchas, apesar de manter o trabalho durante o per\u00edodo. Um especialista alem\u00e3o em oftalmologia acabou por orientar uma nova medica\u00e7\u00e3o, que trouxe melhoria em aproximadamente 48 horas. A presen\u00e7a de uma ferida aberta na testa permaneceu por meses, levando a uma reavalia\u00e7\u00e3o da produ\u00e7\u00e3o. A solu\u00e7\u00e3o t\u00e9cnica de efeitos especiais permitiu corrigir digitalmente a marca na imagem exibida ao p\u00fablico.<\/p>\n<p>O avan\u00e7o cl\u00ednico foi acompanhado pela equipa m\u00e9dica, enquanto a produ\u00e7\u00e3o manteve o ritmo com ajustes na p\u00f3s-produ\u00e7\u00e3o. Sofia Alves reconheceu que a interven\u00e7\u00e3o permitiu continuar a participa\u00e7\u00e3o na novela, sem que o p\u00fablico percebesse a altera\u00e7\u00e3o visual. As sequelas n\u00e3o impedem a continuidade profissional, mas a hist\u00f3ria evidencia o impacto de v\u00e1rias condi\u00e7\u00f5es de sa\u00fade ao longo de dois anos.<\/p>\n","protected":false},"excerpt":{"rendered":"<ul>\n<li>Sofia Alves, de 52 anos, foi convidada do programa Alta Defini\u00e7\u00e3o da SIC no s\u00e1bado, 21 de fevereiro, para falar dos problemas de sa\u00fade que enfrentou recentemente.<\/li>\n<li>Durante as grava\u00e7\u00f5es da novela A Serra (2021-2022) descobriu um tumor nos ov\u00e1rios e precisou de cirurgia de urg\u00eancia.<\/li>\n<li>Cerca de um ano depois, ao gravar Sangue Oculto, contraiu Covid-19 e viu o sistema imunit\u00e1rio ficar fragilizado, surgindo-lhe depois uma zona na cara que lhe causou forte dor e desfigura\u00e7\u00e3o.<\/li>\n<li>A condi\u00e7\u00e3o levou-a a ficar quase cega, com vis\u00e3o reduzida a manchas e receios de perder totalmente a vista, chegando a imaginar colocar um olho de vidro.<\/li>\n<li>A recupera\u00e7\u00e3o surgiu ap\u00f3s tratamento com um especialista alem\u00e3o em oftalmologia; em 48 horas j\u00e1 via parte do olho afectado, e, com suporte t\u00e9cnico na produ\u00e7\u00e3o, a equipa de efeitos especiais apagou digitalmente a marca na testa.<\/li>\n<\/ul>\n","protected":false},"author":2,"featured_media":225657,"comment_status":"closed","ping_status":"closed","sticky":false,"template":"","format":"standard","meta":{"footnotes":""},"categories":[12,1],"tags":[2594,61,3265,4425,172,271],"class_list":["post-225641","post","type-post","status-publish","format-standard","has-post-thumbnail","hentry","category-entretenimento","category-noticias","tag-cirurgia","tag-doencas","tag-oftalmologia","tag-profissionais-de-saude","tag-saude","tag-saude-publica"],"yoast_head":"<!-- This site is optimized with the Yoast SEO plugin v27.2 - https:\/\/yoast.com\/product\/yoast-seo-wordpress\/ -->\n<title>Sofia Alves diagnosticada com tumor enfrenta risco de cegueira - Portal Tela Portugal<\/title>\n<meta name=\"robots\" content=\"index, follow, max-snippet:-1, max-image-preview:large, max-video-preview:-1\" \/>\n<meta property=\"og:locale\" content=\"pt_PT\" \/>\n<meta property=\"og:type\" content=\"article\" \/>\n<meta property=\"og:title\" content=\"Sofia Alves diagnosticada com tumor enfrenta risco de cegueira - Portal Tela Portugal\" \/>\n<meta property=\"og:description\" content=\"Sofia Alves, de 52 anos, foi convidada do programa Alta Defini\u00e7\u00e3o da SIC no s\u00e1bado, 21 de fevereiro, para falar dos problemas de sa\u00fade que enfrentou recentemente. Durante as grava\u00e7\u00f5es da novela A Serra (2021-2022) descobriu um tumor nos ov\u00e1rios e precisou de cirurgia de urg\u00eancia. Cerca de um ano depois, ao gravar Sangue Oculto, contraiu Covid-19 e viu o sistema imunit\u00e1rio ficar fragilizado, surgindo-lhe depois uma zona na cara que lhe causou forte dor e desfigura\u00e7\u00e3o. A condi\u00e7\u00e3o levou-a a ficar quase cega, com vis\u00e3o reduzida a manchas e receios de perder totalmente a vista, chegando a imaginar colocar um olho de vidro. A recupera\u00e7\u00e3o surgiu ap\u00f3s tratamento com um especialista alem\u00e3o em oftalmologia; em 48 horas j\u00e1 via parte do olho afectado, e, com suporte t\u00e9cnico na produ\u00e7\u00e3o, a equipa de efeitos especiais apagou digitalmente a marca na testa.\" \/>\n<meta property=\"og:url\" content=\"https:\/\/portaltela.pt\/noticias\/2026\/02\/25\/sofia-alves-diagnosticada-com-tumor-enfrenta-risco-de-cegueira\/\" \/>\n<meta property=\"og:site_name\" content=\"Portal Tela Portugal\" \/>\n<meta property=\"article:published_time\" content=\"2026-02-25T12:58:00+00:00\" \/>\n<meta name=\"author\" content=\"Telinha\" \/>\n<meta name=\"twitter:card\" content=\"summary_large_image\" \/>\n<meta name=\"twitter:label1\" content=\"Escrito por\" \/>\n\t<meta name=\"twitter:data1\" content=\"Telinha\" \/>\n\t<meta name=\"twitter:label2\" content=\"Tempo estimado de leitura\" \/>\n\t<meta name=\"twitter:data2\" content=\"2 minutos\" \/>\n<script type=\"application\/ld+json\" class=\"yoast-schema-graph\">{\"@context\":\"https:\/\/schema.org\",\"@graph\":[{\"@type\":\"Article\",\"@id\":\"https:\/\/portaltela.pt\/noticias\/2026\/02\/25\/sofia-alves-diagnosticada-com-tumor-enfrenta-risco-de-cegueira\/#article\",\"isPartOf\":{\"@id\":\"https:\/\/portaltela.pt\/noticias\/2026\/02\/25\/sofia-alves-diagnosticada-com-tumor-enfrenta-risco-de-cegueira\/\"},\"author\":{\"name\":\"Telinha\",\"@id\":\"https:\/\/portaltela.pt\/#\/schema\/person\/c4278d4a6028830caff9ee44b42d32ed\"},\"headline\":\"Sofia Alves diagnosticada com tumor enfrenta risco de cegueira\",\"datePublished\":\"2026-02-25T12:58:00+00:00\",\"mainEntityOfPage\":{\"@id\":\"https:\/\/portaltela.pt\/noticias\/2026\/02\/25\/sofia-alves-diagnosticada-com-tumor-enfrenta-risco-de-cegueira\/\"},\"wordCount\":322,\"image\":{\"@id\":\"https:\/\/portaltela.pt\/noticias\/2026\/02\/25\/sofia-alves-diagnosticada-com-tumor-enfrenta-risco-de-cegueira\/#primaryimage\"},\"thumbnailUrl\":\"https:\/\/portaltela.pt\/s.01k8rhncp4jt1\/2026\/02\/img_1500x1000uu2023-12-14-17-59-00-1516647-im-639055426207987401.jpg\",\"keywords\":[\"cirurgia\",\"doen\u00e7as\",\"Oftalmologia\",\"profissionais de sa\u00fade\",\"sa\u00fade\",\"sa\u00fade p\u00fablica\"],\"articleSection\":[\"Entretenimento\",\"Not\u00edcias\"],\"inLanguage\":\"pt-PT\"},{\"@type\":\"WebPage\",\"@id\":\"https:\/\/portaltela.pt\/noticias\/2026\/02\/25\/sofia-alves-diagnosticada-com-tumor-enfrenta-risco-de-cegueira\/\",\"url\":\"https:\/\/portaltela.pt\/noticias\/2026\/02\/25\/sofia-alves-diagnosticada-com-tumor-enfrenta-risco-de-cegueira\/\",\"name\":\"Sofia Alves diagnosticada com tumor enfrenta risco de cegueira - Portal Tela Portugal\",\"isPartOf\":{\"@id\":\"https:\/\/portaltela.pt\/#website\"},\"primaryImageOfPage\":{\"@id\":\"https:\/\/portaltela.pt\/noticias\/2026\/02\/25\/sofia-alves-diagnosticada-com-tumor-enfrenta-risco-de-cegueira\/#primaryimage\"},\"image\":{\"@id\":\"https:\/\/portaltela.pt\/noticias\/2026\/02\/25\/sofia-alves-diagnosticada-com-tumor-enfrenta-risco-de-cegueira\/#primaryimage\"},\"thumbnailUrl\":\"https:\/\/portaltela.pt\/s.01k8rhncp4jt1\/2026\/02\/img_1500x1000uu2023-12-14-17-59-00-1516647-im-639055426207987401.jpg\",\"datePublished\":\"2026-02-25T12:58:00+00:00\",\"author\":{\"@id\":\"https:\/\/portaltela.pt\/#\/schema\/person\/c4278d4a6028830caff9ee44b42d32ed\"},\"breadcrumb\":{\"@id\":\"https:\/\/portaltela.pt\/noticias\/2026\/02\/25\/sofia-alves-diagnosticada-com-tumor-enfrenta-risco-de-cegueira\/#breadcrumb\"},\"inLanguage\":\"pt-PT\",\"potentialAction\":[{\"@type\":\"ReadAction\",\"target\":[\"https:\/\/portaltela.pt\/noticias\/2026\/02\/25\/sofia-alves-diagnosticada-com-tumor-enfrenta-risco-de-cegueira\/\"]}]},{\"@type\":\"ImageObject\",\"inLanguage\":\"pt-PT\",\"@id\":\"https:\/\/portaltela.pt\/noticias\/2026\/02\/25\/sofia-alves-diagnosticada-com-tumor-enfrenta-risco-de-cegueira\/#primaryimage\",\"url\":\"https:\/\/portaltela.pt\/s.01k8rhncp4jt1\/2026\/02\/img_1500x1000uu2023-12-14-17-59-00-1516647-im-639055426207987401.jpg\",\"contentUrl\":\"https:\/\/portaltela.pt\/s.01k8rhncp4jt1\/2026\/02\/img_1500x1000uu2023-12-14-17-59-00-1516647-im-639055426207987401.jpg\",\"width\":796,\"height\":448,\"caption\":\"Sofia Alves\"},{\"@type\":\"BreadcrumbList\",\"@id\":\"https:\/\/portaltela.pt\/noticias\/2026\/02\/25\/sofia-alves-diagnosticada-com-tumor-enfrenta-risco-de-cegueira\/#breadcrumb\",\"itemListElement\":[{\"@type\":\"ListItem\",\"position\":1,\"name\":\"In\u00edcio\",\"item\":\"https:\/\/portaltela.pt\/\"},{\"@type\":\"ListItem\",\"position\":2,\"name\":\"Sofia Alves diagnosticada com tumor enfrenta risco de cegueira\"}]},{\"@type\":\"WebSite\",\"@id\":\"https:\/\/portaltela.pt\/#website\",\"url\":\"https:\/\/portaltela.pt\/\",\"name\":\"Portal Tela Portugal\",\"description\":\"\",\"potentialAction\":[{\"@type\":\"SearchAction\",\"target\":{\"@type\":\"EntryPoint\",\"urlTemplate\":\"https:\/\/portaltela.pt\/?s={search_term_string}\"},\"query-input\":{\"@type\":\"PropertyValueSpecification\",\"valueRequired\":true,\"valueName\":\"search_term_string\"}}],\"inLanguage\":\"pt-PT\"},{\"@type\":\"Person\",\"@id\":\"https:\/\/portaltela.pt\/#\/schema\/person\/c4278d4a6028830caff9ee44b42d32ed\",\"name\":\"Telinha\",\"image\":{\"@type\":\"ImageObject\",\"inLanguage\":\"pt-PT\",\"@id\":\"https:\/\/portaltela.pt\/s.01k8rhncp4jt1\/2025\/11\/talking-bot-125x125.png\",\"url\":\"https:\/\/portaltela.pt\/s.01k8rhncp4jt1\/2025\/11\/talking-bot-125x125.png\",\"contentUrl\":\"https:\/\/portaltela.pt\/s.01k8rhncp4jt1\/2025\/11\/talking-bot-125x125.png\",\"caption\":\"Telinha\"},\"sameAs\":[\"https:\/\/portaltela.pt\/\"],\"url\":\"https:\/\/portaltela.pt\/por\/367410592786\/\"}]}<\/script>\n<!-- \/ Yoast SEO plugin. -->","yoast_head_json":{"title":"Sofia Alves diagnosticada com tumor enfrenta risco de cegueira - Portal Tela Portugal","robots":{"index":"index","follow":"follow","max-snippet":"max-snippet:-1","max-image-preview":"max-image-preview:large","max-video-preview":"max-video-preview:-1"},"og_locale":"pt_PT","og_type":"article","og_title":"Sofia Alves diagnosticada com tumor enfrenta risco de cegueira - Portal Tela Portugal","og_description":"Sofia Alves, de 52 anos, foi convidada do programa Alta Defini\u00e7\u00e3o da SIC no s\u00e1bado, 21 de fevereiro, para falar dos problemas de sa\u00fade que enfrentou recentemente. Durante as grava\u00e7\u00f5es da novela A Serra (2021-2022) descobriu um tumor nos ov\u00e1rios e precisou de cirurgia de urg\u00eancia. Cerca de um ano depois, ao gravar Sangue Oculto, contraiu Covid-19 e viu o sistema imunit\u00e1rio ficar fragilizado, surgindo-lhe depois uma zona na cara que lhe causou forte dor e desfigura\u00e7\u00e3o. A condi\u00e7\u00e3o levou-a a ficar quase cega, com vis\u00e3o reduzida a manchas e receios de perder totalmente a vista, chegando a imaginar colocar um olho de vidro. A recupera\u00e7\u00e3o surgiu ap\u00f3s tratamento com um especialista alem\u00e3o em oftalmologia; em 48 horas j\u00e1 via parte do olho afectado, e, com suporte t\u00e9cnico na produ\u00e7\u00e3o, a equipa de efeitos especiais apagou digitalmente a marca na testa.","og_url":"https:\/\/portaltela.pt\/noticias\/2026\/02\/25\/sofia-alves-diagnosticada-com-tumor-enfrenta-risco-de-cegueira\/","og_site_name":"Portal Tela Portugal","article_published_time":"2026-02-25T12:58:00+00:00","author":"Telinha","twitter_card":"summary_large_image","twitter_misc":{"Escrito por":"Telinha","Tempo estimado de leitura":"2 minutos"},"schema":{"@context":"https:\/\/schema.org","@graph":[{"@type":"Article","@id":"https:\/\/portaltela.pt\/noticias\/2026\/02\/25\/sofia-alves-diagnosticada-com-tumor-enfrenta-risco-de-cegueira\/#article","isPartOf":{"@id":"https:\/\/portaltela.pt\/noticias\/2026\/02\/25\/sofia-alves-diagnosticada-com-tumor-enfrenta-risco-de-cegueira\/"},"author":{"name":"Telinha","@id":"https:\/\/portaltela.pt\/#\/schema\/person\/c4278d4a6028830caff9ee44b42d32ed"},"headline":"Sofia Alves diagnosticada com tumor enfrenta risco de cegueira","datePublished":"2026-02-25T12:58:00+00:00","mainEntityOfPage":{"@id":"https:\/\/portaltela.pt\/noticias\/2026\/02\/25\/sofia-alves-diagnosticada-com-tumor-enfrenta-risco-de-cegueira\/"},"wordCount":322,"image":{"@id":"https:\/\/portaltela.pt\/noticias\/2026\/02\/25\/sofia-alves-diagnosticada-com-tumor-enfrenta-risco-de-cegueira\/#primaryimage"},"thumbnailUrl":"https:\/\/portaltela.pt\/s.01k8rhncp4jt1\/2026\/02\/img_1500x1000uu2023-12-14-17-59-00-1516647-im-639055426207987401.jpg","keywords":["cirurgia","doen\u00e7as","Oftalmologia","profissionais de sa\u00fade","sa\u00fade","sa\u00fade p\u00fablica"],"articleSection":["Entretenimento","Not\u00edcias"],"inLanguage":"pt-PT"},{"@type":"WebPage","@id":"https:\/\/portaltela.pt\/noticias\/2026\/02\/25\/sofia-alves-diagnosticada-com-tumor-enfrenta-risco-de-cegueira\/","url":"https:\/\/portaltela.pt\/noticias\/2026\/02\/25\/sofia-alves-diagnosticada-com-tumor-enfrenta-risco-de-cegueira\/","name":"Sofia Alves diagnosticada com tumor enfrenta risco de cegueira - Portal Tela Portugal","isPartOf":{"@id":"https:\/\/portaltela.pt\/#website"},"primaryImageOfPage":{"@id":"https:\/\/portaltela.pt\/noticias\/2026\/02\/25\/sofia-alves-diagnosticada-com-tumor-enfrenta-risco-de-cegueira\/#primaryimage"},"image":{"@id":"https:\/\/portaltela.pt\/noticias\/2026\/02\/25\/sofia-alves-diagnosticada-com-tumor-enfrenta-risco-de-cegueira\/#primaryimage"},"thumbnailUrl":"https:\/\/portaltela.pt\/s.01k8rhncp4jt1\/2026\/02\/img_1500x1000uu2023-12-14-17-59-00-1516647-im-639055426207987401.jpg","datePublished":"2026-02-25T12:58:00+00:00","author":{"@id":"https:\/\/portaltela.pt\/#\/schema\/person\/c4278d4a6028830caff9ee44b42d32ed"},"breadcrumb":{"@id":"https:\/\/portaltela.pt\/noticias\/2026\/02\/25\/sofia-alves-diagnosticada-com-tumor-enfrenta-risco-de-cegueira\/#breadcrumb"},"inLanguage":"pt-PT","potentialAction":[{"@type":"ReadAction","target":["https:\/\/portaltela.pt\/noticias\/2026\/02\/25\/sofia-alves-diagnosticada-com-tumor-enfrenta-risco-de-cegueira\/"]}]},{"@type":"ImageObject","inLanguage":"pt-PT","@id":"https:\/\/portaltela.pt\/noticias\/2026\/02\/25\/sofia-alves-diagnosticada-com-tumor-enfrenta-risco-de-cegueira\/#primaryimage","url":"https:\/\/portaltela.pt\/s.01k8rhncp4jt1\/2026\/02\/img_1500x1000uu2023-12-14-17-59-00-1516647-im-639055426207987401.jpg","contentUrl":"https:\/\/portaltela.pt\/s.01k8rhncp4jt1\/2026\/02\/img_1500x1000uu2023-12-14-17-59-00-1516647-im-639055426207987401.jpg","width":796,"height":448,"caption":"Sofia Alves"},{"@type":"BreadcrumbList","@id":"https:\/\/portaltela.pt\/noticias\/2026\/02\/25\/sofia-alves-diagnosticada-com-tumor-enfrenta-risco-de-cegueira\/#breadcrumb","itemListElement":[{"@type":"ListItem","position":1,"name":"In\u00edcio","item":"https:\/\/portaltela.pt\/"},{"@type":"ListItem","position":2,"name":"Sofia Alves diagnosticada com tumor enfrenta risco de cegueira"}]},{"@type":"WebSite","@id":"https:\/\/portaltela.pt\/#website","url":"https:\/\/portaltela.pt\/","name":"Portal Tela Portugal","description":"","potentialAction":[{"@type":"SearchAction","target":{"@type":"EntryPoint","urlTemplate":"https:\/\/portaltela.pt\/?s={search_term_string}"},"query-input":{"@type":"PropertyValueSpecification","valueRequired":true,"valueName":"search_term_string"}}],"inLanguage":"pt-PT"},{"@type":"Person","@id":"https:\/\/portaltela.pt\/#\/schema\/person\/c4278d4a6028830caff9ee44b42d32ed","name":"Telinha","image":{"@type":"ImageObject","inLanguage":"pt-PT","@id":"https:\/\/portaltela.pt\/s.01k8rhncp4jt1\/2025\/11\/talking-bot-125x125.png","url":"https:\/\/portaltela.pt\/s.01k8rhncp4jt1\/2025\/11\/talking-bot-125x125.png","contentUrl":"https:\/\/portaltela.pt\/s.01k8rhncp4jt1\/2025\/11\/talking-bot-125x125.png","caption":"Telinha"},"sameAs":["https:\/\/portaltela.pt\/"],"url":"https:\/\/portaltela.pt\/por\/367410592786\/"}]}},"_links":{"self":[{"href":"https:\/\/portaltela.pt\/api\/wp\/v2\/posts\/225641","targetHints":{"allow":["GET"]}}],"collection":[{"href":"https:\/\/portaltela.pt\/api\/wp\/v2\/posts"}],"about":[{"href":"https:\/\/portaltela.pt\/api\/wp\/v2\/types\/post"}],"author":[{"embeddable":true,"href":"https:\/\/portaltela.pt\/api\/wp\/v2\/users\/2"}],"replies":[{"embeddable":true,"href":"https:\/\/portaltela.pt\/api\/wp\/v2\/comments?post=225641"}],"version-history":[{"count":0,"href":"https:\/\/portaltela.pt\/api\/wp\/v2\/posts\/225641\/revisions"}],"wp:featuredmedia":[{"embeddable":true,"href":"https:\/\/portaltela.pt\/api\/wp\/v2\/media\/225657"}],"wp:attachment":[{"href":"https:\/\/portaltela.pt\/api\/wp\/v2\/media?parent=225641"}],"wp:term":[{"taxonomy":"category","embeddable":true,"href":"https:\/\/portaltela.pt\/api\/wp\/v2\/categories?post=225641"},{"taxonomy":"post_tag","embeddable":true,"href":"https:\/\/portaltela.pt\/api\/wp\/v2\/tags?post=225641"}],"curies":[{"name":"wp","href":"https:\/\/api.w.org\/{rel}","templated":true}]}}