{"id":225637,"date":"2026-02-25T09:53:16","date_gmt":"2026-02-25T12:53:16","guid":{"rendered":"https:\/\/portaltela.pt\/noticias\/2026\/02\/25\/mau-tempo-afeta-400-hectares-de-vinhas-em-alenquer\/"},"modified":"2026-02-25T09:53:16","modified_gmt":"2026-02-25T12:53:16","slug":"mau-tempo-afeta-400-hectares-de-vinhas-em-alenquer","status":"publish","type":"post","link":"https:\/\/portaltela.pt\/noticias\/2026\/02\/25\/mau-tempo-afeta-400-hectares-de-vinhas-em-alenquer\/","title":{"rendered":"Mau tempo afeta 400 hectares de vinhas em Alenquer"},"content":{"rendered":"<p>Cerca de 400 hectares de vinha no concelho de Alenquer foram afetados pelo mau tempo das \u00faltimas semanas. O impacto foi estimado em 1,7 milh\u00f5es de euros, com os preju\u00edzos declarados \u00e0 CCDRLVT e comunicados pela CVRLVT. A campanha deste ano fica comprometida.<\/p>\n<p>As \u00e1reas danificadas sofreram deslizamentos, abatimentos e deforma\u00e7\u00f5es do solo, destrui\u00e7\u00e3o de arma\u00e7\u00f5es, danos em drenagens e acessos. Maquinaria n\u00e3o consegue circular, atrasando o arranque do ciclo vegetativo e aumentando a vulnerabilidade financeira das explora\u00e7\u00f5es.<\/p>\n<p>A CVRLVT real\u00e7a que a sobreviv\u00eancia econ\u00f3mica de parte das 2.000 entidades locais est\u00e1 em causa, incluindo fam\u00edlias, cooperativas e empresas que sustentam empregos e a economia rural. O setor enfrenta ainda custos crescentes e desafios de adapta\u00e7\u00e3o clim\u00e1tica.<\/p>\n<h3>Calamidade ampliada a mais 22 munic\u00edpios<\/h3>\n<p>Segue-se a atualiza\u00e7\u00e3o de calamidade: mais 22 concelhos juntaram-se aos 68 j\u00e1 abrangidos pelo Governo, segundo despacho em Di\u00e1rio da Rep\u00fablica. Alcoutim, Alenquer, Almeirim, Alpiar\u00e7a, Anadia, Arganil, Arruda dos Vinhos, Azambuja, Bai\u00e3o, Benavente, Cartaxo, Castelo de Paiva, Chamusca, Coruche, Faro, Mafra, Monchique, Mort\u00e1gua, Oliveira do Hospital, Salvaterra de Magos, Sobral de Monte Agra\u00e7o e T\u00e1bua.<\/p>\n<p>O documento recorda que, em janeiro e fevereiro, o territ\u00f3rio continental foi afetado por fen\u00f3menos meteorol\u00f3gicos intensos e an\u00f3malos, provocando precipita\u00e7\u00e3o persistente e impactos na estabilidade das regi\u00f5es afetadas. A calamidade \u00e9 a op\u00e7\u00e3o mais grave de tr\u00eas estados previstos na lei.<\/p>\n<p>Ap\u00f3s os temporais, oito partidos registaram perdas: casas, empresas, infraestruturas, estradas e servi\u00e7os b\u00e1sicos ficaram danificados. As regi\u00f5es Centro, Lisboa e Vale do Tejo e Alentejo foram as mais atingidas.<\/p>\n","protected":false},"excerpt":{"rendered":"<ul>\n<li>Cerca de 400 hectares de vinha em Alenquer foram afetados pelo mau tempo, com um preju\u00edzo de 1,7 milh\u00f5es de euros, segundo a Comiss\u00e3o Vitivin\u00edcola Regional de Lisboa e Vale do Tejo (CVRLVT).<\/li>\n<li>Os danos abarcam deslizamentos de terras, abatimentos e deforma\u00e7\u00f5es do solo, destrui\u00e7\u00e3o de arma\u00e7\u00f5es, danos em drenagens e acessos internos, comprometendo o arranque do ciclo vegetativo.<\/li>\n<li>A CVRLVT alerta que estes impactos comprometem a campanha deste ano e colocam em situa\u00e7\u00e3o de elevada vulnerabilidade financeira v\u00e1rias explora\u00e7\u00f5es, incluindo cerca de 2.000 unidades econ\u00f3micas ligadas ao setor.<\/li>\n<li>No \u00e2mbito da calamidade, 22 novos concelhos foram integrados aos 68 j\u00e1 abrangidos, para enfrentar os fen\u00f3menos meteorol\u00f3gicos intensos ocorridos entre janeiro e fevereiro.<\/li>\n<li>O setor vitivin\u00edcola enfrenta ainda uma conjuntura dif\u00edcil, com quebra de consumo nos mercados, press\u00e3o sobre pre\u00e7os, aumento de custos e necessidade de investimento em adapta\u00e7\u00e3o clim\u00e1tica.<\/li>\n<\/ul>\n","protected":false},"author":2,"featured_media":225650,"comment_status":"closed","ping_status":"closed","sticky":false,"template":"","format":"standard","meta":{"footnotes":""},"categories":[1],"tags":[4180,4687,1309,981,5586,4103],"class_list":["post-225637","post","type-post","status-publish","format-standard","has-post-thumbnail","hentry","category-noticias","tag-alenquer","tag-calamidade-publica","tag-centro","tag-lisboa","tag-vinho","tag-viticultura"],"yoast_head":"<!-- This site is optimized with the Yoast SEO plugin v27.2 - https:\/\/yoast.com\/product\/yoast-seo-wordpress\/ -->\n<title>Mau tempo afeta 400 hectares de vinhas em Alenquer - Portal Tela Portugal<\/title>\n<meta name=\"robots\" content=\"index, follow, max-snippet:-1, max-image-preview:large, max-video-preview:-1\" \/>\n<meta property=\"og:locale\" content=\"pt_PT\" \/>\n<meta property=\"og:type\" content=\"article\" \/>\n<meta property=\"og:title\" content=\"Mau tempo afeta 400 hectares de vinhas em Alenquer - Portal Tela Portugal\" \/>\n<meta property=\"og:description\" content=\"Cerca de 400 hectares de vinha em Alenquer foram afetados pelo mau tempo, com um preju\u00edzo de 1,7 milh\u00f5es de euros, segundo a Comiss\u00e3o Vitivin\u00edcola Regional de Lisboa e Vale do Tejo (CVRLVT). Os danos abarcam deslizamentos de terras, abatimentos e deforma\u00e7\u00f5es do solo, destrui\u00e7\u00e3o de arma\u00e7\u00f5es, danos em drenagens e acessos internos, comprometendo o arranque do ciclo vegetativo. A CVRLVT alerta que estes impactos comprometem a campanha deste ano e colocam em situa\u00e7\u00e3o de elevada vulnerabilidade financeira v\u00e1rias explora\u00e7\u00f5es, incluindo cerca de 2.000 unidades econ\u00f3micas ligadas ao setor. No \u00e2mbito da calamidade, 22 novos concelhos foram integrados aos 68 j\u00e1 abrangidos, para enfrentar os fen\u00f3menos meteorol\u00f3gicos intensos ocorridos entre janeiro e fevereiro. O setor vitivin\u00edcola enfrenta ainda uma conjuntura dif\u00edcil, com quebra de consumo nos mercados, press\u00e3o sobre pre\u00e7os, aumento de custos e necessidade de investimento em adapta\u00e7\u00e3o clim\u00e1tica.\" \/>\n<meta property=\"og:url\" content=\"https:\/\/portaltela.pt\/noticias\/2026\/02\/25\/mau-tempo-afeta-400-hectares-de-vinhas-em-alenquer\/\" \/>\n<meta property=\"og:site_name\" content=\"Portal Tela Portugal\" \/>\n<meta property=\"article:published_time\" content=\"2026-02-25T12:53:16+00:00\" \/>\n<meta name=\"author\" content=\"Telinha\" \/>\n<meta name=\"twitter:card\" content=\"summary_large_image\" \/>\n<meta name=\"twitter:label1\" content=\"Escrito por\" \/>\n\t<meta name=\"twitter:data1\" content=\"Telinha\" \/>\n\t<meta name=\"twitter:label2\" content=\"Tempo estimado de leitura\" \/>\n\t<meta name=\"twitter:data2\" content=\"1 minuto\" \/>\n<script type=\"application\/ld+json\" class=\"yoast-schema-graph\">{\"@context\":\"https:\/\/schema.org\",\"@graph\":[{\"@type\":\"Article\",\"@id\":\"https:\/\/portaltela.pt\/noticias\/2026\/02\/25\/mau-tempo-afeta-400-hectares-de-vinhas-em-alenquer\/#article\",\"isPartOf\":{\"@id\":\"https:\/\/portaltela.pt\/noticias\/2026\/02\/25\/mau-tempo-afeta-400-hectares-de-vinhas-em-alenquer\/\"},\"author\":{\"name\":\"Telinha\",\"@id\":\"https:\/\/portaltela.pt\/#\/schema\/person\/c4278d4a6028830caff9ee44b42d32ed\"},\"headline\":\"Mau tempo afeta 400 hectares de vinhas em Alenquer\",\"datePublished\":\"2026-02-25T12:53:16+00:00\",\"mainEntityOfPage\":{\"@id\":\"https:\/\/portaltela.pt\/noticias\/2026\/02\/25\/mau-tempo-afeta-400-hectares-de-vinhas-em-alenquer\/\"},\"wordCount\":284,\"image\":{\"@id\":\"https:\/\/portaltela.pt\/noticias\/2026\/02\/25\/mau-tempo-afeta-400-hectares-de-vinhas-em-alenquer\/#primaryimage\"},\"thumbnailUrl\":\"https:\/\/portaltela.pt\/s.01k8rhncp4jt1\/2026\/02\/img_1280x721uu2026-02-08-21-41-04-2265732.jpg\",\"keywords\":[\"Alenquer\",\"calamidade p\u00fablica\",\"Centro\",\"Lisboa\",\"vinho\",\"viticultura\"],\"articleSection\":[\"Not\u00edcias\"],\"inLanguage\":\"pt-PT\"},{\"@type\":\"WebPage\",\"@id\":\"https:\/\/portaltela.pt\/noticias\/2026\/02\/25\/mau-tempo-afeta-400-hectares-de-vinhas-em-alenquer\/\",\"url\":\"https:\/\/portaltela.pt\/noticias\/2026\/02\/25\/mau-tempo-afeta-400-hectares-de-vinhas-em-alenquer\/\",\"name\":\"Mau tempo afeta 400 hectares de vinhas em Alenquer - Portal Tela Portugal\",\"isPartOf\":{\"@id\":\"https:\/\/portaltela.pt\/#website\"},\"primaryImageOfPage\":{\"@id\":\"https:\/\/portaltela.pt\/noticias\/2026\/02\/25\/mau-tempo-afeta-400-hectares-de-vinhas-em-alenquer\/#primaryimage\"},\"image\":{\"@id\":\"https:\/\/portaltela.pt\/noticias\/2026\/02\/25\/mau-tempo-afeta-400-hectares-de-vinhas-em-alenquer\/#primaryimage\"},\"thumbnailUrl\":\"https:\/\/portaltela.pt\/s.01k8rhncp4jt1\/2026\/02\/img_1280x721uu2026-02-08-21-41-04-2265732.jpg\",\"datePublished\":\"2026-02-25T12:53:16+00:00\",\"author\":{\"@id\":\"https:\/\/portaltela.pt\/#\/schema\/person\/c4278d4a6028830caff9ee44b42d32ed\"},\"breadcrumb\":{\"@id\":\"https:\/\/portaltela.pt\/noticias\/2026\/02\/25\/mau-tempo-afeta-400-hectares-de-vinhas-em-alenquer\/#breadcrumb\"},\"inLanguage\":\"pt-PT\",\"potentialAction\":[{\"@type\":\"ReadAction\",\"target\":[\"https:\/\/portaltela.pt\/noticias\/2026\/02\/25\/mau-tempo-afeta-400-hectares-de-vinhas-em-alenquer\/\"]}]},{\"@type\":\"ImageObject\",\"inLanguage\":\"pt-PT\",\"@id\":\"https:\/\/portaltela.pt\/noticias\/2026\/02\/25\/mau-tempo-afeta-400-hectares-de-vinhas-em-alenquer\/#primaryimage\",\"url\":\"https:\/\/portaltela.pt\/s.01k8rhncp4jt1\/2026\/02\/img_1280x721uu2026-02-08-21-41-04-2265732.jpg\",\"contentUrl\":\"https:\/\/portaltela.pt\/s.01k8rhncp4jt1\/2026\/02\/img_1280x721uu2026-02-08-21-41-04-2265732.jpg\",\"width\":796,\"height\":448,\"caption\":\"Arruda dos Vinhos \u00e9 um dos concelhos com mais estradas colapsadas\"},{\"@type\":\"BreadcrumbList\",\"@id\":\"https:\/\/portaltela.pt\/noticias\/2026\/02\/25\/mau-tempo-afeta-400-hectares-de-vinhas-em-alenquer\/#breadcrumb\",\"itemListElement\":[{\"@type\":\"ListItem\",\"position\":1,\"name\":\"In\u00edcio\",\"item\":\"https:\/\/portaltela.pt\/\"},{\"@type\":\"ListItem\",\"position\":2,\"name\":\"Mau tempo afeta 400 hectares de vinhas em Alenquer\"}]},{\"@type\":\"WebSite\",\"@id\":\"https:\/\/portaltela.pt\/#website\",\"url\":\"https:\/\/portaltela.pt\/\",\"name\":\"Portal Tela Portugal\",\"description\":\"\",\"potentialAction\":[{\"@type\":\"SearchAction\",\"target\":{\"@type\":\"EntryPoint\",\"urlTemplate\":\"https:\/\/portaltela.pt\/?s={search_term_string}\"},\"query-input\":{\"@type\":\"PropertyValueSpecification\",\"valueRequired\":true,\"valueName\":\"search_term_string\"}}],\"inLanguage\":\"pt-PT\"},{\"@type\":\"Person\",\"@id\":\"https:\/\/portaltela.pt\/#\/schema\/person\/c4278d4a6028830caff9ee44b42d32ed\",\"name\":\"Telinha\",\"image\":{\"@type\":\"ImageObject\",\"inLanguage\":\"pt-PT\",\"@id\":\"https:\/\/portaltela.pt\/s.01k8rhncp4jt1\/2025\/11\/talking-bot-125x125.png\",\"url\":\"https:\/\/portaltela.pt\/s.01k8rhncp4jt1\/2025\/11\/talking-bot-125x125.png\",\"contentUrl\":\"https:\/\/portaltela.pt\/s.01k8rhncp4jt1\/2025\/11\/talking-bot-125x125.png\",\"caption\":\"Telinha\"},\"sameAs\":[\"https:\/\/portaltela.pt\/\"],\"url\":\"https:\/\/portaltela.pt\/por\/367410592786\/\"}]}<\/script>\n<!-- \/ Yoast SEO plugin. -->","yoast_head_json":{"title":"Mau tempo afeta 400 hectares de vinhas em Alenquer - Portal Tela Portugal","robots":{"index":"index","follow":"follow","max-snippet":"max-snippet:-1","max-image-preview":"max-image-preview:large","max-video-preview":"max-video-preview:-1"},"og_locale":"pt_PT","og_type":"article","og_title":"Mau tempo afeta 400 hectares de vinhas em Alenquer - Portal Tela Portugal","og_description":"Cerca de 400 hectares de vinha em Alenquer foram afetados pelo mau tempo, com um preju\u00edzo de 1,7 milh\u00f5es de euros, segundo a Comiss\u00e3o Vitivin\u00edcola Regional de Lisboa e Vale do Tejo (CVRLVT). Os danos abarcam deslizamentos de terras, abatimentos e deforma\u00e7\u00f5es do solo, destrui\u00e7\u00e3o de arma\u00e7\u00f5es, danos em drenagens e acessos internos, comprometendo o arranque do ciclo vegetativo. A CVRLVT alerta que estes impactos comprometem a campanha deste ano e colocam em situa\u00e7\u00e3o de elevada vulnerabilidade financeira v\u00e1rias explora\u00e7\u00f5es, incluindo cerca de 2.000 unidades econ\u00f3micas ligadas ao setor. No \u00e2mbito da calamidade, 22 novos concelhos foram integrados aos 68 j\u00e1 abrangidos, para enfrentar os fen\u00f3menos meteorol\u00f3gicos intensos ocorridos entre janeiro e fevereiro. O setor vitivin\u00edcola enfrenta ainda uma conjuntura dif\u00edcil, com quebra de consumo nos mercados, press\u00e3o sobre pre\u00e7os, aumento de custos e necessidade de investimento em adapta\u00e7\u00e3o clim\u00e1tica.","og_url":"https:\/\/portaltela.pt\/noticias\/2026\/02\/25\/mau-tempo-afeta-400-hectares-de-vinhas-em-alenquer\/","og_site_name":"Portal Tela Portugal","article_published_time":"2026-02-25T12:53:16+00:00","author":"Telinha","twitter_card":"summary_large_image","twitter_misc":{"Escrito por":"Telinha","Tempo estimado de leitura":"1 minuto"},"schema":{"@context":"https:\/\/schema.org","@graph":[{"@type":"Article","@id":"https:\/\/portaltela.pt\/noticias\/2026\/02\/25\/mau-tempo-afeta-400-hectares-de-vinhas-em-alenquer\/#article","isPartOf":{"@id":"https:\/\/portaltela.pt\/noticias\/2026\/02\/25\/mau-tempo-afeta-400-hectares-de-vinhas-em-alenquer\/"},"author":{"name":"Telinha","@id":"https:\/\/portaltela.pt\/#\/schema\/person\/c4278d4a6028830caff9ee44b42d32ed"},"headline":"Mau tempo afeta 400 hectares de vinhas em Alenquer","datePublished":"2026-02-25T12:53:16+00:00","mainEntityOfPage":{"@id":"https:\/\/portaltela.pt\/noticias\/2026\/02\/25\/mau-tempo-afeta-400-hectares-de-vinhas-em-alenquer\/"},"wordCount":284,"image":{"@id":"https:\/\/portaltela.pt\/noticias\/2026\/02\/25\/mau-tempo-afeta-400-hectares-de-vinhas-em-alenquer\/#primaryimage"},"thumbnailUrl":"https:\/\/portaltela.pt\/s.01k8rhncp4jt1\/2026\/02\/img_1280x721uu2026-02-08-21-41-04-2265732.jpg","keywords":["Alenquer","calamidade p\u00fablica","Centro","Lisboa","vinho","viticultura"],"articleSection":["Not\u00edcias"],"inLanguage":"pt-PT"},{"@type":"WebPage","@id":"https:\/\/portaltela.pt\/noticias\/2026\/02\/25\/mau-tempo-afeta-400-hectares-de-vinhas-em-alenquer\/","url":"https:\/\/portaltela.pt\/noticias\/2026\/02\/25\/mau-tempo-afeta-400-hectares-de-vinhas-em-alenquer\/","name":"Mau tempo afeta 400 hectares de vinhas em Alenquer - Portal Tela Portugal","isPartOf":{"@id":"https:\/\/portaltela.pt\/#website"},"primaryImageOfPage":{"@id":"https:\/\/portaltela.pt\/noticias\/2026\/02\/25\/mau-tempo-afeta-400-hectares-de-vinhas-em-alenquer\/#primaryimage"},"image":{"@id":"https:\/\/portaltela.pt\/noticias\/2026\/02\/25\/mau-tempo-afeta-400-hectares-de-vinhas-em-alenquer\/#primaryimage"},"thumbnailUrl":"https:\/\/portaltela.pt\/s.01k8rhncp4jt1\/2026\/02\/img_1280x721uu2026-02-08-21-41-04-2265732.jpg","datePublished":"2026-02-25T12:53:16+00:00","author":{"@id":"https:\/\/portaltela.pt\/#\/schema\/person\/c4278d4a6028830caff9ee44b42d32ed"},"breadcrumb":{"@id":"https:\/\/portaltela.pt\/noticias\/2026\/02\/25\/mau-tempo-afeta-400-hectares-de-vinhas-em-alenquer\/#breadcrumb"},"inLanguage":"pt-PT","potentialAction":[{"@type":"ReadAction","target":["https:\/\/portaltela.pt\/noticias\/2026\/02\/25\/mau-tempo-afeta-400-hectares-de-vinhas-em-alenquer\/"]}]},{"@type":"ImageObject","inLanguage":"pt-PT","@id":"https:\/\/portaltela.pt\/noticias\/2026\/02\/25\/mau-tempo-afeta-400-hectares-de-vinhas-em-alenquer\/#primaryimage","url":"https:\/\/portaltela.pt\/s.01k8rhncp4jt1\/2026\/02\/img_1280x721uu2026-02-08-21-41-04-2265732.jpg","contentUrl":"https:\/\/portaltela.pt\/s.01k8rhncp4jt1\/2026\/02\/img_1280x721uu2026-02-08-21-41-04-2265732.jpg","width":796,"height":448,"caption":"Arruda dos Vinhos \u00e9 um dos concelhos com mais estradas colapsadas"},{"@type":"BreadcrumbList","@id":"https:\/\/portaltela.pt\/noticias\/2026\/02\/25\/mau-tempo-afeta-400-hectares-de-vinhas-em-alenquer\/#breadcrumb","itemListElement":[{"@type":"ListItem","position":1,"name":"In\u00edcio","item":"https:\/\/portaltela.pt\/"},{"@type":"ListItem","position":2,"name":"Mau tempo afeta 400 hectares de vinhas em Alenquer"}]},{"@type":"WebSite","@id":"https:\/\/portaltela.pt\/#website","url":"https:\/\/portaltela.pt\/","name":"Portal Tela Portugal","description":"","potentialAction":[{"@type":"SearchAction","target":{"@type":"EntryPoint","urlTemplate":"https:\/\/portaltela.pt\/?s={search_term_string}"},"query-input":{"@type":"PropertyValueSpecification","valueRequired":true,"valueName":"search_term_string"}}],"inLanguage":"pt-PT"},{"@type":"Person","@id":"https:\/\/portaltela.pt\/#\/schema\/person\/c4278d4a6028830caff9ee44b42d32ed","name":"Telinha","image":{"@type":"ImageObject","inLanguage":"pt-PT","@id":"https:\/\/portaltela.pt\/s.01k8rhncp4jt1\/2025\/11\/talking-bot-125x125.png","url":"https:\/\/portaltela.pt\/s.01k8rhncp4jt1\/2025\/11\/talking-bot-125x125.png","contentUrl":"https:\/\/portaltela.pt\/s.01k8rhncp4jt1\/2025\/11\/talking-bot-125x125.png","caption":"Telinha"},"sameAs":["https:\/\/portaltela.pt\/"],"url":"https:\/\/portaltela.pt\/por\/367410592786\/"}]}},"_links":{"self":[{"href":"https:\/\/portaltela.pt\/api\/wp\/v2\/posts\/225637","targetHints":{"allow":["GET"]}}],"collection":[{"href":"https:\/\/portaltela.pt\/api\/wp\/v2\/posts"}],"about":[{"href":"https:\/\/portaltela.pt\/api\/wp\/v2\/types\/post"}],"author":[{"embeddable":true,"href":"https:\/\/portaltela.pt\/api\/wp\/v2\/users\/2"}],"replies":[{"embeddable":true,"href":"https:\/\/portaltela.pt\/api\/wp\/v2\/comments?post=225637"}],"version-history":[{"count":0,"href":"https:\/\/portaltela.pt\/api\/wp\/v2\/posts\/225637\/revisions"}],"wp:featuredmedia":[{"embeddable":true,"href":"https:\/\/portaltela.pt\/api\/wp\/v2\/media\/225650"}],"wp:attachment":[{"href":"https:\/\/portaltela.pt\/api\/wp\/v2\/media?parent=225637"}],"wp:term":[{"taxonomy":"category","embeddable":true,"href":"https:\/\/portaltela.pt\/api\/wp\/v2\/categories?post=225637"},{"taxonomy":"post_tag","embeddable":true,"href":"https:\/\/portaltela.pt\/api\/wp\/v2\/tags?post=225637"}],"curies":[{"name":"wp","href":"https:\/\/api.w.org\/{rel}","templated":true}]}}