{"id":225633,"date":"2026-02-25T09:54:00","date_gmt":"2026-02-25T12:54:00","guid":{"rendered":"https:\/\/portaltela.pt\/noticias\/2026\/02\/25\/relatorio-da-amt-sobre-o-elevador-da-gloria-revela-que-nunca-existiu\/"},"modified":"2026-02-25T09:54:00","modified_gmt":"2026-02-25T12:54:00","slug":"relatorio-da-amt-sobre-o-elevador-da-gloria-revela-que-nunca-existiu","status":"publish","type":"post","link":"https:\/\/portaltela.pt\/noticias\/2026\/02\/25\/relatorio-da-amt-sobre-o-elevador-da-gloria-revela-que-nunca-existiu\/","title":{"rendered":"Relat\u00f3rio da AMT sobre o elevador da Gl\u00f3ria revela que nunca existiu"},"content":{"rendered":"<p>Foi anunciado pela Autoridade da Mobilidade e dos Transportes (AMT) que iria realizar uma A\u00e7\u00e3o de Supervis\u00e3o ao acidente do elevador da Gl\u00f3ria, com divulga\u00e7\u00e3o dos resultados na maior celeridade. O an\u00fancio ocorreu no dia 3 de setembro, quando o n\u00famero de mortes ainda n\u00e3o estava definido.<\/p>\n<p>A AMT, representada pela presidente do Conselho de Administra\u00e7\u00e3o, Ana Paula Vitorino, expressou ainda as condol\u00eancias \u00e0s fam\u00edlias das v\u00edtimas e desejou r\u00e1pidas melhoras aos feridos. A entidade afirmou que a supervis\u00e3o seria de natureza jur\u00eddica, dependendo de a\u00e7\u00f5es de investiga\u00e7\u00e3o e inspe\u00e7\u00e3o em curso.<\/p>\n<h3>Aus\u00eancia de relat\u00f3rio e impedimentos<\/h3>\n<p>Semanas depois, o jornal questionou a AMT sobre o relat\u00f3rio da a\u00e7\u00e3o de supervis\u00e3o e recebeu, a 6 de outubro, a informa\u00e7\u00e3o de que a supervis\u00e3o s\u00f3 ocorreria ap\u00f3s as a\u00e7\u00f5es de investiga\u00e7\u00e3o serem conclu\u00eddas. A AMT explicou que n\u00e3o houve relat\u00f3rio por respeitar as compet\u00eancias das entidades envolvidas.<\/p>\n<p>Em 20 de janeiro, o jornal pediu o acesso ao relat\u00f3rio por via da Lei de Acesso aos Documentos Administrativo (LADA). Com a falta de resposta, houve queixa \u00e0 Comiss\u00e3o de Acesso aos Documentos Administrativos (CADA). A AMT reconheceu n\u00e3o possuir relat\u00f3rio, dizendo ter aguardado o fim das investiga\u00e7\u00f5es para n\u00e3o perturbar o processo.<\/p>\n<p>Al\u00e9m disso, a AMT destacou que, ap\u00f3s as conclus\u00f5es do GPIAAF e de outras autoridades, permanecem esclarecidas as principais quest\u00f5es do incidente. A institui\u00e7\u00e3o afirmou que n\u00e3o faria sentido realizar dilig\u00eancias adicionais de natureza jur\u00eddica, dadas as atribui\u00e7\u00f5es de fiscaliza\u00e7\u00e3o.<\/p>\n<h3>Investiga\u00e7\u00f5es em curso<\/h3>\n<p>Ainda decorre a investiga\u00e7\u00e3o cient\u00edfica do GPIAAF ao acidente do elevador da Gl\u00f3ria, cuja divulga\u00e7\u00e3o de relat\u00f3rio final est\u00e1 prevista para o final deste ano. Paralelamente, o Minist\u00e9rio P\u00fablico investiga eventuais responsabilidades criminais, e a Carris tamb\u00e9m conduz uma apura\u00e7\u00e3o.<\/p>\n","protected":false},"excerpt":{"rendered":"<ul>\n<li>Em 3 de setembro, a Autoridade da Mobilidade e Transportes anunciou uma A\u00e7\u00e3o de Supervis\u00e3o ao acidente do elevador da Gl\u00f3ria, com resultados a divulgar com a maior celeridade poss\u00edvel.<\/li>\n<li>Em 6 de outubro, a AMT afirmou que a supervis\u00e3o seria realizada apenas ap\u00f3s a conclus\u00e3o das a\u00e7\u00f5es de investiga\u00e7\u00e3o e inspe\u00e7\u00e3o em curso, por natureza jur\u00eddica.<\/li>\n<li>Em 20 de janeiro, o P\u00fablico pediu acesso ao relat\u00f3rio; a AMT reconheceu n\u00e3o existir relat\u00f3rio e explicou que aguardava o fim das investiga\u00e7\u00f5es para n\u00e3o perturbar o processo.<\/li>\n<li>A empresa explicou que, seguindo as conclus\u00f5es do Gabinete de Preven\u00e7\u00e3o e Investiga\u00e7\u00e3o de Acidentes com Aeronaves e de Acidentes Ferrovi\u00e1rios e de outras entidades, n\u00e3o faria sentido realizar dilig\u00eancias adicionais de fiscaliza\u00e7\u00e3o.<\/li>\n<li>Atualmente decorrem investiga\u00e7\u00f5es do GPIAAF, do Minist\u00e9rio P\u00fablico e da Carris; h\u00e1 um relat\u00f3rio preliminar divulgado em outubro e o resultado dever\u00e1 ser tornado p\u00fablico no final do ano.<\/li>\n<\/ul>\n","protected":false},"author":2,"featured_media":225640,"comment_status":"closed","ping_status":"closed","sticky":false,"template":"","format":"standard","meta":{"footnotes":""},"categories":[1],"tags":[5487,3127,215,2613,250,192],"class_list":["post-225633","post","type-post","status-publish","format-standard","has-post-thumbnail","hentry","category-noticias","tag-acidente","tag-carris","tag-investigacao","tag-ministerio-publico","tag-seguranca-publica","tag-transporte"],"yoast_head":"<!-- This site is optimized with the Yoast SEO plugin v27.2 - https:\/\/yoast.com\/product\/yoast-seo-wordpress\/ -->\n<title>Relat\u00f3rio da AMT sobre o elevador da Gl\u00f3ria revela que nunca existiu - Portal Tela Portugal<\/title>\n<meta name=\"robots\" content=\"index, follow, max-snippet:-1, max-image-preview:large, max-video-preview:-1\" \/>\n<meta property=\"og:locale\" content=\"pt_PT\" \/>\n<meta property=\"og:type\" content=\"article\" \/>\n<meta property=\"og:title\" content=\"Relat\u00f3rio da AMT sobre o elevador da Gl\u00f3ria revela que nunca existiu - Portal Tela Portugal\" \/>\n<meta property=\"og:description\" content=\"Em 3 de setembro, a Autoridade da Mobilidade e Transportes anunciou uma A\u00e7\u00e3o de Supervis\u00e3o ao acidente do elevador da Gl\u00f3ria, com resultados a divulgar com a maior celeridade poss\u00edvel. Em 6 de outubro, a AMT afirmou que a supervis\u00e3o seria realizada apenas ap\u00f3s a conclus\u00e3o das a\u00e7\u00f5es de investiga\u00e7\u00e3o e inspe\u00e7\u00e3o em curso, por natureza jur\u00eddica. Em 20 de janeiro, o P\u00fablico pediu acesso ao relat\u00f3rio; a AMT reconheceu n\u00e3o existir relat\u00f3rio e explicou que aguardava o fim das investiga\u00e7\u00f5es para n\u00e3o perturbar o processo. A empresa explicou que, seguindo as conclus\u00f5es do Gabinete de Preven\u00e7\u00e3o e Investiga\u00e7\u00e3o de Acidentes com Aeronaves e de Acidentes Ferrovi\u00e1rios e de outras entidades, n\u00e3o faria sentido realizar dilig\u00eancias adicionais de fiscaliza\u00e7\u00e3o. Atualmente decorrem investiga\u00e7\u00f5es do GPIAAF, do Minist\u00e9rio P\u00fablico e da Carris; h\u00e1 um relat\u00f3rio preliminar divulgado em outubro e o resultado dever\u00e1 ser tornado p\u00fablico no final do ano.\" \/>\n<meta property=\"og:url\" content=\"https:\/\/portaltela.pt\/noticias\/2026\/02\/25\/relatorio-da-amt-sobre-o-elevador-da-gloria-revela-que-nunca-existiu\/\" \/>\n<meta property=\"og:site_name\" content=\"Portal Tela Portugal\" \/>\n<meta property=\"article:published_time\" content=\"2026-02-25T12:54:00+00:00\" \/>\n<meta name=\"author\" content=\"Telinha\" \/>\n<meta name=\"twitter:card\" content=\"summary_large_image\" \/>\n<meta name=\"twitter:label1\" content=\"Escrito por\" \/>\n\t<meta name=\"twitter:data1\" content=\"Telinha\" \/>\n\t<meta name=\"twitter:label2\" content=\"Tempo estimado de leitura\" \/>\n\t<meta name=\"twitter:data2\" content=\"2 minutos\" \/>\n<script type=\"application\/ld+json\" class=\"yoast-schema-graph\">{\"@context\":\"https:\/\/schema.org\",\"@graph\":[{\"@type\":\"Article\",\"@id\":\"https:\/\/portaltela.pt\/noticias\/2026\/02\/25\/relatorio-da-amt-sobre-o-elevador-da-gloria-revela-que-nunca-existiu\/#article\",\"isPartOf\":{\"@id\":\"https:\/\/portaltela.pt\/noticias\/2026\/02\/25\/relatorio-da-amt-sobre-o-elevador-da-gloria-revela-que-nunca-existiu\/\"},\"author\":{\"name\":\"Telinha\",\"@id\":\"https:\/\/portaltela.pt\/#\/schema\/person\/c4278d4a6028830caff9ee44b42d32ed\"},\"headline\":\"Relat\u00f3rio da AMT sobre o elevador da Gl\u00f3ria revela que nunca existiu\",\"datePublished\":\"2026-02-25T12:54:00+00:00\",\"mainEntityOfPage\":{\"@id\":\"https:\/\/portaltela.pt\/noticias\/2026\/02\/25\/relatorio-da-amt-sobre-o-elevador-da-gloria-revela-que-nunca-existiu\/\"},\"wordCount\":350,\"image\":{\"@id\":\"https:\/\/portaltela.pt\/noticias\/2026\/02\/25\/relatorio-da-amt-sobre-o-elevador-da-gloria-revela-que-nunca-existiu\/#primaryimage\"},\"thumbnailUrl\":\"https:\/\/portaltela.pt\/s.01k8rhncp4jt1\/2026\/02\/2165936.jpg\",\"keywords\":[\"acidente\",\"Carris\",\"investiga\u00e7\u00e3o\",\"Minist\u00e9rio P\u00fablico\",\"seguran\u00e7a p\u00fablica\",\"transporte\"],\"articleSection\":[\"Not\u00edcias\"],\"inLanguage\":\"pt-PT\"},{\"@type\":\"WebPage\",\"@id\":\"https:\/\/portaltela.pt\/noticias\/2026\/02\/25\/relatorio-da-amt-sobre-o-elevador-da-gloria-revela-que-nunca-existiu\/\",\"url\":\"https:\/\/portaltela.pt\/noticias\/2026\/02\/25\/relatorio-da-amt-sobre-o-elevador-da-gloria-revela-que-nunca-existiu\/\",\"name\":\"Relat\u00f3rio da AMT sobre o elevador da Gl\u00f3ria revela que nunca existiu - Portal Tela Portugal\",\"isPartOf\":{\"@id\":\"https:\/\/portaltela.pt\/#website\"},\"primaryImageOfPage\":{\"@id\":\"https:\/\/portaltela.pt\/noticias\/2026\/02\/25\/relatorio-da-amt-sobre-o-elevador-da-gloria-revela-que-nunca-existiu\/#primaryimage\"},\"image\":{\"@id\":\"https:\/\/portaltela.pt\/noticias\/2026\/02\/25\/relatorio-da-amt-sobre-o-elevador-da-gloria-revela-que-nunca-existiu\/#primaryimage\"},\"thumbnailUrl\":\"https:\/\/portaltela.pt\/s.01k8rhncp4jt1\/2026\/02\/2165936.jpg\",\"datePublished\":\"2026-02-25T12:54:00+00:00\",\"author\":{\"@id\":\"https:\/\/portaltela.pt\/#\/schema\/person\/c4278d4a6028830caff9ee44b42d32ed\"},\"breadcrumb\":{\"@id\":\"https:\/\/portaltela.pt\/noticias\/2026\/02\/25\/relatorio-da-amt-sobre-o-elevador-da-gloria-revela-que-nunca-existiu\/#breadcrumb\"},\"inLanguage\":\"pt-PT\",\"potentialAction\":[{\"@type\":\"ReadAction\",\"target\":[\"https:\/\/portaltela.pt\/noticias\/2026\/02\/25\/relatorio-da-amt-sobre-o-elevador-da-gloria-revela-que-nunca-existiu\/\"]}]},{\"@type\":\"ImageObject\",\"inLanguage\":\"pt-PT\",\"@id\":\"https:\/\/portaltela.pt\/noticias\/2026\/02\/25\/relatorio-da-amt-sobre-o-elevador-da-gloria-revela-que-nunca-existiu\/#primaryimage\",\"url\":\"https:\/\/portaltela.pt\/s.01k8rhncp4jt1\/2026\/02\/2165936.jpg\",\"contentUrl\":\"https:\/\/portaltela.pt\/s.01k8rhncp4jt1\/2026\/02\/2165936.jpg\",\"width\":796,\"height\":448,\"caption\":\"Na origem do descarrilamento de uma das carruagens do Elevador da Gl\u00f3ria, que provocou pelo menos 15 mortos e 18 feridos, ter\u00e1 estado a ruptura de um cabo de seguran\u00e7a que faz a liga\u00e7\u00e3o entre as duas cabines\"},{\"@type\":\"BreadcrumbList\",\"@id\":\"https:\/\/portaltela.pt\/noticias\/2026\/02\/25\/relatorio-da-amt-sobre-o-elevador-da-gloria-revela-que-nunca-existiu\/#breadcrumb\",\"itemListElement\":[{\"@type\":\"ListItem\",\"position\":1,\"name\":\"In\u00edcio\",\"item\":\"https:\/\/portaltela.pt\/\"},{\"@type\":\"ListItem\",\"position\":2,\"name\":\"Relat\u00f3rio da AMT sobre o elevador da Gl\u00f3ria revela que nunca existiu\"}]},{\"@type\":\"WebSite\",\"@id\":\"https:\/\/portaltela.pt\/#website\",\"url\":\"https:\/\/portaltela.pt\/\",\"name\":\"Portal Tela Portugal\",\"description\":\"\",\"potentialAction\":[{\"@type\":\"SearchAction\",\"target\":{\"@type\":\"EntryPoint\",\"urlTemplate\":\"https:\/\/portaltela.pt\/?s={search_term_string}\"},\"query-input\":{\"@type\":\"PropertyValueSpecification\",\"valueRequired\":true,\"valueName\":\"search_term_string\"}}],\"inLanguage\":\"pt-PT\"},{\"@type\":\"Person\",\"@id\":\"https:\/\/portaltela.pt\/#\/schema\/person\/c4278d4a6028830caff9ee44b42d32ed\",\"name\":\"Telinha\",\"image\":{\"@type\":\"ImageObject\",\"inLanguage\":\"pt-PT\",\"@id\":\"https:\/\/portaltela.pt\/s.01k8rhncp4jt1\/2025\/11\/talking-bot-125x125.png\",\"url\":\"https:\/\/portaltela.pt\/s.01k8rhncp4jt1\/2025\/11\/talking-bot-125x125.png\",\"contentUrl\":\"https:\/\/portaltela.pt\/s.01k8rhncp4jt1\/2025\/11\/talking-bot-125x125.png\",\"caption\":\"Telinha\"},\"sameAs\":[\"https:\/\/portaltela.pt\/\"],\"url\":\"https:\/\/portaltela.pt\/por\/367410592786\/\"}]}<\/script>\n<!-- \/ Yoast SEO plugin. -->","yoast_head_json":{"title":"Relat\u00f3rio da AMT sobre o elevador da Gl\u00f3ria revela que nunca existiu - Portal Tela Portugal","robots":{"index":"index","follow":"follow","max-snippet":"max-snippet:-1","max-image-preview":"max-image-preview:large","max-video-preview":"max-video-preview:-1"},"og_locale":"pt_PT","og_type":"article","og_title":"Relat\u00f3rio da AMT sobre o elevador da Gl\u00f3ria revela que nunca existiu - Portal Tela Portugal","og_description":"Em 3 de setembro, a Autoridade da Mobilidade e Transportes anunciou uma A\u00e7\u00e3o de Supervis\u00e3o ao acidente do elevador da Gl\u00f3ria, com resultados a divulgar com a maior celeridade poss\u00edvel. Em 6 de outubro, a AMT afirmou que a supervis\u00e3o seria realizada apenas ap\u00f3s a conclus\u00e3o das a\u00e7\u00f5es de investiga\u00e7\u00e3o e inspe\u00e7\u00e3o em curso, por natureza jur\u00eddica. Em 20 de janeiro, o P\u00fablico pediu acesso ao relat\u00f3rio; a AMT reconheceu n\u00e3o existir relat\u00f3rio e explicou que aguardava o fim das investiga\u00e7\u00f5es para n\u00e3o perturbar o processo. A empresa explicou que, seguindo as conclus\u00f5es do Gabinete de Preven\u00e7\u00e3o e Investiga\u00e7\u00e3o de Acidentes com Aeronaves e de Acidentes Ferrovi\u00e1rios e de outras entidades, n\u00e3o faria sentido realizar dilig\u00eancias adicionais de fiscaliza\u00e7\u00e3o. Atualmente decorrem investiga\u00e7\u00f5es do GPIAAF, do Minist\u00e9rio P\u00fablico e da Carris; h\u00e1 um relat\u00f3rio preliminar divulgado em outubro e o resultado dever\u00e1 ser tornado p\u00fablico no final do ano.","og_url":"https:\/\/portaltela.pt\/noticias\/2026\/02\/25\/relatorio-da-amt-sobre-o-elevador-da-gloria-revela-que-nunca-existiu\/","og_site_name":"Portal Tela Portugal","article_published_time":"2026-02-25T12:54:00+00:00","author":"Telinha","twitter_card":"summary_large_image","twitter_misc":{"Escrito por":"Telinha","Tempo estimado de leitura":"2 minutos"},"schema":{"@context":"https:\/\/schema.org","@graph":[{"@type":"Article","@id":"https:\/\/portaltela.pt\/noticias\/2026\/02\/25\/relatorio-da-amt-sobre-o-elevador-da-gloria-revela-que-nunca-existiu\/#article","isPartOf":{"@id":"https:\/\/portaltela.pt\/noticias\/2026\/02\/25\/relatorio-da-amt-sobre-o-elevador-da-gloria-revela-que-nunca-existiu\/"},"author":{"name":"Telinha","@id":"https:\/\/portaltela.pt\/#\/schema\/person\/c4278d4a6028830caff9ee44b42d32ed"},"headline":"Relat\u00f3rio da AMT sobre o elevador da Gl\u00f3ria revela que nunca existiu","datePublished":"2026-02-25T12:54:00+00:00","mainEntityOfPage":{"@id":"https:\/\/portaltela.pt\/noticias\/2026\/02\/25\/relatorio-da-amt-sobre-o-elevador-da-gloria-revela-que-nunca-existiu\/"},"wordCount":350,"image":{"@id":"https:\/\/portaltela.pt\/noticias\/2026\/02\/25\/relatorio-da-amt-sobre-o-elevador-da-gloria-revela-que-nunca-existiu\/#primaryimage"},"thumbnailUrl":"https:\/\/portaltela.pt\/s.01k8rhncp4jt1\/2026\/02\/2165936.jpg","keywords":["acidente","Carris","investiga\u00e7\u00e3o","Minist\u00e9rio P\u00fablico","seguran\u00e7a p\u00fablica","transporte"],"articleSection":["Not\u00edcias"],"inLanguage":"pt-PT"},{"@type":"WebPage","@id":"https:\/\/portaltela.pt\/noticias\/2026\/02\/25\/relatorio-da-amt-sobre-o-elevador-da-gloria-revela-que-nunca-existiu\/","url":"https:\/\/portaltela.pt\/noticias\/2026\/02\/25\/relatorio-da-amt-sobre-o-elevador-da-gloria-revela-que-nunca-existiu\/","name":"Relat\u00f3rio da AMT sobre o elevador da Gl\u00f3ria revela que nunca existiu - Portal Tela Portugal","isPartOf":{"@id":"https:\/\/portaltela.pt\/#website"},"primaryImageOfPage":{"@id":"https:\/\/portaltela.pt\/noticias\/2026\/02\/25\/relatorio-da-amt-sobre-o-elevador-da-gloria-revela-que-nunca-existiu\/#primaryimage"},"image":{"@id":"https:\/\/portaltela.pt\/noticias\/2026\/02\/25\/relatorio-da-amt-sobre-o-elevador-da-gloria-revela-que-nunca-existiu\/#primaryimage"},"thumbnailUrl":"https:\/\/portaltela.pt\/s.01k8rhncp4jt1\/2026\/02\/2165936.jpg","datePublished":"2026-02-25T12:54:00+00:00","author":{"@id":"https:\/\/portaltela.pt\/#\/schema\/person\/c4278d4a6028830caff9ee44b42d32ed"},"breadcrumb":{"@id":"https:\/\/portaltela.pt\/noticias\/2026\/02\/25\/relatorio-da-amt-sobre-o-elevador-da-gloria-revela-que-nunca-existiu\/#breadcrumb"},"inLanguage":"pt-PT","potentialAction":[{"@type":"ReadAction","target":["https:\/\/portaltela.pt\/noticias\/2026\/02\/25\/relatorio-da-amt-sobre-o-elevador-da-gloria-revela-que-nunca-existiu\/"]}]},{"@type":"ImageObject","inLanguage":"pt-PT","@id":"https:\/\/portaltela.pt\/noticias\/2026\/02\/25\/relatorio-da-amt-sobre-o-elevador-da-gloria-revela-que-nunca-existiu\/#primaryimage","url":"https:\/\/portaltela.pt\/s.01k8rhncp4jt1\/2026\/02\/2165936.jpg","contentUrl":"https:\/\/portaltela.pt\/s.01k8rhncp4jt1\/2026\/02\/2165936.jpg","width":796,"height":448,"caption":"Na origem do descarrilamento de uma das carruagens do Elevador da Gl\u00f3ria, que provocou pelo menos 15 mortos e 18 feridos, ter\u00e1 estado a ruptura de um cabo de seguran\u00e7a que faz a liga\u00e7\u00e3o entre as duas cabines"},{"@type":"BreadcrumbList","@id":"https:\/\/portaltela.pt\/noticias\/2026\/02\/25\/relatorio-da-amt-sobre-o-elevador-da-gloria-revela-que-nunca-existiu\/#breadcrumb","itemListElement":[{"@type":"ListItem","position":1,"name":"In\u00edcio","item":"https:\/\/portaltela.pt\/"},{"@type":"ListItem","position":2,"name":"Relat\u00f3rio da AMT sobre o elevador da Gl\u00f3ria revela que nunca existiu"}]},{"@type":"WebSite","@id":"https:\/\/portaltela.pt\/#website","url":"https:\/\/portaltela.pt\/","name":"Portal Tela Portugal","description":"","potentialAction":[{"@type":"SearchAction","target":{"@type":"EntryPoint","urlTemplate":"https:\/\/portaltela.pt\/?s={search_term_string}"},"query-input":{"@type":"PropertyValueSpecification","valueRequired":true,"valueName":"search_term_string"}}],"inLanguage":"pt-PT"},{"@type":"Person","@id":"https:\/\/portaltela.pt\/#\/schema\/person\/c4278d4a6028830caff9ee44b42d32ed","name":"Telinha","image":{"@type":"ImageObject","inLanguage":"pt-PT","@id":"https:\/\/portaltela.pt\/s.01k8rhncp4jt1\/2025\/11\/talking-bot-125x125.png","url":"https:\/\/portaltela.pt\/s.01k8rhncp4jt1\/2025\/11\/talking-bot-125x125.png","contentUrl":"https:\/\/portaltela.pt\/s.01k8rhncp4jt1\/2025\/11\/talking-bot-125x125.png","caption":"Telinha"},"sameAs":["https:\/\/portaltela.pt\/"],"url":"https:\/\/portaltela.pt\/por\/367410592786\/"}]}},"_links":{"self":[{"href":"https:\/\/portaltela.pt\/api\/wp\/v2\/posts\/225633","targetHints":{"allow":["GET"]}}],"collection":[{"href":"https:\/\/portaltela.pt\/api\/wp\/v2\/posts"}],"about":[{"href":"https:\/\/portaltela.pt\/api\/wp\/v2\/types\/post"}],"author":[{"embeddable":true,"href":"https:\/\/portaltela.pt\/api\/wp\/v2\/users\/2"}],"replies":[{"embeddable":true,"href":"https:\/\/portaltela.pt\/api\/wp\/v2\/comments?post=225633"}],"version-history":[{"count":0,"href":"https:\/\/portaltela.pt\/api\/wp\/v2\/posts\/225633\/revisions"}],"wp:featuredmedia":[{"embeddable":true,"href":"https:\/\/portaltela.pt\/api\/wp\/v2\/media\/225640"}],"wp:attachment":[{"href":"https:\/\/portaltela.pt\/api\/wp\/v2\/media?parent=225633"}],"wp:term":[{"taxonomy":"category","embeddable":true,"href":"https:\/\/portaltela.pt\/api\/wp\/v2\/categories?post=225633"},{"taxonomy":"post_tag","embeddable":true,"href":"https:\/\/portaltela.pt\/api\/wp\/v2\/tags?post=225633"}],"curies":[{"name":"wp","href":"https:\/\/api.w.org\/{rel}","templated":true}]}}