{"id":225629,"date":"2026-02-25T09:50:00","date_gmt":"2026-02-25T12:50:00","guid":{"rendered":"https:\/\/portaltela.pt\/noticias\/2026\/02\/25\/relacao-confirma-que-ricardo-salgado-tem-de-ir-a-julgamento-apesar-de-alzheimer\/"},"modified":"2026-02-25T09:50:00","modified_gmt":"2026-02-25T12:50:00","slug":"relacao-confirma-que-ricardo-salgado-tem-de-ir-a-julgamento-apesar-de-alzheimer","status":"publish","type":"post","link":"https:\/\/portaltela.pt\/noticias\/2026\/02\/25\/relacao-confirma-que-ricardo-salgado-tem-de-ir-a-julgamento-apesar-de-alzheimer\/","title":{"rendered":"Rela\u00e7\u00e3o confirma que Ricardo Salgado tem de ir a julgamento, apesar de Alzheimer"},"content":{"rendered":"<p>O Tribunal da Rela\u00e7\u00e3o de Lisboa decidiu que Ricardo Salgado, ex-banqueiro, ter\u00e1 de ser julgado no \u00e2mbito da opera\u00e7\u00e3o Marqu\u00eas. A defesa pediu suspens\u00e3o ou extin\u00e7\u00e3o do processo por causa da doen\u00e7a de Alzheimer do pr\u00f3prio.<\/p>\n<p>A institui\u00e7\u00e3o manteve o julgamento, mas afirmou que ter\u00e1 em conta o estado de sa\u00fade de Salgado durante o processo e eventual penaliza\u00e7\u00e3o. A decis\u00e3o n\u00e3o afastaria a realiza\u00e7\u00e3o do julgamento.<\/p>\n<p>Caso venha a ser condenado, existe a possibilidade de a pena ser cumprida em pris\u00e3o domicili\u00e1ria, de acordo com a avalia\u00e7\u00e3o do tribunal.<\/p>\n<p>Os ju\u00edzes destacaram ainda que n\u00e3o est\u00e1 prevista a interrup\u00e7\u00e3o do procedimento criminal por uma anomalia ps\u00edquica surgida depois dos factos.<\/p>\n<p>Em atualiza\u00e7\u00e3o, o processo continua nos seus termos no \u00e2mbito da opera\u00e7\u00e3o Marqu\u00eas, com o foco no cruzamento entre os fatos e a responsabilidade individual de Salgado.<\/p>\n","protected":false},"excerpt":{"rendered":"<ul>\n<li>O Tribunal da Rela\u00e7\u00e3o de Lisboa confirmou que Ricardo Salgado ter\u00e1 de ser julgado no \u00e2mbito da opera\u00e7\u00e3o Marqu\u00eas, apesar da doen\u00e7a de Alzheimer.<\/li>\n<li>A defesa tinha pedido a suspens\u00e3o ou extin\u00e7\u00e3o do processo por causa da condi\u00e7\u00e3o de Salgado.<\/li>\n<li>O tribunal decidiu que o julgamento ter\u00e1 de decorrer, mas vai ter em conta o estado de sa\u00fade do arguido; em caso de condena\u00e7\u00e3o, pode cumprir a pena em pris\u00e3o domicili\u00e1ria.<\/li>\n<li>Os ju\u00edzes n\u00e3o preveem a interrup\u00e7\u00e3o do procedimento por anomalia ps\u00edquica surgida ap\u00f3s os factos.<\/li>\n<\/ul>\n","protected":false},"author":2,"featured_media":225634,"comment_status":"closed","ping_status":"closed","sticky":false,"template":"","format":"standard","meta":{"footnotes":""},"categories":[1],"tags":[4197,3442,147,215,803,3667],"class_list":["post-225629","post","type-post","status-publish","format-standard","has-post-thumbnail","hentry","category-noticias","tag-acusacao-crime","tag-alzheimer-portugal","tag-crime","tag-investigacao","tag-justica","tag-processos"],"yoast_head":"<!-- This site is optimized with the Yoast SEO plugin v27.2 - https:\/\/yoast.com\/product\/yoast-seo-wordpress\/ -->\n<title>Rela\u00e7\u00e3o confirma que Ricardo Salgado tem de ir a julgamento, apesar de Alzheimer - Portal Tela Portugal<\/title>\n<meta name=\"robots\" content=\"index, follow, max-snippet:-1, max-image-preview:large, max-video-preview:-1\" \/>\n<meta property=\"og:locale\" content=\"pt_PT\" \/>\n<meta property=\"og:type\" content=\"article\" \/>\n<meta property=\"og:title\" content=\"Rela\u00e7\u00e3o confirma que Ricardo Salgado tem de ir a julgamento, apesar de Alzheimer - Portal Tela Portugal\" \/>\n<meta property=\"og:description\" content=\"O Tribunal da Rela\u00e7\u00e3o de Lisboa confirmou que Ricardo Salgado ter\u00e1 de ser julgado no \u00e2mbito da opera\u00e7\u00e3o Marqu\u00eas, apesar da doen\u00e7a de Alzheimer. A defesa tinha pedido a suspens\u00e3o ou extin\u00e7\u00e3o do processo por causa da condi\u00e7\u00e3o de Salgado. O tribunal decidiu que o julgamento ter\u00e1 de decorrer, mas vai ter em conta o estado de sa\u00fade do arguido; em caso de condena\u00e7\u00e3o, pode cumprir a pena em pris\u00e3o domicili\u00e1ria. Os ju\u00edzes n\u00e3o preveem a interrup\u00e7\u00e3o do procedimento por anomalia ps\u00edquica surgida ap\u00f3s os factos.\" \/>\n<meta property=\"og:url\" content=\"https:\/\/portaltela.pt\/noticias\/2026\/02\/25\/relacao-confirma-que-ricardo-salgado-tem-de-ir-a-julgamento-apesar-de-alzheimer\/\" \/>\n<meta property=\"og:site_name\" content=\"Portal Tela Portugal\" \/>\n<meta property=\"article:published_time\" content=\"2026-02-25T12:50:00+00:00\" \/>\n<meta name=\"author\" content=\"Telinha\" \/>\n<meta name=\"twitter:card\" content=\"summary_large_image\" \/>\n<meta name=\"twitter:label1\" content=\"Escrito por\" \/>\n\t<meta name=\"twitter:data1\" content=\"Telinha\" \/>\n\t<meta name=\"twitter:label2\" content=\"Tempo estimado de leitura\" \/>\n\t<meta name=\"twitter:data2\" content=\"1 minuto\" \/>\n<script type=\"application\/ld+json\" class=\"yoast-schema-graph\">{\"@context\":\"https:\/\/schema.org\",\"@graph\":[{\"@type\":\"Article\",\"@id\":\"https:\/\/portaltela.pt\/noticias\/2026\/02\/25\/relacao-confirma-que-ricardo-salgado-tem-de-ir-a-julgamento-apesar-de-alzheimer\/#article\",\"isPartOf\":{\"@id\":\"https:\/\/portaltela.pt\/noticias\/2026\/02\/25\/relacao-confirma-que-ricardo-salgado-tem-de-ir-a-julgamento-apesar-de-alzheimer\/\"},\"author\":{\"name\":\"Telinha\",\"@id\":\"https:\/\/portaltela.pt\/#\/schema\/person\/c4278d4a6028830caff9ee44b42d32ed\"},\"headline\":\"Rela\u00e7\u00e3o confirma que Ricardo Salgado tem de ir a julgamento, apesar de Alzheimer\",\"datePublished\":\"2026-02-25T12:50:00+00:00\",\"mainEntityOfPage\":{\"@id\":\"https:\/\/portaltela.pt\/noticias\/2026\/02\/25\/relacao-confirma-que-ricardo-salgado-tem-de-ir-a-julgamento-apesar-de-alzheimer\/\"},\"wordCount\":175,\"image\":{\"@id\":\"https:\/\/portaltela.pt\/noticias\/2026\/02\/25\/relacao-confirma-que-ricardo-salgado-tem-de-ir-a-julgamento-apesar-de-alzheimer\/#primaryimage\"},\"thumbnailUrl\":\"https:\/\/portaltela.pt\/s.01k8rhncp4jt1\/2026\/02\/img_1500x1000uu2026-02-08-01-31-17-2198697-1.jpg\",\"keywords\":[\"acusa\u00e7\u00e3o-crime\",\"Alzheimer Portugal\",\"crime\",\"investiga\u00e7\u00e3o\",\"justi\u00e7a\",\"processos\"],\"articleSection\":[\"Not\u00edcias\"],\"inLanguage\":\"pt-PT\"},{\"@type\":\"WebPage\",\"@id\":\"https:\/\/portaltela.pt\/noticias\/2026\/02\/25\/relacao-confirma-que-ricardo-salgado-tem-de-ir-a-julgamento-apesar-de-alzheimer\/\",\"url\":\"https:\/\/portaltela.pt\/noticias\/2026\/02\/25\/relacao-confirma-que-ricardo-salgado-tem-de-ir-a-julgamento-apesar-de-alzheimer\/\",\"name\":\"Rela\u00e7\u00e3o confirma que Ricardo Salgado tem de ir a julgamento, apesar de Alzheimer - Portal Tela Portugal\",\"isPartOf\":{\"@id\":\"https:\/\/portaltela.pt\/#website\"},\"primaryImageOfPage\":{\"@id\":\"https:\/\/portaltela.pt\/noticias\/2026\/02\/25\/relacao-confirma-que-ricardo-salgado-tem-de-ir-a-julgamento-apesar-de-alzheimer\/#primaryimage\"},\"image\":{\"@id\":\"https:\/\/portaltela.pt\/noticias\/2026\/02\/25\/relacao-confirma-que-ricardo-salgado-tem-de-ir-a-julgamento-apesar-de-alzheimer\/#primaryimage\"},\"thumbnailUrl\":\"https:\/\/portaltela.pt\/s.01k8rhncp4jt1\/2026\/02\/img_1500x1000uu2026-02-08-01-31-17-2198697-1.jpg\",\"datePublished\":\"2026-02-25T12:50:00+00:00\",\"author\":{\"@id\":\"https:\/\/portaltela.pt\/#\/schema\/person\/c4278d4a6028830caff9ee44b42d32ed\"},\"breadcrumb\":{\"@id\":\"https:\/\/portaltela.pt\/noticias\/2026\/02\/25\/relacao-confirma-que-ricardo-salgado-tem-de-ir-a-julgamento-apesar-de-alzheimer\/#breadcrumb\"},\"inLanguage\":\"pt-PT\",\"potentialAction\":[{\"@type\":\"ReadAction\",\"target\":[\"https:\/\/portaltela.pt\/noticias\/2026\/02\/25\/relacao-confirma-que-ricardo-salgado-tem-de-ir-a-julgamento-apesar-de-alzheimer\/\"]}]},{\"@type\":\"ImageObject\",\"inLanguage\":\"pt-PT\",\"@id\":\"https:\/\/portaltela.pt\/noticias\/2026\/02\/25\/relacao-confirma-que-ricardo-salgado-tem-de-ir-a-julgamento-apesar-de-alzheimer\/#primaryimage\",\"url\":\"https:\/\/portaltela.pt\/s.01k8rhncp4jt1\/2026\/02\/img_1500x1000uu2026-02-08-01-31-17-2198697-1.jpg\",\"contentUrl\":\"https:\/\/portaltela.pt\/s.01k8rhncp4jt1\/2026\/02\/img_1500x1000uu2026-02-08-01-31-17-2198697-1.jpg\",\"width\":796,\"height\":448,\"caption\":\"Ricardo Salgado\"},{\"@type\":\"BreadcrumbList\",\"@id\":\"https:\/\/portaltela.pt\/noticias\/2026\/02\/25\/relacao-confirma-que-ricardo-salgado-tem-de-ir-a-julgamento-apesar-de-alzheimer\/#breadcrumb\",\"itemListElement\":[{\"@type\":\"ListItem\",\"position\":1,\"name\":\"In\u00edcio\",\"item\":\"https:\/\/portaltela.pt\/\"},{\"@type\":\"ListItem\",\"position\":2,\"name\":\"Rela\u00e7\u00e3o confirma que Ricardo Salgado tem de ir a julgamento, apesar de Alzheimer\"}]},{\"@type\":\"WebSite\",\"@id\":\"https:\/\/portaltela.pt\/#website\",\"url\":\"https:\/\/portaltela.pt\/\",\"name\":\"Portal Tela Portugal\",\"description\":\"\",\"potentialAction\":[{\"@type\":\"SearchAction\",\"target\":{\"@type\":\"EntryPoint\",\"urlTemplate\":\"https:\/\/portaltela.pt\/?s={search_term_string}\"},\"query-input\":{\"@type\":\"PropertyValueSpecification\",\"valueRequired\":true,\"valueName\":\"search_term_string\"}}],\"inLanguage\":\"pt-PT\"},{\"@type\":\"Person\",\"@id\":\"https:\/\/portaltela.pt\/#\/schema\/person\/c4278d4a6028830caff9ee44b42d32ed\",\"name\":\"Telinha\",\"image\":{\"@type\":\"ImageObject\",\"inLanguage\":\"pt-PT\",\"@id\":\"https:\/\/portaltela.pt\/s.01k8rhncp4jt1\/2025\/11\/talking-bot-125x125.png\",\"url\":\"https:\/\/portaltela.pt\/s.01k8rhncp4jt1\/2025\/11\/talking-bot-125x125.png\",\"contentUrl\":\"https:\/\/portaltela.pt\/s.01k8rhncp4jt1\/2025\/11\/talking-bot-125x125.png\",\"caption\":\"Telinha\"},\"sameAs\":[\"https:\/\/portaltela.pt\/\"],\"url\":\"https:\/\/portaltela.pt\/por\/367410592786\/\"}]}<\/script>\n<!-- \/ Yoast SEO plugin. -->","yoast_head_json":{"title":"Rela\u00e7\u00e3o confirma que Ricardo Salgado tem de ir a julgamento, apesar de Alzheimer - Portal Tela Portugal","robots":{"index":"index","follow":"follow","max-snippet":"max-snippet:-1","max-image-preview":"max-image-preview:large","max-video-preview":"max-video-preview:-1"},"og_locale":"pt_PT","og_type":"article","og_title":"Rela\u00e7\u00e3o confirma que Ricardo Salgado tem de ir a julgamento, apesar de Alzheimer - Portal Tela Portugal","og_description":"O Tribunal da Rela\u00e7\u00e3o de Lisboa confirmou que Ricardo Salgado ter\u00e1 de ser julgado no \u00e2mbito da opera\u00e7\u00e3o Marqu\u00eas, apesar da doen\u00e7a de Alzheimer. A defesa tinha pedido a suspens\u00e3o ou extin\u00e7\u00e3o do processo por causa da condi\u00e7\u00e3o de Salgado. O tribunal decidiu que o julgamento ter\u00e1 de decorrer, mas vai ter em conta o estado de sa\u00fade do arguido; em caso de condena\u00e7\u00e3o, pode cumprir a pena em pris\u00e3o domicili\u00e1ria. Os ju\u00edzes n\u00e3o preveem a interrup\u00e7\u00e3o do procedimento por anomalia ps\u00edquica surgida ap\u00f3s os factos.","og_url":"https:\/\/portaltela.pt\/noticias\/2026\/02\/25\/relacao-confirma-que-ricardo-salgado-tem-de-ir-a-julgamento-apesar-de-alzheimer\/","og_site_name":"Portal Tela Portugal","article_published_time":"2026-02-25T12:50:00+00:00","author":"Telinha","twitter_card":"summary_large_image","twitter_misc":{"Escrito por":"Telinha","Tempo estimado de leitura":"1 minuto"},"schema":{"@context":"https:\/\/schema.org","@graph":[{"@type":"Article","@id":"https:\/\/portaltela.pt\/noticias\/2026\/02\/25\/relacao-confirma-que-ricardo-salgado-tem-de-ir-a-julgamento-apesar-de-alzheimer\/#article","isPartOf":{"@id":"https:\/\/portaltela.pt\/noticias\/2026\/02\/25\/relacao-confirma-que-ricardo-salgado-tem-de-ir-a-julgamento-apesar-de-alzheimer\/"},"author":{"name":"Telinha","@id":"https:\/\/portaltela.pt\/#\/schema\/person\/c4278d4a6028830caff9ee44b42d32ed"},"headline":"Rela\u00e7\u00e3o confirma que Ricardo Salgado tem de ir a julgamento, apesar de Alzheimer","datePublished":"2026-02-25T12:50:00+00:00","mainEntityOfPage":{"@id":"https:\/\/portaltela.pt\/noticias\/2026\/02\/25\/relacao-confirma-que-ricardo-salgado-tem-de-ir-a-julgamento-apesar-de-alzheimer\/"},"wordCount":175,"image":{"@id":"https:\/\/portaltela.pt\/noticias\/2026\/02\/25\/relacao-confirma-que-ricardo-salgado-tem-de-ir-a-julgamento-apesar-de-alzheimer\/#primaryimage"},"thumbnailUrl":"https:\/\/portaltela.pt\/s.01k8rhncp4jt1\/2026\/02\/img_1500x1000uu2026-02-08-01-31-17-2198697-1.jpg","keywords":["acusa\u00e7\u00e3o-crime","Alzheimer Portugal","crime","investiga\u00e7\u00e3o","justi\u00e7a","processos"],"articleSection":["Not\u00edcias"],"inLanguage":"pt-PT"},{"@type":"WebPage","@id":"https:\/\/portaltela.pt\/noticias\/2026\/02\/25\/relacao-confirma-que-ricardo-salgado-tem-de-ir-a-julgamento-apesar-de-alzheimer\/","url":"https:\/\/portaltela.pt\/noticias\/2026\/02\/25\/relacao-confirma-que-ricardo-salgado-tem-de-ir-a-julgamento-apesar-de-alzheimer\/","name":"Rela\u00e7\u00e3o confirma que Ricardo Salgado tem de ir a julgamento, apesar de Alzheimer - Portal Tela Portugal","isPartOf":{"@id":"https:\/\/portaltela.pt\/#website"},"primaryImageOfPage":{"@id":"https:\/\/portaltela.pt\/noticias\/2026\/02\/25\/relacao-confirma-que-ricardo-salgado-tem-de-ir-a-julgamento-apesar-de-alzheimer\/#primaryimage"},"image":{"@id":"https:\/\/portaltela.pt\/noticias\/2026\/02\/25\/relacao-confirma-que-ricardo-salgado-tem-de-ir-a-julgamento-apesar-de-alzheimer\/#primaryimage"},"thumbnailUrl":"https:\/\/portaltela.pt\/s.01k8rhncp4jt1\/2026\/02\/img_1500x1000uu2026-02-08-01-31-17-2198697-1.jpg","datePublished":"2026-02-25T12:50:00+00:00","author":{"@id":"https:\/\/portaltela.pt\/#\/schema\/person\/c4278d4a6028830caff9ee44b42d32ed"},"breadcrumb":{"@id":"https:\/\/portaltela.pt\/noticias\/2026\/02\/25\/relacao-confirma-que-ricardo-salgado-tem-de-ir-a-julgamento-apesar-de-alzheimer\/#breadcrumb"},"inLanguage":"pt-PT","potentialAction":[{"@type":"ReadAction","target":["https:\/\/portaltela.pt\/noticias\/2026\/02\/25\/relacao-confirma-que-ricardo-salgado-tem-de-ir-a-julgamento-apesar-de-alzheimer\/"]}]},{"@type":"ImageObject","inLanguage":"pt-PT","@id":"https:\/\/portaltela.pt\/noticias\/2026\/02\/25\/relacao-confirma-que-ricardo-salgado-tem-de-ir-a-julgamento-apesar-de-alzheimer\/#primaryimage","url":"https:\/\/portaltela.pt\/s.01k8rhncp4jt1\/2026\/02\/img_1500x1000uu2026-02-08-01-31-17-2198697-1.jpg","contentUrl":"https:\/\/portaltela.pt\/s.01k8rhncp4jt1\/2026\/02\/img_1500x1000uu2026-02-08-01-31-17-2198697-1.jpg","width":796,"height":448,"caption":"Ricardo Salgado"},{"@type":"BreadcrumbList","@id":"https:\/\/portaltela.pt\/noticias\/2026\/02\/25\/relacao-confirma-que-ricardo-salgado-tem-de-ir-a-julgamento-apesar-de-alzheimer\/#breadcrumb","itemListElement":[{"@type":"ListItem","position":1,"name":"In\u00edcio","item":"https:\/\/portaltela.pt\/"},{"@type":"ListItem","position":2,"name":"Rela\u00e7\u00e3o confirma que Ricardo Salgado tem de ir a julgamento, apesar de Alzheimer"}]},{"@type":"WebSite","@id":"https:\/\/portaltela.pt\/#website","url":"https:\/\/portaltela.pt\/","name":"Portal Tela Portugal","description":"","potentialAction":[{"@type":"SearchAction","target":{"@type":"EntryPoint","urlTemplate":"https:\/\/portaltela.pt\/?s={search_term_string}"},"query-input":{"@type":"PropertyValueSpecification","valueRequired":true,"valueName":"search_term_string"}}],"inLanguage":"pt-PT"},{"@type":"Person","@id":"https:\/\/portaltela.pt\/#\/schema\/person\/c4278d4a6028830caff9ee44b42d32ed","name":"Telinha","image":{"@type":"ImageObject","inLanguage":"pt-PT","@id":"https:\/\/portaltela.pt\/s.01k8rhncp4jt1\/2025\/11\/talking-bot-125x125.png","url":"https:\/\/portaltela.pt\/s.01k8rhncp4jt1\/2025\/11\/talking-bot-125x125.png","contentUrl":"https:\/\/portaltela.pt\/s.01k8rhncp4jt1\/2025\/11\/talking-bot-125x125.png","caption":"Telinha"},"sameAs":["https:\/\/portaltela.pt\/"],"url":"https:\/\/portaltela.pt\/por\/367410592786\/"}]}},"_links":{"self":[{"href":"https:\/\/portaltela.pt\/api\/wp\/v2\/posts\/225629","targetHints":{"allow":["GET"]}}],"collection":[{"href":"https:\/\/portaltela.pt\/api\/wp\/v2\/posts"}],"about":[{"href":"https:\/\/portaltela.pt\/api\/wp\/v2\/types\/post"}],"author":[{"embeddable":true,"href":"https:\/\/portaltela.pt\/api\/wp\/v2\/users\/2"}],"replies":[{"embeddable":true,"href":"https:\/\/portaltela.pt\/api\/wp\/v2\/comments?post=225629"}],"version-history":[{"count":0,"href":"https:\/\/portaltela.pt\/api\/wp\/v2\/posts\/225629\/revisions"}],"wp:featuredmedia":[{"embeddable":true,"href":"https:\/\/portaltela.pt\/api\/wp\/v2\/media\/225634"}],"wp:attachment":[{"href":"https:\/\/portaltela.pt\/api\/wp\/v2\/media?parent=225629"}],"wp:term":[{"taxonomy":"category","embeddable":true,"href":"https:\/\/portaltela.pt\/api\/wp\/v2\/categories?post=225629"},{"taxonomy":"post_tag","embeddable":true,"href":"https:\/\/portaltela.pt\/api\/wp\/v2\/tags?post=225629"}],"curies":[{"name":"wp","href":"https:\/\/api.w.org\/{rel}","templated":true}]}}