{"id":225621,"date":"2026-02-25T09:44:00","date_gmt":"2026-02-25T12:44:00","guid":{"rendered":"https:\/\/portaltela.pt\/noticias\/2026\/02\/25\/propostas-para-o-ptrr-neutralidade-carbonica-ou-nova-secretaria-de-estado\/"},"modified":"2026-02-25T09:44:00","modified_gmt":"2026-02-25T12:44:00","slug":"propostas-para-o-ptrr-neutralidade-carbonica-ou-nova-secretaria-de-estado","status":"publish","type":"post","link":"https:\/\/portaltela.pt\/noticias\/2026\/02\/25\/propostas-para-o-ptrr-neutralidade-carbonica-ou-nova-secretaria-de-estado\/","title":{"rendered":"Propostas para o PTRR: neutralidade carb\u00f3nica ou nova secretaria de Estado"},"content":{"rendered":"<p>Na resid\u00eancia oficial do primeiro-ministro, o Governo apresentou as linhas gerais do programa Portugal Transforma\u00e7\u00e3o, Recupera\u00e7\u00e3o e Resili\u00eancia (PTRR) aos partidos com assento parlamentar. O objetivo \u00e9 abrir o debate sobre prioridades e metas do programa.<\/p>\n<p>Durante as reuni\u00f5es da manh\u00e3, Bloco de Esquerda, PAN e JPP apresentaram propostas espec\u00edficas para o PTRR, visando avan\u00e7os na luta contra as altera\u00e7\u00f5es clim\u00e1ticas e na gest\u00e3o de riscos. As propostas foram apresentadas ao Governo, que ouviu os apoios e cr\u00edticas.<\/p>\n<p>Entre as sugest\u00f5es destacadas est\u00e3o a meta de neutralidade carb\u00f3nica at\u00e9 2045, a cria\u00e7\u00e3o de uma nova secretaria de Estado para as altera\u00e7\u00f5es clim\u00e1ticas e a implementa\u00e7\u00e3o de um fundo de cat\u00e1strofe para eventos extremos. Os partidos defendem medidas com impacto de longo prazo.<\/p>\n<h3>Propostas em debate<\/h3>\n<ul>\n<li>Neutralidade carb\u00f3nica at\u00e9 2045 \u00e9 apresentada como objetivo central pelos tr\u00eas partidos.<\/li>\n<li>Uma nova secretaria de Estado para as altera\u00e7\u00f5es clim\u00e1ticas \u00e9 defendida para coordenar pol\u00edticas setoriais.<\/li>\n<li>Um fundo de cat\u00e1strofe seria criado para apoiar respostas r\u00e1pidas a eventos clim\u00e1ticos extremos.<\/li>\n<li>As propostas entram no \u00e2mbito de uma discuss\u00e3o mais ampla sobre o PTRR e a implementa\u00e7\u00e3o de medidas novas.<\/li>\n<\/ul>\n<p>As reuni\u00f5es decorrem no momento em que o Governo prepara o documento com as linhas mestras do PTRR, com foco na articula\u00e7\u00e3o entre crescimento econ\u00f3mico, coes\u00e3o social e sustentabilidade ambiental. O desfecho depende de futuras negocia\u00e7\u00f5es entre o executivo e as forma\u00e7\u00f5es parlamentares.<\/p>\n","protected":false},"excerpt":{"rendered":"<ul>\n<li>O Governo apresentou, na resid\u00eancia oficial do primeiro-ministro, as linhas gerais do programa PTRR aos partidos com assento parlamentar.<\/li>\n<li>Bloco de Esquerda, PAN e JPP participaram nas reuni\u00f5es da manh\u00e3 desta quarta-feira para discutir propostas.<\/li>\n<li>Entre as medidas propostas est\u00e3o a neutralidade carb\u00f3nica at\u00e9 2045.<\/li>\n<li>Outra possibilidade discutida \u00e9 a cria\u00e7\u00e3o de uma nova secretaria de Estado para as altera\u00e7\u00f5es clim\u00e1ticas.<\/li>\n<li>Tamb\u00e9m foi apresentada a ideia de instituir um fundo de cat\u00e1strofe para suportar emerg\u00eancias clim\u00e1ticas.<\/li>\n<\/ul>\n","protected":false},"author":2,"featured_media":225627,"comment_status":"closed","ping_status":"closed","sticky":false,"template":"","format":"standard","meta":{"footnotes":""},"categories":[1],"tags":[2665,1323,755,28,1843,133],"class_list":["post-225621","post","type-post","status-publish","format-standard","has-post-thumbnail","hentry","category-noticias","tag-alteracoes-climaticas","tag-coesao-social","tag-desenvolvimento-sustentavel","tag-economia","tag-neutralidade-carbonica","tag-politicas-publicas"],"yoast_head":"<!-- This site is optimized with the Yoast SEO plugin v27.2 - https:\/\/yoast.com\/product\/yoast-seo-wordpress\/ -->\n<title>Propostas para o PTRR: neutralidade carb\u00f3nica ou nova secretaria de Estado - Portal Tela Portugal<\/title>\n<meta name=\"robots\" content=\"index, follow, max-snippet:-1, max-image-preview:large, max-video-preview:-1\" \/>\n<meta property=\"og:locale\" content=\"pt_PT\" \/>\n<meta property=\"og:type\" content=\"article\" \/>\n<meta property=\"og:title\" content=\"Propostas para o PTRR: neutralidade carb\u00f3nica ou nova secretaria de Estado - Portal Tela Portugal\" \/>\n<meta property=\"og:description\" content=\"O Governo apresentou, na resid\u00eancia oficial do primeiro-ministro, as linhas gerais do programa PTRR aos partidos com assento parlamentar. Bloco de Esquerda, PAN e JPP participaram nas reuni\u00f5es da manh\u00e3 desta quarta-feira para discutir propostas. Entre as medidas propostas est\u00e3o a neutralidade carb\u00f3nica at\u00e9 2045. Outra possibilidade discutida \u00e9 a cria\u00e7\u00e3o de uma nova secretaria de Estado para as altera\u00e7\u00f5es clim\u00e1ticas. Tamb\u00e9m foi apresentada a ideia de instituir um fundo de cat\u00e1strofe para suportar emerg\u00eancias clim\u00e1ticas.\" \/>\n<meta property=\"og:url\" content=\"https:\/\/portaltela.pt\/noticias\/2026\/02\/25\/propostas-para-o-ptrr-neutralidade-carbonica-ou-nova-secretaria-de-estado\/\" \/>\n<meta property=\"og:site_name\" content=\"Portal Tela Portugal\" \/>\n<meta property=\"article:published_time\" content=\"2026-02-25T12:44:00+00:00\" \/>\n<meta name=\"author\" content=\"Telinha\" \/>\n<meta name=\"twitter:card\" content=\"summary_large_image\" \/>\n<meta name=\"twitter:label1\" content=\"Escrito por\" \/>\n\t<meta name=\"twitter:data1\" content=\"Telinha\" \/>\n\t<meta name=\"twitter:label2\" content=\"Tempo estimado de leitura\" \/>\n\t<meta name=\"twitter:data2\" content=\"1 minuto\" \/>\n<script type=\"application\/ld+json\" class=\"yoast-schema-graph\">{\"@context\":\"https:\/\/schema.org\",\"@graph\":[{\"@type\":\"Article\",\"@id\":\"https:\/\/portaltela.pt\/noticias\/2026\/02\/25\/propostas-para-o-ptrr-neutralidade-carbonica-ou-nova-secretaria-de-estado\/#article\",\"isPartOf\":{\"@id\":\"https:\/\/portaltela.pt\/noticias\/2026\/02\/25\/propostas-para-o-ptrr-neutralidade-carbonica-ou-nova-secretaria-de-estado\/\"},\"author\":{\"name\":\"Telinha\",\"@id\":\"https:\/\/portaltela.pt\/#\/schema\/person\/c4278d4a6028830caff9ee44b42d32ed\"},\"headline\":\"Propostas para o PTRR: neutralidade carb\u00f3nica ou nova secretaria de Estado\",\"datePublished\":\"2026-02-25T12:44:00+00:00\",\"mainEntityOfPage\":{\"@id\":\"https:\/\/portaltela.pt\/noticias\/2026\/02\/25\/propostas-para-o-ptrr-neutralidade-carbonica-ou-nova-secretaria-de-estado\/\"},\"wordCount\":270,\"image\":{\"@id\":\"https:\/\/portaltela.pt\/noticias\/2026\/02\/25\/propostas-para-o-ptrr-neutralidade-carbonica-ou-nova-secretaria-de-estado\/#primaryimage\"},\"thumbnailUrl\":\"https:\/\/portaltela.pt\/s.01k8rhncp4jt1\/2026\/02\/2069667.jpg\",\"keywords\":[\"Altera\u00e7\u00f5es Clim\u00e1ticas\",\"Coes\u00e3o social\",\"desenvolvimento sustent\u00e1vel\",\"economia\",\"neutralidade carb\u00f3nica\",\"pol\u00edticas p\u00fablicas\"],\"articleSection\":[\"Not\u00edcias\"],\"inLanguage\":\"pt-PT\"},{\"@type\":\"WebPage\",\"@id\":\"https:\/\/portaltela.pt\/noticias\/2026\/02\/25\/propostas-para-o-ptrr-neutralidade-carbonica-ou-nova-secretaria-de-estado\/\",\"url\":\"https:\/\/portaltela.pt\/noticias\/2026\/02\/25\/propostas-para-o-ptrr-neutralidade-carbonica-ou-nova-secretaria-de-estado\/\",\"name\":\"Propostas para o PTRR: neutralidade carb\u00f3nica ou nova secretaria de Estado - Portal Tela Portugal\",\"isPartOf\":{\"@id\":\"https:\/\/portaltela.pt\/#website\"},\"primaryImageOfPage\":{\"@id\":\"https:\/\/portaltela.pt\/noticias\/2026\/02\/25\/propostas-para-o-ptrr-neutralidade-carbonica-ou-nova-secretaria-de-estado\/#primaryimage\"},\"image\":{\"@id\":\"https:\/\/portaltela.pt\/noticias\/2026\/02\/25\/propostas-para-o-ptrr-neutralidade-carbonica-ou-nova-secretaria-de-estado\/#primaryimage\"},\"thumbnailUrl\":\"https:\/\/portaltela.pt\/s.01k8rhncp4jt1\/2026\/02\/2069667.jpg\",\"datePublished\":\"2026-02-25T12:44:00+00:00\",\"author\":{\"@id\":\"https:\/\/portaltela.pt\/#\/schema\/person\/c4278d4a6028830caff9ee44b42d32ed\"},\"breadcrumb\":{\"@id\":\"https:\/\/portaltela.pt\/noticias\/2026\/02\/25\/propostas-para-o-ptrr-neutralidade-carbonica-ou-nova-secretaria-de-estado\/#breadcrumb\"},\"inLanguage\":\"pt-PT\",\"potentialAction\":[{\"@type\":\"ReadAction\",\"target\":[\"https:\/\/portaltela.pt\/noticias\/2026\/02\/25\/propostas-para-o-ptrr-neutralidade-carbonica-ou-nova-secretaria-de-estado\/\"]}]},{\"@type\":\"ImageObject\",\"inLanguage\":\"pt-PT\",\"@id\":\"https:\/\/portaltela.pt\/noticias\/2026\/02\/25\/propostas-para-o-ptrr-neutralidade-carbonica-ou-nova-secretaria-de-estado\/#primaryimage\",\"url\":\"https:\/\/portaltela.pt\/s.01k8rhncp4jt1\/2026\/02\/2069667.jpg\",\"contentUrl\":\"https:\/\/portaltela.pt\/s.01k8rhncp4jt1\/2026\/02\/2069667.jpg\",\"width\":796,\"height\":448,\"caption\":\"Governo est\u00e1 a apresentar o PTRR aos partidos com assento parlamentar, em reuni\u00f5es que se v\u00e3o prolongar at\u00e9 \u00e0s 18h\"},{\"@type\":\"BreadcrumbList\",\"@id\":\"https:\/\/portaltela.pt\/noticias\/2026\/02\/25\/propostas-para-o-ptrr-neutralidade-carbonica-ou-nova-secretaria-de-estado\/#breadcrumb\",\"itemListElement\":[{\"@type\":\"ListItem\",\"position\":1,\"name\":\"In\u00edcio\",\"item\":\"https:\/\/portaltela.pt\/\"},{\"@type\":\"ListItem\",\"position\":2,\"name\":\"Propostas para o PTRR: neutralidade carb\u00f3nica ou nova secretaria de Estado\"}]},{\"@type\":\"WebSite\",\"@id\":\"https:\/\/portaltela.pt\/#website\",\"url\":\"https:\/\/portaltela.pt\/\",\"name\":\"Portal Tela Portugal\",\"description\":\"\",\"potentialAction\":[{\"@type\":\"SearchAction\",\"target\":{\"@type\":\"EntryPoint\",\"urlTemplate\":\"https:\/\/portaltela.pt\/?s={search_term_string}\"},\"query-input\":{\"@type\":\"PropertyValueSpecification\",\"valueRequired\":true,\"valueName\":\"search_term_string\"}}],\"inLanguage\":\"pt-PT\"},{\"@type\":\"Person\",\"@id\":\"https:\/\/portaltela.pt\/#\/schema\/person\/c4278d4a6028830caff9ee44b42d32ed\",\"name\":\"Telinha\",\"image\":{\"@type\":\"ImageObject\",\"inLanguage\":\"pt-PT\",\"@id\":\"https:\/\/portaltela.pt\/s.01k8rhncp4jt1\/2025\/11\/talking-bot-125x125.png\",\"url\":\"https:\/\/portaltela.pt\/s.01k8rhncp4jt1\/2025\/11\/talking-bot-125x125.png\",\"contentUrl\":\"https:\/\/portaltela.pt\/s.01k8rhncp4jt1\/2025\/11\/talking-bot-125x125.png\",\"caption\":\"Telinha\"},\"sameAs\":[\"https:\/\/portaltela.pt\/\"],\"url\":\"https:\/\/portaltela.pt\/por\/367410592786\/\"}]}<\/script>\n<!-- \/ Yoast SEO plugin. -->","yoast_head_json":{"title":"Propostas para o PTRR: neutralidade carb\u00f3nica ou nova secretaria de Estado - Portal Tela Portugal","robots":{"index":"index","follow":"follow","max-snippet":"max-snippet:-1","max-image-preview":"max-image-preview:large","max-video-preview":"max-video-preview:-1"},"og_locale":"pt_PT","og_type":"article","og_title":"Propostas para o PTRR: neutralidade carb\u00f3nica ou nova secretaria de Estado - Portal Tela Portugal","og_description":"O Governo apresentou, na resid\u00eancia oficial do primeiro-ministro, as linhas gerais do programa PTRR aos partidos com assento parlamentar. Bloco de Esquerda, PAN e JPP participaram nas reuni\u00f5es da manh\u00e3 desta quarta-feira para discutir propostas. Entre as medidas propostas est\u00e3o a neutralidade carb\u00f3nica at\u00e9 2045. Outra possibilidade discutida \u00e9 a cria\u00e7\u00e3o de uma nova secretaria de Estado para as altera\u00e7\u00f5es clim\u00e1ticas. Tamb\u00e9m foi apresentada a ideia de instituir um fundo de cat\u00e1strofe para suportar emerg\u00eancias clim\u00e1ticas.","og_url":"https:\/\/portaltela.pt\/noticias\/2026\/02\/25\/propostas-para-o-ptrr-neutralidade-carbonica-ou-nova-secretaria-de-estado\/","og_site_name":"Portal Tela Portugal","article_published_time":"2026-02-25T12:44:00+00:00","author":"Telinha","twitter_card":"summary_large_image","twitter_misc":{"Escrito por":"Telinha","Tempo estimado de leitura":"1 minuto"},"schema":{"@context":"https:\/\/schema.org","@graph":[{"@type":"Article","@id":"https:\/\/portaltela.pt\/noticias\/2026\/02\/25\/propostas-para-o-ptrr-neutralidade-carbonica-ou-nova-secretaria-de-estado\/#article","isPartOf":{"@id":"https:\/\/portaltela.pt\/noticias\/2026\/02\/25\/propostas-para-o-ptrr-neutralidade-carbonica-ou-nova-secretaria-de-estado\/"},"author":{"name":"Telinha","@id":"https:\/\/portaltela.pt\/#\/schema\/person\/c4278d4a6028830caff9ee44b42d32ed"},"headline":"Propostas para o PTRR: neutralidade carb\u00f3nica ou nova secretaria de Estado","datePublished":"2026-02-25T12:44:00+00:00","mainEntityOfPage":{"@id":"https:\/\/portaltela.pt\/noticias\/2026\/02\/25\/propostas-para-o-ptrr-neutralidade-carbonica-ou-nova-secretaria-de-estado\/"},"wordCount":270,"image":{"@id":"https:\/\/portaltela.pt\/noticias\/2026\/02\/25\/propostas-para-o-ptrr-neutralidade-carbonica-ou-nova-secretaria-de-estado\/#primaryimage"},"thumbnailUrl":"https:\/\/portaltela.pt\/s.01k8rhncp4jt1\/2026\/02\/2069667.jpg","keywords":["Altera\u00e7\u00f5es Clim\u00e1ticas","Coes\u00e3o social","desenvolvimento sustent\u00e1vel","economia","neutralidade carb\u00f3nica","pol\u00edticas p\u00fablicas"],"articleSection":["Not\u00edcias"],"inLanguage":"pt-PT"},{"@type":"WebPage","@id":"https:\/\/portaltela.pt\/noticias\/2026\/02\/25\/propostas-para-o-ptrr-neutralidade-carbonica-ou-nova-secretaria-de-estado\/","url":"https:\/\/portaltela.pt\/noticias\/2026\/02\/25\/propostas-para-o-ptrr-neutralidade-carbonica-ou-nova-secretaria-de-estado\/","name":"Propostas para o PTRR: neutralidade carb\u00f3nica ou nova secretaria de Estado - Portal Tela Portugal","isPartOf":{"@id":"https:\/\/portaltela.pt\/#website"},"primaryImageOfPage":{"@id":"https:\/\/portaltela.pt\/noticias\/2026\/02\/25\/propostas-para-o-ptrr-neutralidade-carbonica-ou-nova-secretaria-de-estado\/#primaryimage"},"image":{"@id":"https:\/\/portaltela.pt\/noticias\/2026\/02\/25\/propostas-para-o-ptrr-neutralidade-carbonica-ou-nova-secretaria-de-estado\/#primaryimage"},"thumbnailUrl":"https:\/\/portaltela.pt\/s.01k8rhncp4jt1\/2026\/02\/2069667.jpg","datePublished":"2026-02-25T12:44:00+00:00","author":{"@id":"https:\/\/portaltela.pt\/#\/schema\/person\/c4278d4a6028830caff9ee44b42d32ed"},"breadcrumb":{"@id":"https:\/\/portaltela.pt\/noticias\/2026\/02\/25\/propostas-para-o-ptrr-neutralidade-carbonica-ou-nova-secretaria-de-estado\/#breadcrumb"},"inLanguage":"pt-PT","potentialAction":[{"@type":"ReadAction","target":["https:\/\/portaltela.pt\/noticias\/2026\/02\/25\/propostas-para-o-ptrr-neutralidade-carbonica-ou-nova-secretaria-de-estado\/"]}]},{"@type":"ImageObject","inLanguage":"pt-PT","@id":"https:\/\/portaltela.pt\/noticias\/2026\/02\/25\/propostas-para-o-ptrr-neutralidade-carbonica-ou-nova-secretaria-de-estado\/#primaryimage","url":"https:\/\/portaltela.pt\/s.01k8rhncp4jt1\/2026\/02\/2069667.jpg","contentUrl":"https:\/\/portaltela.pt\/s.01k8rhncp4jt1\/2026\/02\/2069667.jpg","width":796,"height":448,"caption":"Governo est\u00e1 a apresentar o PTRR aos partidos com assento parlamentar, em reuni\u00f5es que se v\u00e3o prolongar at\u00e9 \u00e0s 18h"},{"@type":"BreadcrumbList","@id":"https:\/\/portaltela.pt\/noticias\/2026\/02\/25\/propostas-para-o-ptrr-neutralidade-carbonica-ou-nova-secretaria-de-estado\/#breadcrumb","itemListElement":[{"@type":"ListItem","position":1,"name":"In\u00edcio","item":"https:\/\/portaltela.pt\/"},{"@type":"ListItem","position":2,"name":"Propostas para o PTRR: neutralidade carb\u00f3nica ou nova secretaria de Estado"}]},{"@type":"WebSite","@id":"https:\/\/portaltela.pt\/#website","url":"https:\/\/portaltela.pt\/","name":"Portal Tela Portugal","description":"","potentialAction":[{"@type":"SearchAction","target":{"@type":"EntryPoint","urlTemplate":"https:\/\/portaltela.pt\/?s={search_term_string}"},"query-input":{"@type":"PropertyValueSpecification","valueRequired":true,"valueName":"search_term_string"}}],"inLanguage":"pt-PT"},{"@type":"Person","@id":"https:\/\/portaltela.pt\/#\/schema\/person\/c4278d4a6028830caff9ee44b42d32ed","name":"Telinha","image":{"@type":"ImageObject","inLanguage":"pt-PT","@id":"https:\/\/portaltela.pt\/s.01k8rhncp4jt1\/2025\/11\/talking-bot-125x125.png","url":"https:\/\/portaltela.pt\/s.01k8rhncp4jt1\/2025\/11\/talking-bot-125x125.png","contentUrl":"https:\/\/portaltela.pt\/s.01k8rhncp4jt1\/2025\/11\/talking-bot-125x125.png","caption":"Telinha"},"sameAs":["https:\/\/portaltela.pt\/"],"url":"https:\/\/portaltela.pt\/por\/367410592786\/"}]}},"_links":{"self":[{"href":"https:\/\/portaltela.pt\/api\/wp\/v2\/posts\/225621","targetHints":{"allow":["GET"]}}],"collection":[{"href":"https:\/\/portaltela.pt\/api\/wp\/v2\/posts"}],"about":[{"href":"https:\/\/portaltela.pt\/api\/wp\/v2\/types\/post"}],"author":[{"embeddable":true,"href":"https:\/\/portaltela.pt\/api\/wp\/v2\/users\/2"}],"replies":[{"embeddable":true,"href":"https:\/\/portaltela.pt\/api\/wp\/v2\/comments?post=225621"}],"version-history":[{"count":0,"href":"https:\/\/portaltela.pt\/api\/wp\/v2\/posts\/225621\/revisions"}],"wp:featuredmedia":[{"embeddable":true,"href":"https:\/\/portaltela.pt\/api\/wp\/v2\/media\/225627"}],"wp:attachment":[{"href":"https:\/\/portaltela.pt\/api\/wp\/v2\/media?parent=225621"}],"wp:term":[{"taxonomy":"category","embeddable":true,"href":"https:\/\/portaltela.pt\/api\/wp\/v2\/categories?post=225621"},{"taxonomy":"post_tag","embeddable":true,"href":"https:\/\/portaltela.pt\/api\/wp\/v2\/tags?post=225621"}],"curies":[{"name":"wp","href":"https:\/\/api.w.org\/{rel}","templated":true}]}}