{"id":225618,"date":"2026-02-25T09:34:00","date_gmt":"2026-02-25T12:34:00","guid":{"rendered":"https:\/\/portaltela.pt\/noticias\/2026\/02\/25\/cds-pp-discorda-do-psd-e-mantem-posicao-no-executivo-de-cascais-com-chega\/"},"modified":"2026-02-25T09:34:00","modified_gmt":"2026-02-25T12:34:00","slug":"cds-pp-discorda-do-psd-e-mantem-posicao-no-executivo-de-cascais-com-chega","status":"publish","type":"post","link":"https:\/\/portaltela.pt\/noticias\/2026\/02\/25\/cds-pp-discorda-do-psd-e-mantem-posicao-no-executivo-de-cascais-com-chega\/","title":{"rendered":"CDS-PP discorda do PSD e mant\u00e9m posi\u00e7\u00e3o no executivo de Cascais com Chega"},"content":{"rendered":"<p>O CDS-PP de Cascais discorda do PSD mas vai manter-se no executivo da C\u00e2mara com o Chega. A decis\u00e3o surge ap\u00f3s negocia\u00e7\u00f5es entre o autarca PSD Nuno Piteira Lopes e o Chega, que j\u00e1 tinham sido alvo de protesto por parte de outras for\u00e7as pol\u00edticas.<\/p>\n<p>O l\u00edder da concelhia do CDS-PP admite ter tomado conhecimento das negocia\u00e7\u00f5es e informou a discord\u00e2ncia ao presidente da C\u00e2mara, Nuno Piteira Lopes. Mesmo assim, afirma que n\u00e3o haver\u00e1 tomada de poder por parte do Chega na Assembleia Municipal.<\/p>\n<p>Ainda assim, o CDS-PP decidiu manter-se integrado no executivo municipal ao lado dos vereadores do Chega. A justifica\u00e7\u00e3o \u00e9 que a composi\u00e7\u00e3o do executivo e a atribui\u00e7\u00e3o de pelouros s\u00e3o prerrogativas exclusivas do presidente da C\u00e2mara.<\/p>\n<h3>Posi\u00e7\u00e3o do CDS-PP<\/h3>\n<p>A concelhia sustenta que a participa\u00e7\u00e3o no executivo n\u00e3o equivale a um acordo com o Chega. Detalha que cada pelouro \u00e9 atribu\u00eddo pelo chefe do munic\u00edpio, mantendo a autonomia de decis\u00e3o dentro do grupo municipal.<\/p>\n<p>O epis\u00f3dio ocorreu em Cascais, numa altura em que se aguarda clarifica\u00e7\u00e3o sobre o papel do Chega no munic\u00edpio. N\u00e3o h\u00e1, at\u00e9 ao momento, indica\u00e7\u00e3o de altera\u00e7\u00f5es no alinhamento pol\u00edtico da C\u00e2mara.<\/p>\n","protected":false},"excerpt":{"rendered":"<ul>\n<li>O CDS-PP de Cascais discorda do PSD sobre a parceria com o Chega, mas vai manter-se no executivo municipal ao lado dos vereadores do Chega.<\/li>\n<li>O l\u00edder da concelhia afirma ter estado a par das negocia\u00e7\u00f5es entre o presidente da C\u00e2mara, Nuno Piteira Lopes, e o Chega.<\/li>\n<li>Diz ter comunicado a discord\u00e2ncia ao presidente da C\u00e2mara.<\/li>\n<li>Garantiu que nunca faria um acordo com o Chega.<\/li>\n<li>Alegou que a composi\u00e7\u00e3o do executivo e a atribui\u00e7\u00e3o de pelouros s\u00e3o prerrogativas exclusivas do presidente da C\u00e2mara.<\/li>\n<\/ul>\n","protected":false},"author":2,"featured_media":225619,"comment_status":"closed","ping_status":"closed","sticky":false,"template":"","format":"standard","meta":{"footnotes":""},"categories":[1],"tags":[703,1111,2478,2142,2832,3695],"class_list":["post-225618","post","type-post","status-publish","format-standard","has-post-thumbnail","hentry","category-noticias","tag-camara","tag-cascais","tag-cds","tag-chega","tag-politica","tag-psd"],"yoast_head":"<!-- This site is optimized with the Yoast SEO plugin v27.2 - https:\/\/yoast.com\/product\/yoast-seo-wordpress\/ -->\n<title>CDS-PP discorda do PSD e mant\u00e9m posi\u00e7\u00e3o no executivo de Cascais com Chega - Portal Tela Portugal<\/title>\n<meta name=\"robots\" content=\"index, follow, max-snippet:-1, max-image-preview:large, max-video-preview:-1\" \/>\n<meta property=\"og:locale\" content=\"pt_PT\" \/>\n<meta property=\"og:type\" content=\"article\" \/>\n<meta property=\"og:title\" content=\"CDS-PP discorda do PSD e mant\u00e9m posi\u00e7\u00e3o no executivo de Cascais com Chega - Portal Tela Portugal\" \/>\n<meta property=\"og:description\" content=\"O CDS-PP de Cascais discorda do PSD sobre a parceria com o Chega, mas vai manter-se no executivo municipal ao lado dos vereadores do Chega. O l\u00edder da concelhia afirma ter estado a par das negocia\u00e7\u00f5es entre o presidente da C\u00e2mara, Nuno Piteira Lopes, e o Chega. Diz ter comunicado a discord\u00e2ncia ao presidente da C\u00e2mara. Garantiu que nunca faria um acordo com o Chega. Alegou que a composi\u00e7\u00e3o do executivo e a atribui\u00e7\u00e3o de pelouros s\u00e3o prerrogativas exclusivas do presidente da C\u00e2mara.\" \/>\n<meta property=\"og:url\" content=\"https:\/\/portaltela.pt\/noticias\/2026\/02\/25\/cds-pp-discorda-do-psd-e-mantem-posicao-no-executivo-de-cascais-com-chega\/\" \/>\n<meta property=\"og:site_name\" content=\"Portal Tela Portugal\" \/>\n<meta property=\"article:published_time\" content=\"2026-02-25T12:34:00+00:00\" \/>\n<meta name=\"author\" content=\"Telinha\" \/>\n<meta name=\"twitter:card\" content=\"summary_large_image\" \/>\n<meta name=\"twitter:label1\" content=\"Escrito por\" \/>\n\t<meta name=\"twitter:data1\" content=\"Telinha\" \/>\n\t<meta name=\"twitter:label2\" content=\"Tempo estimado de leitura\" \/>\n\t<meta name=\"twitter:data2\" content=\"1 minuto\" \/>\n<script type=\"application\/ld+json\" class=\"yoast-schema-graph\">{\"@context\":\"https:\/\/schema.org\",\"@graph\":[{\"@type\":\"Article\",\"@id\":\"https:\/\/portaltela.pt\/noticias\/2026\/02\/25\/cds-pp-discorda-do-psd-e-mantem-posicao-no-executivo-de-cascais-com-chega\/#article\",\"isPartOf\":{\"@id\":\"https:\/\/portaltela.pt\/noticias\/2026\/02\/25\/cds-pp-discorda-do-psd-e-mantem-posicao-no-executivo-de-cascais-com-chega\/\"},\"author\":{\"name\":\"Telinha\",\"@id\":\"https:\/\/portaltela.pt\/#\/schema\/person\/c4278d4a6028830caff9ee44b42d32ed\"},\"headline\":\"CDS-PP discorda do PSD e mant\u00e9m posi\u00e7\u00e3o no executivo de Cascais com Chega\",\"datePublished\":\"2026-02-25T12:34:00+00:00\",\"mainEntityOfPage\":{\"@id\":\"https:\/\/portaltela.pt\/noticias\/2026\/02\/25\/cds-pp-discorda-do-psd-e-mantem-posicao-no-executivo-de-cascais-com-chega\/\"},\"wordCount\":233,\"image\":{\"@id\":\"https:\/\/portaltela.pt\/noticias\/2026\/02\/25\/cds-pp-discorda-do-psd-e-mantem-posicao-no-executivo-de-cascais-com-chega\/#primaryimage\"},\"thumbnailUrl\":\"https:\/\/portaltela.pt\/s.01k8rhncp4jt1\/2026\/02\/2069672.jpg\",\"keywords\":[\"c\u00e2mara\",\"Cascais\",\"CDS\",\"CHEGA\",\"pol\u00edtica\",\"PSD\"],\"articleSection\":[\"Not\u00edcias\"],\"inLanguage\":\"pt-PT\"},{\"@type\":\"WebPage\",\"@id\":\"https:\/\/portaltela.pt\/noticias\/2026\/02\/25\/cds-pp-discorda-do-psd-e-mantem-posicao-no-executivo-de-cascais-com-chega\/\",\"url\":\"https:\/\/portaltela.pt\/noticias\/2026\/02\/25\/cds-pp-discorda-do-psd-e-mantem-posicao-no-executivo-de-cascais-com-chega\/\",\"name\":\"CDS-PP discorda do PSD e mant\u00e9m posi\u00e7\u00e3o no executivo de Cascais com Chega - Portal Tela Portugal\",\"isPartOf\":{\"@id\":\"https:\/\/portaltela.pt\/#website\"},\"primaryImageOfPage\":{\"@id\":\"https:\/\/portaltela.pt\/noticias\/2026\/02\/25\/cds-pp-discorda-do-psd-e-mantem-posicao-no-executivo-de-cascais-com-chega\/#primaryimage\"},\"image\":{\"@id\":\"https:\/\/portaltela.pt\/noticias\/2026\/02\/25\/cds-pp-discorda-do-psd-e-mantem-posicao-no-executivo-de-cascais-com-chega\/#primaryimage\"},\"thumbnailUrl\":\"https:\/\/portaltela.pt\/s.01k8rhncp4jt1\/2026\/02\/2069672.jpg\",\"datePublished\":\"2026-02-25T12:34:00+00:00\",\"author\":{\"@id\":\"https:\/\/portaltela.pt\/#\/schema\/person\/c4278d4a6028830caff9ee44b42d32ed\"},\"breadcrumb\":{\"@id\":\"https:\/\/portaltela.pt\/noticias\/2026\/02\/25\/cds-pp-discorda-do-psd-e-mantem-posicao-no-executivo-de-cascais-com-chega\/#breadcrumb\"},\"inLanguage\":\"pt-PT\",\"potentialAction\":[{\"@type\":\"ReadAction\",\"target\":[\"https:\/\/portaltela.pt\/noticias\/2026\/02\/25\/cds-pp-discorda-do-psd-e-mantem-posicao-no-executivo-de-cascais-com-chega\/\"]}]},{\"@type\":\"ImageObject\",\"inLanguage\":\"pt-PT\",\"@id\":\"https:\/\/portaltela.pt\/noticias\/2026\/02\/25\/cds-pp-discorda-do-psd-e-mantem-posicao-no-executivo-de-cascais-com-chega\/#primaryimage\",\"url\":\"https:\/\/portaltela.pt\/s.01k8rhncp4jt1\/2026\/02\/2069672.jpg\",\"contentUrl\":\"https:\/\/portaltela.pt\/s.01k8rhncp4jt1\/2026\/02\/2069672.jpg\",\"width\":796,\"height\":448,\"caption\":\"Nuno Piteira Lopes, \u00e0 esquerda, durante uma visita da ministra da Cultura a Cascais\"},{\"@type\":\"BreadcrumbList\",\"@id\":\"https:\/\/portaltela.pt\/noticias\/2026\/02\/25\/cds-pp-discorda-do-psd-e-mantem-posicao-no-executivo-de-cascais-com-chega\/#breadcrumb\",\"itemListElement\":[{\"@type\":\"ListItem\",\"position\":1,\"name\":\"In\u00edcio\",\"item\":\"https:\/\/portaltela.pt\/\"},{\"@type\":\"ListItem\",\"position\":2,\"name\":\"CDS-PP discorda do PSD e mant\u00e9m posi\u00e7\u00e3o no executivo de Cascais com Chega\"}]},{\"@type\":\"WebSite\",\"@id\":\"https:\/\/portaltela.pt\/#website\",\"url\":\"https:\/\/portaltela.pt\/\",\"name\":\"Portal Tela Portugal\",\"description\":\"\",\"potentialAction\":[{\"@type\":\"SearchAction\",\"target\":{\"@type\":\"EntryPoint\",\"urlTemplate\":\"https:\/\/portaltela.pt\/?s={search_term_string}\"},\"query-input\":{\"@type\":\"PropertyValueSpecification\",\"valueRequired\":true,\"valueName\":\"search_term_string\"}}],\"inLanguage\":\"pt-PT\"},{\"@type\":\"Person\",\"@id\":\"https:\/\/portaltela.pt\/#\/schema\/person\/c4278d4a6028830caff9ee44b42d32ed\",\"name\":\"Telinha\",\"image\":{\"@type\":\"ImageObject\",\"inLanguage\":\"pt-PT\",\"@id\":\"https:\/\/portaltela.pt\/s.01k8rhncp4jt1\/2025\/11\/talking-bot-125x125.png\",\"url\":\"https:\/\/portaltela.pt\/s.01k8rhncp4jt1\/2025\/11\/talking-bot-125x125.png\",\"contentUrl\":\"https:\/\/portaltela.pt\/s.01k8rhncp4jt1\/2025\/11\/talking-bot-125x125.png\",\"caption\":\"Telinha\"},\"sameAs\":[\"https:\/\/portaltela.pt\/\"],\"url\":\"https:\/\/portaltela.pt\/por\/367410592786\/\"}]}<\/script>\n<!-- \/ Yoast SEO plugin. -->","yoast_head_json":{"title":"CDS-PP discorda do PSD e mant\u00e9m posi\u00e7\u00e3o no executivo de Cascais com Chega - Portal Tela Portugal","robots":{"index":"index","follow":"follow","max-snippet":"max-snippet:-1","max-image-preview":"max-image-preview:large","max-video-preview":"max-video-preview:-1"},"og_locale":"pt_PT","og_type":"article","og_title":"CDS-PP discorda do PSD e mant\u00e9m posi\u00e7\u00e3o no executivo de Cascais com Chega - Portal Tela Portugal","og_description":"O CDS-PP de Cascais discorda do PSD sobre a parceria com o Chega, mas vai manter-se no executivo municipal ao lado dos vereadores do Chega. O l\u00edder da concelhia afirma ter estado a par das negocia\u00e7\u00f5es entre o presidente da C\u00e2mara, Nuno Piteira Lopes, e o Chega. Diz ter comunicado a discord\u00e2ncia ao presidente da C\u00e2mara. Garantiu que nunca faria um acordo com o Chega. Alegou que a composi\u00e7\u00e3o do executivo e a atribui\u00e7\u00e3o de pelouros s\u00e3o prerrogativas exclusivas do presidente da C\u00e2mara.","og_url":"https:\/\/portaltela.pt\/noticias\/2026\/02\/25\/cds-pp-discorda-do-psd-e-mantem-posicao-no-executivo-de-cascais-com-chega\/","og_site_name":"Portal Tela Portugal","article_published_time":"2026-02-25T12:34:00+00:00","author":"Telinha","twitter_card":"summary_large_image","twitter_misc":{"Escrito por":"Telinha","Tempo estimado de leitura":"1 minuto"},"schema":{"@context":"https:\/\/schema.org","@graph":[{"@type":"Article","@id":"https:\/\/portaltela.pt\/noticias\/2026\/02\/25\/cds-pp-discorda-do-psd-e-mantem-posicao-no-executivo-de-cascais-com-chega\/#article","isPartOf":{"@id":"https:\/\/portaltela.pt\/noticias\/2026\/02\/25\/cds-pp-discorda-do-psd-e-mantem-posicao-no-executivo-de-cascais-com-chega\/"},"author":{"name":"Telinha","@id":"https:\/\/portaltela.pt\/#\/schema\/person\/c4278d4a6028830caff9ee44b42d32ed"},"headline":"CDS-PP discorda do PSD e mant\u00e9m posi\u00e7\u00e3o no executivo de Cascais com Chega","datePublished":"2026-02-25T12:34:00+00:00","mainEntityOfPage":{"@id":"https:\/\/portaltela.pt\/noticias\/2026\/02\/25\/cds-pp-discorda-do-psd-e-mantem-posicao-no-executivo-de-cascais-com-chega\/"},"wordCount":233,"image":{"@id":"https:\/\/portaltela.pt\/noticias\/2026\/02\/25\/cds-pp-discorda-do-psd-e-mantem-posicao-no-executivo-de-cascais-com-chega\/#primaryimage"},"thumbnailUrl":"https:\/\/portaltela.pt\/s.01k8rhncp4jt1\/2026\/02\/2069672.jpg","keywords":["c\u00e2mara","Cascais","CDS","CHEGA","pol\u00edtica","PSD"],"articleSection":["Not\u00edcias"],"inLanguage":"pt-PT"},{"@type":"WebPage","@id":"https:\/\/portaltela.pt\/noticias\/2026\/02\/25\/cds-pp-discorda-do-psd-e-mantem-posicao-no-executivo-de-cascais-com-chega\/","url":"https:\/\/portaltela.pt\/noticias\/2026\/02\/25\/cds-pp-discorda-do-psd-e-mantem-posicao-no-executivo-de-cascais-com-chega\/","name":"CDS-PP discorda do PSD e mant\u00e9m posi\u00e7\u00e3o no executivo de Cascais com Chega - Portal Tela Portugal","isPartOf":{"@id":"https:\/\/portaltela.pt\/#website"},"primaryImageOfPage":{"@id":"https:\/\/portaltela.pt\/noticias\/2026\/02\/25\/cds-pp-discorda-do-psd-e-mantem-posicao-no-executivo-de-cascais-com-chega\/#primaryimage"},"image":{"@id":"https:\/\/portaltela.pt\/noticias\/2026\/02\/25\/cds-pp-discorda-do-psd-e-mantem-posicao-no-executivo-de-cascais-com-chega\/#primaryimage"},"thumbnailUrl":"https:\/\/portaltela.pt\/s.01k8rhncp4jt1\/2026\/02\/2069672.jpg","datePublished":"2026-02-25T12:34:00+00:00","author":{"@id":"https:\/\/portaltela.pt\/#\/schema\/person\/c4278d4a6028830caff9ee44b42d32ed"},"breadcrumb":{"@id":"https:\/\/portaltela.pt\/noticias\/2026\/02\/25\/cds-pp-discorda-do-psd-e-mantem-posicao-no-executivo-de-cascais-com-chega\/#breadcrumb"},"inLanguage":"pt-PT","potentialAction":[{"@type":"ReadAction","target":["https:\/\/portaltela.pt\/noticias\/2026\/02\/25\/cds-pp-discorda-do-psd-e-mantem-posicao-no-executivo-de-cascais-com-chega\/"]}]},{"@type":"ImageObject","inLanguage":"pt-PT","@id":"https:\/\/portaltela.pt\/noticias\/2026\/02\/25\/cds-pp-discorda-do-psd-e-mantem-posicao-no-executivo-de-cascais-com-chega\/#primaryimage","url":"https:\/\/portaltela.pt\/s.01k8rhncp4jt1\/2026\/02\/2069672.jpg","contentUrl":"https:\/\/portaltela.pt\/s.01k8rhncp4jt1\/2026\/02\/2069672.jpg","width":796,"height":448,"caption":"Nuno Piteira Lopes, \u00e0 esquerda, durante uma visita da ministra da Cultura a Cascais"},{"@type":"BreadcrumbList","@id":"https:\/\/portaltela.pt\/noticias\/2026\/02\/25\/cds-pp-discorda-do-psd-e-mantem-posicao-no-executivo-de-cascais-com-chega\/#breadcrumb","itemListElement":[{"@type":"ListItem","position":1,"name":"In\u00edcio","item":"https:\/\/portaltela.pt\/"},{"@type":"ListItem","position":2,"name":"CDS-PP discorda do PSD e mant\u00e9m posi\u00e7\u00e3o no executivo de Cascais com Chega"}]},{"@type":"WebSite","@id":"https:\/\/portaltela.pt\/#website","url":"https:\/\/portaltela.pt\/","name":"Portal Tela Portugal","description":"","potentialAction":[{"@type":"SearchAction","target":{"@type":"EntryPoint","urlTemplate":"https:\/\/portaltela.pt\/?s={search_term_string}"},"query-input":{"@type":"PropertyValueSpecification","valueRequired":true,"valueName":"search_term_string"}}],"inLanguage":"pt-PT"},{"@type":"Person","@id":"https:\/\/portaltela.pt\/#\/schema\/person\/c4278d4a6028830caff9ee44b42d32ed","name":"Telinha","image":{"@type":"ImageObject","inLanguage":"pt-PT","@id":"https:\/\/portaltela.pt\/s.01k8rhncp4jt1\/2025\/11\/talking-bot-125x125.png","url":"https:\/\/portaltela.pt\/s.01k8rhncp4jt1\/2025\/11\/talking-bot-125x125.png","contentUrl":"https:\/\/portaltela.pt\/s.01k8rhncp4jt1\/2025\/11\/talking-bot-125x125.png","caption":"Telinha"},"sameAs":["https:\/\/portaltela.pt\/"],"url":"https:\/\/portaltela.pt\/por\/367410592786\/"}]}},"_links":{"self":[{"href":"https:\/\/portaltela.pt\/api\/wp\/v2\/posts\/225618","targetHints":{"allow":["GET"]}}],"collection":[{"href":"https:\/\/portaltela.pt\/api\/wp\/v2\/posts"}],"about":[{"href":"https:\/\/portaltela.pt\/api\/wp\/v2\/types\/post"}],"author":[{"embeddable":true,"href":"https:\/\/portaltela.pt\/api\/wp\/v2\/users\/2"}],"replies":[{"embeddable":true,"href":"https:\/\/portaltela.pt\/api\/wp\/v2\/comments?post=225618"}],"version-history":[{"count":0,"href":"https:\/\/portaltela.pt\/api\/wp\/v2\/posts\/225618\/revisions"}],"wp:featuredmedia":[{"embeddable":true,"href":"https:\/\/portaltela.pt\/api\/wp\/v2\/media\/225619"}],"wp:attachment":[{"href":"https:\/\/portaltela.pt\/api\/wp\/v2\/media?parent=225618"}],"wp:term":[{"taxonomy":"category","embeddable":true,"href":"https:\/\/portaltela.pt\/api\/wp\/v2\/categories?post=225618"},{"taxonomy":"post_tag","embeddable":true,"href":"https:\/\/portaltela.pt\/api\/wp\/v2\/tags?post=225618"}],"curies":[{"name":"wp","href":"https:\/\/api.w.org\/{rel}","templated":true}]}}