{"id":225602,"date":"2026-02-25T09:37:37","date_gmt":"2026-02-25T12:37:37","guid":{"rendered":"https:\/\/portaltela.pt\/noticias\/2026\/02\/25\/juizes-exigem-reparacao-urgente-de-tribunais-em-coimbra\/"},"modified":"2026-02-25T09:37:37","modified_gmt":"2026-02-25T12:37:37","slug":"juizes-exigem-reparacao-urgente-de-tribunais-em-coimbra","status":"publish","type":"post","link":"https:\/\/portaltela.pt\/noticias\/2026\/02\/25\/juizes-exigem-reparacao-urgente-de-tribunais-em-coimbra\/","title":{"rendered":"Ju\u00edzes exigem repara\u00e7\u00e3o urgente de tribunais em Coimbra"},"content":{"rendered":"<p>A ASJP, Associa\u00e7\u00e3o Sindical dos Ju\u00edzes Portugueses, solicitou hoje obras urgentes nos tribunais da Comarca de Coimbra. O pedido surgiu ap\u00f3s danos causados pelas tempestades que atingiram Portugal, com o objetivo de n\u00e3o colocar em risco magistrados, oficiais de justi\u00e7a, advogados e utentes, nem o patrim\u00f3nio judici\u00e1rio.<\/p>\n<p>Em of\u00edcio dirigido \u00e0 ministra da Justi\u00e7a, Rita Alarc\u00e3o J\u00fadice, a associa\u00e7\u00e3o defende uma interven\u00e7\u00e3o c\u00e9lere e planos de interven\u00e7\u00e3o que garantam solu\u00e7\u00f5es estruturais adequadas. A identifica\u00e7\u00e3o de infiltra\u00e7\u00f5es justifica a necessidade de vistorias t\u00e9cnicas imediatas.<\/p>\n<h3>Edif\u00edcios afetados<\/h3>\n<p>No Pal\u00e1cio de Justi\u00e7a de Arganil, as infiltra\u00e7\u00f5es agravaram-se pela falha na cobertura, segundo a ASJP. Em Condeixa a Nova, secretarias, gabinetes de magistrados e salas de testemunhas tamb\u00e9m foram afetados.<\/p>\n<p>No Pal\u00e1cio de Justi\u00e7a de Oliveira do Hospital, \u00e1reas de circula\u00e7\u00e3o, junto a gabinetes e ao elevador, ficaram comprometidas.<\/p>\n<p>No Ju\u00edzo de Compet\u00eancia Gen\u00e9rica de Penacova, o arquivo apresenta agravamento de infiltra\u00e7\u00f5es.<\/p>\n<p>No Tribunal de Execu\u00e7\u00e3o de Penas de Coimbra e no Ju\u00edzo de Proximidade de Mira ocorrem infiltra\u00e7\u00f5es com cada chuvada.<\/p>\n<p>No Pal\u00e1cio de Montemor-o-Velho detetou-se uma nova infiltra\u00e7\u00e3o, enquanto em Lous\u00e3 e Soure h\u00e1 telhados com problemas id\u00eanticos.<\/p>\n<h3>Infraestruturas e servi\u00e7os<\/h3>\n<p>A carta t\u00e9cnica reporta falhas de energia el\u00e9ctrica e de rede inform\u00e1tica em v\u00e1rios edif\u00edcios, incluindo Montemor-o-Velho, Pampilhosa da Serra, Penacova, Penela e Coimbra, o que comprometeu o funcionamento normal dos servi\u00e7os. A ASJP apela \u00e0 realiza\u00e7\u00e3o de vistorias r\u00e1pidas e a defini\u00e7\u00e3o de um plano de interven\u00e7\u00e3o.<\/p>\n","protected":false},"excerpt":{"rendered":"<ul>\n<li>A Associa\u00e7\u00e3o Sindical dos Ju\u00edzes Portugueses (ASJP) solicitou interven\u00e7\u00e3o c\u00e9lere para obras de repara\u00e7\u00e3o nos tribunais da Comarca de Coimbra, ap\u00f3s os danos das tempestades.<\/li>\n<li>No Pal\u00e1cio de Justi\u00e7a de Arganil as infiltra\u00e7\u00f5es agravaram-se devido a problemas na cobertura.<\/li>\n<li>Em Condeixa a Nova, as infiltra\u00e7\u00f5es chegaram a secretarias judiciais, gabinetes de magistrados e salas de testemunhas.<\/li>\n<li>No Pal\u00e1cio de Justi\u00e7a de Oliveira do Hospital, as infiltra\u00e7\u00f5es afetaram zonas de circula\u00e7\u00e3o junto a gabinetes e ao elevador; no Penacova, o arquivo apresenta agravamento de infiltra\u00e7\u00f5es.<\/li>\n<li>Existem infiltra\u00e7\u00f5es no Tribunal de Execu\u00e7\u00e3o de Penas de Coimbra e no Ju\u00edzo de Proximidade de Mira; al\u00e9m disso, houve falhas de energia e rede inform\u00e1tica em v\u00e1rios edif\u00edcios, com necessidade de vistorias t\u00e9cnicas urgentes e de um plano de interven\u00e7\u00e3o com solu\u00e7\u00f5es estruturais.<\/li>\n<\/ul>\n","protected":false},"author":2,"featured_media":225604,"comment_status":"closed","ping_status":"closed","sticky":false,"template":"","format":"standard","meta":{"footnotes":""},"categories":[1],"tags":[1070,4542,4676,803,2077,6208],"class_list":["post-225602","post","type-post","status-publish","format-standard","has-post-thumbnail","hentry","category-noticias","tag-coimbra","tag-energia-electrica","tag-infiltracoes","tag-justica","tag-penacova","tag-tribunais"],"yoast_head":"<!-- This site is optimized with the Yoast SEO plugin v27.2 - https:\/\/yoast.com\/product\/yoast-seo-wordpress\/ -->\n<title>Ju\u00edzes exigem repara\u00e7\u00e3o urgente de tribunais em Coimbra - Portal Tela Portugal<\/title>\n<meta name=\"robots\" content=\"index, follow, max-snippet:-1, max-image-preview:large, max-video-preview:-1\" \/>\n<meta property=\"og:locale\" content=\"pt_PT\" \/>\n<meta property=\"og:type\" content=\"article\" \/>\n<meta property=\"og:title\" content=\"Ju\u00edzes exigem repara\u00e7\u00e3o urgente de tribunais em Coimbra - Portal Tela Portugal\" \/>\n<meta property=\"og:description\" content=\"A Associa\u00e7\u00e3o Sindical dos Ju\u00edzes Portugueses (ASJP) solicitou interven\u00e7\u00e3o c\u00e9lere para obras de repara\u00e7\u00e3o nos tribunais da Comarca de Coimbra, ap\u00f3s os danos das tempestades. No Pal\u00e1cio de Justi\u00e7a de Arganil as infiltra\u00e7\u00f5es agravaram-se devido a problemas na cobertura. Em Condeixa a Nova, as infiltra\u00e7\u00f5es chegaram a secretarias judiciais, gabinetes de magistrados e salas de testemunhas. No Pal\u00e1cio de Justi\u00e7a de Oliveira do Hospital, as infiltra\u00e7\u00f5es afetaram zonas de circula\u00e7\u00e3o junto a gabinetes e ao elevador; no Penacova, o arquivo apresenta agravamento de infiltra\u00e7\u00f5es. Existem infiltra\u00e7\u00f5es no Tribunal de Execu\u00e7\u00e3o de Penas de Coimbra e no Ju\u00edzo de Proximidade de Mira; al\u00e9m disso, houve falhas de energia e rede inform\u00e1tica em v\u00e1rios edif\u00edcios, com necessidade de vistorias t\u00e9cnicas urgentes e de um plano de interven\u00e7\u00e3o com solu\u00e7\u00f5es estruturais.\" \/>\n<meta property=\"og:url\" content=\"https:\/\/portaltela.pt\/noticias\/2026\/02\/25\/juizes-exigem-reparacao-urgente-de-tribunais-em-coimbra\/\" \/>\n<meta property=\"og:site_name\" content=\"Portal Tela Portugal\" \/>\n<meta property=\"article:published_time\" content=\"2026-02-25T12:37:37+00:00\" \/>\n<meta name=\"author\" content=\"Telinha\" \/>\n<meta name=\"twitter:card\" content=\"summary_large_image\" \/>\n<meta name=\"twitter:label1\" content=\"Escrito por\" \/>\n\t<meta name=\"twitter:data1\" content=\"Telinha\" \/>\n\t<meta name=\"twitter:label2\" content=\"Tempo estimado de leitura\" \/>\n\t<meta name=\"twitter:data2\" content=\"1 minuto\" \/>\n<script type=\"application\/ld+json\" class=\"yoast-schema-graph\">{\"@context\":\"https:\/\/schema.org\",\"@graph\":[{\"@type\":\"Article\",\"@id\":\"https:\/\/portaltela.pt\/noticias\/2026\/02\/25\/juizes-exigem-reparacao-urgente-de-tribunais-em-coimbra\/#article\",\"isPartOf\":{\"@id\":\"https:\/\/portaltela.pt\/noticias\/2026\/02\/25\/juizes-exigem-reparacao-urgente-de-tribunais-em-coimbra\/\"},\"author\":{\"name\":\"Telinha\",\"@id\":\"https:\/\/portaltela.pt\/#\/schema\/person\/c4278d4a6028830caff9ee44b42d32ed\"},\"headline\":\"Ju\u00edzes exigem repara\u00e7\u00e3o urgente de tribunais em Coimbra\",\"datePublished\":\"2026-02-25T12:37:37+00:00\",\"mainEntityOfPage\":{\"@id\":\"https:\/\/portaltela.pt\/noticias\/2026\/02\/25\/juizes-exigem-reparacao-urgente-de-tribunais-em-coimbra\/\"},\"wordCount\":293,\"image\":{\"@id\":\"https:\/\/portaltela.pt\/noticias\/2026\/02\/25\/juizes-exigem-reparacao-urgente-de-tribunais-em-coimbra\/#primaryimage\"},\"thumbnailUrl\":\"https:\/\/portaltela.pt\/s.01k8rhncp4jt1\/2026\/02\/img_1500x1000uu2024-09-20-23-04-53-1752424.jpg\",\"keywords\":[\"Coimbra\",\"energia el\u00e9ctrica\",\"infiltra\u00e7\u00f5es\",\"justi\u00e7a\",\"Penacova\",\"Tribunais\"],\"articleSection\":[\"Not\u00edcias\"],\"inLanguage\":\"pt-PT\"},{\"@type\":\"WebPage\",\"@id\":\"https:\/\/portaltela.pt\/noticias\/2026\/02\/25\/juizes-exigem-reparacao-urgente-de-tribunais-em-coimbra\/\",\"url\":\"https:\/\/portaltela.pt\/noticias\/2026\/02\/25\/juizes-exigem-reparacao-urgente-de-tribunais-em-coimbra\/\",\"name\":\"Ju\u00edzes exigem repara\u00e7\u00e3o urgente de tribunais em Coimbra - Portal Tela Portugal\",\"isPartOf\":{\"@id\":\"https:\/\/portaltela.pt\/#website\"},\"primaryImageOfPage\":{\"@id\":\"https:\/\/portaltela.pt\/noticias\/2026\/02\/25\/juizes-exigem-reparacao-urgente-de-tribunais-em-coimbra\/#primaryimage\"},\"image\":{\"@id\":\"https:\/\/portaltela.pt\/noticias\/2026\/02\/25\/juizes-exigem-reparacao-urgente-de-tribunais-em-coimbra\/#primaryimage\"},\"thumbnailUrl\":\"https:\/\/portaltela.pt\/s.01k8rhncp4jt1\/2026\/02\/img_1500x1000uu2024-09-20-23-04-53-1752424.jpg\",\"datePublished\":\"2026-02-25T12:37:37+00:00\",\"author\":{\"@id\":\"https:\/\/portaltela.pt\/#\/schema\/person\/c4278d4a6028830caff9ee44b42d32ed\"},\"breadcrumb\":{\"@id\":\"https:\/\/portaltela.pt\/noticias\/2026\/02\/25\/juizes-exigem-reparacao-urgente-de-tribunais-em-coimbra\/#breadcrumb\"},\"inLanguage\":\"pt-PT\",\"potentialAction\":[{\"@type\":\"ReadAction\",\"target\":[\"https:\/\/portaltela.pt\/noticias\/2026\/02\/25\/juizes-exigem-reparacao-urgente-de-tribunais-em-coimbra\/\"]}]},{\"@type\":\"ImageObject\",\"inLanguage\":\"pt-PT\",\"@id\":\"https:\/\/portaltela.pt\/noticias\/2026\/02\/25\/juizes-exigem-reparacao-urgente-de-tribunais-em-coimbra\/#primaryimage\",\"url\":\"https:\/\/portaltela.pt\/s.01k8rhncp4jt1\/2026\/02\/img_1500x1000uu2024-09-20-23-04-53-1752424.jpg\",\"contentUrl\":\"https:\/\/portaltela.pt\/s.01k8rhncp4jt1\/2026\/02\/img_1500x1000uu2024-09-20-23-04-53-1752424.jpg\",\"width\":796,\"height\":448,\"caption\":\"Tribunal de Coimbra\"},{\"@type\":\"BreadcrumbList\",\"@id\":\"https:\/\/portaltela.pt\/noticias\/2026\/02\/25\/juizes-exigem-reparacao-urgente-de-tribunais-em-coimbra\/#breadcrumb\",\"itemListElement\":[{\"@type\":\"ListItem\",\"position\":1,\"name\":\"In\u00edcio\",\"item\":\"https:\/\/portaltela.pt\/\"},{\"@type\":\"ListItem\",\"position\":2,\"name\":\"Ju\u00edzes exigem repara\u00e7\u00e3o urgente de tribunais em Coimbra\"}]},{\"@type\":\"WebSite\",\"@id\":\"https:\/\/portaltela.pt\/#website\",\"url\":\"https:\/\/portaltela.pt\/\",\"name\":\"Portal Tela Portugal\",\"description\":\"\",\"potentialAction\":[{\"@type\":\"SearchAction\",\"target\":{\"@type\":\"EntryPoint\",\"urlTemplate\":\"https:\/\/portaltela.pt\/?s={search_term_string}\"},\"query-input\":{\"@type\":\"PropertyValueSpecification\",\"valueRequired\":true,\"valueName\":\"search_term_string\"}}],\"inLanguage\":\"pt-PT\"},{\"@type\":\"Person\",\"@id\":\"https:\/\/portaltela.pt\/#\/schema\/person\/c4278d4a6028830caff9ee44b42d32ed\",\"name\":\"Telinha\",\"image\":{\"@type\":\"ImageObject\",\"inLanguage\":\"pt-PT\",\"@id\":\"https:\/\/portaltela.pt\/s.01k8rhncp4jt1\/2025\/11\/talking-bot-125x125.png\",\"url\":\"https:\/\/portaltela.pt\/s.01k8rhncp4jt1\/2025\/11\/talking-bot-125x125.png\",\"contentUrl\":\"https:\/\/portaltela.pt\/s.01k8rhncp4jt1\/2025\/11\/talking-bot-125x125.png\",\"caption\":\"Telinha\"},\"sameAs\":[\"https:\/\/portaltela.pt\/\"],\"url\":\"https:\/\/portaltela.pt\/por\/367410592786\/\"}]}<\/script>\n<!-- \/ Yoast SEO plugin. -->","yoast_head_json":{"title":"Ju\u00edzes exigem repara\u00e7\u00e3o urgente de tribunais em Coimbra - Portal Tela Portugal","robots":{"index":"index","follow":"follow","max-snippet":"max-snippet:-1","max-image-preview":"max-image-preview:large","max-video-preview":"max-video-preview:-1"},"og_locale":"pt_PT","og_type":"article","og_title":"Ju\u00edzes exigem repara\u00e7\u00e3o urgente de tribunais em Coimbra - Portal Tela Portugal","og_description":"A Associa\u00e7\u00e3o Sindical dos Ju\u00edzes Portugueses (ASJP) solicitou interven\u00e7\u00e3o c\u00e9lere para obras de repara\u00e7\u00e3o nos tribunais da Comarca de Coimbra, ap\u00f3s os danos das tempestades. No Pal\u00e1cio de Justi\u00e7a de Arganil as infiltra\u00e7\u00f5es agravaram-se devido a problemas na cobertura. Em Condeixa a Nova, as infiltra\u00e7\u00f5es chegaram a secretarias judiciais, gabinetes de magistrados e salas de testemunhas. No Pal\u00e1cio de Justi\u00e7a de Oliveira do Hospital, as infiltra\u00e7\u00f5es afetaram zonas de circula\u00e7\u00e3o junto a gabinetes e ao elevador; no Penacova, o arquivo apresenta agravamento de infiltra\u00e7\u00f5es. Existem infiltra\u00e7\u00f5es no Tribunal de Execu\u00e7\u00e3o de Penas de Coimbra e no Ju\u00edzo de Proximidade de Mira; al\u00e9m disso, houve falhas de energia e rede inform\u00e1tica em v\u00e1rios edif\u00edcios, com necessidade de vistorias t\u00e9cnicas urgentes e de um plano de interven\u00e7\u00e3o com solu\u00e7\u00f5es estruturais.","og_url":"https:\/\/portaltela.pt\/noticias\/2026\/02\/25\/juizes-exigem-reparacao-urgente-de-tribunais-em-coimbra\/","og_site_name":"Portal Tela Portugal","article_published_time":"2026-02-25T12:37:37+00:00","author":"Telinha","twitter_card":"summary_large_image","twitter_misc":{"Escrito por":"Telinha","Tempo estimado de leitura":"1 minuto"},"schema":{"@context":"https:\/\/schema.org","@graph":[{"@type":"Article","@id":"https:\/\/portaltela.pt\/noticias\/2026\/02\/25\/juizes-exigem-reparacao-urgente-de-tribunais-em-coimbra\/#article","isPartOf":{"@id":"https:\/\/portaltela.pt\/noticias\/2026\/02\/25\/juizes-exigem-reparacao-urgente-de-tribunais-em-coimbra\/"},"author":{"name":"Telinha","@id":"https:\/\/portaltela.pt\/#\/schema\/person\/c4278d4a6028830caff9ee44b42d32ed"},"headline":"Ju\u00edzes exigem repara\u00e7\u00e3o urgente de tribunais em Coimbra","datePublished":"2026-02-25T12:37:37+00:00","mainEntityOfPage":{"@id":"https:\/\/portaltela.pt\/noticias\/2026\/02\/25\/juizes-exigem-reparacao-urgente-de-tribunais-em-coimbra\/"},"wordCount":293,"image":{"@id":"https:\/\/portaltela.pt\/noticias\/2026\/02\/25\/juizes-exigem-reparacao-urgente-de-tribunais-em-coimbra\/#primaryimage"},"thumbnailUrl":"https:\/\/portaltela.pt\/s.01k8rhncp4jt1\/2026\/02\/img_1500x1000uu2024-09-20-23-04-53-1752424.jpg","keywords":["Coimbra","energia el\u00e9ctrica","infiltra\u00e7\u00f5es","justi\u00e7a","Penacova","Tribunais"],"articleSection":["Not\u00edcias"],"inLanguage":"pt-PT"},{"@type":"WebPage","@id":"https:\/\/portaltela.pt\/noticias\/2026\/02\/25\/juizes-exigem-reparacao-urgente-de-tribunais-em-coimbra\/","url":"https:\/\/portaltela.pt\/noticias\/2026\/02\/25\/juizes-exigem-reparacao-urgente-de-tribunais-em-coimbra\/","name":"Ju\u00edzes exigem repara\u00e7\u00e3o urgente de tribunais em Coimbra - Portal Tela Portugal","isPartOf":{"@id":"https:\/\/portaltela.pt\/#website"},"primaryImageOfPage":{"@id":"https:\/\/portaltela.pt\/noticias\/2026\/02\/25\/juizes-exigem-reparacao-urgente-de-tribunais-em-coimbra\/#primaryimage"},"image":{"@id":"https:\/\/portaltela.pt\/noticias\/2026\/02\/25\/juizes-exigem-reparacao-urgente-de-tribunais-em-coimbra\/#primaryimage"},"thumbnailUrl":"https:\/\/portaltela.pt\/s.01k8rhncp4jt1\/2026\/02\/img_1500x1000uu2024-09-20-23-04-53-1752424.jpg","datePublished":"2026-02-25T12:37:37+00:00","author":{"@id":"https:\/\/portaltela.pt\/#\/schema\/person\/c4278d4a6028830caff9ee44b42d32ed"},"breadcrumb":{"@id":"https:\/\/portaltela.pt\/noticias\/2026\/02\/25\/juizes-exigem-reparacao-urgente-de-tribunais-em-coimbra\/#breadcrumb"},"inLanguage":"pt-PT","potentialAction":[{"@type":"ReadAction","target":["https:\/\/portaltela.pt\/noticias\/2026\/02\/25\/juizes-exigem-reparacao-urgente-de-tribunais-em-coimbra\/"]}]},{"@type":"ImageObject","inLanguage":"pt-PT","@id":"https:\/\/portaltela.pt\/noticias\/2026\/02\/25\/juizes-exigem-reparacao-urgente-de-tribunais-em-coimbra\/#primaryimage","url":"https:\/\/portaltela.pt\/s.01k8rhncp4jt1\/2026\/02\/img_1500x1000uu2024-09-20-23-04-53-1752424.jpg","contentUrl":"https:\/\/portaltela.pt\/s.01k8rhncp4jt1\/2026\/02\/img_1500x1000uu2024-09-20-23-04-53-1752424.jpg","width":796,"height":448,"caption":"Tribunal de Coimbra"},{"@type":"BreadcrumbList","@id":"https:\/\/portaltela.pt\/noticias\/2026\/02\/25\/juizes-exigem-reparacao-urgente-de-tribunais-em-coimbra\/#breadcrumb","itemListElement":[{"@type":"ListItem","position":1,"name":"In\u00edcio","item":"https:\/\/portaltela.pt\/"},{"@type":"ListItem","position":2,"name":"Ju\u00edzes exigem repara\u00e7\u00e3o urgente de tribunais em Coimbra"}]},{"@type":"WebSite","@id":"https:\/\/portaltela.pt\/#website","url":"https:\/\/portaltela.pt\/","name":"Portal Tela Portugal","description":"","potentialAction":[{"@type":"SearchAction","target":{"@type":"EntryPoint","urlTemplate":"https:\/\/portaltela.pt\/?s={search_term_string}"},"query-input":{"@type":"PropertyValueSpecification","valueRequired":true,"valueName":"search_term_string"}}],"inLanguage":"pt-PT"},{"@type":"Person","@id":"https:\/\/portaltela.pt\/#\/schema\/person\/c4278d4a6028830caff9ee44b42d32ed","name":"Telinha","image":{"@type":"ImageObject","inLanguage":"pt-PT","@id":"https:\/\/portaltela.pt\/s.01k8rhncp4jt1\/2025\/11\/talking-bot-125x125.png","url":"https:\/\/portaltela.pt\/s.01k8rhncp4jt1\/2025\/11\/talking-bot-125x125.png","contentUrl":"https:\/\/portaltela.pt\/s.01k8rhncp4jt1\/2025\/11\/talking-bot-125x125.png","caption":"Telinha"},"sameAs":["https:\/\/portaltela.pt\/"],"url":"https:\/\/portaltela.pt\/por\/367410592786\/"}]}},"_links":{"self":[{"href":"https:\/\/portaltela.pt\/api\/wp\/v2\/posts\/225602","targetHints":{"allow":["GET"]}}],"collection":[{"href":"https:\/\/portaltela.pt\/api\/wp\/v2\/posts"}],"about":[{"href":"https:\/\/portaltela.pt\/api\/wp\/v2\/types\/post"}],"author":[{"embeddable":true,"href":"https:\/\/portaltela.pt\/api\/wp\/v2\/users\/2"}],"replies":[{"embeddable":true,"href":"https:\/\/portaltela.pt\/api\/wp\/v2\/comments?post=225602"}],"version-history":[{"count":0,"href":"https:\/\/portaltela.pt\/api\/wp\/v2\/posts\/225602\/revisions"}],"wp:featuredmedia":[{"embeddable":true,"href":"https:\/\/portaltela.pt\/api\/wp\/v2\/media\/225604"}],"wp:attachment":[{"href":"https:\/\/portaltela.pt\/api\/wp\/v2\/media?parent=225602"}],"wp:term":[{"taxonomy":"category","embeddable":true,"href":"https:\/\/portaltela.pt\/api\/wp\/v2\/categories?post=225602"},{"taxonomy":"post_tag","embeddable":true,"href":"https:\/\/portaltela.pt\/api\/wp\/v2\/tags?post=225602"}],"curies":[{"name":"wp","href":"https:\/\/api.w.org\/{rel}","templated":true}]}}