{"id":225589,"date":"2026-02-25T09:28:00","date_gmt":"2026-02-25T12:28:00","guid":{"rendered":"https:\/\/portaltela.pt\/noticias\/2026\/02\/25\/be-preve-neutralidade-carbonica-ate-2045-e-reforca-resistencia-territorial\/"},"modified":"2026-02-25T09:28:00","modified_gmt":"2026-02-25T12:28:00","slug":"be-preve-neutralidade-carbonica-ate-2045-e-reforca-resistencia-territorial","status":"publish","type":"post","link":"https:\/\/portaltela.pt\/noticias\/2026\/02\/25\/be-preve-neutralidade-carbonica-ate-2045-e-reforca-resistencia-territorial\/","title":{"rendered":"BE prev\u00ea neutralidade carb\u00f3nica at\u00e9 2045 e refor\u00e7a resist\u00eancia territorial"},"content":{"rendered":"<p>O BE entregou ao Governo um pacote de medidas para acelerar a descarboniza\u00e7\u00e3o da economia e refor\u00e7ar a resist\u00eancia do territ\u00f3rio frente a condi\u00e7\u00f5es clim\u00e1ticas severas. O envio ocorreu nesta quarta-feira, em S\u00e3o Bento, durante uma reuni\u00e3o sobre as linhas gerais do programa PTRR.<\/p>\n<p>O documento inclui 59 medidas organizadas em nove eixos de interven\u00e7\u00e3o. O objetivo central \u00e9 alcan\u00e7ar a neutralidade carb\u00f3nica at\u00e9 2045, ao mesmo tempo que se refor\u00e7am as condi\u00e7\u00f5es de resili\u00eancia das comunidades e do territ\u00f3rio.<\/p>\n<p>Pureza, coordenador do BE, descreveu o encontro como produtivo e explicou a dupla finalidade do conjunto de propostas. O objetivo \u00e9 acelerar a transi\u00e7\u00e3o energ\u00e9tica e preparar o pa\u00eds para o novo normal de impactos clim\u00e1ticos.<\/p>\n<p>O l\u00edder bloquista destacou ainda que o governo tem aberto espa\u00e7o \u00e0 discuss\u00e3o com v\u00e1rias for\u00e7as pol\u00edticas, numa fase de ausculta\u00e7\u00e3o. O BE pretende que as medidas propostas recebam apoio amplo, tanto de outras for\u00e7as como do executivo.<\/p>\n<p>O PTRR \u00e9 o mecanismo em an\u00e1lise pelo Governo para o per\u00edodo 2024-2026, com apresenta\u00e7\u00e3o de linhas gerais ao parlamento. A vers\u00e3o final e o montante total devem ser aprovados no in\u00edcio de abril, segundo informa\u00e7\u00f5es oficiais.<\/p>\n<p>Do lado do Governo, participam na reuni\u00e3o o primeiro-ministro Lu\u00eds Montenegro, o ministro da Presid\u00eancia Ant\u00f3nio Leit\u00e3o Amaro, o ministro da Economia Manuel Castro Almeida e o ministro dos Assuntos Parlamentares Carlos Abreu Amorim.<\/p>\n","protected":false},"excerpt":{"rendered":"<ul>\n<li>O Bloco de Esquerda entregou ao Governo um pacote com 59 medidas, organizadas em nove eixos, para acelerar a descarboniza\u00e7\u00e3o at\u00e9 2045.<\/li>\n<li>O objetivo \u00e9 alcan\u00e7ar neutralidade carb\u00f3nica at\u00e9 2045 e refor\u00e7ar a resist\u00eancia do territ\u00f3rio a condi\u00e7\u00f5es clim\u00e1ticas severas, no \u00e2mbito do PTRR.<\/li>\n<li>A entrega ocorreu em S\u00e3o Bento, ap\u00f3s uma reuni\u00e3o sobre as linhas gerais do programa Portugal Transforma\u00e7\u00e3o, Recupera\u00e7\u00e3o e Resili\u00eancia.<\/li>\n<li>O BE destaca ter recebido \u201cacolhimento normal\u201d do Governo e pretende que as propostas sejam adotadas por outras for\u00e7as pol\u00edticas para responder ao pa\u00eds.<\/li>\n<li>O Governo est\u00e1 a auscultar for\u00e7as pol\u00edticas e a vers\u00e3o final do PTRR ser\u00e1 apresentada e discutida, com aprova\u00e7\u00e3o prevista para in\u00edcio de abril.<\/li>\n<\/ul>\n","protected":false},"author":2,"featured_media":225597,"comment_status":"closed","ping_status":"closed","sticky":false,"template":"","format":"standard","meta":{"footnotes":""},"categories":[1],"tags":[6115,5224,5072,1843,2832,2540],"class_list":["post-225589","post","type-post","status-publish","format-standard","has-post-thumbnail","hentry","category-noticias","tag-_economia","tag-clima","tag-descarbonizacao","tag-neutralidade-carbonica","tag-politica","tag-territorio"],"yoast_head":"<!-- This site is optimized with the Yoast SEO plugin v27.2 - https:\/\/yoast.com\/product\/yoast-seo-wordpress\/ -->\n<title>BE prev\u00ea neutralidade carb\u00f3nica at\u00e9 2045 e refor\u00e7a resist\u00eancia territorial - Portal Tela Portugal<\/title>\n<meta name=\"robots\" content=\"index, follow, max-snippet:-1, max-image-preview:large, max-video-preview:-1\" \/>\n<meta property=\"og:locale\" content=\"pt_PT\" \/>\n<meta property=\"og:type\" content=\"article\" \/>\n<meta property=\"og:title\" content=\"BE prev\u00ea neutralidade carb\u00f3nica at\u00e9 2045 e refor\u00e7a resist\u00eancia territorial - Portal Tela Portugal\" \/>\n<meta property=\"og:description\" content=\"O Bloco de Esquerda entregou ao Governo um pacote com 59 medidas, organizadas em nove eixos, para acelerar a descarboniza\u00e7\u00e3o at\u00e9 2045. O objetivo \u00e9 alcan\u00e7ar neutralidade carb\u00f3nica at\u00e9 2045 e refor\u00e7ar a resist\u00eancia do territ\u00f3rio a condi\u00e7\u00f5es clim\u00e1ticas severas, no \u00e2mbito do PTRR. A entrega ocorreu em S\u00e3o Bento, ap\u00f3s uma reuni\u00e3o sobre as linhas gerais do programa Portugal Transforma\u00e7\u00e3o, Recupera\u00e7\u00e3o e Resili\u00eancia. O BE destaca ter recebido \u201cacolhimento normal\u201d do Governo e pretende que as propostas sejam adotadas por outras for\u00e7as pol\u00edticas para responder ao pa\u00eds. O Governo est\u00e1 a auscultar for\u00e7as pol\u00edticas e a vers\u00e3o final do PTRR ser\u00e1 apresentada e discutida, com aprova\u00e7\u00e3o prevista para in\u00edcio de abril.\" \/>\n<meta property=\"og:url\" content=\"https:\/\/portaltela.pt\/noticias\/2026\/02\/25\/be-preve-neutralidade-carbonica-ate-2045-e-reforca-resistencia-territorial\/\" \/>\n<meta property=\"og:site_name\" content=\"Portal Tela Portugal\" \/>\n<meta property=\"article:published_time\" content=\"2026-02-25T12:28:00+00:00\" \/>\n<meta name=\"author\" content=\"Telinha\" \/>\n<meta name=\"twitter:card\" content=\"summary_large_image\" \/>\n<meta name=\"twitter:label1\" content=\"Escrito por\" \/>\n\t<meta name=\"twitter:data1\" content=\"Telinha\" \/>\n\t<meta name=\"twitter:label2\" content=\"Tempo estimado de leitura\" \/>\n\t<meta name=\"twitter:data2\" content=\"1 minuto\" \/>\n<script type=\"application\/ld+json\" class=\"yoast-schema-graph\">{\"@context\":\"https:\/\/schema.org\",\"@graph\":[{\"@type\":\"Article\",\"@id\":\"https:\/\/portaltela.pt\/noticias\/2026\/02\/25\/be-preve-neutralidade-carbonica-ate-2045-e-reforca-resistencia-territorial\/#article\",\"isPartOf\":{\"@id\":\"https:\/\/portaltela.pt\/noticias\/2026\/02\/25\/be-preve-neutralidade-carbonica-ate-2045-e-reforca-resistencia-territorial\/\"},\"author\":{\"name\":\"Telinha\",\"@id\":\"https:\/\/portaltela.pt\/#\/schema\/person\/c4278d4a6028830caff9ee44b42d32ed\"},\"headline\":\"BE prev\u00ea neutralidade carb\u00f3nica at\u00e9 2045 e refor\u00e7a resist\u00eancia territorial\",\"datePublished\":\"2026-02-25T12:28:00+00:00\",\"mainEntityOfPage\":{\"@id\":\"https:\/\/portaltela.pt\/noticias\/2026\/02\/25\/be-preve-neutralidade-carbonica-ate-2045-e-reforca-resistencia-territorial\/\"},\"wordCount\":269,\"image\":{\"@id\":\"https:\/\/portaltela.pt\/noticias\/2026\/02\/25\/be-preve-neutralidade-carbonica-ate-2045-e-reforca-resistencia-territorial\/#primaryimage\"},\"thumbnailUrl\":\"https:\/\/portaltela.pt\/s.01k8rhncp4jt1\/2026\/02\/img_1500x1000uu2026-02-01-07-06-00-2263927.jpg\",\"keywords\":[\"_economia\",\"clima\",\"descarboniza\u00e7\u00e3o\",\"neutralidade carb\u00f3nica\",\"pol\u00edtica\",\"Territ\u00f3rio\"],\"articleSection\":[\"Not\u00edcias\"],\"inLanguage\":\"pt-PT\"},{\"@type\":\"WebPage\",\"@id\":\"https:\/\/portaltela.pt\/noticias\/2026\/02\/25\/be-preve-neutralidade-carbonica-ate-2045-e-reforca-resistencia-territorial\/\",\"url\":\"https:\/\/portaltela.pt\/noticias\/2026\/02\/25\/be-preve-neutralidade-carbonica-ate-2045-e-reforca-resistencia-territorial\/\",\"name\":\"BE prev\u00ea neutralidade carb\u00f3nica at\u00e9 2045 e refor\u00e7a resist\u00eancia territorial - Portal Tela Portugal\",\"isPartOf\":{\"@id\":\"https:\/\/portaltela.pt\/#website\"},\"primaryImageOfPage\":{\"@id\":\"https:\/\/portaltela.pt\/noticias\/2026\/02\/25\/be-preve-neutralidade-carbonica-ate-2045-e-reforca-resistencia-territorial\/#primaryimage\"},\"image\":{\"@id\":\"https:\/\/portaltela.pt\/noticias\/2026\/02\/25\/be-preve-neutralidade-carbonica-ate-2045-e-reforca-resistencia-territorial\/#primaryimage\"},\"thumbnailUrl\":\"https:\/\/portaltela.pt\/s.01k8rhncp4jt1\/2026\/02\/img_1500x1000uu2026-02-01-07-06-00-2263927.jpg\",\"datePublished\":\"2026-02-25T12:28:00+00:00\",\"author\":{\"@id\":\"https:\/\/portaltela.pt\/#\/schema\/person\/c4278d4a6028830caff9ee44b42d32ed\"},\"breadcrumb\":{\"@id\":\"https:\/\/portaltela.pt\/noticias\/2026\/02\/25\/be-preve-neutralidade-carbonica-ate-2045-e-reforca-resistencia-territorial\/#breadcrumb\"},\"inLanguage\":\"pt-PT\",\"potentialAction\":[{\"@type\":\"ReadAction\",\"target\":[\"https:\/\/portaltela.pt\/noticias\/2026\/02\/25\/be-preve-neutralidade-carbonica-ate-2045-e-reforca-resistencia-territorial\/\"]}]},{\"@type\":\"ImageObject\",\"inLanguage\":\"pt-PT\",\"@id\":\"https:\/\/portaltela.pt\/noticias\/2026\/02\/25\/be-preve-neutralidade-carbonica-ate-2045-e-reforca-resistencia-territorial\/#primaryimage\",\"url\":\"https:\/\/portaltela.pt\/s.01k8rhncp4jt1\/2026\/02\/img_1500x1000uu2026-02-01-07-06-00-2263927.jpg\",\"contentUrl\":\"https:\/\/portaltela.pt\/s.01k8rhncp4jt1\/2026\/02\/img_1500x1000uu2026-02-01-07-06-00-2263927.jpg\",\"width\":796,\"height\":448,\"caption\":\"Palacete de S\u00e3o Bento\"},{\"@type\":\"BreadcrumbList\",\"@id\":\"https:\/\/portaltela.pt\/noticias\/2026\/02\/25\/be-preve-neutralidade-carbonica-ate-2045-e-reforca-resistencia-territorial\/#breadcrumb\",\"itemListElement\":[{\"@type\":\"ListItem\",\"position\":1,\"name\":\"In\u00edcio\",\"item\":\"https:\/\/portaltela.pt\/\"},{\"@type\":\"ListItem\",\"position\":2,\"name\":\"BE prev\u00ea neutralidade carb\u00f3nica at\u00e9 2045 e refor\u00e7a resist\u00eancia territorial\"}]},{\"@type\":\"WebSite\",\"@id\":\"https:\/\/portaltela.pt\/#website\",\"url\":\"https:\/\/portaltela.pt\/\",\"name\":\"Portal Tela Portugal\",\"description\":\"\",\"potentialAction\":[{\"@type\":\"SearchAction\",\"target\":{\"@type\":\"EntryPoint\",\"urlTemplate\":\"https:\/\/portaltela.pt\/?s={search_term_string}\"},\"query-input\":{\"@type\":\"PropertyValueSpecification\",\"valueRequired\":true,\"valueName\":\"search_term_string\"}}],\"inLanguage\":\"pt-PT\"},{\"@type\":\"Person\",\"@id\":\"https:\/\/portaltela.pt\/#\/schema\/person\/c4278d4a6028830caff9ee44b42d32ed\",\"name\":\"Telinha\",\"image\":{\"@type\":\"ImageObject\",\"inLanguage\":\"pt-PT\",\"@id\":\"https:\/\/portaltela.pt\/s.01k8rhncp4jt1\/2025\/11\/talking-bot-125x125.png\",\"url\":\"https:\/\/portaltela.pt\/s.01k8rhncp4jt1\/2025\/11\/talking-bot-125x125.png\",\"contentUrl\":\"https:\/\/portaltela.pt\/s.01k8rhncp4jt1\/2025\/11\/talking-bot-125x125.png\",\"caption\":\"Telinha\"},\"sameAs\":[\"https:\/\/portaltela.pt\/\"],\"url\":\"https:\/\/portaltela.pt\/por\/367410592786\/\"}]}<\/script>\n<!-- \/ Yoast SEO plugin. -->","yoast_head_json":{"title":"BE prev\u00ea neutralidade carb\u00f3nica at\u00e9 2045 e refor\u00e7a resist\u00eancia territorial - Portal Tela Portugal","robots":{"index":"index","follow":"follow","max-snippet":"max-snippet:-1","max-image-preview":"max-image-preview:large","max-video-preview":"max-video-preview:-1"},"og_locale":"pt_PT","og_type":"article","og_title":"BE prev\u00ea neutralidade carb\u00f3nica at\u00e9 2045 e refor\u00e7a resist\u00eancia territorial - Portal Tela Portugal","og_description":"O Bloco de Esquerda entregou ao Governo um pacote com 59 medidas, organizadas em nove eixos, para acelerar a descarboniza\u00e7\u00e3o at\u00e9 2045. O objetivo \u00e9 alcan\u00e7ar neutralidade carb\u00f3nica at\u00e9 2045 e refor\u00e7ar a resist\u00eancia do territ\u00f3rio a condi\u00e7\u00f5es clim\u00e1ticas severas, no \u00e2mbito do PTRR. A entrega ocorreu em S\u00e3o Bento, ap\u00f3s uma reuni\u00e3o sobre as linhas gerais do programa Portugal Transforma\u00e7\u00e3o, Recupera\u00e7\u00e3o e Resili\u00eancia. O BE destaca ter recebido \u201cacolhimento normal\u201d do Governo e pretende que as propostas sejam adotadas por outras for\u00e7as pol\u00edticas para responder ao pa\u00eds. O Governo est\u00e1 a auscultar for\u00e7as pol\u00edticas e a vers\u00e3o final do PTRR ser\u00e1 apresentada e discutida, com aprova\u00e7\u00e3o prevista para in\u00edcio de abril.","og_url":"https:\/\/portaltela.pt\/noticias\/2026\/02\/25\/be-preve-neutralidade-carbonica-ate-2045-e-reforca-resistencia-territorial\/","og_site_name":"Portal Tela Portugal","article_published_time":"2026-02-25T12:28:00+00:00","author":"Telinha","twitter_card":"summary_large_image","twitter_misc":{"Escrito por":"Telinha","Tempo estimado de leitura":"1 minuto"},"schema":{"@context":"https:\/\/schema.org","@graph":[{"@type":"Article","@id":"https:\/\/portaltela.pt\/noticias\/2026\/02\/25\/be-preve-neutralidade-carbonica-ate-2045-e-reforca-resistencia-territorial\/#article","isPartOf":{"@id":"https:\/\/portaltela.pt\/noticias\/2026\/02\/25\/be-preve-neutralidade-carbonica-ate-2045-e-reforca-resistencia-territorial\/"},"author":{"name":"Telinha","@id":"https:\/\/portaltela.pt\/#\/schema\/person\/c4278d4a6028830caff9ee44b42d32ed"},"headline":"BE prev\u00ea neutralidade carb\u00f3nica at\u00e9 2045 e refor\u00e7a resist\u00eancia territorial","datePublished":"2026-02-25T12:28:00+00:00","mainEntityOfPage":{"@id":"https:\/\/portaltela.pt\/noticias\/2026\/02\/25\/be-preve-neutralidade-carbonica-ate-2045-e-reforca-resistencia-territorial\/"},"wordCount":269,"image":{"@id":"https:\/\/portaltela.pt\/noticias\/2026\/02\/25\/be-preve-neutralidade-carbonica-ate-2045-e-reforca-resistencia-territorial\/#primaryimage"},"thumbnailUrl":"https:\/\/portaltela.pt\/s.01k8rhncp4jt1\/2026\/02\/img_1500x1000uu2026-02-01-07-06-00-2263927.jpg","keywords":["_economia","clima","descarboniza\u00e7\u00e3o","neutralidade carb\u00f3nica","pol\u00edtica","Territ\u00f3rio"],"articleSection":["Not\u00edcias"],"inLanguage":"pt-PT"},{"@type":"WebPage","@id":"https:\/\/portaltela.pt\/noticias\/2026\/02\/25\/be-preve-neutralidade-carbonica-ate-2045-e-reforca-resistencia-territorial\/","url":"https:\/\/portaltela.pt\/noticias\/2026\/02\/25\/be-preve-neutralidade-carbonica-ate-2045-e-reforca-resistencia-territorial\/","name":"BE prev\u00ea neutralidade carb\u00f3nica at\u00e9 2045 e refor\u00e7a resist\u00eancia territorial - Portal Tela Portugal","isPartOf":{"@id":"https:\/\/portaltela.pt\/#website"},"primaryImageOfPage":{"@id":"https:\/\/portaltela.pt\/noticias\/2026\/02\/25\/be-preve-neutralidade-carbonica-ate-2045-e-reforca-resistencia-territorial\/#primaryimage"},"image":{"@id":"https:\/\/portaltela.pt\/noticias\/2026\/02\/25\/be-preve-neutralidade-carbonica-ate-2045-e-reforca-resistencia-territorial\/#primaryimage"},"thumbnailUrl":"https:\/\/portaltela.pt\/s.01k8rhncp4jt1\/2026\/02\/img_1500x1000uu2026-02-01-07-06-00-2263927.jpg","datePublished":"2026-02-25T12:28:00+00:00","author":{"@id":"https:\/\/portaltela.pt\/#\/schema\/person\/c4278d4a6028830caff9ee44b42d32ed"},"breadcrumb":{"@id":"https:\/\/portaltela.pt\/noticias\/2026\/02\/25\/be-preve-neutralidade-carbonica-ate-2045-e-reforca-resistencia-territorial\/#breadcrumb"},"inLanguage":"pt-PT","potentialAction":[{"@type":"ReadAction","target":["https:\/\/portaltela.pt\/noticias\/2026\/02\/25\/be-preve-neutralidade-carbonica-ate-2045-e-reforca-resistencia-territorial\/"]}]},{"@type":"ImageObject","inLanguage":"pt-PT","@id":"https:\/\/portaltela.pt\/noticias\/2026\/02\/25\/be-preve-neutralidade-carbonica-ate-2045-e-reforca-resistencia-territorial\/#primaryimage","url":"https:\/\/portaltela.pt\/s.01k8rhncp4jt1\/2026\/02\/img_1500x1000uu2026-02-01-07-06-00-2263927.jpg","contentUrl":"https:\/\/portaltela.pt\/s.01k8rhncp4jt1\/2026\/02\/img_1500x1000uu2026-02-01-07-06-00-2263927.jpg","width":796,"height":448,"caption":"Palacete de S\u00e3o Bento"},{"@type":"BreadcrumbList","@id":"https:\/\/portaltela.pt\/noticias\/2026\/02\/25\/be-preve-neutralidade-carbonica-ate-2045-e-reforca-resistencia-territorial\/#breadcrumb","itemListElement":[{"@type":"ListItem","position":1,"name":"In\u00edcio","item":"https:\/\/portaltela.pt\/"},{"@type":"ListItem","position":2,"name":"BE prev\u00ea neutralidade carb\u00f3nica at\u00e9 2045 e refor\u00e7a resist\u00eancia territorial"}]},{"@type":"WebSite","@id":"https:\/\/portaltela.pt\/#website","url":"https:\/\/portaltela.pt\/","name":"Portal Tela Portugal","description":"","potentialAction":[{"@type":"SearchAction","target":{"@type":"EntryPoint","urlTemplate":"https:\/\/portaltela.pt\/?s={search_term_string}"},"query-input":{"@type":"PropertyValueSpecification","valueRequired":true,"valueName":"search_term_string"}}],"inLanguage":"pt-PT"},{"@type":"Person","@id":"https:\/\/portaltela.pt\/#\/schema\/person\/c4278d4a6028830caff9ee44b42d32ed","name":"Telinha","image":{"@type":"ImageObject","inLanguage":"pt-PT","@id":"https:\/\/portaltela.pt\/s.01k8rhncp4jt1\/2025\/11\/talking-bot-125x125.png","url":"https:\/\/portaltela.pt\/s.01k8rhncp4jt1\/2025\/11\/talking-bot-125x125.png","contentUrl":"https:\/\/portaltela.pt\/s.01k8rhncp4jt1\/2025\/11\/talking-bot-125x125.png","caption":"Telinha"},"sameAs":["https:\/\/portaltela.pt\/"],"url":"https:\/\/portaltela.pt\/por\/367410592786\/"}]}},"_links":{"self":[{"href":"https:\/\/portaltela.pt\/api\/wp\/v2\/posts\/225589","targetHints":{"allow":["GET"]}}],"collection":[{"href":"https:\/\/portaltela.pt\/api\/wp\/v2\/posts"}],"about":[{"href":"https:\/\/portaltela.pt\/api\/wp\/v2\/types\/post"}],"author":[{"embeddable":true,"href":"https:\/\/portaltela.pt\/api\/wp\/v2\/users\/2"}],"replies":[{"embeddable":true,"href":"https:\/\/portaltela.pt\/api\/wp\/v2\/comments?post=225589"}],"version-history":[{"count":0,"href":"https:\/\/portaltela.pt\/api\/wp\/v2\/posts\/225589\/revisions"}],"wp:featuredmedia":[{"embeddable":true,"href":"https:\/\/portaltela.pt\/api\/wp\/v2\/media\/225597"}],"wp:attachment":[{"href":"https:\/\/portaltela.pt\/api\/wp\/v2\/media?parent=225589"}],"wp:term":[{"taxonomy":"category","embeddable":true,"href":"https:\/\/portaltela.pt\/api\/wp\/v2\/categories?post=225589"},{"taxonomy":"post_tag","embeddable":true,"href":"https:\/\/portaltela.pt\/api\/wp\/v2\/tags?post=225589"}],"curies":[{"name":"wp","href":"https:\/\/api.w.org\/{rel}","templated":true}]}}