{"id":225554,"date":"2026-02-25T09:01:00","date_gmt":"2026-02-25T12:01:00","guid":{"rendered":"https:\/\/portaltela.pt\/noticias\/2026\/02\/25\/pastor-sonha-com-raves-e-e-identificado-como-dj-ahmet\/"},"modified":"2026-02-25T09:01:00","modified_gmt":"2026-02-25T12:01:00","slug":"pastor-sonha-com-raves-e-e-identificado-como-dj-ahmet","status":"publish","type":"post","link":"https:\/\/portaltela.pt\/noticias\/2026\/02\/25\/pastor-sonha-com-raves-e-e-identificado-como-dj-ahmet\/","title":{"rendered":"Pastor sonha com raves e \u00e9 identificado como DJ Ahmet"},"content":{"rendered":"<p>Um filme vindo da Maced\u00f3nia do Norte apresenta uma hist\u00f3ria centrada num pastor que sonha com raves e m\u00fasica techno. A narrativa acompanha Ahmet, protagonista da trama, cuja cabe\u00e7a sofre v\u00e1rias distra\u00e7\u00f5es de amor e tradi\u00e7\u00f5es. O enredo aponta para uma tens\u00e3o entre sonho e expectativa social.<\/p>\n<p>A hist\u00f3ria envolve a aldeia onde Ahmet exerce o oficio religioso e a comunidade que o acompanha. Entre casamentos de conveni\u00eancia e noivas sob press\u00e3o, o pastor enfrenta escolhas entre as leias tradicionais e um desejo de liberta\u00e7\u00e3o musical.<\/p>\n<p>A obra recorre a refer\u00eancias do cinema da regi\u00e3o dos Balc\u00e3s para materializar uma energia ca\u00f3tica e indomestic\u00e1vel. Em particular, o filme faz alus\u00e3o ao cinema de Kusturica, mantendo o esp\u00edrito de compasso temporal e de humor negro.<\/p>\n<p>No centro da narrativa est\u00e1 uma rapariga envolvida em um casamento arranjado. A rela\u00e7\u00e3o com Ahmet promete confrontar normas sociais e revelar dilemas morais, sob a perspetiva de quem vive entre f\u00e9, tradi\u00e7\u00e3o e modernidade.<\/p>\n<p>A produ\u00e7\u00e3o usa o fio condutor da m\u00fasica popular, j\u00e1 misturada com tend\u00eancias internacionais. O objetivo \u00e9 sinalizar uma for\u00e7a que desafia o status quo, mantendo o foco na vida cotidiana das aldeias.<\/p>\n<p>O conjunto da obra situa-se numa chave de drama humano e de transforma\u00e7\u00e3o social. O filme oferece uma leitura sobre perten\u00e7a, escolhas dif\u00edceis e o peso das expectativas familiares.<\/p>\n","protected":false},"excerpt":{"rendered":"<ul>\n<li>O filme apresenta Ahmet, um pastor que sonha com raves e m\u00fasica techno.<\/li>\n<li>A narrativa evoca mem\u00f3rias de uma regi\u00e3o balc\u00e2nica, com aldeias, casamentos de conveni\u00eancia e noivas sob press\u00e3o familiar.<\/li>\n<li>Ahmet, de cabelo encaracolado, acaba por perder as ovelhas que zela.<\/li>\n<li>A obra dialoga com a energia ca\u00f3tica dos filmes de Kusturica, numa leitura contempor\u00e2nea das tradi\u00e7\u00f5es.<\/li>\n<li>O enredo acompanha o romance entre Ahmet e uma rapariga associada a um casamento arranjado, explorando o choque entre desejos pessoais e normas sociais.<\/li>\n<\/ul>\n","protected":false},"author":2,"featured_media":225557,"comment_status":"closed","ping_status":"closed","sticky":false,"template":"","format":"standard","meta":{"footnotes":""},"categories":[12,1],"tags":[3203,112,5242,122,104,146],"class_list":["post-225554","post","type-post","status-publish","format-standard","has-post-thumbnail","hentry","category-entretenimento","category-noticias","tag-balcas-ocidentais","tag-cinema","tag-filmes","tag-musica","tag-religiao","tag-tradicoes"],"yoast_head":"<!-- This site is optimized with the Yoast SEO plugin v27.2 - https:\/\/yoast.com\/product\/yoast-seo-wordpress\/ -->\n<title>Pastor sonha com raves e \u00e9 identificado como DJ Ahmet - Portal Tela Portugal<\/title>\n<meta name=\"robots\" content=\"index, follow, max-snippet:-1, max-image-preview:large, max-video-preview:-1\" \/>\n<meta property=\"og:locale\" content=\"pt_PT\" \/>\n<meta property=\"og:type\" content=\"article\" \/>\n<meta property=\"og:title\" content=\"Pastor sonha com raves e \u00e9 identificado como DJ Ahmet - Portal Tela Portugal\" \/>\n<meta property=\"og:description\" content=\"O filme apresenta Ahmet, um pastor que sonha com raves e m\u00fasica techno. A narrativa evoca mem\u00f3rias de uma regi\u00e3o balc\u00e2nica, com aldeias, casamentos de conveni\u00eancia e noivas sob press\u00e3o familiar. Ahmet, de cabelo encaracolado, acaba por perder as ovelhas que zela. A obra dialoga com a energia ca\u00f3tica dos filmes de Kusturica, numa leitura contempor\u00e2nea das tradi\u00e7\u00f5es. O enredo acompanha o romance entre Ahmet e uma rapariga associada a um casamento arranjado, explorando o choque entre desejos pessoais e normas sociais.\" \/>\n<meta property=\"og:url\" content=\"https:\/\/portaltela.pt\/noticias\/2026\/02\/25\/pastor-sonha-com-raves-e-e-identificado-como-dj-ahmet\/\" \/>\n<meta property=\"og:site_name\" content=\"Portal Tela Portugal\" \/>\n<meta property=\"article:published_time\" content=\"2026-02-25T12:01:00+00:00\" \/>\n<meta name=\"author\" content=\"Telinha\" \/>\n<meta name=\"twitter:card\" content=\"summary_large_image\" \/>\n<meta name=\"twitter:label1\" content=\"Escrito por\" \/>\n\t<meta name=\"twitter:data1\" content=\"Telinha\" \/>\n\t<meta name=\"twitter:label2\" content=\"Tempo estimado de leitura\" \/>\n\t<meta name=\"twitter:data2\" content=\"1 minuto\" \/>\n<script type=\"application\/ld+json\" class=\"yoast-schema-graph\">{\"@context\":\"https:\/\/schema.org\",\"@graph\":[{\"@type\":\"Article\",\"@id\":\"https:\/\/portaltela.pt\/noticias\/2026\/02\/25\/pastor-sonha-com-raves-e-e-identificado-como-dj-ahmet\/#article\",\"isPartOf\":{\"@id\":\"https:\/\/portaltela.pt\/noticias\/2026\/02\/25\/pastor-sonha-com-raves-e-e-identificado-como-dj-ahmet\/\"},\"author\":{\"name\":\"Telinha\",\"@id\":\"https:\/\/portaltela.pt\/#\/schema\/person\/c4278d4a6028830caff9ee44b42d32ed\"},\"headline\":\"Pastor sonha com raves e \u00e9 identificado como DJ Ahmet\",\"datePublished\":\"2026-02-25T12:01:00+00:00\",\"mainEntityOfPage\":{\"@id\":\"https:\/\/portaltela.pt\/noticias\/2026\/02\/25\/pastor-sonha-com-raves-e-e-identificado-como-dj-ahmet\/\"},\"wordCount\":257,\"image\":{\"@id\":\"https:\/\/portaltela.pt\/noticias\/2026\/02\/25\/pastor-sonha-com-raves-e-e-identificado-como-dj-ahmet\/#primaryimage\"},\"thumbnailUrl\":\"https:\/\/portaltela.pt\/s.01k8rhncp4jt1\/2026\/02\/2069531.jpg\",\"keywords\":[\"Balc\u00e3s Ocidentais\",\"cinema\",\"filmes\",\"m\u00fasica\",\"religi\u00e3o\",\"tradi\u00e7\u00f5es\"],\"articleSection\":[\"Entretenimento\",\"Not\u00edcias\"],\"inLanguage\":\"pt-PT\"},{\"@type\":\"WebPage\",\"@id\":\"https:\/\/portaltela.pt\/noticias\/2026\/02\/25\/pastor-sonha-com-raves-e-e-identificado-como-dj-ahmet\/\",\"url\":\"https:\/\/portaltela.pt\/noticias\/2026\/02\/25\/pastor-sonha-com-raves-e-e-identificado-como-dj-ahmet\/\",\"name\":\"Pastor sonha com raves e \u00e9 identificado como DJ Ahmet - Portal Tela Portugal\",\"isPartOf\":{\"@id\":\"https:\/\/portaltela.pt\/#website\"},\"primaryImageOfPage\":{\"@id\":\"https:\/\/portaltela.pt\/noticias\/2026\/02\/25\/pastor-sonha-com-raves-e-e-identificado-como-dj-ahmet\/#primaryimage\"},\"image\":{\"@id\":\"https:\/\/portaltela.pt\/noticias\/2026\/02\/25\/pastor-sonha-com-raves-e-e-identificado-como-dj-ahmet\/#primaryimage\"},\"thumbnailUrl\":\"https:\/\/portaltela.pt\/s.01k8rhncp4jt1\/2026\/02\/2069531.jpg\",\"datePublished\":\"2026-02-25T12:01:00+00:00\",\"author\":{\"@id\":\"https:\/\/portaltela.pt\/#\/schema\/person\/c4278d4a6028830caff9ee44b42d32ed\"},\"breadcrumb\":{\"@id\":\"https:\/\/portaltela.pt\/noticias\/2026\/02\/25\/pastor-sonha-com-raves-e-e-identificado-como-dj-ahmet\/#breadcrumb\"},\"inLanguage\":\"pt-PT\",\"potentialAction\":[{\"@type\":\"ReadAction\",\"target\":[\"https:\/\/portaltela.pt\/noticias\/2026\/02\/25\/pastor-sonha-com-raves-e-e-identificado-como-dj-ahmet\/\"]}]},{\"@type\":\"ImageObject\",\"inLanguage\":\"pt-PT\",\"@id\":\"https:\/\/portaltela.pt\/noticias\/2026\/02\/25\/pastor-sonha-com-raves-e-e-identificado-como-dj-ahmet\/#primaryimage\",\"url\":\"https:\/\/portaltela.pt\/s.01k8rhncp4jt1\/2026\/02\/2069531.jpg\",\"contentUrl\":\"https:\/\/portaltela.pt\/s.01k8rhncp4jt1\/2026\/02\/2069531.jpg\",\"width\":796,\"height\":448,\"caption\":\"Os estere\u00f3tipos e as varia\u00e7\u00f5es sobre os estere\u00f3tipos: *DJ Ahmet*, uma das estreias de cinema da semana em Portugal\"},{\"@type\":\"BreadcrumbList\",\"@id\":\"https:\/\/portaltela.pt\/noticias\/2026\/02\/25\/pastor-sonha-com-raves-e-e-identificado-como-dj-ahmet\/#breadcrumb\",\"itemListElement\":[{\"@type\":\"ListItem\",\"position\":1,\"name\":\"In\u00edcio\",\"item\":\"https:\/\/portaltela.pt\/\"},{\"@type\":\"ListItem\",\"position\":2,\"name\":\"Pastor sonha com raves e \u00e9 identificado como DJ Ahmet\"}]},{\"@type\":\"WebSite\",\"@id\":\"https:\/\/portaltela.pt\/#website\",\"url\":\"https:\/\/portaltela.pt\/\",\"name\":\"Portal Tela Portugal\",\"description\":\"\",\"potentialAction\":[{\"@type\":\"SearchAction\",\"target\":{\"@type\":\"EntryPoint\",\"urlTemplate\":\"https:\/\/portaltela.pt\/?s={search_term_string}\"},\"query-input\":{\"@type\":\"PropertyValueSpecification\",\"valueRequired\":true,\"valueName\":\"search_term_string\"}}],\"inLanguage\":\"pt-PT\"},{\"@type\":\"Person\",\"@id\":\"https:\/\/portaltela.pt\/#\/schema\/person\/c4278d4a6028830caff9ee44b42d32ed\",\"name\":\"Telinha\",\"image\":{\"@type\":\"ImageObject\",\"inLanguage\":\"pt-PT\",\"@id\":\"https:\/\/portaltela.pt\/s.01k8rhncp4jt1\/2025\/11\/talking-bot-125x125.png\",\"url\":\"https:\/\/portaltela.pt\/s.01k8rhncp4jt1\/2025\/11\/talking-bot-125x125.png\",\"contentUrl\":\"https:\/\/portaltela.pt\/s.01k8rhncp4jt1\/2025\/11\/talking-bot-125x125.png\",\"caption\":\"Telinha\"},\"sameAs\":[\"https:\/\/portaltela.pt\/\"],\"url\":\"https:\/\/portaltela.pt\/por\/367410592786\/\"}]}<\/script>\n<!-- \/ Yoast SEO plugin. -->","yoast_head_json":{"title":"Pastor sonha com raves e \u00e9 identificado como DJ Ahmet - Portal Tela Portugal","robots":{"index":"index","follow":"follow","max-snippet":"max-snippet:-1","max-image-preview":"max-image-preview:large","max-video-preview":"max-video-preview:-1"},"og_locale":"pt_PT","og_type":"article","og_title":"Pastor sonha com raves e \u00e9 identificado como DJ Ahmet - Portal Tela Portugal","og_description":"O filme apresenta Ahmet, um pastor que sonha com raves e m\u00fasica techno. A narrativa evoca mem\u00f3rias de uma regi\u00e3o balc\u00e2nica, com aldeias, casamentos de conveni\u00eancia e noivas sob press\u00e3o familiar. Ahmet, de cabelo encaracolado, acaba por perder as ovelhas que zela. A obra dialoga com a energia ca\u00f3tica dos filmes de Kusturica, numa leitura contempor\u00e2nea das tradi\u00e7\u00f5es. O enredo acompanha o romance entre Ahmet e uma rapariga associada a um casamento arranjado, explorando o choque entre desejos pessoais e normas sociais.","og_url":"https:\/\/portaltela.pt\/noticias\/2026\/02\/25\/pastor-sonha-com-raves-e-e-identificado-como-dj-ahmet\/","og_site_name":"Portal Tela Portugal","article_published_time":"2026-02-25T12:01:00+00:00","author":"Telinha","twitter_card":"summary_large_image","twitter_misc":{"Escrito por":"Telinha","Tempo estimado de leitura":"1 minuto"},"schema":{"@context":"https:\/\/schema.org","@graph":[{"@type":"Article","@id":"https:\/\/portaltela.pt\/noticias\/2026\/02\/25\/pastor-sonha-com-raves-e-e-identificado-como-dj-ahmet\/#article","isPartOf":{"@id":"https:\/\/portaltela.pt\/noticias\/2026\/02\/25\/pastor-sonha-com-raves-e-e-identificado-como-dj-ahmet\/"},"author":{"name":"Telinha","@id":"https:\/\/portaltela.pt\/#\/schema\/person\/c4278d4a6028830caff9ee44b42d32ed"},"headline":"Pastor sonha com raves e \u00e9 identificado como DJ Ahmet","datePublished":"2026-02-25T12:01:00+00:00","mainEntityOfPage":{"@id":"https:\/\/portaltela.pt\/noticias\/2026\/02\/25\/pastor-sonha-com-raves-e-e-identificado-como-dj-ahmet\/"},"wordCount":257,"image":{"@id":"https:\/\/portaltela.pt\/noticias\/2026\/02\/25\/pastor-sonha-com-raves-e-e-identificado-como-dj-ahmet\/#primaryimage"},"thumbnailUrl":"https:\/\/portaltela.pt\/s.01k8rhncp4jt1\/2026\/02\/2069531.jpg","keywords":["Balc\u00e3s Ocidentais","cinema","filmes","m\u00fasica","religi\u00e3o","tradi\u00e7\u00f5es"],"articleSection":["Entretenimento","Not\u00edcias"],"inLanguage":"pt-PT"},{"@type":"WebPage","@id":"https:\/\/portaltela.pt\/noticias\/2026\/02\/25\/pastor-sonha-com-raves-e-e-identificado-como-dj-ahmet\/","url":"https:\/\/portaltela.pt\/noticias\/2026\/02\/25\/pastor-sonha-com-raves-e-e-identificado-como-dj-ahmet\/","name":"Pastor sonha com raves e \u00e9 identificado como DJ Ahmet - Portal Tela Portugal","isPartOf":{"@id":"https:\/\/portaltela.pt\/#website"},"primaryImageOfPage":{"@id":"https:\/\/portaltela.pt\/noticias\/2026\/02\/25\/pastor-sonha-com-raves-e-e-identificado-como-dj-ahmet\/#primaryimage"},"image":{"@id":"https:\/\/portaltela.pt\/noticias\/2026\/02\/25\/pastor-sonha-com-raves-e-e-identificado-como-dj-ahmet\/#primaryimage"},"thumbnailUrl":"https:\/\/portaltela.pt\/s.01k8rhncp4jt1\/2026\/02\/2069531.jpg","datePublished":"2026-02-25T12:01:00+00:00","author":{"@id":"https:\/\/portaltela.pt\/#\/schema\/person\/c4278d4a6028830caff9ee44b42d32ed"},"breadcrumb":{"@id":"https:\/\/portaltela.pt\/noticias\/2026\/02\/25\/pastor-sonha-com-raves-e-e-identificado-como-dj-ahmet\/#breadcrumb"},"inLanguage":"pt-PT","potentialAction":[{"@type":"ReadAction","target":["https:\/\/portaltela.pt\/noticias\/2026\/02\/25\/pastor-sonha-com-raves-e-e-identificado-como-dj-ahmet\/"]}]},{"@type":"ImageObject","inLanguage":"pt-PT","@id":"https:\/\/portaltela.pt\/noticias\/2026\/02\/25\/pastor-sonha-com-raves-e-e-identificado-como-dj-ahmet\/#primaryimage","url":"https:\/\/portaltela.pt\/s.01k8rhncp4jt1\/2026\/02\/2069531.jpg","contentUrl":"https:\/\/portaltela.pt\/s.01k8rhncp4jt1\/2026\/02\/2069531.jpg","width":796,"height":448,"caption":"Os estere\u00f3tipos e as varia\u00e7\u00f5es sobre os estere\u00f3tipos: *DJ Ahmet*, uma das estreias de cinema da semana em Portugal"},{"@type":"BreadcrumbList","@id":"https:\/\/portaltela.pt\/noticias\/2026\/02\/25\/pastor-sonha-com-raves-e-e-identificado-como-dj-ahmet\/#breadcrumb","itemListElement":[{"@type":"ListItem","position":1,"name":"In\u00edcio","item":"https:\/\/portaltela.pt\/"},{"@type":"ListItem","position":2,"name":"Pastor sonha com raves e \u00e9 identificado como DJ Ahmet"}]},{"@type":"WebSite","@id":"https:\/\/portaltela.pt\/#website","url":"https:\/\/portaltela.pt\/","name":"Portal Tela Portugal","description":"","potentialAction":[{"@type":"SearchAction","target":{"@type":"EntryPoint","urlTemplate":"https:\/\/portaltela.pt\/?s={search_term_string}"},"query-input":{"@type":"PropertyValueSpecification","valueRequired":true,"valueName":"search_term_string"}}],"inLanguage":"pt-PT"},{"@type":"Person","@id":"https:\/\/portaltela.pt\/#\/schema\/person\/c4278d4a6028830caff9ee44b42d32ed","name":"Telinha","image":{"@type":"ImageObject","inLanguage":"pt-PT","@id":"https:\/\/portaltela.pt\/s.01k8rhncp4jt1\/2025\/11\/talking-bot-125x125.png","url":"https:\/\/portaltela.pt\/s.01k8rhncp4jt1\/2025\/11\/talking-bot-125x125.png","contentUrl":"https:\/\/portaltela.pt\/s.01k8rhncp4jt1\/2025\/11\/talking-bot-125x125.png","caption":"Telinha"},"sameAs":["https:\/\/portaltela.pt\/"],"url":"https:\/\/portaltela.pt\/por\/367410592786\/"}]}},"_links":{"self":[{"href":"https:\/\/portaltela.pt\/api\/wp\/v2\/posts\/225554","targetHints":{"allow":["GET"]}}],"collection":[{"href":"https:\/\/portaltela.pt\/api\/wp\/v2\/posts"}],"about":[{"href":"https:\/\/portaltela.pt\/api\/wp\/v2\/types\/post"}],"author":[{"embeddable":true,"href":"https:\/\/portaltela.pt\/api\/wp\/v2\/users\/2"}],"replies":[{"embeddable":true,"href":"https:\/\/portaltela.pt\/api\/wp\/v2\/comments?post=225554"}],"version-history":[{"count":0,"href":"https:\/\/portaltela.pt\/api\/wp\/v2\/posts\/225554\/revisions"}],"wp:featuredmedia":[{"embeddable":true,"href":"https:\/\/portaltela.pt\/api\/wp\/v2\/media\/225557"}],"wp:attachment":[{"href":"https:\/\/portaltela.pt\/api\/wp\/v2\/media?parent=225554"}],"wp:term":[{"taxonomy":"category","embeddable":true,"href":"https:\/\/portaltela.pt\/api\/wp\/v2\/categories?post=225554"},{"taxonomy":"post_tag","embeddable":true,"href":"https:\/\/portaltela.pt\/api\/wp\/v2\/tags?post=225554"}],"curies":[{"name":"wp","href":"https:\/\/api.w.org\/{rel}","templated":true}]}}