{"id":225541,"date":"2026-02-25T08:47:00","date_gmt":"2026-02-25T11:47:00","guid":{"rendered":"https:\/\/portaltela.pt\/noticias\/2026\/02\/25\/idosos-passam-a-ter-estatuto-com-prioridade-para-ficar-em-casa\/"},"modified":"2026-02-25T08:47:00","modified_gmt":"2026-02-25T11:47:00","slug":"idosos-passam-a-ter-estatuto-com-prioridade-para-ficar-em-casa","status":"publish","type":"post","link":"https:\/\/portaltela.pt\/noticias\/2026\/02\/25\/idosos-passam-a-ter-estatuto-com-prioridade-para-ficar-em-casa\/","title":{"rendered":"Idosos passam a ter estatuto com prioridade para ficar em casa"},"content":{"rendered":"<p>O Estatuto da Pessoa Idosa foi publicado esta quarta-feira no Di\u00e1rio da Rep\u00fablica, visando assegurar que os idosos permane\u00e7am na sua casa o tempo poss\u00edvel, com condi\u00e7\u00f5es dignas. A ideia \u00e9 reduzir a institucionaliza\u00e7\u00e3o.<\/p>\n<p>O documento, que j\u00e1 havia sido aprovado na generalidade em janeiro de 2025, manteve-se sem altera\u00e7\u00f5es relevantes apesar das elei\u00e7\u00f5es de maio. O Minist\u00e9rio do Trabalho, Solidariedade e Seguran\u00e7a Social seguiu ao lado das linhas aprovadas.<\/p>\n<p>O foco central continua a ser a autonomia do idoso e a perman\u00eancia no lar, sempre que poss\u00edvel, com o Estado a preparar respostas que apoiem esse objetivo.<\/p>\n<h3>Direitos e prote\u00e7\u00e3o<\/h3>\n<p>O estatuto concede prote\u00e7\u00e3o social, combate \u00e0 viol\u00eancia e acesso a atividades culturais e educa\u00e7\u00e3o. O objetivo \u00e9 assegurar participa\u00e7\u00e3o e dignidade em v\u00e1rias \u00e1reas da vida.<\/p>\n<p>A norma afirma que o idoso pode decidir sobre a sua resid\u00eancia, os cuidados que recebe e a participa\u00e7\u00e3o social, pol\u00edtica e cultural. O Estado deve promover manter o idoso em casa.<\/p>\n<p>A prioridade dada \u00e0 resid\u00eancia na habita\u00e7\u00e3o envolve pol\u00edticas para retardar ou evitar a institucionaliza\u00e7\u00e3o, refor\u00e7ando a autonomia do cidad\u00e3o idoso em contexto familiar ou comunit\u00e1rio.<\/p>\n<h3>Implementa\u00e7\u00e3o e medidas futuras<\/h3>\n<p>No cap\u00edtulo de habita\u00e7\u00e3o, o documento pro\u00edbe discrimina\u00e7\u00e3o por idade no acesso a arrendamento, com medidas de prote\u00e7\u00e3o para idosos. A implementa\u00e7\u00e3o depende de regulamenta\u00e7\u00e3o do governo.<\/p>\n<p>A tutela indica que o factor idade ser\u00e1 considerado na formula\u00e7\u00e3o de pol\u00edticas sociais p\u00fablicas e na forma\u00e7\u00e3o de profissionais de geriatria e gerontologia. H\u00e1 tamb\u00e9m atendimento priorit\u00e1rio em entidades p\u00fablicas.<\/p>\n<p>A agress\u00e3o, neglig\u00eancia e viol\u00eancia contra o idoso devem ser combatidas com pol\u00edticas ativas de preven\u00e7\u00e3o. O estatuto prev\u00ea resposta integrada do Estado.<\/p>\n<h3>Cuidados no domic\u00edlio<\/h3>\n<p>O documento apoia o refor\u00e7o dos servi\u00e7os de apoio domicili\u00e1rio e a expans\u00e3o da teleassist\u00eancia para a popula\u00e7\u00e3o idosa. O direito de acompanhar o idoso por cuidador informal \u00e9 protegido.<\/p>\n<p>A p\u00fablica promove ainda a cria\u00e7\u00e3o de respostas sociais que privilegiem a autonomia e apoiem os cuidadores informais, com comparticipa\u00e7\u00e3o de apoios.<\/p>\n<p>A ministra indica passos j\u00e1 dados, como a bolsa de cuidadores volunt\u00e1rios, prevista para piloto em 18 concelhos. O lan\u00e7amento formal ainda depende de regulamenta\u00e7\u00e3o.<\/p>\n","protected":false},"excerpt":{"rendered":"<ul>\n<li>O Estatuto da Pessoa Idosa foi publicado no Di\u00e1rio da Rep\u00fablica, com prioridade na perman\u00eancia em casa para os idosos.<\/li>\n<li>O objetivo \u00e9 reduzir a institucionaliza\u00e7\u00e3o, assegurando condi\u00e7\u00f5es dignas para que os idosos permane\u00e7am na sua resid\u00eancia pelo maior tempo poss\u00edvel.<\/li>\n<li>O documento re\u00fane direitos em \u00e1reas como habita\u00e7\u00e3o, sa\u00fade, prote\u00e7\u00e3o social e participa\u00e7\u00e3o cultural, mantendo a autonomia na decis\u00e3o sobre onde residir e os cuidados a receber.<\/li>\n<li>O Estado compromete-se a criar respostas e servi\u00e7os que permitam a perman\u00eancia domicili\u00e1ria, bem como a formar profissionais na geriatria e gerontologia.<\/li>\n<li>Entre as medidas previstas est\u00e3o a prote\u00e7\u00e3o contra viol\u00eancia, avalia\u00e7\u00e3o de pol\u00edticas para apoiar o domic\u00edlio, e a cria\u00e7\u00e3o de uma bolsa de cuidadores volunt\u00e1rios em piloto de dezoito concelhos.<\/li>\n<\/ul>\n","protected":false},"author":2,"featured_media":225548,"comment_status":"closed","ping_status":"closed","sticky":false,"template":"","format":"standard","meta":{"footnotes":""},"categories":[1],"tags":[2172,5780,150,2736,173,243],"class_list":["post-225541","post","type-post","status-publish","format-standard","has-post-thumbnail","hentry","category-noticias","tag-assistencia-social","tag-cuidadores","tag-habitacao","tag-idosos","tag-protecao-social","tag-seguranca-social"],"yoast_head":"<!-- This site is optimized with the Yoast SEO plugin v27.2 - https:\/\/yoast.com\/product\/yoast-seo-wordpress\/ -->\n<title>Idosos passam a ter estatuto com prioridade para ficar em casa - Portal Tela Portugal<\/title>\n<meta name=\"robots\" content=\"index, follow, max-snippet:-1, max-image-preview:large, max-video-preview:-1\" \/>\n<meta property=\"og:locale\" content=\"pt_PT\" \/>\n<meta property=\"og:type\" content=\"article\" \/>\n<meta property=\"og:title\" content=\"Idosos passam a ter estatuto com prioridade para ficar em casa - Portal Tela Portugal\" \/>\n<meta property=\"og:description\" content=\"O Estatuto da Pessoa Idosa foi publicado no Di\u00e1rio da Rep\u00fablica, com prioridade na perman\u00eancia em casa para os idosos. O objetivo \u00e9 reduzir a institucionaliza\u00e7\u00e3o, assegurando condi\u00e7\u00f5es dignas para que os idosos permane\u00e7am na sua resid\u00eancia pelo maior tempo poss\u00edvel. O documento re\u00fane direitos em \u00e1reas como habita\u00e7\u00e3o, sa\u00fade, prote\u00e7\u00e3o social e participa\u00e7\u00e3o cultural, mantendo a autonomia na decis\u00e3o sobre onde residir e os cuidados a receber. O Estado compromete-se a criar respostas e servi\u00e7os que permitam a perman\u00eancia domicili\u00e1ria, bem como a formar profissionais na geriatria e gerontologia. Entre as medidas previstas est\u00e3o a prote\u00e7\u00e3o contra viol\u00eancia, avalia\u00e7\u00e3o de pol\u00edticas para apoiar o domic\u00edlio, e a cria\u00e7\u00e3o de uma bolsa de cuidadores volunt\u00e1rios em piloto de dezoito concelhos.\" \/>\n<meta property=\"og:url\" content=\"https:\/\/portaltela.pt\/noticias\/2026\/02\/25\/idosos-passam-a-ter-estatuto-com-prioridade-para-ficar-em-casa\/\" \/>\n<meta property=\"og:site_name\" content=\"Portal Tela Portugal\" \/>\n<meta property=\"article:published_time\" content=\"2026-02-25T11:47:00+00:00\" \/>\n<meta name=\"author\" content=\"Telinha\" \/>\n<meta name=\"twitter:card\" content=\"summary_large_image\" \/>\n<meta name=\"twitter:label1\" content=\"Escrito por\" \/>\n\t<meta name=\"twitter:data1\" content=\"Telinha\" \/>\n\t<meta name=\"twitter:label2\" content=\"Tempo estimado de leitura\" \/>\n\t<meta name=\"twitter:data2\" content=\"2 minutos\" \/>\n<script type=\"application\/ld+json\" class=\"yoast-schema-graph\">{\"@context\":\"https:\/\/schema.org\",\"@graph\":[{\"@type\":\"Article\",\"@id\":\"https:\/\/portaltela.pt\/noticias\/2026\/02\/25\/idosos-passam-a-ter-estatuto-com-prioridade-para-ficar-em-casa\/#article\",\"isPartOf\":{\"@id\":\"https:\/\/portaltela.pt\/noticias\/2026\/02\/25\/idosos-passam-a-ter-estatuto-com-prioridade-para-ficar-em-casa\/\"},\"author\":{\"name\":\"Telinha\",\"@id\":\"https:\/\/portaltela.pt\/#\/schema\/person\/c4278d4a6028830caff9ee44b42d32ed\"},\"headline\":\"Idosos passam a ter estatuto com prioridade para ficar em casa\",\"datePublished\":\"2026-02-25T11:47:00+00:00\",\"mainEntityOfPage\":{\"@id\":\"https:\/\/portaltela.pt\/noticias\/2026\/02\/25\/idosos-passam-a-ter-estatuto-com-prioridade-para-ficar-em-casa\/\"},\"wordCount\":416,\"image\":{\"@id\":\"https:\/\/portaltela.pt\/noticias\/2026\/02\/25\/idosos-passam-a-ter-estatuto-com-prioridade-para-ficar-em-casa\/#primaryimage\"},\"thumbnailUrl\":\"https:\/\/portaltela.pt\/s.01k8rhncp4jt1\/2026\/02\/2069613.jpg\",\"keywords\":[\"assist\u00eancia social\",\"cuidadores\",\"habita\u00e7\u00e3o\",\"idosos\",\"prote\u00e7\u00e3o social\",\"seguran\u00e7a social\"],\"articleSection\":[\"Not\u00edcias\"],\"inLanguage\":\"pt-PT\"},{\"@type\":\"WebPage\",\"@id\":\"https:\/\/portaltela.pt\/noticias\/2026\/02\/25\/idosos-passam-a-ter-estatuto-com-prioridade-para-ficar-em-casa\/\",\"url\":\"https:\/\/portaltela.pt\/noticias\/2026\/02\/25\/idosos-passam-a-ter-estatuto-com-prioridade-para-ficar-em-casa\/\",\"name\":\"Idosos passam a ter estatuto com prioridade para ficar em casa - Portal Tela Portugal\",\"isPartOf\":{\"@id\":\"https:\/\/portaltela.pt\/#website\"},\"primaryImageOfPage\":{\"@id\":\"https:\/\/portaltela.pt\/noticias\/2026\/02\/25\/idosos-passam-a-ter-estatuto-com-prioridade-para-ficar-em-casa\/#primaryimage\"},\"image\":{\"@id\":\"https:\/\/portaltela.pt\/noticias\/2026\/02\/25\/idosos-passam-a-ter-estatuto-com-prioridade-para-ficar-em-casa\/#primaryimage\"},\"thumbnailUrl\":\"https:\/\/portaltela.pt\/s.01k8rhncp4jt1\/2026\/02\/2069613.jpg\",\"datePublished\":\"2026-02-25T11:47:00+00:00\",\"author\":{\"@id\":\"https:\/\/portaltela.pt\/#\/schema\/person\/c4278d4a6028830caff9ee44b42d32ed\"},\"breadcrumb\":{\"@id\":\"https:\/\/portaltela.pt\/noticias\/2026\/02\/25\/idosos-passam-a-ter-estatuto-com-prioridade-para-ficar-em-casa\/#breadcrumb\"},\"inLanguage\":\"pt-PT\",\"potentialAction\":[{\"@type\":\"ReadAction\",\"target\":[\"https:\/\/portaltela.pt\/noticias\/2026\/02\/25\/idosos-passam-a-ter-estatuto-com-prioridade-para-ficar-em-casa\/\"]}]},{\"@type\":\"ImageObject\",\"inLanguage\":\"pt-PT\",\"@id\":\"https:\/\/portaltela.pt\/noticias\/2026\/02\/25\/idosos-passam-a-ter-estatuto-com-prioridade-para-ficar-em-casa\/#primaryimage\",\"url\":\"https:\/\/portaltela.pt\/s.01k8rhncp4jt1\/2026\/02\/2069613.jpg\",\"contentUrl\":\"https:\/\/portaltela.pt\/s.01k8rhncp4jt1\/2026\/02\/2069613.jpg\",\"width\":796,\"height\":448,\"caption\":\"O Governo quer que, cada vez mais, os idosos possam permanecer nas suas casas, em vez de serem institucionalizados\"},{\"@type\":\"BreadcrumbList\",\"@id\":\"https:\/\/portaltela.pt\/noticias\/2026\/02\/25\/idosos-passam-a-ter-estatuto-com-prioridade-para-ficar-em-casa\/#breadcrumb\",\"itemListElement\":[{\"@type\":\"ListItem\",\"position\":1,\"name\":\"In\u00edcio\",\"item\":\"https:\/\/portaltela.pt\/\"},{\"@type\":\"ListItem\",\"position\":2,\"name\":\"Idosos passam a ter estatuto com prioridade para ficar em casa\"}]},{\"@type\":\"WebSite\",\"@id\":\"https:\/\/portaltela.pt\/#website\",\"url\":\"https:\/\/portaltela.pt\/\",\"name\":\"Portal Tela Portugal\",\"description\":\"\",\"potentialAction\":[{\"@type\":\"SearchAction\",\"target\":{\"@type\":\"EntryPoint\",\"urlTemplate\":\"https:\/\/portaltela.pt\/?s={search_term_string}\"},\"query-input\":{\"@type\":\"PropertyValueSpecification\",\"valueRequired\":true,\"valueName\":\"search_term_string\"}}],\"inLanguage\":\"pt-PT\"},{\"@type\":\"Person\",\"@id\":\"https:\/\/portaltela.pt\/#\/schema\/person\/c4278d4a6028830caff9ee44b42d32ed\",\"name\":\"Telinha\",\"image\":{\"@type\":\"ImageObject\",\"inLanguage\":\"pt-PT\",\"@id\":\"https:\/\/portaltela.pt\/s.01k8rhncp4jt1\/2025\/11\/talking-bot-125x125.png\",\"url\":\"https:\/\/portaltela.pt\/s.01k8rhncp4jt1\/2025\/11\/talking-bot-125x125.png\",\"contentUrl\":\"https:\/\/portaltela.pt\/s.01k8rhncp4jt1\/2025\/11\/talking-bot-125x125.png\",\"caption\":\"Telinha\"},\"sameAs\":[\"https:\/\/portaltela.pt\/\"],\"url\":\"https:\/\/portaltela.pt\/por\/367410592786\/\"}]}<\/script>\n<!-- \/ Yoast SEO plugin. -->","yoast_head_json":{"title":"Idosos passam a ter estatuto com prioridade para ficar em casa - Portal Tela Portugal","robots":{"index":"index","follow":"follow","max-snippet":"max-snippet:-1","max-image-preview":"max-image-preview:large","max-video-preview":"max-video-preview:-1"},"og_locale":"pt_PT","og_type":"article","og_title":"Idosos passam a ter estatuto com prioridade para ficar em casa - Portal Tela Portugal","og_description":"O Estatuto da Pessoa Idosa foi publicado no Di\u00e1rio da Rep\u00fablica, com prioridade na perman\u00eancia em casa para os idosos. O objetivo \u00e9 reduzir a institucionaliza\u00e7\u00e3o, assegurando condi\u00e7\u00f5es dignas para que os idosos permane\u00e7am na sua resid\u00eancia pelo maior tempo poss\u00edvel. O documento re\u00fane direitos em \u00e1reas como habita\u00e7\u00e3o, sa\u00fade, prote\u00e7\u00e3o social e participa\u00e7\u00e3o cultural, mantendo a autonomia na decis\u00e3o sobre onde residir e os cuidados a receber. O Estado compromete-se a criar respostas e servi\u00e7os que permitam a perman\u00eancia domicili\u00e1ria, bem como a formar profissionais na geriatria e gerontologia. Entre as medidas previstas est\u00e3o a prote\u00e7\u00e3o contra viol\u00eancia, avalia\u00e7\u00e3o de pol\u00edticas para apoiar o domic\u00edlio, e a cria\u00e7\u00e3o de uma bolsa de cuidadores volunt\u00e1rios em piloto de dezoito concelhos.","og_url":"https:\/\/portaltela.pt\/noticias\/2026\/02\/25\/idosos-passam-a-ter-estatuto-com-prioridade-para-ficar-em-casa\/","og_site_name":"Portal Tela Portugal","article_published_time":"2026-02-25T11:47:00+00:00","author":"Telinha","twitter_card":"summary_large_image","twitter_misc":{"Escrito por":"Telinha","Tempo estimado de leitura":"2 minutos"},"schema":{"@context":"https:\/\/schema.org","@graph":[{"@type":"Article","@id":"https:\/\/portaltela.pt\/noticias\/2026\/02\/25\/idosos-passam-a-ter-estatuto-com-prioridade-para-ficar-em-casa\/#article","isPartOf":{"@id":"https:\/\/portaltela.pt\/noticias\/2026\/02\/25\/idosos-passam-a-ter-estatuto-com-prioridade-para-ficar-em-casa\/"},"author":{"name":"Telinha","@id":"https:\/\/portaltela.pt\/#\/schema\/person\/c4278d4a6028830caff9ee44b42d32ed"},"headline":"Idosos passam a ter estatuto com prioridade para ficar em casa","datePublished":"2026-02-25T11:47:00+00:00","mainEntityOfPage":{"@id":"https:\/\/portaltela.pt\/noticias\/2026\/02\/25\/idosos-passam-a-ter-estatuto-com-prioridade-para-ficar-em-casa\/"},"wordCount":416,"image":{"@id":"https:\/\/portaltela.pt\/noticias\/2026\/02\/25\/idosos-passam-a-ter-estatuto-com-prioridade-para-ficar-em-casa\/#primaryimage"},"thumbnailUrl":"https:\/\/portaltela.pt\/s.01k8rhncp4jt1\/2026\/02\/2069613.jpg","keywords":["assist\u00eancia social","cuidadores","habita\u00e7\u00e3o","idosos","prote\u00e7\u00e3o social","seguran\u00e7a social"],"articleSection":["Not\u00edcias"],"inLanguage":"pt-PT"},{"@type":"WebPage","@id":"https:\/\/portaltela.pt\/noticias\/2026\/02\/25\/idosos-passam-a-ter-estatuto-com-prioridade-para-ficar-em-casa\/","url":"https:\/\/portaltela.pt\/noticias\/2026\/02\/25\/idosos-passam-a-ter-estatuto-com-prioridade-para-ficar-em-casa\/","name":"Idosos passam a ter estatuto com prioridade para ficar em casa - Portal Tela Portugal","isPartOf":{"@id":"https:\/\/portaltela.pt\/#website"},"primaryImageOfPage":{"@id":"https:\/\/portaltela.pt\/noticias\/2026\/02\/25\/idosos-passam-a-ter-estatuto-com-prioridade-para-ficar-em-casa\/#primaryimage"},"image":{"@id":"https:\/\/portaltela.pt\/noticias\/2026\/02\/25\/idosos-passam-a-ter-estatuto-com-prioridade-para-ficar-em-casa\/#primaryimage"},"thumbnailUrl":"https:\/\/portaltela.pt\/s.01k8rhncp4jt1\/2026\/02\/2069613.jpg","datePublished":"2026-02-25T11:47:00+00:00","author":{"@id":"https:\/\/portaltela.pt\/#\/schema\/person\/c4278d4a6028830caff9ee44b42d32ed"},"breadcrumb":{"@id":"https:\/\/portaltela.pt\/noticias\/2026\/02\/25\/idosos-passam-a-ter-estatuto-com-prioridade-para-ficar-em-casa\/#breadcrumb"},"inLanguage":"pt-PT","potentialAction":[{"@type":"ReadAction","target":["https:\/\/portaltela.pt\/noticias\/2026\/02\/25\/idosos-passam-a-ter-estatuto-com-prioridade-para-ficar-em-casa\/"]}]},{"@type":"ImageObject","inLanguage":"pt-PT","@id":"https:\/\/portaltela.pt\/noticias\/2026\/02\/25\/idosos-passam-a-ter-estatuto-com-prioridade-para-ficar-em-casa\/#primaryimage","url":"https:\/\/portaltela.pt\/s.01k8rhncp4jt1\/2026\/02\/2069613.jpg","contentUrl":"https:\/\/portaltela.pt\/s.01k8rhncp4jt1\/2026\/02\/2069613.jpg","width":796,"height":448,"caption":"O Governo quer que, cada vez mais, os idosos possam permanecer nas suas casas, em vez de serem institucionalizados"},{"@type":"BreadcrumbList","@id":"https:\/\/portaltela.pt\/noticias\/2026\/02\/25\/idosos-passam-a-ter-estatuto-com-prioridade-para-ficar-em-casa\/#breadcrumb","itemListElement":[{"@type":"ListItem","position":1,"name":"In\u00edcio","item":"https:\/\/portaltela.pt\/"},{"@type":"ListItem","position":2,"name":"Idosos passam a ter estatuto com prioridade para ficar em casa"}]},{"@type":"WebSite","@id":"https:\/\/portaltela.pt\/#website","url":"https:\/\/portaltela.pt\/","name":"Portal Tela Portugal","description":"","potentialAction":[{"@type":"SearchAction","target":{"@type":"EntryPoint","urlTemplate":"https:\/\/portaltela.pt\/?s={search_term_string}"},"query-input":{"@type":"PropertyValueSpecification","valueRequired":true,"valueName":"search_term_string"}}],"inLanguage":"pt-PT"},{"@type":"Person","@id":"https:\/\/portaltela.pt\/#\/schema\/person\/c4278d4a6028830caff9ee44b42d32ed","name":"Telinha","image":{"@type":"ImageObject","inLanguage":"pt-PT","@id":"https:\/\/portaltela.pt\/s.01k8rhncp4jt1\/2025\/11\/talking-bot-125x125.png","url":"https:\/\/portaltela.pt\/s.01k8rhncp4jt1\/2025\/11\/talking-bot-125x125.png","contentUrl":"https:\/\/portaltela.pt\/s.01k8rhncp4jt1\/2025\/11\/talking-bot-125x125.png","caption":"Telinha"},"sameAs":["https:\/\/portaltela.pt\/"],"url":"https:\/\/portaltela.pt\/por\/367410592786\/"}]}},"_links":{"self":[{"href":"https:\/\/portaltela.pt\/api\/wp\/v2\/posts\/225541","targetHints":{"allow":["GET"]}}],"collection":[{"href":"https:\/\/portaltela.pt\/api\/wp\/v2\/posts"}],"about":[{"href":"https:\/\/portaltela.pt\/api\/wp\/v2\/types\/post"}],"author":[{"embeddable":true,"href":"https:\/\/portaltela.pt\/api\/wp\/v2\/users\/2"}],"replies":[{"embeddable":true,"href":"https:\/\/portaltela.pt\/api\/wp\/v2\/comments?post=225541"}],"version-history":[{"count":0,"href":"https:\/\/portaltela.pt\/api\/wp\/v2\/posts\/225541\/revisions"}],"wp:featuredmedia":[{"embeddable":true,"href":"https:\/\/portaltela.pt\/api\/wp\/v2\/media\/225548"}],"wp:attachment":[{"href":"https:\/\/portaltela.pt\/api\/wp\/v2\/media?parent=225541"}],"wp:term":[{"taxonomy":"category","embeddable":true,"href":"https:\/\/portaltela.pt\/api\/wp\/v2\/categories?post=225541"},{"taxonomy":"post_tag","embeddable":true,"href":"https:\/\/portaltela.pt\/api\/wp\/v2\/tags?post=225541"}],"curies":[{"name":"wp","href":"https:\/\/api.w.org\/{rel}","templated":true}]}}