{"id":225513,"date":"2026-02-25T08:29:00","date_gmt":"2026-02-25T11:29:00","guid":{"rendered":"https:\/\/portaltela.pt\/noticias\/2026\/02\/25\/empresa-exige-resposta-ate-11-de-marco-sobre-possivel-opa-italiana\/"},"modified":"2026-02-25T08:29:00","modified_gmt":"2026-02-25T11:29:00","slug":"empresa-exige-resposta-ate-11-de-marco-sobre-possivel-opa-italiana","status":"publish","type":"post","link":"https:\/\/portaltela.pt\/noticias\/economia\/2026\/02\/25\/empresa-exige-resposta-ate-11-de-marco-sobre-possivel-opa-italiana\/","title":{"rendered":"Empresa exige resposta at\u00e9 11 de Mar\u00e7o sobre poss\u00edvel OPA italiana"},"content":{"rendered":"<p>A Impresa, propriet\u00e1ria da SIC e do seman\u00e1rio Expresso, recebe o apoio dos obrigacionistas para a entrada de investidores italianos da MFE no capital, atrav\u00e9s de um aumento acionista. A viabilidade do neg\u00f3cio depende de uma decis\u00e3o da CMVM at\u00e9 11 de Mar\u00e7o.<\/p>\n<p>A opera\u00e7\u00e3o envolve uma poss\u00edvel obriga\u00e7\u00e3o de a MFE lan\u00e7ar uma oferta p\u00fablica de aquisi\u00e7\u00e3o OPA. Se a CMVM entender que a OPA \u00e9 obrigat\u00f3ria, o aumento de capital de 17 milh\u00f5es de euros fica comprometido e o acordo pode cair.<\/p>\n<p>Em causa est\u00e1 uma altera\u00e7\u00e3o aos termos do empr\u00e9stimo obrigacionista de 2024 aprovados pela assembleia. Contudo, o aumento de capital e o acordo parassocial dependem da verifica\u00e7\u00e3o pela CMVM de que a OPA n\u00e3o \u00e9 exig\u00edvel sobre a totalidade das a\u00e7\u00f5es da Impresa.<\/p>\n<h3>Regulador e condi\u00e7\u00f5es<\/h3>\n<p>A Impresa j\u00e1 indicou que a verifica\u00e7\u00e3o \u00e9 necess\u00e1ria para confirmar que a MFE n\u00e3o est\u00e1 obrigada a lan\u00e7ar OPA sobre todas as a\u00e7\u00f5es e outros valores da Impresa. Caso contr\u00e1rio, os italianos da MFE poder\u00e3o retirar-se do neg\u00f3cio.<\/p>\n<p>O acordo entre portugueses e italianos foi anunciado no final de novembro de 2025. O investimento prev\u00ea subscrever at\u00e9 17,325 milh\u00f5es de euros em novas a\u00e7\u00f5es, com supress\u00e3o do direito de prefer\u00eancia dos acionistas.<\/p>\n<p>Caso o neg\u00f3cio prossiga, a MFE ficar\u00e1 com cerca de 32,9% do capital da Impresa, e tr\u00eas membros da administra\u00e7\u00e3o da Impresa dever\u00e3o ser indicados pela MFE, mantendo o controlo da Impresa pela Impreger.<\/p>\n<p>H\u00e1 nova assembleia marcada para 10 de Mar\u00e7o na Impresa. A decis\u00e3o sobre a OPA foi estendida at\u00e9 11 de Mar\u00e7o, e a sess\u00e3o agendada para a v\u00e9spera poder\u00e1 aprovar o aumento de capital e a nomea\u00e7\u00e3o dos novos dirigentes indicados pela MFE.<\/p>\n<h3>Contexto financeiro<\/h3>\n<p>A Impresa atravessa uma fase de press\u00e3o financeira, com d\u00edvida acima de 140 milh\u00f5es de euros. Para a MFE, o acordo representa uma conquista estrat\u00e9gica na expans\u00e3o europeia, ap\u00f3s atua\u00e7\u00e3o em Espanha, Alemanha, \u00c1ustria e Su\u00ed\u00e7a.<\/p>\n<p>A CMVM tem a palavra final sobre se a OPA \u00e9 obrigat\u00f3ria, decis\u00e3o que pode alterar drasticamente o desfecho do aumento de capital e da entrada da MFE no capital da Impresa.<\/p>\n","protected":false},"excerpt":{"rendered":"<ul>\n<li>A Impresa precisa de decis\u00e3o da CMVM at\u00e9 11 de mar\u00e7o sobre se a MFE ter\u00e1 de lan\u00e7ar uma oferta p\u00fablica de aquisi\u00e7\u00e3o (OPA), o que pode anular o aumento de capital de 17 milh\u00f5es de euros.<\/li>\n<li>O neg\u00f3cio depende da verifica\u00e7\u00e3o de uma condi\u00e7\u00e3o precedente pela CMVM: se n\u00e3o houver OPA obrigat\u00f3ria, o acordo pode prosseguir; caso contr\u00e1rio, os italianos da MFE retiram-se.<\/li>\n<li>A MFE ficaria com 32,934% do capital da Impresa ap\u00f3s o aumento de capital, assegurado por um parassocial que prev\u00ea tr\u00eas membros da administra\u00e7\u00e3o na Impresa.<\/li>\n<li>Em assembleia geral extraordin\u00e1ria, foi aprovado o aumento de capital e a altera\u00e7\u00e3o aos termos do empr\u00e9stimo obrigacionista, ap\u00f3s investidores abdiciarem do reembolso antecipado devido \u00e0 transa\u00e7\u00e3o com a MFE.<\/li>\n<li>Nova assembleia est\u00e1 marcada para 10 de mar\u00e7o, com tomada de decis\u00e3o prevista para 11 de mar\u00e7o sobre nomea\u00e7\u00e3o de tr\u00eas novos membros do conselho indicados pela MFE e autoriza\u00e7\u00e3o do aumento de capital.<\/li>\n<\/ul>\n","protected":false},"author":2,"featured_media":225522,"comment_status":"closed","ping_status":"closed","sticky":false,"template":"","format":"standard","meta":{"footnotes":""},"categories":[2,1],"tags":[6179,28,2584,5079,316,6014],"class_list":["post-225513","post","type-post","status-publish","format-standard","has-post-thumbnail","hentry","category-economia","category-noticias","tag-cmvm","tag-economia","tag-financas","tag-investidores-internacionais","tag-investimento","tag-noticias-internacionais"],"yoast_head":"<!-- This site is optimized with the Yoast SEO plugin v27.2 - https:\/\/yoast.com\/product\/yoast-seo-wordpress\/ -->\n<title>Empresa exige resposta at\u00e9 11 de Mar\u00e7o sobre poss\u00edvel OPA italiana - Portal Tela Portugal<\/title>\n<meta name=\"robots\" content=\"index, follow, max-snippet:-1, max-image-preview:large, max-video-preview:-1\" \/>\n<meta property=\"og:locale\" content=\"pt_PT\" \/>\n<meta property=\"og:type\" content=\"article\" \/>\n<meta property=\"og:title\" content=\"Empresa exige resposta at\u00e9 11 de Mar\u00e7o sobre poss\u00edvel OPA italiana - Portal Tela Portugal\" \/>\n<meta property=\"og:description\" content=\"A Impresa precisa de decis\u00e3o da CMVM at\u00e9 11 de mar\u00e7o sobre se a MFE ter\u00e1 de lan\u00e7ar uma oferta p\u00fablica de aquisi\u00e7\u00e3o (OPA), o que pode anular o aumento de capital de 17 milh\u00f5es de euros. O neg\u00f3cio depende da verifica\u00e7\u00e3o de uma condi\u00e7\u00e3o precedente pela CMVM: se n\u00e3o houver OPA obrigat\u00f3ria, o acordo pode prosseguir; caso contr\u00e1rio, os italianos da MFE retiram-se. A MFE ficaria com 32,934% do capital da Impresa ap\u00f3s o aumento de capital, assegurado por um parassocial que prev\u00ea tr\u00eas membros da administra\u00e7\u00e3o na Impresa. Em assembleia geral extraordin\u00e1ria, foi aprovado o aumento de capital e a altera\u00e7\u00e3o aos termos do empr\u00e9stimo obrigacionista, ap\u00f3s investidores abdiciarem do reembolso antecipado devido \u00e0 transa\u00e7\u00e3o com a MFE. Nova assembleia est\u00e1 marcada para 10 de mar\u00e7o, com tomada de decis\u00e3o prevista para 11 de mar\u00e7o sobre nomea\u00e7\u00e3o de tr\u00eas novos membros do conselho indicados pela MFE e autoriza\u00e7\u00e3o do aumento de capital.\" \/>\n<meta property=\"og:url\" content=\"https:\/\/portaltela.pt\/noticias\/2026\/02\/25\/empresa-exige-resposta-ate-11-de-marco-sobre-possivel-opa-italiana\/\" \/>\n<meta property=\"og:site_name\" content=\"Portal Tela Portugal\" \/>\n<meta property=\"article:published_time\" content=\"2026-02-25T11:29:00+00:00\" \/>\n<meta name=\"author\" content=\"Telinha\" \/>\n<meta name=\"twitter:card\" content=\"summary_large_image\" \/>\n<meta name=\"twitter:label1\" content=\"Escrito por\" \/>\n\t<meta name=\"twitter:data1\" content=\"Telinha\" \/>\n\t<meta name=\"twitter:label2\" content=\"Tempo estimado de leitura\" \/>\n\t<meta name=\"twitter:data2\" content=\"2 minutos\" \/>\n<script type=\"application\/ld+json\" class=\"yoast-schema-graph\">{\"@context\":\"https:\/\/schema.org\",\"@graph\":[{\"@type\":\"Article\",\"@id\":\"https:\/\/portaltela.pt\/noticias\/2026\/02\/25\/empresa-exige-resposta-ate-11-de-marco-sobre-possivel-opa-italiana\/#article\",\"isPartOf\":{\"@id\":\"https:\/\/portaltela.pt\/noticias\/2026\/02\/25\/empresa-exige-resposta-ate-11-de-marco-sobre-possivel-opa-italiana\/\"},\"author\":{\"name\":\"Telinha\",\"@id\":\"https:\/\/portaltela.pt\/#\/schema\/person\/c4278d4a6028830caff9ee44b42d32ed\"},\"headline\":\"Empresa exige resposta at\u00e9 11 de Mar\u00e7o sobre poss\u00edvel OPA italiana\",\"datePublished\":\"2026-02-25T11:29:00+00:00\",\"mainEntityOfPage\":{\"@id\":\"https:\/\/portaltela.pt\/noticias\/2026\/02\/25\/empresa-exige-resposta-ate-11-de-marco-sobre-possivel-opa-italiana\/\"},\"wordCount\":402,\"image\":{\"@id\":\"https:\/\/portaltela.pt\/noticias\/2026\/02\/25\/empresa-exige-resposta-ate-11-de-marco-sobre-possivel-opa-italiana\/#primaryimage\"},\"thumbnailUrl\":\"https:\/\/portaltela.pt\/s.01k8rhncp4jt1\/2026\/02\/2069615.jpg\",\"keywords\":[\"CMVM\",\"economia\",\"finan\u00e7as\",\"investidores internacionais\",\"investimento\",\"not\u00edcias internacionais\"],\"articleSection\":[\"Economia\",\"Not\u00edcias\"],\"inLanguage\":\"pt-PT\"},{\"@type\":\"WebPage\",\"@id\":\"https:\/\/portaltela.pt\/noticias\/2026\/02\/25\/empresa-exige-resposta-ate-11-de-marco-sobre-possivel-opa-italiana\/\",\"url\":\"https:\/\/portaltela.pt\/noticias\/2026\/02\/25\/empresa-exige-resposta-ate-11-de-marco-sobre-possivel-opa-italiana\/\",\"name\":\"Empresa exige resposta at\u00e9 11 de Mar\u00e7o sobre poss\u00edvel OPA italiana - Portal Tela Portugal\",\"isPartOf\":{\"@id\":\"https:\/\/portaltela.pt\/#website\"},\"primaryImageOfPage\":{\"@id\":\"https:\/\/portaltela.pt\/noticias\/2026\/02\/25\/empresa-exige-resposta-ate-11-de-marco-sobre-possivel-opa-italiana\/#primaryimage\"},\"image\":{\"@id\":\"https:\/\/portaltela.pt\/noticias\/2026\/02\/25\/empresa-exige-resposta-ate-11-de-marco-sobre-possivel-opa-italiana\/#primaryimage\"},\"thumbnailUrl\":\"https:\/\/portaltela.pt\/s.01k8rhncp4jt1\/2026\/02\/2069615.jpg\",\"datePublished\":\"2026-02-25T11:29:00+00:00\",\"author\":{\"@id\":\"https:\/\/portaltela.pt\/#\/schema\/person\/c4278d4a6028830caff9ee44b42d32ed\"},\"breadcrumb\":{\"@id\":\"https:\/\/portaltela.pt\/noticias\/2026\/02\/25\/empresa-exige-resposta-ate-11-de-marco-sobre-possivel-opa-italiana\/#breadcrumb\"},\"inLanguage\":\"pt-PT\",\"potentialAction\":[{\"@type\":\"ReadAction\",\"target\":[\"https:\/\/portaltela.pt\/noticias\/2026\/02\/25\/empresa-exige-resposta-ate-11-de-marco-sobre-possivel-opa-italiana\/\"]}]},{\"@type\":\"ImageObject\",\"inLanguage\":\"pt-PT\",\"@id\":\"https:\/\/portaltela.pt\/noticias\/2026\/02\/25\/empresa-exige-resposta-ate-11-de-marco-sobre-possivel-opa-italiana\/#primaryimage\",\"url\":\"https:\/\/portaltela.pt\/s.01k8rhncp4jt1\/2026\/02\/2069615.jpg\",\"contentUrl\":\"https:\/\/portaltela.pt\/s.01k8rhncp4jt1\/2026\/02\/2069615.jpg\",\"width\":796,\"height\":448,\"caption\":\"Francisco Pedro Balsemao \u00e9 o actual presidente executivo do grupo que \u00e9 dono dos canais SIC e do seman\u00e1rio Expresso e que precisa de capital para melhorar as suas contas\"},{\"@type\":\"BreadcrumbList\",\"@id\":\"https:\/\/portaltela.pt\/noticias\/2026\/02\/25\/empresa-exige-resposta-ate-11-de-marco-sobre-possivel-opa-italiana\/#breadcrumb\",\"itemListElement\":[{\"@type\":\"ListItem\",\"position\":1,\"name\":\"In\u00edcio\",\"item\":\"https:\/\/portaltela.pt\/\"},{\"@type\":\"ListItem\",\"position\":2,\"name\":\"Empresa exige resposta at\u00e9 11 de Mar\u00e7o sobre poss\u00edvel OPA italiana\"}]},{\"@type\":\"WebSite\",\"@id\":\"https:\/\/portaltela.pt\/#website\",\"url\":\"https:\/\/portaltela.pt\/\",\"name\":\"Portal Tela Portugal\",\"description\":\"\",\"potentialAction\":[{\"@type\":\"SearchAction\",\"target\":{\"@type\":\"EntryPoint\",\"urlTemplate\":\"https:\/\/portaltela.pt\/?s={search_term_string}\"},\"query-input\":{\"@type\":\"PropertyValueSpecification\",\"valueRequired\":true,\"valueName\":\"search_term_string\"}}],\"inLanguage\":\"pt-PT\"},{\"@type\":\"Person\",\"@id\":\"https:\/\/portaltela.pt\/#\/schema\/person\/c4278d4a6028830caff9ee44b42d32ed\",\"name\":\"Telinha\",\"image\":{\"@type\":\"ImageObject\",\"inLanguage\":\"pt-PT\",\"@id\":\"https:\/\/portaltela.pt\/s.01k8rhncp4jt1\/2025\/11\/talking-bot-125x125.png\",\"url\":\"https:\/\/portaltela.pt\/s.01k8rhncp4jt1\/2025\/11\/talking-bot-125x125.png\",\"contentUrl\":\"https:\/\/portaltela.pt\/s.01k8rhncp4jt1\/2025\/11\/talking-bot-125x125.png\",\"caption\":\"Telinha\"},\"sameAs\":[\"https:\/\/portaltela.pt\/\"],\"url\":\"https:\/\/portaltela.pt\/por\/367410592786\/\"}]}<\/script>\n<!-- \/ Yoast SEO plugin. -->","yoast_head_json":{"title":"Empresa exige resposta at\u00e9 11 de Mar\u00e7o sobre poss\u00edvel OPA italiana - Portal Tela Portugal","robots":{"index":"index","follow":"follow","max-snippet":"max-snippet:-1","max-image-preview":"max-image-preview:large","max-video-preview":"max-video-preview:-1"},"og_locale":"pt_PT","og_type":"article","og_title":"Empresa exige resposta at\u00e9 11 de Mar\u00e7o sobre poss\u00edvel OPA italiana - Portal Tela Portugal","og_description":"A Impresa precisa de decis\u00e3o da CMVM at\u00e9 11 de mar\u00e7o sobre se a MFE ter\u00e1 de lan\u00e7ar uma oferta p\u00fablica de aquisi\u00e7\u00e3o (OPA), o que pode anular o aumento de capital de 17 milh\u00f5es de euros. O neg\u00f3cio depende da verifica\u00e7\u00e3o de uma condi\u00e7\u00e3o precedente pela CMVM: se n\u00e3o houver OPA obrigat\u00f3ria, o acordo pode prosseguir; caso contr\u00e1rio, os italianos da MFE retiram-se. A MFE ficaria com 32,934% do capital da Impresa ap\u00f3s o aumento de capital, assegurado por um parassocial que prev\u00ea tr\u00eas membros da administra\u00e7\u00e3o na Impresa. Em assembleia geral extraordin\u00e1ria, foi aprovado o aumento de capital e a altera\u00e7\u00e3o aos termos do empr\u00e9stimo obrigacionista, ap\u00f3s investidores abdiciarem do reembolso antecipado devido \u00e0 transa\u00e7\u00e3o com a MFE. Nova assembleia est\u00e1 marcada para 10 de mar\u00e7o, com tomada de decis\u00e3o prevista para 11 de mar\u00e7o sobre nomea\u00e7\u00e3o de tr\u00eas novos membros do conselho indicados pela MFE e autoriza\u00e7\u00e3o do aumento de capital.","og_url":"https:\/\/portaltela.pt\/noticias\/2026\/02\/25\/empresa-exige-resposta-ate-11-de-marco-sobre-possivel-opa-italiana\/","og_site_name":"Portal Tela Portugal","article_published_time":"2026-02-25T11:29:00+00:00","author":"Telinha","twitter_card":"summary_large_image","twitter_misc":{"Escrito por":"Telinha","Tempo estimado de leitura":"2 minutos"},"schema":{"@context":"https:\/\/schema.org","@graph":[{"@type":"Article","@id":"https:\/\/portaltela.pt\/noticias\/2026\/02\/25\/empresa-exige-resposta-ate-11-de-marco-sobre-possivel-opa-italiana\/#article","isPartOf":{"@id":"https:\/\/portaltela.pt\/noticias\/2026\/02\/25\/empresa-exige-resposta-ate-11-de-marco-sobre-possivel-opa-italiana\/"},"author":{"name":"Telinha","@id":"https:\/\/portaltela.pt\/#\/schema\/person\/c4278d4a6028830caff9ee44b42d32ed"},"headline":"Empresa exige resposta at\u00e9 11 de Mar\u00e7o sobre poss\u00edvel OPA italiana","datePublished":"2026-02-25T11:29:00+00:00","mainEntityOfPage":{"@id":"https:\/\/portaltela.pt\/noticias\/2026\/02\/25\/empresa-exige-resposta-ate-11-de-marco-sobre-possivel-opa-italiana\/"},"wordCount":402,"image":{"@id":"https:\/\/portaltela.pt\/noticias\/2026\/02\/25\/empresa-exige-resposta-ate-11-de-marco-sobre-possivel-opa-italiana\/#primaryimage"},"thumbnailUrl":"https:\/\/portaltela.pt\/s.01k8rhncp4jt1\/2026\/02\/2069615.jpg","keywords":["CMVM","economia","finan\u00e7as","investidores internacionais","investimento","not\u00edcias internacionais"],"articleSection":["Economia","Not\u00edcias"],"inLanguage":"pt-PT"},{"@type":"WebPage","@id":"https:\/\/portaltela.pt\/noticias\/2026\/02\/25\/empresa-exige-resposta-ate-11-de-marco-sobre-possivel-opa-italiana\/","url":"https:\/\/portaltela.pt\/noticias\/2026\/02\/25\/empresa-exige-resposta-ate-11-de-marco-sobre-possivel-opa-italiana\/","name":"Empresa exige resposta at\u00e9 11 de Mar\u00e7o sobre poss\u00edvel OPA italiana - Portal Tela Portugal","isPartOf":{"@id":"https:\/\/portaltela.pt\/#website"},"primaryImageOfPage":{"@id":"https:\/\/portaltela.pt\/noticias\/2026\/02\/25\/empresa-exige-resposta-ate-11-de-marco-sobre-possivel-opa-italiana\/#primaryimage"},"image":{"@id":"https:\/\/portaltela.pt\/noticias\/2026\/02\/25\/empresa-exige-resposta-ate-11-de-marco-sobre-possivel-opa-italiana\/#primaryimage"},"thumbnailUrl":"https:\/\/portaltela.pt\/s.01k8rhncp4jt1\/2026\/02\/2069615.jpg","datePublished":"2026-02-25T11:29:00+00:00","author":{"@id":"https:\/\/portaltela.pt\/#\/schema\/person\/c4278d4a6028830caff9ee44b42d32ed"},"breadcrumb":{"@id":"https:\/\/portaltela.pt\/noticias\/2026\/02\/25\/empresa-exige-resposta-ate-11-de-marco-sobre-possivel-opa-italiana\/#breadcrumb"},"inLanguage":"pt-PT","potentialAction":[{"@type":"ReadAction","target":["https:\/\/portaltela.pt\/noticias\/2026\/02\/25\/empresa-exige-resposta-ate-11-de-marco-sobre-possivel-opa-italiana\/"]}]},{"@type":"ImageObject","inLanguage":"pt-PT","@id":"https:\/\/portaltela.pt\/noticias\/2026\/02\/25\/empresa-exige-resposta-ate-11-de-marco-sobre-possivel-opa-italiana\/#primaryimage","url":"https:\/\/portaltela.pt\/s.01k8rhncp4jt1\/2026\/02\/2069615.jpg","contentUrl":"https:\/\/portaltela.pt\/s.01k8rhncp4jt1\/2026\/02\/2069615.jpg","width":796,"height":448,"caption":"Francisco Pedro Balsemao \u00e9 o actual presidente executivo do grupo que \u00e9 dono dos canais SIC e do seman\u00e1rio Expresso e que precisa de capital para melhorar as suas contas"},{"@type":"BreadcrumbList","@id":"https:\/\/portaltela.pt\/noticias\/2026\/02\/25\/empresa-exige-resposta-ate-11-de-marco-sobre-possivel-opa-italiana\/#breadcrumb","itemListElement":[{"@type":"ListItem","position":1,"name":"In\u00edcio","item":"https:\/\/portaltela.pt\/"},{"@type":"ListItem","position":2,"name":"Empresa exige resposta at\u00e9 11 de Mar\u00e7o sobre poss\u00edvel OPA italiana"}]},{"@type":"WebSite","@id":"https:\/\/portaltela.pt\/#website","url":"https:\/\/portaltela.pt\/","name":"Portal Tela Portugal","description":"","potentialAction":[{"@type":"SearchAction","target":{"@type":"EntryPoint","urlTemplate":"https:\/\/portaltela.pt\/?s={search_term_string}"},"query-input":{"@type":"PropertyValueSpecification","valueRequired":true,"valueName":"search_term_string"}}],"inLanguage":"pt-PT"},{"@type":"Person","@id":"https:\/\/portaltela.pt\/#\/schema\/person\/c4278d4a6028830caff9ee44b42d32ed","name":"Telinha","image":{"@type":"ImageObject","inLanguage":"pt-PT","@id":"https:\/\/portaltela.pt\/s.01k8rhncp4jt1\/2025\/11\/talking-bot-125x125.png","url":"https:\/\/portaltela.pt\/s.01k8rhncp4jt1\/2025\/11\/talking-bot-125x125.png","contentUrl":"https:\/\/portaltela.pt\/s.01k8rhncp4jt1\/2025\/11\/talking-bot-125x125.png","caption":"Telinha"},"sameAs":["https:\/\/portaltela.pt\/"],"url":"https:\/\/portaltela.pt\/por\/367410592786\/"}]}},"_links":{"self":[{"href":"https:\/\/portaltela.pt\/api\/wp\/v2\/posts\/225513","targetHints":{"allow":["GET"]}}],"collection":[{"href":"https:\/\/portaltela.pt\/api\/wp\/v2\/posts"}],"about":[{"href":"https:\/\/portaltela.pt\/api\/wp\/v2\/types\/post"}],"author":[{"embeddable":true,"href":"https:\/\/portaltela.pt\/api\/wp\/v2\/users\/2"}],"replies":[{"embeddable":true,"href":"https:\/\/portaltela.pt\/api\/wp\/v2\/comments?post=225513"}],"version-history":[{"count":0,"href":"https:\/\/portaltela.pt\/api\/wp\/v2\/posts\/225513\/revisions"}],"wp:featuredmedia":[{"embeddable":true,"href":"https:\/\/portaltela.pt\/api\/wp\/v2\/media\/225522"}],"wp:attachment":[{"href":"https:\/\/portaltela.pt\/api\/wp\/v2\/media?parent=225513"}],"wp:term":[{"taxonomy":"category","embeddable":true,"href":"https:\/\/portaltela.pt\/api\/wp\/v2\/categories?post=225513"},{"taxonomy":"post_tag","embeddable":true,"href":"https:\/\/portaltela.pt\/api\/wp\/v2\/tags?post=225513"}],"curies":[{"name":"wp","href":"https:\/\/api.w.org\/{rel}","templated":true}]}}