{"id":225499,"date":"2026-02-25T08:16:00","date_gmt":"2026-02-25T11:16:00","guid":{"rendered":"https:\/\/portaltela.pt\/noticias\/2026\/02\/25\/mais-22-concelhos-entram-na-lista-de-calamidade-somando-68\/"},"modified":"2026-02-25T08:16:00","modified_gmt":"2026-02-25T11:16:00","slug":"mais-22-concelhos-entram-na-lista-de-calamidade-somando-68","status":"publish","type":"post","link":"https:\/\/portaltela.pt\/noticias\/2026\/02\/25\/mais-22-concelhos-entram-na-lista-de-calamidade-somando-68\/","title":{"rendered":"Mais 22 concelhos entram na lista de calamidade, somando 68"},"content":{"rendered":"<p>Mais 22 concelhos juntaram-se aos 68 j\u00e1 abrangidos pela calamidade decretada pelo Governo em janeiro, devido aos impactos da depress\u00e3o Kristin. O despacho confirma que o regime de exce\u00e7\u00e3o se estende a munic\u00edpios al\u00e9m dos 68 iniciais, mantendo os mesmos apoios.<\/p>\n<p>O documento, publicado no Di\u00e1rio da Rep\u00fablica, recorda que a resolu\u00e7\u00e3o de janeiro autorizou a identifica\u00e7\u00e3o de outros concelhos afetados, sem alterar o n\u00facleo de medidas. A lista amplia o conjunto de munic\u00edpios contemplados.<\/p>\n<p>A inclus\u00e3o recai sobre localidades onde se verificaram cheias graves e desabamentos, causados pela combina\u00e7\u00e3o de precipita\u00e7\u00e3o e ciclog\u00e9nese explosiva ocorrida a 28 de janeiro. Os impactos atingiram habita\u00e7\u00f5es, infraestruturas, empresas e patrim\u00f3nio cultural.<\/p>\n<p>Concelhos acrescentados<\/p>\n<ul>\n<li>Alcoutim<\/li>\n<li>Alenquer<\/li>\n<li>Almeirim<\/li>\n<li>Alpiar\u00e7a<\/li>\n<li>Anadia<\/li>\n<li>Arganil<\/li>\n<li>Arruda dos Vinhos<\/li>\n<li>Azambuja<\/li>\n<li>Bai\u00e3o<\/li>\n<li>Benavente<\/li>\n<li>Cartaxo<\/li>\n<li>Castelo de Paiva<\/li>\n<li>Chamusca<\/li>\n<li>Coruche<\/li>\n<li>Faro<\/li>\n<li>Mafra<\/li>\n<li>Monchique<\/li>\n<li>Mort\u00e1gua<\/li>\n<li>Oliveira do Hospital<\/li>\n<li>Salvaterra de Magos<\/li>\n<li>Sobral de Monte Agra\u00e7o<\/li>\n<li>T\u00e1bua<\/li>\n<\/ul>\n<p>A pol\u00edcia sublinha que a excecionalidade decorre da gravidade do evento meteorol\u00f3gico, com agravamento por cheias e deslizamentos. O regime facilita interven\u00e7\u00f5es r\u00e1pidas para prevenir danos adicionais.<\/p>\n<p>O Governo chama ainda aten\u00e7\u00e3o para o facto de o territ\u00f3rio continental ter sido afetado por fen\u00f3menos meteorol\u00f3gicos intensos nos meses de janeiro e fevereiro, com precipita\u00e7\u00e3o persistente e impactos relevantes nas regi\u00f5es afetadas.<\/p>\n<p>No total, as depress\u00f5es Kristin, Leonardo e Marta deixaram 18 mortos, al\u00e9m de centenas de feridos e desalojados. As entidades competentes continuam a avaliar danos e a coordenar respostas de emerg\u00eancia.<\/p>\n","protected":false},"excerpt":{"rendered":"<ul>\n<li>22 concelhos juntaram-se aos 68 j\u00e1 abrangidos pela situa\u00e7\u00e3o de calamidade, com os mesmos apoios e medidas de exce\u00e7\u00e3o.<\/li>\n<li>Os 22 munic\u00edpios listados ficam inclu\u00eddos por terem sofrido efeitos graves da tempestade Kristin, decorrentes de cheias.<\/li>\n<li>Concelhos adicionados: Alcoutim; Alenquer; Almeirim; Alpiar\u00e7a; Anadia; Arganil; Arruda dos Vinhos; Azambuja; Bai\u00e3o; Benavente; Cartaxo; Castelo de Paiva; Chamusca; Coruche; Faro; Mafra; Monchique; Mort\u00e1gua; Oliveira do Hospital; Salvaterra de Magos; Sobral de Monte Agra\u00e7o; T\u00e1bua.<\/li>\n<li>O despacho recorda que janeiro e fevereiro foram marcados por fen\u00f3menos meteorol\u00f3gicos intensos, culminando com Kristin e uma ciclog\u00e9nese explosiva na madrugada de 28 de janeiro.<\/li>\n<li>18 pessoas morreram em Portugal devido \u00e0s depress\u00f5es Kristin, Leonardo e Marta, com centenas de feridos e desalojados.<\/li>\n<\/ul>\n","protected":false},"author":2,"featured_media":225500,"comment_status":"closed","ping_status":"closed","sticky":false,"template":"","format":"standard","meta":{"footnotes":""},"categories":[1],"tags":[6350,4180,4687,3701,373,2289],"class_list":["post-225499","post","type-post","status-publish","format-standard","has-post-thumbnail","hentry","category-noticias","tag-alcoutim","tag-alenquer","tag-calamidade-publica","tag-cheias","tag-concelhos","tag-desabamentos"],"yoast_head":"<!-- This site is optimized with the Yoast SEO plugin v27.2 - https:\/\/yoast.com\/product\/yoast-seo-wordpress\/ -->\n<title>Mais 22 concelhos entram na lista de calamidade, somando 68 - Portal Tela Portugal<\/title>\n<meta name=\"robots\" content=\"index, follow, max-snippet:-1, max-image-preview:large, max-video-preview:-1\" \/>\n<meta property=\"og:locale\" content=\"pt_PT\" \/>\n<meta property=\"og:type\" content=\"article\" \/>\n<meta property=\"og:title\" content=\"Mais 22 concelhos entram na lista de calamidade, somando 68 - Portal Tela Portugal\" \/>\n<meta property=\"og:description\" content=\"22 concelhos juntaram-se aos 68 j\u00e1 abrangidos pela situa\u00e7\u00e3o de calamidade, com os mesmos apoios e medidas de exce\u00e7\u00e3o. Os 22 munic\u00edpios listados ficam inclu\u00eddos por terem sofrido efeitos graves da tempestade Kristin, decorrentes de cheias. Concelhos adicionados: Alcoutim; Alenquer; Almeirim; Alpiar\u00e7a; Anadia; Arganil; Arruda dos Vinhos; Azambuja; Bai\u00e3o; Benavente; Cartaxo; Castelo de Paiva; Chamusca; Coruche; Faro; Mafra; Monchique; Mort\u00e1gua; Oliveira do Hospital; Salvaterra de Magos; Sobral de Monte Agra\u00e7o; T\u00e1bua. O despacho recorda que janeiro e fevereiro foram marcados por fen\u00f3menos meteorol\u00f3gicos intensos, culminando com Kristin e uma ciclog\u00e9nese explosiva na madrugada de 28 de janeiro. 18 pessoas morreram em Portugal devido \u00e0s depress\u00f5es Kristin, Leonardo e Marta, com centenas de feridos e desalojados.\" \/>\n<meta property=\"og:url\" content=\"https:\/\/portaltela.pt\/noticias\/2026\/02\/25\/mais-22-concelhos-entram-na-lista-de-calamidade-somando-68\/\" \/>\n<meta property=\"og:site_name\" content=\"Portal Tela Portugal\" \/>\n<meta property=\"article:published_time\" content=\"2026-02-25T11:16:00+00:00\" \/>\n<meta name=\"author\" content=\"Telinha\" \/>\n<meta name=\"twitter:card\" content=\"summary_large_image\" \/>\n<meta name=\"twitter:label1\" content=\"Escrito por\" \/>\n\t<meta name=\"twitter:data1\" content=\"Telinha\" \/>\n\t<meta name=\"twitter:label2\" content=\"Tempo estimado de leitura\" \/>\n\t<meta name=\"twitter:data2\" content=\"1 minuto\" \/>\n<script type=\"application\/ld+json\" class=\"yoast-schema-graph\">{\"@context\":\"https:\/\/schema.org\",\"@graph\":[{\"@type\":\"Article\",\"@id\":\"https:\/\/portaltela.pt\/noticias\/2026\/02\/25\/mais-22-concelhos-entram-na-lista-de-calamidade-somando-68\/#article\",\"isPartOf\":{\"@id\":\"https:\/\/portaltela.pt\/noticias\/2026\/02\/25\/mais-22-concelhos-entram-na-lista-de-calamidade-somando-68\/\"},\"author\":{\"name\":\"Telinha\",\"@id\":\"https:\/\/portaltela.pt\/#\/schema\/person\/c4278d4a6028830caff9ee44b42d32ed\"},\"headline\":\"Mais 22 concelhos entram na lista de calamidade, somando 68\",\"datePublished\":\"2026-02-25T11:16:00+00:00\",\"mainEntityOfPage\":{\"@id\":\"https:\/\/portaltela.pt\/noticias\/2026\/02\/25\/mais-22-concelhos-entram-na-lista-de-calamidade-somando-68\/\"},\"wordCount\":273,\"image\":{\"@id\":\"https:\/\/portaltela.pt\/noticias\/2026\/02\/25\/mais-22-concelhos-entram-na-lista-de-calamidade-somando-68\/#primaryimage\"},\"thumbnailUrl\":\"https:\/\/portaltela.pt\/s.01k8rhncp4jt1\/2026\/02\/image-1834.jpg\",\"keywords\":[\"Alcoutim\",\"Alenquer\",\"calamidade p\u00fablica\",\"cheias\",\"concelhos\",\"desabamentos\"],\"articleSection\":[\"Not\u00edcias\"],\"inLanguage\":\"pt-PT\"},{\"@type\":\"WebPage\",\"@id\":\"https:\/\/portaltela.pt\/noticias\/2026\/02\/25\/mais-22-concelhos-entram-na-lista-de-calamidade-somando-68\/\",\"url\":\"https:\/\/portaltela.pt\/noticias\/2026\/02\/25\/mais-22-concelhos-entram-na-lista-de-calamidade-somando-68\/\",\"name\":\"Mais 22 concelhos entram na lista de calamidade, somando 68 - Portal Tela Portugal\",\"isPartOf\":{\"@id\":\"https:\/\/portaltela.pt\/#website\"},\"primaryImageOfPage\":{\"@id\":\"https:\/\/portaltela.pt\/noticias\/2026\/02\/25\/mais-22-concelhos-entram-na-lista-de-calamidade-somando-68\/#primaryimage\"},\"image\":{\"@id\":\"https:\/\/portaltela.pt\/noticias\/2026\/02\/25\/mais-22-concelhos-entram-na-lista-de-calamidade-somando-68\/#primaryimage\"},\"thumbnailUrl\":\"https:\/\/portaltela.pt\/s.01k8rhncp4jt1\/2026\/02\/image-1834.jpg\",\"datePublished\":\"2026-02-25T11:16:00+00:00\",\"author\":{\"@id\":\"https:\/\/portaltela.pt\/#\/schema\/person\/c4278d4a6028830caff9ee44b42d32ed\"},\"breadcrumb\":{\"@id\":\"https:\/\/portaltela.pt\/noticias\/2026\/02\/25\/mais-22-concelhos-entram-na-lista-de-calamidade-somando-68\/#breadcrumb\"},\"inLanguage\":\"pt-PT\",\"potentialAction\":[{\"@type\":\"ReadAction\",\"target\":[\"https:\/\/portaltela.pt\/noticias\/2026\/02\/25\/mais-22-concelhos-entram-na-lista-de-calamidade-somando-68\/\"]}]},{\"@type\":\"ImageObject\",\"inLanguage\":\"pt-PT\",\"@id\":\"https:\/\/portaltela.pt\/noticias\/2026\/02\/25\/mais-22-concelhos-entram-na-lista-de-calamidade-somando-68\/#primaryimage\",\"url\":\"https:\/\/portaltela.pt\/s.01k8rhncp4jt1\/2026\/02\/image-1834.jpg\",\"contentUrl\":\"https:\/\/portaltela.pt\/s.01k8rhncp4jt1\/2026\/02\/image-1834.jpg\",\"width\":796,\"height\":448,\"caption\":\"Alcoutim \u00e9 um dos concelhos abrangidos pela situa\u00e7\u00e3o de calamidade\"},{\"@type\":\"BreadcrumbList\",\"@id\":\"https:\/\/portaltela.pt\/noticias\/2026\/02\/25\/mais-22-concelhos-entram-na-lista-de-calamidade-somando-68\/#breadcrumb\",\"itemListElement\":[{\"@type\":\"ListItem\",\"position\":1,\"name\":\"In\u00edcio\",\"item\":\"https:\/\/portaltela.pt\/\"},{\"@type\":\"ListItem\",\"position\":2,\"name\":\"Mais 22 concelhos entram na lista de calamidade, somando 68\"}]},{\"@type\":\"WebSite\",\"@id\":\"https:\/\/portaltela.pt\/#website\",\"url\":\"https:\/\/portaltela.pt\/\",\"name\":\"Portal Tela Portugal\",\"description\":\"\",\"potentialAction\":[{\"@type\":\"SearchAction\",\"target\":{\"@type\":\"EntryPoint\",\"urlTemplate\":\"https:\/\/portaltela.pt\/?s={search_term_string}\"},\"query-input\":{\"@type\":\"PropertyValueSpecification\",\"valueRequired\":true,\"valueName\":\"search_term_string\"}}],\"inLanguage\":\"pt-PT\"},{\"@type\":\"Person\",\"@id\":\"https:\/\/portaltela.pt\/#\/schema\/person\/c4278d4a6028830caff9ee44b42d32ed\",\"name\":\"Telinha\",\"image\":{\"@type\":\"ImageObject\",\"inLanguage\":\"pt-PT\",\"@id\":\"https:\/\/portaltela.pt\/s.01k8rhncp4jt1\/2025\/11\/talking-bot-125x125.png\",\"url\":\"https:\/\/portaltela.pt\/s.01k8rhncp4jt1\/2025\/11\/talking-bot-125x125.png\",\"contentUrl\":\"https:\/\/portaltela.pt\/s.01k8rhncp4jt1\/2025\/11\/talking-bot-125x125.png\",\"caption\":\"Telinha\"},\"sameAs\":[\"https:\/\/portaltela.pt\/\"],\"url\":\"https:\/\/portaltela.pt\/por\/367410592786\/\"}]}<\/script>\n<!-- \/ Yoast SEO plugin. -->","yoast_head_json":{"title":"Mais 22 concelhos entram na lista de calamidade, somando 68 - Portal Tela Portugal","robots":{"index":"index","follow":"follow","max-snippet":"max-snippet:-1","max-image-preview":"max-image-preview:large","max-video-preview":"max-video-preview:-1"},"og_locale":"pt_PT","og_type":"article","og_title":"Mais 22 concelhos entram na lista de calamidade, somando 68 - Portal Tela Portugal","og_description":"22 concelhos juntaram-se aos 68 j\u00e1 abrangidos pela situa\u00e7\u00e3o de calamidade, com os mesmos apoios e medidas de exce\u00e7\u00e3o. Os 22 munic\u00edpios listados ficam inclu\u00eddos por terem sofrido efeitos graves da tempestade Kristin, decorrentes de cheias. Concelhos adicionados: Alcoutim; Alenquer; Almeirim; Alpiar\u00e7a; Anadia; Arganil; Arruda dos Vinhos; Azambuja; Bai\u00e3o; Benavente; Cartaxo; Castelo de Paiva; Chamusca; Coruche; Faro; Mafra; Monchique; Mort\u00e1gua; Oliveira do Hospital; Salvaterra de Magos; Sobral de Monte Agra\u00e7o; T\u00e1bua. O despacho recorda que janeiro e fevereiro foram marcados por fen\u00f3menos meteorol\u00f3gicos intensos, culminando com Kristin e uma ciclog\u00e9nese explosiva na madrugada de 28 de janeiro. 18 pessoas morreram em Portugal devido \u00e0s depress\u00f5es Kristin, Leonardo e Marta, com centenas de feridos e desalojados.","og_url":"https:\/\/portaltela.pt\/noticias\/2026\/02\/25\/mais-22-concelhos-entram-na-lista-de-calamidade-somando-68\/","og_site_name":"Portal Tela Portugal","article_published_time":"2026-02-25T11:16:00+00:00","author":"Telinha","twitter_card":"summary_large_image","twitter_misc":{"Escrito por":"Telinha","Tempo estimado de leitura":"1 minuto"},"schema":{"@context":"https:\/\/schema.org","@graph":[{"@type":"Article","@id":"https:\/\/portaltela.pt\/noticias\/2026\/02\/25\/mais-22-concelhos-entram-na-lista-de-calamidade-somando-68\/#article","isPartOf":{"@id":"https:\/\/portaltela.pt\/noticias\/2026\/02\/25\/mais-22-concelhos-entram-na-lista-de-calamidade-somando-68\/"},"author":{"name":"Telinha","@id":"https:\/\/portaltela.pt\/#\/schema\/person\/c4278d4a6028830caff9ee44b42d32ed"},"headline":"Mais 22 concelhos entram na lista de calamidade, somando 68","datePublished":"2026-02-25T11:16:00+00:00","mainEntityOfPage":{"@id":"https:\/\/portaltela.pt\/noticias\/2026\/02\/25\/mais-22-concelhos-entram-na-lista-de-calamidade-somando-68\/"},"wordCount":273,"image":{"@id":"https:\/\/portaltela.pt\/noticias\/2026\/02\/25\/mais-22-concelhos-entram-na-lista-de-calamidade-somando-68\/#primaryimage"},"thumbnailUrl":"https:\/\/portaltela.pt\/s.01k8rhncp4jt1\/2026\/02\/image-1834.jpg","keywords":["Alcoutim","Alenquer","calamidade p\u00fablica","cheias","concelhos","desabamentos"],"articleSection":["Not\u00edcias"],"inLanguage":"pt-PT"},{"@type":"WebPage","@id":"https:\/\/portaltela.pt\/noticias\/2026\/02\/25\/mais-22-concelhos-entram-na-lista-de-calamidade-somando-68\/","url":"https:\/\/portaltela.pt\/noticias\/2026\/02\/25\/mais-22-concelhos-entram-na-lista-de-calamidade-somando-68\/","name":"Mais 22 concelhos entram na lista de calamidade, somando 68 - Portal Tela Portugal","isPartOf":{"@id":"https:\/\/portaltela.pt\/#website"},"primaryImageOfPage":{"@id":"https:\/\/portaltela.pt\/noticias\/2026\/02\/25\/mais-22-concelhos-entram-na-lista-de-calamidade-somando-68\/#primaryimage"},"image":{"@id":"https:\/\/portaltela.pt\/noticias\/2026\/02\/25\/mais-22-concelhos-entram-na-lista-de-calamidade-somando-68\/#primaryimage"},"thumbnailUrl":"https:\/\/portaltela.pt\/s.01k8rhncp4jt1\/2026\/02\/image-1834.jpg","datePublished":"2026-02-25T11:16:00+00:00","author":{"@id":"https:\/\/portaltela.pt\/#\/schema\/person\/c4278d4a6028830caff9ee44b42d32ed"},"breadcrumb":{"@id":"https:\/\/portaltela.pt\/noticias\/2026\/02\/25\/mais-22-concelhos-entram-na-lista-de-calamidade-somando-68\/#breadcrumb"},"inLanguage":"pt-PT","potentialAction":[{"@type":"ReadAction","target":["https:\/\/portaltela.pt\/noticias\/2026\/02\/25\/mais-22-concelhos-entram-na-lista-de-calamidade-somando-68\/"]}]},{"@type":"ImageObject","inLanguage":"pt-PT","@id":"https:\/\/portaltela.pt\/noticias\/2026\/02\/25\/mais-22-concelhos-entram-na-lista-de-calamidade-somando-68\/#primaryimage","url":"https:\/\/portaltela.pt\/s.01k8rhncp4jt1\/2026\/02\/image-1834.jpg","contentUrl":"https:\/\/portaltela.pt\/s.01k8rhncp4jt1\/2026\/02\/image-1834.jpg","width":796,"height":448,"caption":"Alcoutim \u00e9 um dos concelhos abrangidos pela situa\u00e7\u00e3o de calamidade"},{"@type":"BreadcrumbList","@id":"https:\/\/portaltela.pt\/noticias\/2026\/02\/25\/mais-22-concelhos-entram-na-lista-de-calamidade-somando-68\/#breadcrumb","itemListElement":[{"@type":"ListItem","position":1,"name":"In\u00edcio","item":"https:\/\/portaltela.pt\/"},{"@type":"ListItem","position":2,"name":"Mais 22 concelhos entram na lista de calamidade, somando 68"}]},{"@type":"WebSite","@id":"https:\/\/portaltela.pt\/#website","url":"https:\/\/portaltela.pt\/","name":"Portal Tela Portugal","description":"","potentialAction":[{"@type":"SearchAction","target":{"@type":"EntryPoint","urlTemplate":"https:\/\/portaltela.pt\/?s={search_term_string}"},"query-input":{"@type":"PropertyValueSpecification","valueRequired":true,"valueName":"search_term_string"}}],"inLanguage":"pt-PT"},{"@type":"Person","@id":"https:\/\/portaltela.pt\/#\/schema\/person\/c4278d4a6028830caff9ee44b42d32ed","name":"Telinha","image":{"@type":"ImageObject","inLanguage":"pt-PT","@id":"https:\/\/portaltela.pt\/s.01k8rhncp4jt1\/2025\/11\/talking-bot-125x125.png","url":"https:\/\/portaltela.pt\/s.01k8rhncp4jt1\/2025\/11\/talking-bot-125x125.png","contentUrl":"https:\/\/portaltela.pt\/s.01k8rhncp4jt1\/2025\/11\/talking-bot-125x125.png","caption":"Telinha"},"sameAs":["https:\/\/portaltela.pt\/"],"url":"https:\/\/portaltela.pt\/por\/367410592786\/"}]}},"_links":{"self":[{"href":"https:\/\/portaltela.pt\/api\/wp\/v2\/posts\/225499","targetHints":{"allow":["GET"]}}],"collection":[{"href":"https:\/\/portaltela.pt\/api\/wp\/v2\/posts"}],"about":[{"href":"https:\/\/portaltela.pt\/api\/wp\/v2\/types\/post"}],"author":[{"embeddable":true,"href":"https:\/\/portaltela.pt\/api\/wp\/v2\/users\/2"}],"replies":[{"embeddable":true,"href":"https:\/\/portaltela.pt\/api\/wp\/v2\/comments?post=225499"}],"version-history":[{"count":0,"href":"https:\/\/portaltela.pt\/api\/wp\/v2\/posts\/225499\/revisions"}],"wp:featuredmedia":[{"embeddable":true,"href":"https:\/\/portaltela.pt\/api\/wp\/v2\/media\/225500"}],"wp:attachment":[{"href":"https:\/\/portaltela.pt\/api\/wp\/v2\/media?parent=225499"}],"wp:term":[{"taxonomy":"category","embeddable":true,"href":"https:\/\/portaltela.pt\/api\/wp\/v2\/categories?post=225499"},{"taxonomy":"post_tag","embeddable":true,"href":"https:\/\/portaltela.pt\/api\/wp\/v2\/tags?post=225499"}],"curies":[{"name":"wp","href":"https:\/\/api.w.org\/{rel}","templated":true}]}}