{"id":225490,"date":"2026-02-25T08:19:00","date_gmt":"2026-02-25T11:19:00","guid":{"rendered":"https:\/\/portaltela.pt\/noticias\/2026\/02\/25\/julgamento-de-agressor-que-atacou-mulher-com-150-facadas-apos-tinder-ja-comecou\/"},"modified":"2026-02-25T08:19:00","modified_gmt":"2026-02-25T11:19:00","slug":"julgamento-de-agressor-que-atacou-mulher-com-150-facadas-apos-tinder-ja-comecou","status":"publish","type":"post","link":"https:\/\/portaltela.pt\/noticias\/2026\/02\/25\/julgamento-de-agressor-que-atacou-mulher-com-150-facadas-apos-tinder-ja-comecou\/","title":{"rendered":"Julgamento de agressor que atacou mulher com 150 facadas ap\u00f3s Tinder j\u00e1 come\u00e7ou"},"content":{"rendered":"<p>O julgamento do homem acusado de agress\u00e3o com 150 facadas a uma mulher que conheceu no Tinder iniciou-se esta ter\u00e7a-feira, 24 de fevereiro, no campus de Lisboa. O ataque ocorreu no parque de estacionamento do centro comercial Alval\u00e1xia, no dia 28 de maio de 2025. O Minist\u00e9rio P\u00fablico apresenta a acusa\u00e7\u00e3o de homic\u00eddio na forma tentada, ofensa \u00e0 integridade f\u00edsica qualificada e dano qualificado, para al\u00e9m de persegui\u00e7\u00e3o, falsidade inform\u00e1tica e deten\u00e7\u00e3o de arma proibida.<\/p>\n<p>As testemunhas presentes descreveram o comportamento do arguido ap\u00f3s o ataque. Segundo o depoimento de duas pessoas que ajudaram a imobilizar o arguido, ele apresentava uma express\u00e3o de satisfa\u00e7\u00e3o, com o rosto \u201ctranquilo\u201d e um ar de que tinha cumprido o objetivo. O ataque foi precedido por a v\u00edtima amea\u00e7ar contactar a pol\u00edcia.<\/p>\n<p>O caso envolve ainda a forma como o arguido reagiu \u00e0 rejei\u00e7\u00e3o da v\u00edtima. Depois de a mulher recusar contacto e bloquear o agressor nas redes sociais, ele ter\u00e1 persistido em tentar contact\u00e1-la por v\u00e1rios meios, inclusive criando perfis falsos e vigiando a entrada do pr\u00e9dio onde a v\u00edtima residia.<\/p>\n<p>Relatos do local indicam que a faca usada j\u00e1 apresentava desgaste, tendo ficado deformada pelo elevado n\u00famero de golpes. A v\u00edtima foi socorrida no local e submetida a v\u00e1rias cirurgias, com sobreviv\u00eancia garantida por interven\u00e7\u00e3o m\u00e9dica.<\/p>\n<h3>Testemunhos e controlo processual<\/h3>\n<p>Segundo uma testemunha, a v\u00edtima ter\u00e1 dito ao arguido que iria apresentar queixa policial no momento em que pegou no telem\u00f3vel. O material cl\u00ednico e as avalia\u00e7\u00f5es de campo ser\u00e3o parte integrante do processo, com o objetivo de esclarecer a evolu\u00e7\u00e3o do estado da v\u00edtima e o contexto da agress\u00e3o.<\/p>\n<p>A defesa questionou parte dos testemunhos sobre o estado mental do arguido no momento do crime, sem que haja ainda conclus\u00e3o definitiva sobre o quadro psicol\u00f3gico. O tribunal continua a ouvir mais depoimentos para embasar a decis\u00e3o.<\/p>\n","protected":false},"excerpt":{"rendered":"<ul>\n<li>come\u00e7ou o julgamento do homem acusado de homic\u00eddio na forma tentada, ofensa \u00e0 integridade f\u00edsica qualificada e dano qualificado, relacionado com o ataque de 150 facadas \u00e0 mulher que conheceu no Tinder, no estacionamento do centro comercial Alval\u00e1xia, em Lisboa, a 28 de maio de 2025.<\/li>\n<li>o Minist\u00e9rio P\u00fablico acusa ainda o arguido de persegui\u00e7\u00e3o, falsidade inform\u00e1tica e deten\u00e7\u00e3o de arma proibida.<\/li>\n<li>a v\u00edtima ter\u00e1 dito que iria queixar-se \u00e0 pol\u00edcia; o arguido retirou a mochila das costas, pegou numa arma branca e iniciou o ataque ap\u00f3s pegar no telem\u00f3vel.<\/li>\n<li>testemunhas destacaram a express\u00e3o do arguido ap\u00f3s o ataque \u2014 sorria, como se tivesse cumprido o objetivo \u2014 e, j\u00e1 imobilizado, apresentava ar tranquilo e de satisfa\u00e7\u00e3o.<\/li>\n<li>durante o epis\u00f3dio, uma testemunha descreveu o estado do objeto utilizado (faca deformada) e a v\u00edtima foi socorrida no local, sobrevivendo ap\u00f3s v\u00e1rias interven\u00e7\u00f5es.<\/li>\n<\/ul>\n","protected":false},"author":2,"featured_media":225496,"comment_status":"closed","ping_status":"closed","sticky":false,"template":"","format":"standard","meta":{"footnotes":""},"categories":[1],"tags":[2754,2660,220,1345,981,6333],"class_list":["post-225490","post","type-post","status-publish","format-standard","has-post-thumbnail","hentry","category-noticias","tag-agressao","tag-arma-proibida","tag-falsidade-informatica","tag-homicidio","tag-lisboa","tag-perseguicao"],"yoast_head":"<!-- This site is optimized with the Yoast SEO plugin v27.2 - https:\/\/yoast.com\/product\/yoast-seo-wordpress\/ -->\n<title>Julgamento de agressor que atacou mulher com 150 facadas ap\u00f3s Tinder j\u00e1 come\u00e7ou - Portal Tela Portugal<\/title>\n<meta name=\"robots\" content=\"index, follow, max-snippet:-1, max-image-preview:large, max-video-preview:-1\" \/>\n<meta property=\"og:locale\" content=\"pt_PT\" \/>\n<meta property=\"og:type\" content=\"article\" \/>\n<meta property=\"og:title\" content=\"Julgamento de agressor que atacou mulher com 150 facadas ap\u00f3s Tinder j\u00e1 come\u00e7ou - Portal Tela Portugal\" \/>\n<meta property=\"og:description\" content=\"come\u00e7ou o julgamento do homem acusado de homic\u00eddio na forma tentada, ofensa \u00e0 integridade f\u00edsica qualificada e dano qualificado, relacionado com o ataque de 150 facadas \u00e0 mulher que conheceu no Tinder, no estacionamento do centro comercial Alval\u00e1xia, em Lisboa, a 28 de maio de 2025. o Minist\u00e9rio P\u00fablico acusa ainda o arguido de persegui\u00e7\u00e3o, falsidade inform\u00e1tica e deten\u00e7\u00e3o de arma proibida. a v\u00edtima ter\u00e1 dito que iria queixar-se \u00e0 pol\u00edcia; o arguido retirou a mochila das costas, pegou numa arma branca e iniciou o ataque ap\u00f3s pegar no telem\u00f3vel. testemunhas destacaram a express\u00e3o do arguido ap\u00f3s o ataque \u2014 sorria, como se tivesse cumprido o objetivo \u2014 e, j\u00e1 imobilizado, apresentava ar tranquilo e de satisfa\u00e7\u00e3o. durante o epis\u00f3dio, uma testemunha descreveu o estado do objeto utilizado (faca deformada) e a v\u00edtima foi socorrida no local, sobrevivendo ap\u00f3s v\u00e1rias interven\u00e7\u00f5es.\" \/>\n<meta property=\"og:url\" content=\"https:\/\/portaltela.pt\/noticias\/2026\/02\/25\/julgamento-de-agressor-que-atacou-mulher-com-150-facadas-apos-tinder-ja-comecou\/\" \/>\n<meta property=\"og:site_name\" content=\"Portal Tela Portugal\" \/>\n<meta property=\"article:published_time\" content=\"2026-02-25T11:19:00+00:00\" \/>\n<meta name=\"author\" content=\"Telinha\" \/>\n<meta name=\"twitter:card\" content=\"summary_large_image\" \/>\n<meta name=\"twitter:label1\" content=\"Escrito por\" \/>\n\t<meta name=\"twitter:data1\" content=\"Telinha\" \/>\n\t<meta name=\"twitter:label2\" content=\"Tempo estimado de leitura\" \/>\n\t<meta name=\"twitter:data2\" content=\"2 minutos\" \/>\n<script type=\"application\/ld+json\" class=\"yoast-schema-graph\">{\"@context\":\"https:\/\/schema.org\",\"@graph\":[{\"@type\":\"Article\",\"@id\":\"https:\/\/portaltela.pt\/noticias\/2026\/02\/25\/julgamento-de-agressor-que-atacou-mulher-com-150-facadas-apos-tinder-ja-comecou\/#article\",\"isPartOf\":{\"@id\":\"https:\/\/portaltela.pt\/noticias\/2026\/02\/25\/julgamento-de-agressor-que-atacou-mulher-com-150-facadas-apos-tinder-ja-comecou\/\"},\"author\":{\"name\":\"Telinha\",\"@id\":\"https:\/\/portaltela.pt\/#\/schema\/person\/c4278d4a6028830caff9ee44b42d32ed\"},\"headline\":\"Julgamento de agressor que atacou mulher com 150 facadas ap\u00f3s Tinder j\u00e1 come\u00e7ou\",\"datePublished\":\"2026-02-25T11:19:00+00:00\",\"mainEntityOfPage\":{\"@id\":\"https:\/\/portaltela.pt\/noticias\/2026\/02\/25\/julgamento-de-agressor-que-atacou-mulher-com-150-facadas-apos-tinder-ja-comecou\/\"},\"wordCount\":354,\"image\":{\"@id\":\"https:\/\/portaltela.pt\/noticias\/2026\/02\/25\/julgamento-de-agressor-que-atacou-mulher-com-150-facadas-apos-tinder-ja-comecou\/#primaryimage\"},\"thumbnailUrl\":\"https:\/\/portaltela.pt\/s.01k8rhncp4jt1\/2026\/02\/b09c6885-ae10-4dab-bc57-bcc1474752e2_1200x675-1.jpg\",\"keywords\":[\"agress\u00e3o\",\"arma proibida\",\"falsidade inform\u00e1tica\",\"homic\u00eddio\",\"Lisboa\",\"persegui\u00e7\u00e3o\"],\"articleSection\":[\"Not\u00edcias\"],\"inLanguage\":\"pt-PT\"},{\"@type\":\"WebPage\",\"@id\":\"https:\/\/portaltela.pt\/noticias\/2026\/02\/25\/julgamento-de-agressor-que-atacou-mulher-com-150-facadas-apos-tinder-ja-comecou\/\",\"url\":\"https:\/\/portaltela.pt\/noticias\/2026\/02\/25\/julgamento-de-agressor-que-atacou-mulher-com-150-facadas-apos-tinder-ja-comecou\/\",\"name\":\"Julgamento de agressor que atacou mulher com 150 facadas ap\u00f3s Tinder j\u00e1 come\u00e7ou - Portal Tela Portugal\",\"isPartOf\":{\"@id\":\"https:\/\/portaltela.pt\/#website\"},\"primaryImageOfPage\":{\"@id\":\"https:\/\/portaltela.pt\/noticias\/2026\/02\/25\/julgamento-de-agressor-que-atacou-mulher-com-150-facadas-apos-tinder-ja-comecou\/#primaryimage\"},\"image\":{\"@id\":\"https:\/\/portaltela.pt\/noticias\/2026\/02\/25\/julgamento-de-agressor-que-atacou-mulher-com-150-facadas-apos-tinder-ja-comecou\/#primaryimage\"},\"thumbnailUrl\":\"https:\/\/portaltela.pt\/s.01k8rhncp4jt1\/2026\/02\/b09c6885-ae10-4dab-bc57-bcc1474752e2_1200x675-1.jpg\",\"datePublished\":\"2026-02-25T11:19:00+00:00\",\"author\":{\"@id\":\"https:\/\/portaltela.pt\/#\/schema\/person\/c4278d4a6028830caff9ee44b42d32ed\"},\"breadcrumb\":{\"@id\":\"https:\/\/portaltela.pt\/noticias\/2026\/02\/25\/julgamento-de-agressor-que-atacou-mulher-com-150-facadas-apos-tinder-ja-comecou\/#breadcrumb\"},\"inLanguage\":\"pt-PT\",\"potentialAction\":[{\"@type\":\"ReadAction\",\"target\":[\"https:\/\/portaltela.pt\/noticias\/2026\/02\/25\/julgamento-de-agressor-que-atacou-mulher-com-150-facadas-apos-tinder-ja-comecou\/\"]}]},{\"@type\":\"ImageObject\",\"inLanguage\":\"pt-PT\",\"@id\":\"https:\/\/portaltela.pt\/noticias\/2026\/02\/25\/julgamento-de-agressor-que-atacou-mulher-com-150-facadas-apos-tinder-ja-comecou\/#primaryimage\",\"url\":\"https:\/\/portaltela.pt\/s.01k8rhncp4jt1\/2026\/02\/b09c6885-ae10-4dab-bc57-bcc1474752e2_1200x675-1.jpg\",\"contentUrl\":\"https:\/\/portaltela.pt\/s.01k8rhncp4jt1\/2026\/02\/b09c6885-ae10-4dab-bc57-bcc1474752e2_1200x675-1.jpg\",\"width\":796,\"height\":448,\"caption\":\"Foto: Getty Images\"},{\"@type\":\"BreadcrumbList\",\"@id\":\"https:\/\/portaltela.pt\/noticias\/2026\/02\/25\/julgamento-de-agressor-que-atacou-mulher-com-150-facadas-apos-tinder-ja-comecou\/#breadcrumb\",\"itemListElement\":[{\"@type\":\"ListItem\",\"position\":1,\"name\":\"In\u00edcio\",\"item\":\"https:\/\/portaltela.pt\/\"},{\"@type\":\"ListItem\",\"position\":2,\"name\":\"Julgamento de agressor que atacou mulher com 150 facadas ap\u00f3s Tinder j\u00e1 come\u00e7ou\"}]},{\"@type\":\"WebSite\",\"@id\":\"https:\/\/portaltela.pt\/#website\",\"url\":\"https:\/\/portaltela.pt\/\",\"name\":\"Portal Tela Portugal\",\"description\":\"\",\"potentialAction\":[{\"@type\":\"SearchAction\",\"target\":{\"@type\":\"EntryPoint\",\"urlTemplate\":\"https:\/\/portaltela.pt\/?s={search_term_string}\"},\"query-input\":{\"@type\":\"PropertyValueSpecification\",\"valueRequired\":true,\"valueName\":\"search_term_string\"}}],\"inLanguage\":\"pt-PT\"},{\"@type\":\"Person\",\"@id\":\"https:\/\/portaltela.pt\/#\/schema\/person\/c4278d4a6028830caff9ee44b42d32ed\",\"name\":\"Telinha\",\"image\":{\"@type\":\"ImageObject\",\"inLanguage\":\"pt-PT\",\"@id\":\"https:\/\/portaltela.pt\/s.01k8rhncp4jt1\/2025\/11\/talking-bot-125x125.png\",\"url\":\"https:\/\/portaltela.pt\/s.01k8rhncp4jt1\/2025\/11\/talking-bot-125x125.png\",\"contentUrl\":\"https:\/\/portaltela.pt\/s.01k8rhncp4jt1\/2025\/11\/talking-bot-125x125.png\",\"caption\":\"Telinha\"},\"sameAs\":[\"https:\/\/portaltela.pt\/\"],\"url\":\"https:\/\/portaltela.pt\/por\/367410592786\/\"}]}<\/script>\n<!-- \/ Yoast SEO plugin. -->","yoast_head_json":{"title":"Julgamento de agressor que atacou mulher com 150 facadas ap\u00f3s Tinder j\u00e1 come\u00e7ou - Portal Tela Portugal","robots":{"index":"index","follow":"follow","max-snippet":"max-snippet:-1","max-image-preview":"max-image-preview:large","max-video-preview":"max-video-preview:-1"},"og_locale":"pt_PT","og_type":"article","og_title":"Julgamento de agressor que atacou mulher com 150 facadas ap\u00f3s Tinder j\u00e1 come\u00e7ou - Portal Tela Portugal","og_description":"come\u00e7ou o julgamento do homem acusado de homic\u00eddio na forma tentada, ofensa \u00e0 integridade f\u00edsica qualificada e dano qualificado, relacionado com o ataque de 150 facadas \u00e0 mulher que conheceu no Tinder, no estacionamento do centro comercial Alval\u00e1xia, em Lisboa, a 28 de maio de 2025. o Minist\u00e9rio P\u00fablico acusa ainda o arguido de persegui\u00e7\u00e3o, falsidade inform\u00e1tica e deten\u00e7\u00e3o de arma proibida. a v\u00edtima ter\u00e1 dito que iria queixar-se \u00e0 pol\u00edcia; o arguido retirou a mochila das costas, pegou numa arma branca e iniciou o ataque ap\u00f3s pegar no telem\u00f3vel. testemunhas destacaram a express\u00e3o do arguido ap\u00f3s o ataque \u2014 sorria, como se tivesse cumprido o objetivo \u2014 e, j\u00e1 imobilizado, apresentava ar tranquilo e de satisfa\u00e7\u00e3o. durante o epis\u00f3dio, uma testemunha descreveu o estado do objeto utilizado (faca deformada) e a v\u00edtima foi socorrida no local, sobrevivendo ap\u00f3s v\u00e1rias interven\u00e7\u00f5es.","og_url":"https:\/\/portaltela.pt\/noticias\/2026\/02\/25\/julgamento-de-agressor-que-atacou-mulher-com-150-facadas-apos-tinder-ja-comecou\/","og_site_name":"Portal Tela Portugal","article_published_time":"2026-02-25T11:19:00+00:00","author":"Telinha","twitter_card":"summary_large_image","twitter_misc":{"Escrito por":"Telinha","Tempo estimado de leitura":"2 minutos"},"schema":{"@context":"https:\/\/schema.org","@graph":[{"@type":"Article","@id":"https:\/\/portaltela.pt\/noticias\/2026\/02\/25\/julgamento-de-agressor-que-atacou-mulher-com-150-facadas-apos-tinder-ja-comecou\/#article","isPartOf":{"@id":"https:\/\/portaltela.pt\/noticias\/2026\/02\/25\/julgamento-de-agressor-que-atacou-mulher-com-150-facadas-apos-tinder-ja-comecou\/"},"author":{"name":"Telinha","@id":"https:\/\/portaltela.pt\/#\/schema\/person\/c4278d4a6028830caff9ee44b42d32ed"},"headline":"Julgamento de agressor que atacou mulher com 150 facadas ap\u00f3s Tinder j\u00e1 come\u00e7ou","datePublished":"2026-02-25T11:19:00+00:00","mainEntityOfPage":{"@id":"https:\/\/portaltela.pt\/noticias\/2026\/02\/25\/julgamento-de-agressor-que-atacou-mulher-com-150-facadas-apos-tinder-ja-comecou\/"},"wordCount":354,"image":{"@id":"https:\/\/portaltela.pt\/noticias\/2026\/02\/25\/julgamento-de-agressor-que-atacou-mulher-com-150-facadas-apos-tinder-ja-comecou\/#primaryimage"},"thumbnailUrl":"https:\/\/portaltela.pt\/s.01k8rhncp4jt1\/2026\/02\/b09c6885-ae10-4dab-bc57-bcc1474752e2_1200x675-1.jpg","keywords":["agress\u00e3o","arma proibida","falsidade inform\u00e1tica","homic\u00eddio","Lisboa","persegui\u00e7\u00e3o"],"articleSection":["Not\u00edcias"],"inLanguage":"pt-PT"},{"@type":"WebPage","@id":"https:\/\/portaltela.pt\/noticias\/2026\/02\/25\/julgamento-de-agressor-que-atacou-mulher-com-150-facadas-apos-tinder-ja-comecou\/","url":"https:\/\/portaltela.pt\/noticias\/2026\/02\/25\/julgamento-de-agressor-que-atacou-mulher-com-150-facadas-apos-tinder-ja-comecou\/","name":"Julgamento de agressor que atacou mulher com 150 facadas ap\u00f3s Tinder j\u00e1 come\u00e7ou - Portal Tela Portugal","isPartOf":{"@id":"https:\/\/portaltela.pt\/#website"},"primaryImageOfPage":{"@id":"https:\/\/portaltela.pt\/noticias\/2026\/02\/25\/julgamento-de-agressor-que-atacou-mulher-com-150-facadas-apos-tinder-ja-comecou\/#primaryimage"},"image":{"@id":"https:\/\/portaltela.pt\/noticias\/2026\/02\/25\/julgamento-de-agressor-que-atacou-mulher-com-150-facadas-apos-tinder-ja-comecou\/#primaryimage"},"thumbnailUrl":"https:\/\/portaltela.pt\/s.01k8rhncp4jt1\/2026\/02\/b09c6885-ae10-4dab-bc57-bcc1474752e2_1200x675-1.jpg","datePublished":"2026-02-25T11:19:00+00:00","author":{"@id":"https:\/\/portaltela.pt\/#\/schema\/person\/c4278d4a6028830caff9ee44b42d32ed"},"breadcrumb":{"@id":"https:\/\/portaltela.pt\/noticias\/2026\/02\/25\/julgamento-de-agressor-que-atacou-mulher-com-150-facadas-apos-tinder-ja-comecou\/#breadcrumb"},"inLanguage":"pt-PT","potentialAction":[{"@type":"ReadAction","target":["https:\/\/portaltela.pt\/noticias\/2026\/02\/25\/julgamento-de-agressor-que-atacou-mulher-com-150-facadas-apos-tinder-ja-comecou\/"]}]},{"@type":"ImageObject","inLanguage":"pt-PT","@id":"https:\/\/portaltela.pt\/noticias\/2026\/02\/25\/julgamento-de-agressor-que-atacou-mulher-com-150-facadas-apos-tinder-ja-comecou\/#primaryimage","url":"https:\/\/portaltela.pt\/s.01k8rhncp4jt1\/2026\/02\/b09c6885-ae10-4dab-bc57-bcc1474752e2_1200x675-1.jpg","contentUrl":"https:\/\/portaltela.pt\/s.01k8rhncp4jt1\/2026\/02\/b09c6885-ae10-4dab-bc57-bcc1474752e2_1200x675-1.jpg","width":796,"height":448,"caption":"Foto: Getty Images"},{"@type":"BreadcrumbList","@id":"https:\/\/portaltela.pt\/noticias\/2026\/02\/25\/julgamento-de-agressor-que-atacou-mulher-com-150-facadas-apos-tinder-ja-comecou\/#breadcrumb","itemListElement":[{"@type":"ListItem","position":1,"name":"In\u00edcio","item":"https:\/\/portaltela.pt\/"},{"@type":"ListItem","position":2,"name":"Julgamento de agressor que atacou mulher com 150 facadas ap\u00f3s Tinder j\u00e1 come\u00e7ou"}]},{"@type":"WebSite","@id":"https:\/\/portaltela.pt\/#website","url":"https:\/\/portaltela.pt\/","name":"Portal Tela Portugal","description":"","potentialAction":[{"@type":"SearchAction","target":{"@type":"EntryPoint","urlTemplate":"https:\/\/portaltela.pt\/?s={search_term_string}"},"query-input":{"@type":"PropertyValueSpecification","valueRequired":true,"valueName":"search_term_string"}}],"inLanguage":"pt-PT"},{"@type":"Person","@id":"https:\/\/portaltela.pt\/#\/schema\/person\/c4278d4a6028830caff9ee44b42d32ed","name":"Telinha","image":{"@type":"ImageObject","inLanguage":"pt-PT","@id":"https:\/\/portaltela.pt\/s.01k8rhncp4jt1\/2025\/11\/talking-bot-125x125.png","url":"https:\/\/portaltela.pt\/s.01k8rhncp4jt1\/2025\/11\/talking-bot-125x125.png","contentUrl":"https:\/\/portaltela.pt\/s.01k8rhncp4jt1\/2025\/11\/talking-bot-125x125.png","caption":"Telinha"},"sameAs":["https:\/\/portaltela.pt\/"],"url":"https:\/\/portaltela.pt\/por\/367410592786\/"}]}},"_links":{"self":[{"href":"https:\/\/portaltela.pt\/api\/wp\/v2\/posts\/225490","targetHints":{"allow":["GET"]}}],"collection":[{"href":"https:\/\/portaltela.pt\/api\/wp\/v2\/posts"}],"about":[{"href":"https:\/\/portaltela.pt\/api\/wp\/v2\/types\/post"}],"author":[{"embeddable":true,"href":"https:\/\/portaltela.pt\/api\/wp\/v2\/users\/2"}],"replies":[{"embeddable":true,"href":"https:\/\/portaltela.pt\/api\/wp\/v2\/comments?post=225490"}],"version-history":[{"count":0,"href":"https:\/\/portaltela.pt\/api\/wp\/v2\/posts\/225490\/revisions"}],"wp:featuredmedia":[{"embeddable":true,"href":"https:\/\/portaltela.pt\/api\/wp\/v2\/media\/225496"}],"wp:attachment":[{"href":"https:\/\/portaltela.pt\/api\/wp\/v2\/media?parent=225490"}],"wp:term":[{"taxonomy":"category","embeddable":true,"href":"https:\/\/portaltela.pt\/api\/wp\/v2\/categories?post=225490"},{"taxonomy":"post_tag","embeddable":true,"href":"https:\/\/portaltela.pt\/api\/wp\/v2\/tags?post=225490"}],"curies":[{"name":"wp","href":"https:\/\/api.w.org\/{rel}","templated":true}]}}