{"id":225457,"date":"2026-02-25T08:02:00","date_gmt":"2026-02-25T11:02:00","guid":{"rendered":"https:\/\/portaltela.pt\/noticias\/2026\/02\/25\/bradley-cooper-lanca-infelizes-juntos-ainda-funciona\/"},"modified":"2026-02-25T08:02:00","modified_gmt":"2026-02-25T11:02:00","slug":"bradley-cooper-lanca-infelizes-juntos-ainda-funciona","status":"publish","type":"post","link":"https:\/\/portaltela.pt\/noticias\/2026\/02\/25\/bradley-cooper-lanca-infelizes-juntos-ainda-funciona\/","title":{"rendered":"Bradley Cooper lan\u00e7a Infelizes juntos: Ainda Funciona?"},"content":{"rendered":"<p>Bradley Cooper apresenta em Portugal esta semana o filme Ainda Funciona?, uma proposta de stand-up comedy que funciona como uma viagem \u00edntima. O elenco inclui Will Arnett e Laura Dern, em mais uma incurs\u00e3o de Cooper pelo cinema de autor.<\/p>\n<p>O longa mergulha numa abordagem de com\u00e9dia de palco, vista como explora\u00e7\u00e3o interior. Cooper dirige o filme, que coloca os artistas num palco imagin\u00e1rio para uma conversa franca sobre falhas, sucesso e curiosidades da vida criativa.<\/p>\n<p>Entre imagens associadas ao projeto, aparecem Will Arnett, Laura Dern e Calvin Knegten, com f\u00e3s a associar a produ\u00e7\u00e3o a um formato mais pessoal do que convencional. As fotografias destacam a atmosfera contida e dialogada da obra.<\/p>\n<h3>Estreias e contexto em Portugal<\/h3>\n<p>O filme integra as estreias da semana, contribuindo para o conjunto de lan\u00e7amentos nacionais. Detalhes de distribui\u00e7\u00e3o, hor\u00e1rios espec\u00edficos ou dados de bilheteira ainda n\u00e3o foram divulgados pela equipa de imprensa.<\/p>\n<p>At\u00e9 ao momento n\u00e3o foram anunciadas entrevistas oficiais que apresentem perspetivas adicionais dos criadores ou do elenco. A rece\u00e7\u00e3o cr\u00edtica internacional ainda depende das primeiras avalia\u00e7\u00f5es a chegar ao pa\u00eds.<\/p>\n","protected":false},"excerpt":{"rendered":"<ul>\n<li>Bradley Cooper apresenta Ainda Funciona?, um filme de stand-up que funciona como uma viagem \u00edntima com Will Arnett e Laura Dern.<\/li>\n<li>O registo \u00e9 descrito como interior, centrado na perspetiva pessoal do ator.<\/li>\n<li>A obra combina humor e reflex\u00e3o, usando a experi\u00eancia de stand-up como fio condutor.<\/li>\n<li>Faz parte das estreias da semana em Portugal, destacando-se entre as novidades de cinema.<\/li>\n<li>No elenco aparecem tamb\u00e9m Calvin Knegten (e, em alguns registos promocionais, Blake Kane) ao lado de Arnett e Dern.<\/li>\n<\/ul>\n","protected":false},"author":2,"featured_media":225471,"comment_status":"closed","ping_status":"closed","sticky":false,"template":"","format":"standard","meta":{"footnotes":""},"categories":[12,1],"tags":[1975,112,2473,5242,113,1014],"class_list":["post-225457","post","type-post","status-publish","format-standard","has-post-thumbnail","hentry","category-entretenimento","category-noticias","tag-arte-teatro-concertos","tag-cinema","tag-criacao-artistica","tag-filmes","tag-filmes-e-series","tag-portugal"],"yoast_head":"<!-- This site is optimized with the Yoast SEO plugin v27.2 - https:\/\/yoast.com\/product\/yoast-seo-wordpress\/ -->\n<title>Bradley Cooper lan\u00e7a Infelizes juntos: Ainda Funciona? - Portal Tela Portugal<\/title>\n<meta name=\"robots\" content=\"index, follow, max-snippet:-1, max-image-preview:large, max-video-preview:-1\" \/>\n<meta property=\"og:locale\" content=\"pt_PT\" \/>\n<meta property=\"og:type\" content=\"article\" \/>\n<meta property=\"og:title\" content=\"Bradley Cooper lan\u00e7a Infelizes juntos: Ainda Funciona? - Portal Tela Portugal\" \/>\n<meta property=\"og:description\" content=\"Bradley Cooper apresenta Ainda Funciona?, um filme de stand-up que funciona como uma viagem \u00edntima com Will Arnett e Laura Dern. O registo \u00e9 descrito como interior, centrado na perspetiva pessoal do ator. A obra combina humor e reflex\u00e3o, usando a experi\u00eancia de stand-up como fio condutor. Faz parte das estreias da semana em Portugal, destacando-se entre as novidades de cinema. No elenco aparecem tamb\u00e9m Calvin Knegten (e, em alguns registos promocionais, Blake Kane) ao lado de Arnett e Dern.\" \/>\n<meta property=\"og:url\" content=\"https:\/\/portaltela.pt\/noticias\/2026\/02\/25\/bradley-cooper-lanca-infelizes-juntos-ainda-funciona\/\" \/>\n<meta property=\"og:site_name\" content=\"Portal Tela Portugal\" \/>\n<meta property=\"article:published_time\" content=\"2026-02-25T11:02:00+00:00\" \/>\n<meta name=\"author\" content=\"Telinha\" \/>\n<meta name=\"twitter:card\" content=\"summary_large_image\" \/>\n<meta name=\"twitter:label1\" content=\"Escrito por\" \/>\n\t<meta name=\"twitter:data1\" content=\"Telinha\" \/>\n\t<meta name=\"twitter:label2\" content=\"Tempo estimado de leitura\" \/>\n\t<meta name=\"twitter:data2\" content=\"1 minuto\" \/>\n<script type=\"application\/ld+json\" class=\"yoast-schema-graph\">{\"@context\":\"https:\/\/schema.org\",\"@graph\":[{\"@type\":\"Article\",\"@id\":\"https:\/\/portaltela.pt\/noticias\/2026\/02\/25\/bradley-cooper-lanca-infelizes-juntos-ainda-funciona\/#article\",\"isPartOf\":{\"@id\":\"https:\/\/portaltela.pt\/noticias\/2026\/02\/25\/bradley-cooper-lanca-infelizes-juntos-ainda-funciona\/\"},\"author\":{\"name\":\"Telinha\",\"@id\":\"https:\/\/portaltela.pt\/#\/schema\/person\/c4278d4a6028830caff9ee44b42d32ed\"},\"headline\":\"Bradley Cooper lan\u00e7a Infelizes juntos: Ainda Funciona?\",\"datePublished\":\"2026-02-25T11:02:00+00:00\",\"mainEntityOfPage\":{\"@id\":\"https:\/\/portaltela.pt\/noticias\/2026\/02\/25\/bradley-cooper-lanca-infelizes-juntos-ainda-funciona\/\"},\"wordCount\":203,\"image\":{\"@id\":\"https:\/\/portaltela.pt\/noticias\/2026\/02\/25\/bradley-cooper-lanca-infelizes-juntos-ainda-funciona\/#primaryimage\"},\"thumbnailUrl\":\"https:\/\/portaltela.pt\/s.01k8rhncp4jt1\/2026\/02\/2069210.jpg\",\"keywords\":[\"arte\/teatro\/concertos\",\"cinema\",\"Cria\u00e7\u00e3o Art\u00edstica\",\"filmes\",\"filmes e s\u00e9ries\",\"Portugal\"],\"articleSection\":[\"Entretenimento\",\"Not\u00edcias\"],\"inLanguage\":\"pt-PT\"},{\"@type\":\"WebPage\",\"@id\":\"https:\/\/portaltela.pt\/noticias\/2026\/02\/25\/bradley-cooper-lanca-infelizes-juntos-ainda-funciona\/\",\"url\":\"https:\/\/portaltela.pt\/noticias\/2026\/02\/25\/bradley-cooper-lanca-infelizes-juntos-ainda-funciona\/\",\"name\":\"Bradley Cooper lan\u00e7a Infelizes juntos: Ainda Funciona? - Portal Tela Portugal\",\"isPartOf\":{\"@id\":\"https:\/\/portaltela.pt\/#website\"},\"primaryImageOfPage\":{\"@id\":\"https:\/\/portaltela.pt\/noticias\/2026\/02\/25\/bradley-cooper-lanca-infelizes-juntos-ainda-funciona\/#primaryimage\"},\"image\":{\"@id\":\"https:\/\/portaltela.pt\/noticias\/2026\/02\/25\/bradley-cooper-lanca-infelizes-juntos-ainda-funciona\/#primaryimage\"},\"thumbnailUrl\":\"https:\/\/portaltela.pt\/s.01k8rhncp4jt1\/2026\/02\/2069210.jpg\",\"datePublished\":\"2026-02-25T11:02:00+00:00\",\"author\":{\"@id\":\"https:\/\/portaltela.pt\/#\/schema\/person\/c4278d4a6028830caff9ee44b42d32ed\"},\"breadcrumb\":{\"@id\":\"https:\/\/portaltela.pt\/noticias\/2026\/02\/25\/bradley-cooper-lanca-infelizes-juntos-ainda-funciona\/#breadcrumb\"},\"inLanguage\":\"pt-PT\",\"potentialAction\":[{\"@type\":\"ReadAction\",\"target\":[\"https:\/\/portaltela.pt\/noticias\/2026\/02\/25\/bradley-cooper-lanca-infelizes-juntos-ainda-funciona\/\"]}]},{\"@type\":\"ImageObject\",\"inLanguage\":\"pt-PT\",\"@id\":\"https:\/\/portaltela.pt\/noticias\/2026\/02\/25\/bradley-cooper-lanca-infelizes-juntos-ainda-funciona\/#primaryimage\",\"url\":\"https:\/\/portaltela.pt\/s.01k8rhncp4jt1\/2026\/02\/2069210.jpg\",\"contentUrl\":\"https:\/\/portaltela.pt\/s.01k8rhncp4jt1\/2026\/02\/2069210.jpg\",\"width\":796,\"height\":448,\"caption\":\"Will Arnett em *Ainda Funciona?*, uma das estreias de cinema da semana em Portugal\"},{\"@type\":\"BreadcrumbList\",\"@id\":\"https:\/\/portaltela.pt\/noticias\/2026\/02\/25\/bradley-cooper-lanca-infelizes-juntos-ainda-funciona\/#breadcrumb\",\"itemListElement\":[{\"@type\":\"ListItem\",\"position\":1,\"name\":\"In\u00edcio\",\"item\":\"https:\/\/portaltela.pt\/\"},{\"@type\":\"ListItem\",\"position\":2,\"name\":\"Bradley Cooper lan\u00e7a Infelizes juntos: Ainda Funciona?\"}]},{\"@type\":\"WebSite\",\"@id\":\"https:\/\/portaltela.pt\/#website\",\"url\":\"https:\/\/portaltela.pt\/\",\"name\":\"Portal Tela Portugal\",\"description\":\"\",\"potentialAction\":[{\"@type\":\"SearchAction\",\"target\":{\"@type\":\"EntryPoint\",\"urlTemplate\":\"https:\/\/portaltela.pt\/?s={search_term_string}\"},\"query-input\":{\"@type\":\"PropertyValueSpecification\",\"valueRequired\":true,\"valueName\":\"search_term_string\"}}],\"inLanguage\":\"pt-PT\"},{\"@type\":\"Person\",\"@id\":\"https:\/\/portaltela.pt\/#\/schema\/person\/c4278d4a6028830caff9ee44b42d32ed\",\"name\":\"Telinha\",\"image\":{\"@type\":\"ImageObject\",\"inLanguage\":\"pt-PT\",\"@id\":\"https:\/\/portaltela.pt\/s.01k8rhncp4jt1\/2025\/11\/talking-bot-125x125.png\",\"url\":\"https:\/\/portaltela.pt\/s.01k8rhncp4jt1\/2025\/11\/talking-bot-125x125.png\",\"contentUrl\":\"https:\/\/portaltela.pt\/s.01k8rhncp4jt1\/2025\/11\/talking-bot-125x125.png\",\"caption\":\"Telinha\"},\"sameAs\":[\"https:\/\/portaltela.pt\/\"],\"url\":\"https:\/\/portaltela.pt\/por\/367410592786\/\"}]}<\/script>\n<!-- \/ Yoast SEO plugin. -->","yoast_head_json":{"title":"Bradley Cooper lan\u00e7a Infelizes juntos: Ainda Funciona? - Portal Tela Portugal","robots":{"index":"index","follow":"follow","max-snippet":"max-snippet:-1","max-image-preview":"max-image-preview:large","max-video-preview":"max-video-preview:-1"},"og_locale":"pt_PT","og_type":"article","og_title":"Bradley Cooper lan\u00e7a Infelizes juntos: Ainda Funciona? - Portal Tela Portugal","og_description":"Bradley Cooper apresenta Ainda Funciona?, um filme de stand-up que funciona como uma viagem \u00edntima com Will Arnett e Laura Dern. O registo \u00e9 descrito como interior, centrado na perspetiva pessoal do ator. A obra combina humor e reflex\u00e3o, usando a experi\u00eancia de stand-up como fio condutor. Faz parte das estreias da semana em Portugal, destacando-se entre as novidades de cinema. No elenco aparecem tamb\u00e9m Calvin Knegten (e, em alguns registos promocionais, Blake Kane) ao lado de Arnett e Dern.","og_url":"https:\/\/portaltela.pt\/noticias\/2026\/02\/25\/bradley-cooper-lanca-infelizes-juntos-ainda-funciona\/","og_site_name":"Portal Tela Portugal","article_published_time":"2026-02-25T11:02:00+00:00","author":"Telinha","twitter_card":"summary_large_image","twitter_misc":{"Escrito por":"Telinha","Tempo estimado de leitura":"1 minuto"},"schema":{"@context":"https:\/\/schema.org","@graph":[{"@type":"Article","@id":"https:\/\/portaltela.pt\/noticias\/2026\/02\/25\/bradley-cooper-lanca-infelizes-juntos-ainda-funciona\/#article","isPartOf":{"@id":"https:\/\/portaltela.pt\/noticias\/2026\/02\/25\/bradley-cooper-lanca-infelizes-juntos-ainda-funciona\/"},"author":{"name":"Telinha","@id":"https:\/\/portaltela.pt\/#\/schema\/person\/c4278d4a6028830caff9ee44b42d32ed"},"headline":"Bradley Cooper lan\u00e7a Infelizes juntos: Ainda Funciona?","datePublished":"2026-02-25T11:02:00+00:00","mainEntityOfPage":{"@id":"https:\/\/portaltela.pt\/noticias\/2026\/02\/25\/bradley-cooper-lanca-infelizes-juntos-ainda-funciona\/"},"wordCount":203,"image":{"@id":"https:\/\/portaltela.pt\/noticias\/2026\/02\/25\/bradley-cooper-lanca-infelizes-juntos-ainda-funciona\/#primaryimage"},"thumbnailUrl":"https:\/\/portaltela.pt\/s.01k8rhncp4jt1\/2026\/02\/2069210.jpg","keywords":["arte\/teatro\/concertos","cinema","Cria\u00e7\u00e3o Art\u00edstica","filmes","filmes e s\u00e9ries","Portugal"],"articleSection":["Entretenimento","Not\u00edcias"],"inLanguage":"pt-PT"},{"@type":"WebPage","@id":"https:\/\/portaltela.pt\/noticias\/2026\/02\/25\/bradley-cooper-lanca-infelizes-juntos-ainda-funciona\/","url":"https:\/\/portaltela.pt\/noticias\/2026\/02\/25\/bradley-cooper-lanca-infelizes-juntos-ainda-funciona\/","name":"Bradley Cooper lan\u00e7a Infelizes juntos: Ainda Funciona? - Portal Tela Portugal","isPartOf":{"@id":"https:\/\/portaltela.pt\/#website"},"primaryImageOfPage":{"@id":"https:\/\/portaltela.pt\/noticias\/2026\/02\/25\/bradley-cooper-lanca-infelizes-juntos-ainda-funciona\/#primaryimage"},"image":{"@id":"https:\/\/portaltela.pt\/noticias\/2026\/02\/25\/bradley-cooper-lanca-infelizes-juntos-ainda-funciona\/#primaryimage"},"thumbnailUrl":"https:\/\/portaltela.pt\/s.01k8rhncp4jt1\/2026\/02\/2069210.jpg","datePublished":"2026-02-25T11:02:00+00:00","author":{"@id":"https:\/\/portaltela.pt\/#\/schema\/person\/c4278d4a6028830caff9ee44b42d32ed"},"breadcrumb":{"@id":"https:\/\/portaltela.pt\/noticias\/2026\/02\/25\/bradley-cooper-lanca-infelizes-juntos-ainda-funciona\/#breadcrumb"},"inLanguage":"pt-PT","potentialAction":[{"@type":"ReadAction","target":["https:\/\/portaltela.pt\/noticias\/2026\/02\/25\/bradley-cooper-lanca-infelizes-juntos-ainda-funciona\/"]}]},{"@type":"ImageObject","inLanguage":"pt-PT","@id":"https:\/\/portaltela.pt\/noticias\/2026\/02\/25\/bradley-cooper-lanca-infelizes-juntos-ainda-funciona\/#primaryimage","url":"https:\/\/portaltela.pt\/s.01k8rhncp4jt1\/2026\/02\/2069210.jpg","contentUrl":"https:\/\/portaltela.pt\/s.01k8rhncp4jt1\/2026\/02\/2069210.jpg","width":796,"height":448,"caption":"Will Arnett em *Ainda Funciona?*, uma das estreias de cinema da semana em Portugal"},{"@type":"BreadcrumbList","@id":"https:\/\/portaltela.pt\/noticias\/2026\/02\/25\/bradley-cooper-lanca-infelizes-juntos-ainda-funciona\/#breadcrumb","itemListElement":[{"@type":"ListItem","position":1,"name":"In\u00edcio","item":"https:\/\/portaltela.pt\/"},{"@type":"ListItem","position":2,"name":"Bradley Cooper lan\u00e7a Infelizes juntos: Ainda Funciona?"}]},{"@type":"WebSite","@id":"https:\/\/portaltela.pt\/#website","url":"https:\/\/portaltela.pt\/","name":"Portal Tela Portugal","description":"","potentialAction":[{"@type":"SearchAction","target":{"@type":"EntryPoint","urlTemplate":"https:\/\/portaltela.pt\/?s={search_term_string}"},"query-input":{"@type":"PropertyValueSpecification","valueRequired":true,"valueName":"search_term_string"}}],"inLanguage":"pt-PT"},{"@type":"Person","@id":"https:\/\/portaltela.pt\/#\/schema\/person\/c4278d4a6028830caff9ee44b42d32ed","name":"Telinha","image":{"@type":"ImageObject","inLanguage":"pt-PT","@id":"https:\/\/portaltela.pt\/s.01k8rhncp4jt1\/2025\/11\/talking-bot-125x125.png","url":"https:\/\/portaltela.pt\/s.01k8rhncp4jt1\/2025\/11\/talking-bot-125x125.png","contentUrl":"https:\/\/portaltela.pt\/s.01k8rhncp4jt1\/2025\/11\/talking-bot-125x125.png","caption":"Telinha"},"sameAs":["https:\/\/portaltela.pt\/"],"url":"https:\/\/portaltela.pt\/por\/367410592786\/"}]}},"_links":{"self":[{"href":"https:\/\/portaltela.pt\/api\/wp\/v2\/posts\/225457","targetHints":{"allow":["GET"]}}],"collection":[{"href":"https:\/\/portaltela.pt\/api\/wp\/v2\/posts"}],"about":[{"href":"https:\/\/portaltela.pt\/api\/wp\/v2\/types\/post"}],"author":[{"embeddable":true,"href":"https:\/\/portaltela.pt\/api\/wp\/v2\/users\/2"}],"replies":[{"embeddable":true,"href":"https:\/\/portaltela.pt\/api\/wp\/v2\/comments?post=225457"}],"version-history":[{"count":0,"href":"https:\/\/portaltela.pt\/api\/wp\/v2\/posts\/225457\/revisions"}],"wp:featuredmedia":[{"embeddable":true,"href":"https:\/\/portaltela.pt\/api\/wp\/v2\/media\/225471"}],"wp:attachment":[{"href":"https:\/\/portaltela.pt\/api\/wp\/v2\/media?parent=225457"}],"wp:term":[{"taxonomy":"category","embeddable":true,"href":"https:\/\/portaltela.pt\/api\/wp\/v2\/categories?post=225457"},{"taxonomy":"post_tag","embeddable":true,"href":"https:\/\/portaltela.pt\/api\/wp\/v2\/tags?post=225457"}],"curies":[{"name":"wp","href":"https:\/\/api.w.org\/{rel}","templated":true}]}}