{"id":225417,"date":"2026-02-25T07:45:00","date_gmt":"2026-02-25T10:45:00","guid":{"rendered":"https:\/\/portaltela.pt\/noticias\/2026\/02\/25\/jose-morais-diz-que-alguns-jogadores-devem-a-carreira-a-mourinho\/"},"modified":"2026-02-25T07:45:00","modified_gmt":"2026-02-25T10:45:00","slug":"jose-morais-diz-que-alguns-jogadores-devem-a-carreira-a-mourinho","status":"publish","type":"post","link":"https:\/\/portaltela.pt\/desporto\/futebol\/2026\/02\/25\/jose-morais-diz-que-alguns-jogadores-devem-a-carreira-a-mourinho\/","title":{"rendered":"Jos\u00e9 Morais diz que alguns jogadores devem a carreira a Mourinho"},"content":{"rendered":"<p>Jos\u00e9 Morais, treinador do Al Sharjah e antigo adjunto de Mourinho no Inter, Real Madrid e Chelsea, aborda em entrevista \u00e0 Record o regresso de Mourinho ao Benfica, vinte anos depois, e a aposta em jovens talentos do clube.<\/p>\n<p>O t\u00e9cnico real\u00e7a a import\u00e2ncia de An\u00edsio Cabral, Daniel Banjaqui e Jos\u00e9 Neto, mencionando que a forma\u00e7\u00e3o pode abrir caminhos para o regresso de jogadores ao topo.<\/p>\n<p>Morais aponta que a forma como o Benfica gerencia a juventude pode influenciar a trajet\u00f3ria de carreira de v\u00e1rios atletas, numa leitura sobre o impacto de decis\u00f5es de Mourinho no clube.<\/p>\n","protected":false},"excerpt":{"rendered":"<ul>\n<li>Jos\u00e9 Morais, treinador do Al Sharjah, foi antigo adjunto de Mourinho no Inter, Real Madrid e Chelsea.<\/li>\n<li>Em entrevista \u00e0 Record, Morais comenta o regresso de Mourinho ao Benfica, vinte anos depois.<\/li>\n<li>O treinador aponta a aposta de Mourinho em jovens do Benfica, como An\u00edsio Cabral, Daniel Banjaqui e Jos\u00e9 Neto.<\/li>\n<li>Morais real\u00e7a a liga\u00e7\u00e3o de Mourinho ao clube e a import\u00e2ncia dos jovens no projeto apresentado.<\/li>\n<\/ul>\n","protected":false},"author":2,"featured_media":225428,"comment_status":"closed","ping_status":"closed","sticky":false,"template":"","format":"standard","meta":{"footnotes":""},"categories":[21,24],"tags":[4256,1946,2164,4813,2138,2714],"class_list":["post-225417","post","type-post","status-publish","format-standard","has-post-thumbnail","hentry","category-desporto","category-futebol","tag-anisio-cabral","tag-benfica","tag-chelsea","tag-inter-milao","tag-jose-mourinho","tag-real-madrid"],"yoast_head":"<!-- This site is optimized with the Yoast SEO plugin v27.2 - https:\/\/yoast.com\/product\/yoast-seo-wordpress\/ -->\n<title>Jos\u00e9 Morais diz que alguns jogadores devem a carreira a Mourinho - Portal Tela Portugal<\/title>\n<meta name=\"robots\" content=\"index, follow, max-snippet:-1, max-image-preview:large, max-video-preview:-1\" \/>\n<meta property=\"og:locale\" content=\"pt_PT\" \/>\n<meta property=\"og:type\" content=\"article\" \/>\n<meta property=\"og:title\" content=\"Jos\u00e9 Morais diz que alguns jogadores devem a carreira a Mourinho - Portal Tela Portugal\" \/>\n<meta property=\"og:description\" content=\"Jos\u00e9 Morais, treinador do Al Sharjah, foi antigo adjunto de Mourinho no Inter, Real Madrid e Chelsea. Em entrevista \u00e0 Record, Morais comenta o regresso de Mourinho ao Benfica, vinte anos depois. O treinador aponta a aposta de Mourinho em jovens do Benfica, como An\u00edsio Cabral, Daniel Banjaqui e Jos\u00e9 Neto. Morais real\u00e7a a liga\u00e7\u00e3o de Mourinho ao clube e a import\u00e2ncia dos jovens no projeto apresentado.\" \/>\n<meta property=\"og:url\" content=\"https:\/\/portaltela.pt\/noticias\/2026\/02\/25\/jose-morais-diz-que-alguns-jogadores-devem-a-carreira-a-mourinho\/\" \/>\n<meta property=\"og:site_name\" content=\"Portal Tela Portugal\" \/>\n<meta property=\"article:published_time\" content=\"2026-02-25T10:45:00+00:00\" \/>\n<meta name=\"author\" content=\"Telinha\" \/>\n<meta name=\"twitter:card\" content=\"summary_large_image\" \/>\n<meta name=\"twitter:label1\" content=\"Escrito por\" \/>\n\t<meta name=\"twitter:data1\" content=\"Telinha\" \/>\n\t<meta name=\"twitter:label2\" content=\"Tempo estimado de leitura\" \/>\n\t<meta name=\"twitter:data2\" content=\"1 minuto\" \/>\n<script type=\"application\/ld+json\" class=\"yoast-schema-graph\">{\"@context\":\"https:\/\/schema.org\",\"@graph\":[{\"@type\":\"Article\",\"@id\":\"https:\/\/portaltela.pt\/noticias\/2026\/02\/25\/jose-morais-diz-que-alguns-jogadores-devem-a-carreira-a-mourinho\/#article\",\"isPartOf\":{\"@id\":\"https:\/\/portaltela.pt\/noticias\/2026\/02\/25\/jose-morais-diz-que-alguns-jogadores-devem-a-carreira-a-mourinho\/\"},\"author\":{\"name\":\"Telinha\",\"@id\":\"https:\/\/portaltela.pt\/#\/schema\/person\/c4278d4a6028830caff9ee44b42d32ed\"},\"headline\":\"Jos\u00e9 Morais diz que alguns jogadores devem a carreira a Mourinho\",\"datePublished\":\"2026-02-25T10:45:00+00:00\",\"mainEntityOfPage\":{\"@id\":\"https:\/\/portaltela.pt\/noticias\/2026\/02\/25\/jose-morais-diz-que-alguns-jogadores-devem-a-carreira-a-mourinho\/\"},\"wordCount\":115,\"image\":{\"@id\":\"https:\/\/portaltela.pt\/noticias\/2026\/02\/25\/jose-morais-diz-que-alguns-jogadores-devem-a-carreira-a-mourinho\/#primaryimage\"},\"thumbnailUrl\":\"https:\/\/portaltela.pt\/s.01k8rhncp4jt1\/2026\/02\/img_1200x721uu2026-02-24-17-57-00-2423455.jpg\",\"keywords\":[\"An\u00edsio Cabral\",\"Benfica\",\"Chelsea\",\"Inter Mil\u00e3o\",\"Jos\u00e9 Mourinho\",\"Real Madrid\"],\"articleSection\":[\"Desporto\",\"Futebol\"],\"inLanguage\":\"pt-PT\"},{\"@type\":\"WebPage\",\"@id\":\"https:\/\/portaltela.pt\/noticias\/2026\/02\/25\/jose-morais-diz-que-alguns-jogadores-devem-a-carreira-a-mourinho\/\",\"url\":\"https:\/\/portaltela.pt\/noticias\/2026\/02\/25\/jose-morais-diz-que-alguns-jogadores-devem-a-carreira-a-mourinho\/\",\"name\":\"Jos\u00e9 Morais diz que alguns jogadores devem a carreira a Mourinho - Portal Tela Portugal\",\"isPartOf\":{\"@id\":\"https:\/\/portaltela.pt\/#website\"},\"primaryImageOfPage\":{\"@id\":\"https:\/\/portaltela.pt\/noticias\/2026\/02\/25\/jose-morais-diz-que-alguns-jogadores-devem-a-carreira-a-mourinho\/#primaryimage\"},\"image\":{\"@id\":\"https:\/\/portaltela.pt\/noticias\/2026\/02\/25\/jose-morais-diz-que-alguns-jogadores-devem-a-carreira-a-mourinho\/#primaryimage\"},\"thumbnailUrl\":\"https:\/\/portaltela.pt\/s.01k8rhncp4jt1\/2026\/02\/img_1200x721uu2026-02-24-17-57-00-2423455.jpg\",\"datePublished\":\"2026-02-25T10:45:00+00:00\",\"author\":{\"@id\":\"https:\/\/portaltela.pt\/#\/schema\/person\/c4278d4a6028830caff9ee44b42d32ed\"},\"breadcrumb\":{\"@id\":\"https:\/\/portaltela.pt\/noticias\/2026\/02\/25\/jose-morais-diz-que-alguns-jogadores-devem-a-carreira-a-mourinho\/#breadcrumb\"},\"inLanguage\":\"pt-PT\",\"potentialAction\":[{\"@type\":\"ReadAction\",\"target\":[\"https:\/\/portaltela.pt\/noticias\/2026\/02\/25\/jose-morais-diz-que-alguns-jogadores-devem-a-carreira-a-mourinho\/\"]}]},{\"@type\":\"ImageObject\",\"inLanguage\":\"pt-PT\",\"@id\":\"https:\/\/portaltela.pt\/noticias\/2026\/02\/25\/jose-morais-diz-que-alguns-jogadores-devem-a-carreira-a-mourinho\/#primaryimage\",\"url\":\"https:\/\/portaltela.pt\/s.01k8rhncp4jt1\/2026\/02\/img_1200x721uu2026-02-24-17-57-00-2423455.jpg\",\"contentUrl\":\"https:\/\/portaltela.pt\/s.01k8rhncp4jt1\/2026\/02\/img_1200x721uu2026-02-24-17-57-00-2423455.jpg\",\"width\":796,\"height\":448,\"caption\":\"Jos\u00e9 Morais: \u00abAlguns jogadores podem dizer que devem a carreira a Mourinho\u00bb\"},{\"@type\":\"BreadcrumbList\",\"@id\":\"https:\/\/portaltela.pt\/noticias\/2026\/02\/25\/jose-morais-diz-que-alguns-jogadores-devem-a-carreira-a-mourinho\/#breadcrumb\",\"itemListElement\":[{\"@type\":\"ListItem\",\"position\":1,\"name\":\"In\u00edcio\",\"item\":\"https:\/\/portaltela.pt\/\"},{\"@type\":\"ListItem\",\"position\":2,\"name\":\"Jos\u00e9 Morais diz que alguns jogadores devem a carreira a Mourinho\"}]},{\"@type\":\"WebSite\",\"@id\":\"https:\/\/portaltela.pt\/#website\",\"url\":\"https:\/\/portaltela.pt\/\",\"name\":\"Portal Tela Portugal\",\"description\":\"\",\"potentialAction\":[{\"@type\":\"SearchAction\",\"target\":{\"@type\":\"EntryPoint\",\"urlTemplate\":\"https:\/\/portaltela.pt\/?s={search_term_string}\"},\"query-input\":{\"@type\":\"PropertyValueSpecification\",\"valueRequired\":true,\"valueName\":\"search_term_string\"}}],\"inLanguage\":\"pt-PT\"},{\"@type\":\"Person\",\"@id\":\"https:\/\/portaltela.pt\/#\/schema\/person\/c4278d4a6028830caff9ee44b42d32ed\",\"name\":\"Telinha\",\"image\":{\"@type\":\"ImageObject\",\"inLanguage\":\"pt-PT\",\"@id\":\"https:\/\/portaltela.pt\/s.01k8rhncp4jt1\/2025\/11\/talking-bot-125x125.png\",\"url\":\"https:\/\/portaltela.pt\/s.01k8rhncp4jt1\/2025\/11\/talking-bot-125x125.png\",\"contentUrl\":\"https:\/\/portaltela.pt\/s.01k8rhncp4jt1\/2025\/11\/talking-bot-125x125.png\",\"caption\":\"Telinha\"},\"sameAs\":[\"https:\/\/portaltela.pt\/\"],\"url\":\"https:\/\/portaltela.pt\/por\/367410592786\/\"}]}<\/script>\n<!-- \/ Yoast SEO plugin. -->","yoast_head_json":{"title":"Jos\u00e9 Morais diz que alguns jogadores devem a carreira a Mourinho - Portal Tela Portugal","robots":{"index":"index","follow":"follow","max-snippet":"max-snippet:-1","max-image-preview":"max-image-preview:large","max-video-preview":"max-video-preview:-1"},"og_locale":"pt_PT","og_type":"article","og_title":"Jos\u00e9 Morais diz que alguns jogadores devem a carreira a Mourinho - Portal Tela Portugal","og_description":"Jos\u00e9 Morais, treinador do Al Sharjah, foi antigo adjunto de Mourinho no Inter, Real Madrid e Chelsea. Em entrevista \u00e0 Record, Morais comenta o regresso de Mourinho ao Benfica, vinte anos depois. O treinador aponta a aposta de Mourinho em jovens do Benfica, como An\u00edsio Cabral, Daniel Banjaqui e Jos\u00e9 Neto. Morais real\u00e7a a liga\u00e7\u00e3o de Mourinho ao clube e a import\u00e2ncia dos jovens no projeto apresentado.","og_url":"https:\/\/portaltela.pt\/noticias\/2026\/02\/25\/jose-morais-diz-que-alguns-jogadores-devem-a-carreira-a-mourinho\/","og_site_name":"Portal Tela Portugal","article_published_time":"2026-02-25T10:45:00+00:00","author":"Telinha","twitter_card":"summary_large_image","twitter_misc":{"Escrito por":"Telinha","Tempo estimado de leitura":"1 minuto"},"schema":{"@context":"https:\/\/schema.org","@graph":[{"@type":"Article","@id":"https:\/\/portaltela.pt\/noticias\/2026\/02\/25\/jose-morais-diz-que-alguns-jogadores-devem-a-carreira-a-mourinho\/#article","isPartOf":{"@id":"https:\/\/portaltela.pt\/noticias\/2026\/02\/25\/jose-morais-diz-que-alguns-jogadores-devem-a-carreira-a-mourinho\/"},"author":{"name":"Telinha","@id":"https:\/\/portaltela.pt\/#\/schema\/person\/c4278d4a6028830caff9ee44b42d32ed"},"headline":"Jos\u00e9 Morais diz que alguns jogadores devem a carreira a Mourinho","datePublished":"2026-02-25T10:45:00+00:00","mainEntityOfPage":{"@id":"https:\/\/portaltela.pt\/noticias\/2026\/02\/25\/jose-morais-diz-que-alguns-jogadores-devem-a-carreira-a-mourinho\/"},"wordCount":115,"image":{"@id":"https:\/\/portaltela.pt\/noticias\/2026\/02\/25\/jose-morais-diz-que-alguns-jogadores-devem-a-carreira-a-mourinho\/#primaryimage"},"thumbnailUrl":"https:\/\/portaltela.pt\/s.01k8rhncp4jt1\/2026\/02\/img_1200x721uu2026-02-24-17-57-00-2423455.jpg","keywords":["An\u00edsio Cabral","Benfica","Chelsea","Inter Mil\u00e3o","Jos\u00e9 Mourinho","Real Madrid"],"articleSection":["Desporto","Futebol"],"inLanguage":"pt-PT"},{"@type":"WebPage","@id":"https:\/\/portaltela.pt\/noticias\/2026\/02\/25\/jose-morais-diz-que-alguns-jogadores-devem-a-carreira-a-mourinho\/","url":"https:\/\/portaltela.pt\/noticias\/2026\/02\/25\/jose-morais-diz-que-alguns-jogadores-devem-a-carreira-a-mourinho\/","name":"Jos\u00e9 Morais diz que alguns jogadores devem a carreira a Mourinho - Portal Tela Portugal","isPartOf":{"@id":"https:\/\/portaltela.pt\/#website"},"primaryImageOfPage":{"@id":"https:\/\/portaltela.pt\/noticias\/2026\/02\/25\/jose-morais-diz-que-alguns-jogadores-devem-a-carreira-a-mourinho\/#primaryimage"},"image":{"@id":"https:\/\/portaltela.pt\/noticias\/2026\/02\/25\/jose-morais-diz-que-alguns-jogadores-devem-a-carreira-a-mourinho\/#primaryimage"},"thumbnailUrl":"https:\/\/portaltela.pt\/s.01k8rhncp4jt1\/2026\/02\/img_1200x721uu2026-02-24-17-57-00-2423455.jpg","datePublished":"2026-02-25T10:45:00+00:00","author":{"@id":"https:\/\/portaltela.pt\/#\/schema\/person\/c4278d4a6028830caff9ee44b42d32ed"},"breadcrumb":{"@id":"https:\/\/portaltela.pt\/noticias\/2026\/02\/25\/jose-morais-diz-que-alguns-jogadores-devem-a-carreira-a-mourinho\/#breadcrumb"},"inLanguage":"pt-PT","potentialAction":[{"@type":"ReadAction","target":["https:\/\/portaltela.pt\/noticias\/2026\/02\/25\/jose-morais-diz-que-alguns-jogadores-devem-a-carreira-a-mourinho\/"]}]},{"@type":"ImageObject","inLanguage":"pt-PT","@id":"https:\/\/portaltela.pt\/noticias\/2026\/02\/25\/jose-morais-diz-que-alguns-jogadores-devem-a-carreira-a-mourinho\/#primaryimage","url":"https:\/\/portaltela.pt\/s.01k8rhncp4jt1\/2026\/02\/img_1200x721uu2026-02-24-17-57-00-2423455.jpg","contentUrl":"https:\/\/portaltela.pt\/s.01k8rhncp4jt1\/2026\/02\/img_1200x721uu2026-02-24-17-57-00-2423455.jpg","width":796,"height":448,"caption":"Jos\u00e9 Morais: \u00abAlguns jogadores podem dizer que devem a carreira a Mourinho\u00bb"},{"@type":"BreadcrumbList","@id":"https:\/\/portaltela.pt\/noticias\/2026\/02\/25\/jose-morais-diz-que-alguns-jogadores-devem-a-carreira-a-mourinho\/#breadcrumb","itemListElement":[{"@type":"ListItem","position":1,"name":"In\u00edcio","item":"https:\/\/portaltela.pt\/"},{"@type":"ListItem","position":2,"name":"Jos\u00e9 Morais diz que alguns jogadores devem a carreira a Mourinho"}]},{"@type":"WebSite","@id":"https:\/\/portaltela.pt\/#website","url":"https:\/\/portaltela.pt\/","name":"Portal Tela Portugal","description":"","potentialAction":[{"@type":"SearchAction","target":{"@type":"EntryPoint","urlTemplate":"https:\/\/portaltela.pt\/?s={search_term_string}"},"query-input":{"@type":"PropertyValueSpecification","valueRequired":true,"valueName":"search_term_string"}}],"inLanguage":"pt-PT"},{"@type":"Person","@id":"https:\/\/portaltela.pt\/#\/schema\/person\/c4278d4a6028830caff9ee44b42d32ed","name":"Telinha","image":{"@type":"ImageObject","inLanguage":"pt-PT","@id":"https:\/\/portaltela.pt\/s.01k8rhncp4jt1\/2025\/11\/talking-bot-125x125.png","url":"https:\/\/portaltela.pt\/s.01k8rhncp4jt1\/2025\/11\/talking-bot-125x125.png","contentUrl":"https:\/\/portaltela.pt\/s.01k8rhncp4jt1\/2025\/11\/talking-bot-125x125.png","caption":"Telinha"},"sameAs":["https:\/\/portaltela.pt\/"],"url":"https:\/\/portaltela.pt\/por\/367410592786\/"}]}},"_links":{"self":[{"href":"https:\/\/portaltela.pt\/api\/wp\/v2\/posts\/225417","targetHints":{"allow":["GET"]}}],"collection":[{"href":"https:\/\/portaltela.pt\/api\/wp\/v2\/posts"}],"about":[{"href":"https:\/\/portaltela.pt\/api\/wp\/v2\/types\/post"}],"author":[{"embeddable":true,"href":"https:\/\/portaltela.pt\/api\/wp\/v2\/users\/2"}],"replies":[{"embeddable":true,"href":"https:\/\/portaltela.pt\/api\/wp\/v2\/comments?post=225417"}],"version-history":[{"count":0,"href":"https:\/\/portaltela.pt\/api\/wp\/v2\/posts\/225417\/revisions"}],"wp:featuredmedia":[{"embeddable":true,"href":"https:\/\/portaltela.pt\/api\/wp\/v2\/media\/225428"}],"wp:attachment":[{"href":"https:\/\/portaltela.pt\/api\/wp\/v2\/media?parent=225417"}],"wp:term":[{"taxonomy":"category","embeddable":true,"href":"https:\/\/portaltela.pt\/api\/wp\/v2\/categories?post=225417"},{"taxonomy":"post_tag","embeddable":true,"href":"https:\/\/portaltela.pt\/api\/wp\/v2\/tags?post=225417"}],"curies":[{"name":"wp","href":"https:\/\/api.w.org\/{rel}","templated":true}]}}