{"id":225385,"date":"2026-02-25T07:17:44","date_gmt":"2026-02-25T10:17:44","guid":{"rendered":"https:\/\/portaltela.pt\/noticias\/2026\/02\/25\/crianca-de-seis-anos-leva-arma-para-a-escola-em-peniche\/"},"modified":"2026-02-25T07:17:44","modified_gmt":"2026-02-25T10:17:44","slug":"crianca-de-seis-anos-leva-arma-para-a-escola-em-peniche","status":"publish","type":"post","link":"https:\/\/portaltela.pt\/noticias\/2026\/02\/25\/crianca-de-seis-anos-leva-arma-para-a-escola-em-peniche\/","title":{"rendered":"Crian\u00e7a de seis anos leva arma para a escola em Peniche"},"content":{"rendered":"<p>Uma crian\u00e7a de seis anos levou uma arma de fogo para uma escola em Peniche, na manh\u00e3 de 25 de fevereiro de 2026, \u00e0s 10:17. A ocorr\u00eancia foi reportada \u00e0 Guarda Nacional Republicana (GNR), que atuou de imediato e assegurou a remo\u00e7\u00e3o do objeto.<\/p>\n<p>A arma foi apreendida pela GNR, e a crian\u00e7a ficou aos cuidados dos respons\u00e1veis presentes na escola. N\u00e3o foram divulgados outros detalhes operacionais sobre a interven\u00e7\u00e3o.<\/p>\n<p>As autoridades competentes foram informadas para as provid\u00eancias legais cab\u00edveis. N\u00e3o h\u00e1 informa\u00e7\u00f5es dispon\u00edveis sobre o motivo que levou \u00e0 a\u00e7\u00e3o nem sobre poss\u00edveis consequ\u00eancias para a escola ou para a crian\u00e7a.<\/p>\n","protected":false},"excerpt":{"rendered":"<ul>\n<li>A crian\u00e7a de seis anos levou uma arma para a escola em Peniche.<\/li>\n<li>A GNR apreendeu uma arma de fogo.<\/li>\n<li>A ocorr\u00eancia ocorreu em 25 de fevereiro de 2026 \u00e0s 10:17.<\/li>\n<li>A arma foi entregue aos respons\u00e1veis da crian\u00e7a.<\/li>\n<li>A ocorr\u00eancia foi comunicada \u00e0s autoridades competentes para as provid\u00eancias legais.<\/li>\n<\/ul>\n","protected":false},"author":2,"featured_media":225389,"comment_status":"closed","ping_status":"closed","sticky":false,"template":"","format":"standard","meta":{"footnotes":""},"categories":[1],"tags":[124,147,2153,101,4747,250],"class_list":["post-225385","post","type-post","status-publish","format-standard","has-post-thumbnail","hentry","category-noticias","tag-arma-de-fogo","tag-crime","tag-educacao-escolar","tag-escolas","tag-peniche","tag-seguranca-publica"],"yoast_head":"<!-- This site is optimized with the Yoast SEO plugin v27.2 - https:\/\/yoast.com\/product\/yoast-seo-wordpress\/ -->\n<title>Crian\u00e7a de seis anos leva arma para a escola em Peniche - Portal Tela Portugal<\/title>\n<meta name=\"robots\" content=\"index, follow, max-snippet:-1, max-image-preview:large, max-video-preview:-1\" \/>\n<meta property=\"og:locale\" content=\"pt_PT\" \/>\n<meta property=\"og:type\" content=\"article\" \/>\n<meta property=\"og:title\" content=\"Crian\u00e7a de seis anos leva arma para a escola em Peniche - Portal Tela Portugal\" \/>\n<meta property=\"og:description\" content=\"A crian\u00e7a de seis anos levou uma arma para a escola em Peniche. A GNR apreendeu uma arma de fogo. A ocorr\u00eancia ocorreu em 25 de fevereiro de 2026 \u00e0s 10:17. A arma foi entregue aos respons\u00e1veis da crian\u00e7a. A ocorr\u00eancia foi comunicada \u00e0s autoridades competentes para as provid\u00eancias legais.\" \/>\n<meta property=\"og:url\" content=\"https:\/\/portaltela.pt\/noticias\/2026\/02\/25\/crianca-de-seis-anos-leva-arma-para-a-escola-em-peniche\/\" \/>\n<meta property=\"og:site_name\" content=\"Portal Tela Portugal\" \/>\n<meta property=\"article:published_time\" content=\"2026-02-25T10:17:44+00:00\" \/>\n<meta name=\"author\" content=\"Telinha\" \/>\n<meta name=\"twitter:card\" content=\"summary_large_image\" \/>\n<meta name=\"twitter:label1\" content=\"Escrito por\" \/>\n\t<meta name=\"twitter:data1\" content=\"Telinha\" \/>\n\t<meta name=\"twitter:label2\" content=\"Tempo estimado de leitura\" \/>\n\t<meta name=\"twitter:data2\" content=\"1 minuto\" \/>\n<script type=\"application\/ld+json\" class=\"yoast-schema-graph\">{\"@context\":\"https:\/\/schema.org\",\"@graph\":[{\"@type\":\"Article\",\"@id\":\"https:\/\/portaltela.pt\/noticias\/2026\/02\/25\/crianca-de-seis-anos-leva-arma-para-a-escola-em-peniche\/#article\",\"isPartOf\":{\"@id\":\"https:\/\/portaltela.pt\/noticias\/2026\/02\/25\/crianca-de-seis-anos-leva-arma-para-a-escola-em-peniche\/\"},\"author\":{\"name\":\"Telinha\",\"@id\":\"https:\/\/portaltela.pt\/#\/schema\/person\/c4278d4a6028830caff9ee44b42d32ed\"},\"headline\":\"Crian\u00e7a de seis anos leva arma para a escola em Peniche\",\"datePublished\":\"2026-02-25T10:17:44+00:00\",\"mainEntityOfPage\":{\"@id\":\"https:\/\/portaltela.pt\/noticias\/2026\/02\/25\/crianca-de-seis-anos-leva-arma-para-a-escola-em-peniche\/\"},\"wordCount\":125,\"image\":{\"@id\":\"https:\/\/portaltela.pt\/noticias\/2026\/02\/25\/crianca-de-seis-anos-leva-arma-para-a-escola-em-peniche\/#primaryimage\"},\"thumbnailUrl\":\"https:\/\/portaltela.pt\/s.01k8rhncp4jt1\/2026\/02\/img_1280x722uu2026-02-24-18-19-31-2268796.jpg\",\"keywords\":[\"arma de fogo\",\"crime\",\"educa\u00e7\u00e3o escolar\",\"escolas\",\"Peniche\",\"seguran\u00e7a p\u00fablica\"],\"articleSection\":[\"Not\u00edcias\"],\"inLanguage\":\"pt-PT\"},{\"@type\":\"WebPage\",\"@id\":\"https:\/\/portaltela.pt\/noticias\/2026\/02\/25\/crianca-de-seis-anos-leva-arma-para-a-escola-em-peniche\/\",\"url\":\"https:\/\/portaltela.pt\/noticias\/2026\/02\/25\/crianca-de-seis-anos-leva-arma-para-a-escola-em-peniche\/\",\"name\":\"Crian\u00e7a de seis anos leva arma para a escola em Peniche - Portal Tela Portugal\",\"isPartOf\":{\"@id\":\"https:\/\/portaltela.pt\/#website\"},\"primaryImageOfPage\":{\"@id\":\"https:\/\/portaltela.pt\/noticias\/2026\/02\/25\/crianca-de-seis-anos-leva-arma-para-a-escola-em-peniche\/#primaryimage\"},\"image\":{\"@id\":\"https:\/\/portaltela.pt\/noticias\/2026\/02\/25\/crianca-de-seis-anos-leva-arma-para-a-escola-em-peniche\/#primaryimage\"},\"thumbnailUrl\":\"https:\/\/portaltela.pt\/s.01k8rhncp4jt1\/2026\/02\/img_1280x722uu2026-02-24-18-19-31-2268796.jpg\",\"datePublished\":\"2026-02-25T10:17:44+00:00\",\"author\":{\"@id\":\"https:\/\/portaltela.pt\/#\/schema\/person\/c4278d4a6028830caff9ee44b42d32ed\"},\"breadcrumb\":{\"@id\":\"https:\/\/portaltela.pt\/noticias\/2026\/02\/25\/crianca-de-seis-anos-leva-arma-para-a-escola-em-peniche\/#breadcrumb\"},\"inLanguage\":\"pt-PT\",\"potentialAction\":[{\"@type\":\"ReadAction\",\"target\":[\"https:\/\/portaltela.pt\/noticias\/2026\/02\/25\/crianca-de-seis-anos-leva-arma-para-a-escola-em-peniche\/\"]}]},{\"@type\":\"ImageObject\",\"inLanguage\":\"pt-PT\",\"@id\":\"https:\/\/portaltela.pt\/noticias\/2026\/02\/25\/crianca-de-seis-anos-leva-arma-para-a-escola-em-peniche\/#primaryimage\",\"url\":\"https:\/\/portaltela.pt\/s.01k8rhncp4jt1\/2026\/02\/img_1280x722uu2026-02-24-18-19-31-2268796.jpg\",\"contentUrl\":\"https:\/\/portaltela.pt\/s.01k8rhncp4jt1\/2026\/02\/img_1280x722uu2026-02-24-18-19-31-2268796.jpg\",\"width\":796,\"height\":448,\"caption\":\"Photo\"},{\"@type\":\"BreadcrumbList\",\"@id\":\"https:\/\/portaltela.pt\/noticias\/2026\/02\/25\/crianca-de-seis-anos-leva-arma-para-a-escola-em-peniche\/#breadcrumb\",\"itemListElement\":[{\"@type\":\"ListItem\",\"position\":1,\"name\":\"In\u00edcio\",\"item\":\"https:\/\/portaltela.pt\/\"},{\"@type\":\"ListItem\",\"position\":2,\"name\":\"Crian\u00e7a de seis anos leva arma para a escola em Peniche\"}]},{\"@type\":\"WebSite\",\"@id\":\"https:\/\/portaltela.pt\/#website\",\"url\":\"https:\/\/portaltela.pt\/\",\"name\":\"Portal Tela Portugal\",\"description\":\"\",\"potentialAction\":[{\"@type\":\"SearchAction\",\"target\":{\"@type\":\"EntryPoint\",\"urlTemplate\":\"https:\/\/portaltela.pt\/?s={search_term_string}\"},\"query-input\":{\"@type\":\"PropertyValueSpecification\",\"valueRequired\":true,\"valueName\":\"search_term_string\"}}],\"inLanguage\":\"pt-PT\"},{\"@type\":\"Person\",\"@id\":\"https:\/\/portaltela.pt\/#\/schema\/person\/c4278d4a6028830caff9ee44b42d32ed\",\"name\":\"Telinha\",\"image\":{\"@type\":\"ImageObject\",\"inLanguage\":\"pt-PT\",\"@id\":\"https:\/\/portaltela.pt\/s.01k8rhncp4jt1\/2025\/11\/talking-bot-125x125.png\",\"url\":\"https:\/\/portaltela.pt\/s.01k8rhncp4jt1\/2025\/11\/talking-bot-125x125.png\",\"contentUrl\":\"https:\/\/portaltela.pt\/s.01k8rhncp4jt1\/2025\/11\/talking-bot-125x125.png\",\"caption\":\"Telinha\"},\"sameAs\":[\"https:\/\/portaltela.pt\/\"],\"url\":\"https:\/\/portaltela.pt\/por\/367410592786\/\"}]}<\/script>\n<!-- \/ Yoast SEO plugin. -->","yoast_head_json":{"title":"Crian\u00e7a de seis anos leva arma para a escola em Peniche - Portal Tela Portugal","robots":{"index":"index","follow":"follow","max-snippet":"max-snippet:-1","max-image-preview":"max-image-preview:large","max-video-preview":"max-video-preview:-1"},"og_locale":"pt_PT","og_type":"article","og_title":"Crian\u00e7a de seis anos leva arma para a escola em Peniche - Portal Tela Portugal","og_description":"A crian\u00e7a de seis anos levou uma arma para a escola em Peniche. A GNR apreendeu uma arma de fogo. A ocorr\u00eancia ocorreu em 25 de fevereiro de 2026 \u00e0s 10:17. A arma foi entregue aos respons\u00e1veis da crian\u00e7a. A ocorr\u00eancia foi comunicada \u00e0s autoridades competentes para as provid\u00eancias legais.","og_url":"https:\/\/portaltela.pt\/noticias\/2026\/02\/25\/crianca-de-seis-anos-leva-arma-para-a-escola-em-peniche\/","og_site_name":"Portal Tela Portugal","article_published_time":"2026-02-25T10:17:44+00:00","author":"Telinha","twitter_card":"summary_large_image","twitter_misc":{"Escrito por":"Telinha","Tempo estimado de leitura":"1 minuto"},"schema":{"@context":"https:\/\/schema.org","@graph":[{"@type":"Article","@id":"https:\/\/portaltela.pt\/noticias\/2026\/02\/25\/crianca-de-seis-anos-leva-arma-para-a-escola-em-peniche\/#article","isPartOf":{"@id":"https:\/\/portaltela.pt\/noticias\/2026\/02\/25\/crianca-de-seis-anos-leva-arma-para-a-escola-em-peniche\/"},"author":{"name":"Telinha","@id":"https:\/\/portaltela.pt\/#\/schema\/person\/c4278d4a6028830caff9ee44b42d32ed"},"headline":"Crian\u00e7a de seis anos leva arma para a escola em Peniche","datePublished":"2026-02-25T10:17:44+00:00","mainEntityOfPage":{"@id":"https:\/\/portaltela.pt\/noticias\/2026\/02\/25\/crianca-de-seis-anos-leva-arma-para-a-escola-em-peniche\/"},"wordCount":125,"image":{"@id":"https:\/\/portaltela.pt\/noticias\/2026\/02\/25\/crianca-de-seis-anos-leva-arma-para-a-escola-em-peniche\/#primaryimage"},"thumbnailUrl":"https:\/\/portaltela.pt\/s.01k8rhncp4jt1\/2026\/02\/img_1280x722uu2026-02-24-18-19-31-2268796.jpg","keywords":["arma de fogo","crime","educa\u00e7\u00e3o escolar","escolas","Peniche","seguran\u00e7a p\u00fablica"],"articleSection":["Not\u00edcias"],"inLanguage":"pt-PT"},{"@type":"WebPage","@id":"https:\/\/portaltela.pt\/noticias\/2026\/02\/25\/crianca-de-seis-anos-leva-arma-para-a-escola-em-peniche\/","url":"https:\/\/portaltela.pt\/noticias\/2026\/02\/25\/crianca-de-seis-anos-leva-arma-para-a-escola-em-peniche\/","name":"Crian\u00e7a de seis anos leva arma para a escola em Peniche - Portal Tela Portugal","isPartOf":{"@id":"https:\/\/portaltela.pt\/#website"},"primaryImageOfPage":{"@id":"https:\/\/portaltela.pt\/noticias\/2026\/02\/25\/crianca-de-seis-anos-leva-arma-para-a-escola-em-peniche\/#primaryimage"},"image":{"@id":"https:\/\/portaltela.pt\/noticias\/2026\/02\/25\/crianca-de-seis-anos-leva-arma-para-a-escola-em-peniche\/#primaryimage"},"thumbnailUrl":"https:\/\/portaltela.pt\/s.01k8rhncp4jt1\/2026\/02\/img_1280x722uu2026-02-24-18-19-31-2268796.jpg","datePublished":"2026-02-25T10:17:44+00:00","author":{"@id":"https:\/\/portaltela.pt\/#\/schema\/person\/c4278d4a6028830caff9ee44b42d32ed"},"breadcrumb":{"@id":"https:\/\/portaltela.pt\/noticias\/2026\/02\/25\/crianca-de-seis-anos-leva-arma-para-a-escola-em-peniche\/#breadcrumb"},"inLanguage":"pt-PT","potentialAction":[{"@type":"ReadAction","target":["https:\/\/portaltela.pt\/noticias\/2026\/02\/25\/crianca-de-seis-anos-leva-arma-para-a-escola-em-peniche\/"]}]},{"@type":"ImageObject","inLanguage":"pt-PT","@id":"https:\/\/portaltela.pt\/noticias\/2026\/02\/25\/crianca-de-seis-anos-leva-arma-para-a-escola-em-peniche\/#primaryimage","url":"https:\/\/portaltela.pt\/s.01k8rhncp4jt1\/2026\/02\/img_1280x722uu2026-02-24-18-19-31-2268796.jpg","contentUrl":"https:\/\/portaltela.pt\/s.01k8rhncp4jt1\/2026\/02\/img_1280x722uu2026-02-24-18-19-31-2268796.jpg","width":796,"height":448,"caption":"Photo"},{"@type":"BreadcrumbList","@id":"https:\/\/portaltela.pt\/noticias\/2026\/02\/25\/crianca-de-seis-anos-leva-arma-para-a-escola-em-peniche\/#breadcrumb","itemListElement":[{"@type":"ListItem","position":1,"name":"In\u00edcio","item":"https:\/\/portaltela.pt\/"},{"@type":"ListItem","position":2,"name":"Crian\u00e7a de seis anos leva arma para a escola em Peniche"}]},{"@type":"WebSite","@id":"https:\/\/portaltela.pt\/#website","url":"https:\/\/portaltela.pt\/","name":"Portal Tela Portugal","description":"","potentialAction":[{"@type":"SearchAction","target":{"@type":"EntryPoint","urlTemplate":"https:\/\/portaltela.pt\/?s={search_term_string}"},"query-input":{"@type":"PropertyValueSpecification","valueRequired":true,"valueName":"search_term_string"}}],"inLanguage":"pt-PT"},{"@type":"Person","@id":"https:\/\/portaltela.pt\/#\/schema\/person\/c4278d4a6028830caff9ee44b42d32ed","name":"Telinha","image":{"@type":"ImageObject","inLanguage":"pt-PT","@id":"https:\/\/portaltela.pt\/s.01k8rhncp4jt1\/2025\/11\/talking-bot-125x125.png","url":"https:\/\/portaltela.pt\/s.01k8rhncp4jt1\/2025\/11\/talking-bot-125x125.png","contentUrl":"https:\/\/portaltela.pt\/s.01k8rhncp4jt1\/2025\/11\/talking-bot-125x125.png","caption":"Telinha"},"sameAs":["https:\/\/portaltela.pt\/"],"url":"https:\/\/portaltela.pt\/por\/367410592786\/"}]}},"_links":{"self":[{"href":"https:\/\/portaltela.pt\/api\/wp\/v2\/posts\/225385","targetHints":{"allow":["GET"]}}],"collection":[{"href":"https:\/\/portaltela.pt\/api\/wp\/v2\/posts"}],"about":[{"href":"https:\/\/portaltela.pt\/api\/wp\/v2\/types\/post"}],"author":[{"embeddable":true,"href":"https:\/\/portaltela.pt\/api\/wp\/v2\/users\/2"}],"replies":[{"embeddable":true,"href":"https:\/\/portaltela.pt\/api\/wp\/v2\/comments?post=225385"}],"version-history":[{"count":0,"href":"https:\/\/portaltela.pt\/api\/wp\/v2\/posts\/225385\/revisions"}],"wp:featuredmedia":[{"embeddable":true,"href":"https:\/\/portaltela.pt\/api\/wp\/v2\/media\/225389"}],"wp:attachment":[{"href":"https:\/\/portaltela.pt\/api\/wp\/v2\/media?parent=225385"}],"wp:term":[{"taxonomy":"category","embeddable":true,"href":"https:\/\/portaltela.pt\/api\/wp\/v2\/categories?post=225385"},{"taxonomy":"post_tag","embeddable":true,"href":"https:\/\/portaltela.pt\/api\/wp\/v2\/tags?post=225385"}],"curies":[{"name":"wp","href":"https:\/\/api.w.org\/{rel}","templated":true}]}}