{"id":225369,"date":"2026-02-25T07:12:00","date_gmt":"2026-02-25T10:12:00","guid":{"rendered":"https:\/\/portaltela.pt\/noticias\/2026\/02\/25\/diogo-carmona-diz-ter-transformado-a-pior-experiencia-da-vida-na-melhor\/"},"modified":"2026-02-25T07:12:00","modified_gmt":"2026-02-25T10:12:00","slug":"diogo-carmona-diz-ter-transformado-a-pior-experiencia-da-vida-na-melhor","status":"publish","type":"post","link":"https:\/\/portaltela.pt\/desporto\/2026\/02\/25\/diogo-carmona-diz-ter-transformado-a-pior-experiencia-da-vida-na-melhor\/","title":{"rendered":"Diogo Carmona diz ter transformado a pior experi\u00eancia da vida na melhor"},"content":{"rendered":"<p>Diogo Carmona, conhecido por atuar em novelas populares entre adolescentes, tem 28 anos e est\u00e1 a transformar a sua vida. O ex-ator prepara-se para se tornar atleta paral\u00edmpico, com o objetivo de ser o primeiro portugu\u00eas a competir nos Jogos Paral\u00edmpicos de Inverno. O an\u00fancio foi feito numa entrevista \u00e0 Record.<\/p>\n<p>A mudan\u00e7a de rumo surge ap\u00f3s um epis\u00f3dio profoundly marcante. Em 2019, Carmona ficou sem uma perna depois de ser atropelado por um comboio, um acidente que descreve como a pior coisa que lhe aconteceu e, ainda assim, a fonte da motiva\u00e7\u00e3o para o novo percurso desportivo.<\/p>\n<p>Segundo o que revelou na entrevista, o processo de transi\u00e7\u00e3o para o desporto adaptado tem sido constru\u00eddo ao longo de v\u00e1rios anos, com foco t\u00e9cnico e prepara\u00e7\u00e3o f\u00edsica. O objetivo \u00e9 competir ao mais alto n\u00edvel no ciclo paral\u00edmpico de Inverno, representando Portugal pela primeira vez nesta modalidade.<\/p>\n<h3>Trajet\u00f3ria rumo aos Jogos Paral\u00edmpicos de Inverno<\/h3>\n<p>O foco atual acumula treino espec\u00edfico e participa\u00e7\u00e3o em fases de apuramento, com o apoio de equipas t\u00e9cnicas e profissionais de reabilita\u00e7\u00e3o. Ainda sem data oficial de participa\u00e7\u00e3o, Carmona afirma que a decis\u00e3o de avan\u00e7ar com a carreira paral\u00edmpica foi motivada pela vontade de transformar uma experi\u00eancia dolorosa numa oportunidade de supera\u00e7\u00e3o.<\/p>\n","protected":false},"excerpt":{"rendered":"<ul>\n<li>Diogo Carmona, ex-ator de novelas, aos 28 anos prepara-se para disputar os Jogos Paral\u00edmpicos de Inverno.<\/li>\n<li>Ser\u00e1 o primeiro portugu\u00eas a competir numa edi\u00e7\u00e3o dos Jogos Paral\u00edmpicos de Inverno.<\/li>\n<li>Em 2019 ficou sem uma perna ap\u00f3s ser atropelado por um comboio.<\/li>\n<li>A entrevista foi publicada pela revista Record.<\/li>\n<li>O foco da not\u00edcia \u00e9 a transforma\u00e7\u00e3o de uma adversidade numa nova meta desportiva.<\/li>\n<\/ul>\n","protected":false},"author":2,"featured_media":225372,"comment_status":"closed","ping_status":"closed","sticky":false,"template":"","format":"standard","meta":{"footnotes":""},"categories":[21],"tags":[5018,252,152,635,242,1014],"class_list":["post-225369","post","type-post","status-publish","format-standard","has-post-thumbnail","hentry","category-desporto","tag-adolescentes","tag-atletas","tag-desporto","tag-desporto-adaptado","tag-jogadores","tag-portugal"],"yoast_head":"<!-- This site is optimized with the Yoast SEO plugin v27.2 - https:\/\/yoast.com\/product\/yoast-seo-wordpress\/ -->\n<title>Diogo Carmona diz ter transformado a pior experi\u00eancia da vida na melhor - Portal Tela Portugal<\/title>\n<meta name=\"robots\" content=\"index, follow, max-snippet:-1, max-image-preview:large, max-video-preview:-1\" \/>\n<meta property=\"og:locale\" content=\"pt_PT\" \/>\n<meta property=\"og:type\" content=\"article\" \/>\n<meta property=\"og:title\" content=\"Diogo Carmona diz ter transformado a pior experi\u00eancia da vida na melhor - Portal Tela Portugal\" \/>\n<meta property=\"og:description\" content=\"Diogo Carmona, ex-ator de novelas, aos 28 anos prepara-se para disputar os Jogos Paral\u00edmpicos de Inverno. Ser\u00e1 o primeiro portugu\u00eas a competir numa edi\u00e7\u00e3o dos Jogos Paral\u00edmpicos de Inverno. Em 2019 ficou sem uma perna ap\u00f3s ser atropelado por um comboio. A entrevista foi publicada pela revista Record. O foco da not\u00edcia \u00e9 a transforma\u00e7\u00e3o de uma adversidade numa nova meta desportiva.\" \/>\n<meta property=\"og:url\" content=\"https:\/\/portaltela.pt\/noticias\/2026\/02\/25\/diogo-carmona-diz-ter-transformado-a-pior-experiencia-da-vida-na-melhor\/\" \/>\n<meta property=\"og:site_name\" content=\"Portal Tela Portugal\" \/>\n<meta property=\"article:published_time\" content=\"2026-02-25T10:12:00+00:00\" \/>\n<meta name=\"author\" content=\"Telinha\" \/>\n<meta name=\"twitter:card\" content=\"summary_large_image\" \/>\n<meta name=\"twitter:label1\" content=\"Escrito por\" \/>\n\t<meta name=\"twitter:data1\" content=\"Telinha\" \/>\n\t<meta name=\"twitter:label2\" content=\"Tempo estimado de leitura\" \/>\n\t<meta name=\"twitter:data2\" content=\"1 minuto\" \/>\n<script type=\"application\/ld+json\" class=\"yoast-schema-graph\">{\"@context\":\"https:\/\/schema.org\",\"@graph\":[{\"@type\":\"Article\",\"@id\":\"https:\/\/portaltela.pt\/noticias\/2026\/02\/25\/diogo-carmona-diz-ter-transformado-a-pior-experiencia-da-vida-na-melhor\/#article\",\"isPartOf\":{\"@id\":\"https:\/\/portaltela.pt\/noticias\/2026\/02\/25\/diogo-carmona-diz-ter-transformado-a-pior-experiencia-da-vida-na-melhor\/\"},\"author\":{\"name\":\"Telinha\",\"@id\":\"https:\/\/portaltela.pt\/#\/schema\/person\/c4278d4a6028830caff9ee44b42d32ed\"},\"headline\":\"Diogo Carmona diz ter transformado a pior experi\u00eancia da vida na melhor\",\"datePublished\":\"2026-02-25T10:12:00+00:00\",\"mainEntityOfPage\":{\"@id\":\"https:\/\/portaltela.pt\/noticias\/2026\/02\/25\/diogo-carmona-diz-ter-transformado-a-pior-experiencia-da-vida-na-melhor\/\"},\"wordCount\":242,\"image\":{\"@id\":\"https:\/\/portaltela.pt\/noticias\/2026\/02\/25\/diogo-carmona-diz-ter-transformado-a-pior-experiencia-da-vida-na-melhor\/#primaryimage\"},\"thumbnailUrl\":\"https:\/\/portaltela.pt\/s.01k8rhncp4jt1\/2026\/02\/img_1200x721uu2026-02-22-18-12-54-2423135.jpg\",\"keywords\":[\"adolescentes\",\"atletas\",\"desporto\",\"desporto adaptado\",\"jogadores\",\"Portugal\"],\"articleSection\":[\"Desporto\"],\"inLanguage\":\"pt-PT\"},{\"@type\":\"WebPage\",\"@id\":\"https:\/\/portaltela.pt\/noticias\/2026\/02\/25\/diogo-carmona-diz-ter-transformado-a-pior-experiencia-da-vida-na-melhor\/\",\"url\":\"https:\/\/portaltela.pt\/noticias\/2026\/02\/25\/diogo-carmona-diz-ter-transformado-a-pior-experiencia-da-vida-na-melhor\/\",\"name\":\"Diogo Carmona diz ter transformado a pior experi\u00eancia da vida na melhor - Portal Tela Portugal\",\"isPartOf\":{\"@id\":\"https:\/\/portaltela.pt\/#website\"},\"primaryImageOfPage\":{\"@id\":\"https:\/\/portaltela.pt\/noticias\/2026\/02\/25\/diogo-carmona-diz-ter-transformado-a-pior-experiencia-da-vida-na-melhor\/#primaryimage\"},\"image\":{\"@id\":\"https:\/\/portaltela.pt\/noticias\/2026\/02\/25\/diogo-carmona-diz-ter-transformado-a-pior-experiencia-da-vida-na-melhor\/#primaryimage\"},\"thumbnailUrl\":\"https:\/\/portaltela.pt\/s.01k8rhncp4jt1\/2026\/02\/img_1200x721uu2026-02-22-18-12-54-2423135.jpg\",\"datePublished\":\"2026-02-25T10:12:00+00:00\",\"author\":{\"@id\":\"https:\/\/portaltela.pt\/#\/schema\/person\/c4278d4a6028830caff9ee44b42d32ed\"},\"breadcrumb\":{\"@id\":\"https:\/\/portaltela.pt\/noticias\/2026\/02\/25\/diogo-carmona-diz-ter-transformado-a-pior-experiencia-da-vida-na-melhor\/#breadcrumb\"},\"inLanguage\":\"pt-PT\",\"potentialAction\":[{\"@type\":\"ReadAction\",\"target\":[\"https:\/\/portaltela.pt\/noticias\/2026\/02\/25\/diogo-carmona-diz-ter-transformado-a-pior-experiencia-da-vida-na-melhor\/\"]}]},{\"@type\":\"ImageObject\",\"inLanguage\":\"pt-PT\",\"@id\":\"https:\/\/portaltela.pt\/noticias\/2026\/02\/25\/diogo-carmona-diz-ter-transformado-a-pior-experiencia-da-vida-na-melhor\/#primaryimage\",\"url\":\"https:\/\/portaltela.pt\/s.01k8rhncp4jt1\/2026\/02\/img_1200x721uu2026-02-22-18-12-54-2423135.jpg\",\"contentUrl\":\"https:\/\/portaltela.pt\/s.01k8rhncp4jt1\/2026\/02\/img_1200x721uu2026-02-22-18-12-54-2423135.jpg\",\"width\":796,\"height\":448,\"caption\":\"Diogo Carmona: \u00abA pior coisa que me aconteceu na vida transformei-a na melhor\u00bb\"},{\"@type\":\"BreadcrumbList\",\"@id\":\"https:\/\/portaltela.pt\/noticias\/2026\/02\/25\/diogo-carmona-diz-ter-transformado-a-pior-experiencia-da-vida-na-melhor\/#breadcrumb\",\"itemListElement\":[{\"@type\":\"ListItem\",\"position\":1,\"name\":\"In\u00edcio\",\"item\":\"https:\/\/portaltela.pt\/\"},{\"@type\":\"ListItem\",\"position\":2,\"name\":\"Diogo Carmona diz ter transformado a pior experi\u00eancia da vida na melhor\"}]},{\"@type\":\"WebSite\",\"@id\":\"https:\/\/portaltela.pt\/#website\",\"url\":\"https:\/\/portaltela.pt\/\",\"name\":\"Portal Tela Portugal\",\"description\":\"\",\"potentialAction\":[{\"@type\":\"SearchAction\",\"target\":{\"@type\":\"EntryPoint\",\"urlTemplate\":\"https:\/\/portaltela.pt\/?s={search_term_string}\"},\"query-input\":{\"@type\":\"PropertyValueSpecification\",\"valueRequired\":true,\"valueName\":\"search_term_string\"}}],\"inLanguage\":\"pt-PT\"},{\"@type\":\"Person\",\"@id\":\"https:\/\/portaltela.pt\/#\/schema\/person\/c4278d4a6028830caff9ee44b42d32ed\",\"name\":\"Telinha\",\"image\":{\"@type\":\"ImageObject\",\"inLanguage\":\"pt-PT\",\"@id\":\"https:\/\/portaltela.pt\/s.01k8rhncp4jt1\/2025\/11\/talking-bot-125x125.png\",\"url\":\"https:\/\/portaltela.pt\/s.01k8rhncp4jt1\/2025\/11\/talking-bot-125x125.png\",\"contentUrl\":\"https:\/\/portaltela.pt\/s.01k8rhncp4jt1\/2025\/11\/talking-bot-125x125.png\",\"caption\":\"Telinha\"},\"sameAs\":[\"https:\/\/portaltela.pt\/\"],\"url\":\"https:\/\/portaltela.pt\/por\/367410592786\/\"}]}<\/script>\n<!-- \/ Yoast SEO plugin. -->","yoast_head_json":{"title":"Diogo Carmona diz ter transformado a pior experi\u00eancia da vida na melhor - Portal Tela Portugal","robots":{"index":"index","follow":"follow","max-snippet":"max-snippet:-1","max-image-preview":"max-image-preview:large","max-video-preview":"max-video-preview:-1"},"og_locale":"pt_PT","og_type":"article","og_title":"Diogo Carmona diz ter transformado a pior experi\u00eancia da vida na melhor - Portal Tela Portugal","og_description":"Diogo Carmona, ex-ator de novelas, aos 28 anos prepara-se para disputar os Jogos Paral\u00edmpicos de Inverno. Ser\u00e1 o primeiro portugu\u00eas a competir numa edi\u00e7\u00e3o dos Jogos Paral\u00edmpicos de Inverno. Em 2019 ficou sem uma perna ap\u00f3s ser atropelado por um comboio. A entrevista foi publicada pela revista Record. O foco da not\u00edcia \u00e9 a transforma\u00e7\u00e3o de uma adversidade numa nova meta desportiva.","og_url":"https:\/\/portaltela.pt\/noticias\/2026\/02\/25\/diogo-carmona-diz-ter-transformado-a-pior-experiencia-da-vida-na-melhor\/","og_site_name":"Portal Tela Portugal","article_published_time":"2026-02-25T10:12:00+00:00","author":"Telinha","twitter_card":"summary_large_image","twitter_misc":{"Escrito por":"Telinha","Tempo estimado de leitura":"1 minuto"},"schema":{"@context":"https:\/\/schema.org","@graph":[{"@type":"Article","@id":"https:\/\/portaltela.pt\/noticias\/2026\/02\/25\/diogo-carmona-diz-ter-transformado-a-pior-experiencia-da-vida-na-melhor\/#article","isPartOf":{"@id":"https:\/\/portaltela.pt\/noticias\/2026\/02\/25\/diogo-carmona-diz-ter-transformado-a-pior-experiencia-da-vida-na-melhor\/"},"author":{"name":"Telinha","@id":"https:\/\/portaltela.pt\/#\/schema\/person\/c4278d4a6028830caff9ee44b42d32ed"},"headline":"Diogo Carmona diz ter transformado a pior experi\u00eancia da vida na melhor","datePublished":"2026-02-25T10:12:00+00:00","mainEntityOfPage":{"@id":"https:\/\/portaltela.pt\/noticias\/2026\/02\/25\/diogo-carmona-diz-ter-transformado-a-pior-experiencia-da-vida-na-melhor\/"},"wordCount":242,"image":{"@id":"https:\/\/portaltela.pt\/noticias\/2026\/02\/25\/diogo-carmona-diz-ter-transformado-a-pior-experiencia-da-vida-na-melhor\/#primaryimage"},"thumbnailUrl":"https:\/\/portaltela.pt\/s.01k8rhncp4jt1\/2026\/02\/img_1200x721uu2026-02-22-18-12-54-2423135.jpg","keywords":["adolescentes","atletas","desporto","desporto adaptado","jogadores","Portugal"],"articleSection":["Desporto"],"inLanguage":"pt-PT"},{"@type":"WebPage","@id":"https:\/\/portaltela.pt\/noticias\/2026\/02\/25\/diogo-carmona-diz-ter-transformado-a-pior-experiencia-da-vida-na-melhor\/","url":"https:\/\/portaltela.pt\/noticias\/2026\/02\/25\/diogo-carmona-diz-ter-transformado-a-pior-experiencia-da-vida-na-melhor\/","name":"Diogo Carmona diz ter transformado a pior experi\u00eancia da vida na melhor - Portal Tela Portugal","isPartOf":{"@id":"https:\/\/portaltela.pt\/#website"},"primaryImageOfPage":{"@id":"https:\/\/portaltela.pt\/noticias\/2026\/02\/25\/diogo-carmona-diz-ter-transformado-a-pior-experiencia-da-vida-na-melhor\/#primaryimage"},"image":{"@id":"https:\/\/portaltela.pt\/noticias\/2026\/02\/25\/diogo-carmona-diz-ter-transformado-a-pior-experiencia-da-vida-na-melhor\/#primaryimage"},"thumbnailUrl":"https:\/\/portaltela.pt\/s.01k8rhncp4jt1\/2026\/02\/img_1200x721uu2026-02-22-18-12-54-2423135.jpg","datePublished":"2026-02-25T10:12:00+00:00","author":{"@id":"https:\/\/portaltela.pt\/#\/schema\/person\/c4278d4a6028830caff9ee44b42d32ed"},"breadcrumb":{"@id":"https:\/\/portaltela.pt\/noticias\/2026\/02\/25\/diogo-carmona-diz-ter-transformado-a-pior-experiencia-da-vida-na-melhor\/#breadcrumb"},"inLanguage":"pt-PT","potentialAction":[{"@type":"ReadAction","target":["https:\/\/portaltela.pt\/noticias\/2026\/02\/25\/diogo-carmona-diz-ter-transformado-a-pior-experiencia-da-vida-na-melhor\/"]}]},{"@type":"ImageObject","inLanguage":"pt-PT","@id":"https:\/\/portaltela.pt\/noticias\/2026\/02\/25\/diogo-carmona-diz-ter-transformado-a-pior-experiencia-da-vida-na-melhor\/#primaryimage","url":"https:\/\/portaltela.pt\/s.01k8rhncp4jt1\/2026\/02\/img_1200x721uu2026-02-22-18-12-54-2423135.jpg","contentUrl":"https:\/\/portaltela.pt\/s.01k8rhncp4jt1\/2026\/02\/img_1200x721uu2026-02-22-18-12-54-2423135.jpg","width":796,"height":448,"caption":"Diogo Carmona: \u00abA pior coisa que me aconteceu na vida transformei-a na melhor\u00bb"},{"@type":"BreadcrumbList","@id":"https:\/\/portaltela.pt\/noticias\/2026\/02\/25\/diogo-carmona-diz-ter-transformado-a-pior-experiencia-da-vida-na-melhor\/#breadcrumb","itemListElement":[{"@type":"ListItem","position":1,"name":"In\u00edcio","item":"https:\/\/portaltela.pt\/"},{"@type":"ListItem","position":2,"name":"Diogo Carmona diz ter transformado a pior experi\u00eancia da vida na melhor"}]},{"@type":"WebSite","@id":"https:\/\/portaltela.pt\/#website","url":"https:\/\/portaltela.pt\/","name":"Portal Tela Portugal","description":"","potentialAction":[{"@type":"SearchAction","target":{"@type":"EntryPoint","urlTemplate":"https:\/\/portaltela.pt\/?s={search_term_string}"},"query-input":{"@type":"PropertyValueSpecification","valueRequired":true,"valueName":"search_term_string"}}],"inLanguage":"pt-PT"},{"@type":"Person","@id":"https:\/\/portaltela.pt\/#\/schema\/person\/c4278d4a6028830caff9ee44b42d32ed","name":"Telinha","image":{"@type":"ImageObject","inLanguage":"pt-PT","@id":"https:\/\/portaltela.pt\/s.01k8rhncp4jt1\/2025\/11\/talking-bot-125x125.png","url":"https:\/\/portaltela.pt\/s.01k8rhncp4jt1\/2025\/11\/talking-bot-125x125.png","contentUrl":"https:\/\/portaltela.pt\/s.01k8rhncp4jt1\/2025\/11\/talking-bot-125x125.png","caption":"Telinha"},"sameAs":["https:\/\/portaltela.pt\/"],"url":"https:\/\/portaltela.pt\/por\/367410592786\/"}]}},"_links":{"self":[{"href":"https:\/\/portaltela.pt\/api\/wp\/v2\/posts\/225369","targetHints":{"allow":["GET"]}}],"collection":[{"href":"https:\/\/portaltela.pt\/api\/wp\/v2\/posts"}],"about":[{"href":"https:\/\/portaltela.pt\/api\/wp\/v2\/types\/post"}],"author":[{"embeddable":true,"href":"https:\/\/portaltela.pt\/api\/wp\/v2\/users\/2"}],"replies":[{"embeddable":true,"href":"https:\/\/portaltela.pt\/api\/wp\/v2\/comments?post=225369"}],"version-history":[{"count":0,"href":"https:\/\/portaltela.pt\/api\/wp\/v2\/posts\/225369\/revisions"}],"wp:featuredmedia":[{"embeddable":true,"href":"https:\/\/portaltela.pt\/api\/wp\/v2\/media\/225372"}],"wp:attachment":[{"href":"https:\/\/portaltela.pt\/api\/wp\/v2\/media?parent=225369"}],"wp:term":[{"taxonomy":"category","embeddable":true,"href":"https:\/\/portaltela.pt\/api\/wp\/v2\/categories?post=225369"},{"taxonomy":"post_tag","embeddable":true,"href":"https:\/\/portaltela.pt\/api\/wp\/v2\/tags?post=225369"}],"curies":[{"name":"wp","href":"https:\/\/api.w.org\/{rel}","templated":true}]}}