{"id":225301,"date":"2026-02-25T06:03:06","date_gmt":"2026-02-25T09:03:06","guid":{"rendered":"https:\/\/portaltela.pt\/noticias\/2026\/02\/25\/impactos-do-fecho-do-heliporto-de-matosinhos-alerta-da-sep-pre-hospitalar\/"},"modified":"2026-02-25T06:03:06","modified_gmt":"2026-02-25T09:03:06","slug":"impactos-do-fecho-do-heliporto-de-matosinhos-alerta-da-sep-pre-hospitalar","status":"publish","type":"post","link":"https:\/\/portaltela.pt\/noticias\/2026\/02\/25\/impactos-do-fecho-do-heliporto-de-matosinhos-alerta-da-sep-pre-hospitalar\/","title":{"rendered":"Impactos do fecho do heliporto de Matosinhos, alerta da SEP Pr\u00e9-hospitalar"},"content":{"rendered":"<p>O heliporto do Hospital Pedro Hispano, em Matosinhos, ser\u00e1 encerrado temporariamente. A decis\u00e3o foi tomada ap\u00f3s a ANAC recomendar o cancelamento da atividade, devido a obst\u00e1culos nos canais de descolagem, levantamento e aterragem que p\u00f5em em risco a opera\u00e7\u00e3o.<\/p>\n<p>A Administra\u00e7\u00e3o da Unidade Local de Sa\u00fade de Matosinhos comunicou a suspens\u00e3o enquanto a autoridade analisa o processo de autoriza\u00e7\u00e3o. A SPEPH e outras entidades j\u00e1 foram informadas do desenrolar da situa\u00e7\u00e3o.<\/p>\n<p>Segundo o documento da gest\u00e3o de risco da ULSM, a localiza\u00e7\u00e3o atual n\u00e3o \u00e9 a ideal face \u00e0 envolvente. O relat\u00f3rio aponta que n\u00e3o h\u00e1 possibilidade de alterar o sentido dos canais de aproxima\u00e7\u00e3o.<\/p>\n<p>O texto aponta que o heliporto, de superf\u00edcie, poderia passar a estar elevado, com cerca de 10 metros de altura, para melhorar a seguran\u00e7a. A decis\u00e3o envolve tamb\u00e9m a avalia\u00e7\u00e3o de futuros ajustamentos.<\/p>\n<p>De acordo com a SPEPH, a suspens\u00e3o de helic\u00f3pteros de emerg\u00eancia pode ter impactos na rede de transportes m\u00e9dicos de urg\u00eancia. O presidente Carlos Silva refor\u00e7ou a necessidade de condi\u00e7\u00f5es de seguran\u00e7a adequadas em todos os heliportos.<\/p>\n<p>A SPEPH defende que, quando existem estruturas sem condi\u00e7\u00f5es, devem ser criadas as condi\u00e7\u00f5es necess\u00e1rias para a operacionaliza\u00e7\u00e3o segura. O presidente alerta para situa\u00e7\u00f5es em outros hospitais, n\u00e3o apenas no Pedro Hispano.<\/p>\n<p>A ULSM indicou que o heliporto recebe voos sobretudo para transferir doentes para os hospitais da \u00c1rea Metropolitana do Porto. Em 2025, registaram-se cerca de 90 voos relacionados com helitransportes.<\/p>\n<p>A Lusa solicitou esclarecimentos \u00e0 ANAC e ao INEM e aguarda resposta. As informa\u00e7\u00f5es oficiais j\u00e1 indicam a suspens\u00e3o tempor\u00e1ria enquanto o processo \u00e9 revisto.<\/p>\n","protected":false},"excerpt":{"rendered":"<ul>\n<li>O heliporto do Hospital Pedro Hispano, em Matosinhos, foi encerrado temporariamente devido a obst\u00e1culos nos canais de descolagem, levantamento e aterragem que colocam em risco a opera\u00e7\u00e3o.<\/li>\n<li>A decis\u00e3o foi tomada ap\u00f3s visitas t\u00e9cnicas com a Autoridade Nacional da Avia\u00e7\u00e3o Civil (ANAC) e envolve a possibilidade de tornar o heliporto elevado, a cerca de 10 metros, para aumentar a seguran\u00e7a.<\/li>\n<li>A Dire\u00e7\u00e3o da Unidade Local de Sa\u00fade de Matosinhos (ULSM) confirmou que a ANAC recomendou o cancelamento da atividade at\u00e9 ao processo de autoriza\u00e7\u00e3o ser revisto.<\/li>\n<li>A Sociedade Portuguesa de Emerg\u00eancia Pr\u00e9-Hospitalar (SPEPH) pediu medidas para que os heliportos com condi\u00e7\u00f5es de seguran\u00e7a sejam reabertos e funcionais, defendendo que a aus\u00eancia de condi\u00e7\u00f5es acarreta impactos nos meios de resposta.<\/li>\n<li>Em 2025 o heliporto recebeu cerca de 90 voos, com a maioria dos doentes helitransportados a chegar aos hospitais da \u00c1rea Metropolitana do Porto.<\/li>\n<\/ul>\n","protected":false},"author":2,"featured_media":225308,"comment_status":"closed","ping_status":"closed","sticky":false,"template":"","format":"standard","meta":{"footnotes":""},"categories":[1],"tags":[6282,5928,960,633,1709,192],"class_list":["post-225301","post","type-post","status-publish","format-standard","has-post-thumbnail","hentry","category-noticias","tag-doentes","tag-emergencia","tag-emergencia-pre-hospitalar","tag-hospital","tag-matosinhos","tag-transporte"],"yoast_head":"<!-- This site is optimized with the Yoast SEO plugin v27.2 - https:\/\/yoast.com\/product\/yoast-seo-wordpress\/ -->\n<title>Impactos do fecho do heliporto de Matosinhos, alerta da SEP Pr\u00e9-hospitalar - Portal Tela Portugal<\/title>\n<meta name=\"robots\" content=\"index, follow, max-snippet:-1, max-image-preview:large, max-video-preview:-1\" \/>\n<meta property=\"og:locale\" content=\"pt_PT\" \/>\n<meta property=\"og:type\" content=\"article\" \/>\n<meta property=\"og:title\" content=\"Impactos do fecho do heliporto de Matosinhos, alerta da SEP Pr\u00e9-hospitalar - Portal Tela Portugal\" \/>\n<meta property=\"og:description\" content=\"O heliporto do Hospital Pedro Hispano, em Matosinhos, foi encerrado temporariamente devido a obst\u00e1culos nos canais de descolagem, levantamento e aterragem que colocam em risco a opera\u00e7\u00e3o. A decis\u00e3o foi tomada ap\u00f3s visitas t\u00e9cnicas com a Autoridade Nacional da Avia\u00e7\u00e3o Civil (ANAC) e envolve a possibilidade de tornar o heliporto elevado, a cerca de 10 metros, para aumentar a seguran\u00e7a. A Dire\u00e7\u00e3o da Unidade Local de Sa\u00fade de Matosinhos (ULSM) confirmou que a ANAC recomendou o cancelamento da atividade at\u00e9 ao processo de autoriza\u00e7\u00e3o ser revisto. A Sociedade Portuguesa de Emerg\u00eancia Pr\u00e9-Hospitalar (SPEPH) pediu medidas para que os heliportos com condi\u00e7\u00f5es de seguran\u00e7a sejam reabertos e funcionais, defendendo que a aus\u00eancia de condi\u00e7\u00f5es acarreta impactos nos meios de resposta. Em 2025 o heliporto recebeu cerca de 90 voos, com a maioria dos doentes helitransportados a chegar aos hospitais da \u00c1rea Metropolitana do Porto.\" \/>\n<meta property=\"og:url\" content=\"https:\/\/portaltela.pt\/noticias\/2026\/02\/25\/impactos-do-fecho-do-heliporto-de-matosinhos-alerta-da-sep-pre-hospitalar\/\" \/>\n<meta property=\"og:site_name\" content=\"Portal Tela Portugal\" \/>\n<meta property=\"article:published_time\" content=\"2026-02-25T09:03:06+00:00\" \/>\n<meta name=\"author\" content=\"Telinha\" \/>\n<meta name=\"twitter:card\" content=\"summary_large_image\" \/>\n<meta name=\"twitter:label1\" content=\"Escrito por\" \/>\n\t<meta name=\"twitter:data1\" content=\"Telinha\" \/>\n\t<meta name=\"twitter:label2\" content=\"Tempo estimado de leitura\" \/>\n\t<meta name=\"twitter:data2\" content=\"1 minuto\" \/>\n<script type=\"application\/ld+json\" class=\"yoast-schema-graph\">{\"@context\":\"https:\/\/schema.org\",\"@graph\":[{\"@type\":\"Article\",\"@id\":\"https:\/\/portaltela.pt\/noticias\/2026\/02\/25\/impactos-do-fecho-do-heliporto-de-matosinhos-alerta-da-sep-pre-hospitalar\/#article\",\"isPartOf\":{\"@id\":\"https:\/\/portaltela.pt\/noticias\/2026\/02\/25\/impactos-do-fecho-do-heliporto-de-matosinhos-alerta-da-sep-pre-hospitalar\/\"},\"author\":{\"name\":\"Telinha\",\"@id\":\"https:\/\/portaltela.pt\/#\/schema\/person\/c4278d4a6028830caff9ee44b42d32ed\"},\"headline\":\"Impactos do fecho do heliporto de Matosinhos, alerta da SEP Pr\u00e9-hospitalar\",\"datePublished\":\"2026-02-25T09:03:06+00:00\",\"mainEntityOfPage\":{\"@id\":\"https:\/\/portaltela.pt\/noticias\/2026\/02\/25\/impactos-do-fecho-do-heliporto-de-matosinhos-alerta-da-sep-pre-hospitalar\/\"},\"wordCount\":305,\"image\":{\"@id\":\"https:\/\/portaltela.pt\/noticias\/2026\/02\/25\/impactos-do-fecho-do-heliporto-de-matosinhos-alerta-da-sep-pre-hospitalar\/#primaryimage\"},\"thumbnailUrl\":\"https:\/\/portaltela.pt\/s.01k8rhncp4jt1\/2026\/02\/img_1500x1000uu2022-12-14-19-15-59-1229864.jpg\",\"keywords\":[\"doentes\",\"emerg\u00eancia\",\"emerg\u00eancia pr\u00e9-hospitalar\",\"hospital\",\"Matosinhos\",\"transporte\"],\"articleSection\":[\"Not\u00edcias\"],\"inLanguage\":\"pt-PT\"},{\"@type\":\"WebPage\",\"@id\":\"https:\/\/portaltela.pt\/noticias\/2026\/02\/25\/impactos-do-fecho-do-heliporto-de-matosinhos-alerta-da-sep-pre-hospitalar\/\",\"url\":\"https:\/\/portaltela.pt\/noticias\/2026\/02\/25\/impactos-do-fecho-do-heliporto-de-matosinhos-alerta-da-sep-pre-hospitalar\/\",\"name\":\"Impactos do fecho do heliporto de Matosinhos, alerta da SEP Pr\u00e9-hospitalar - Portal Tela Portugal\",\"isPartOf\":{\"@id\":\"https:\/\/portaltela.pt\/#website\"},\"primaryImageOfPage\":{\"@id\":\"https:\/\/portaltela.pt\/noticias\/2026\/02\/25\/impactos-do-fecho-do-heliporto-de-matosinhos-alerta-da-sep-pre-hospitalar\/#primaryimage\"},\"image\":{\"@id\":\"https:\/\/portaltela.pt\/noticias\/2026\/02\/25\/impactos-do-fecho-do-heliporto-de-matosinhos-alerta-da-sep-pre-hospitalar\/#primaryimage\"},\"thumbnailUrl\":\"https:\/\/portaltela.pt\/s.01k8rhncp4jt1\/2026\/02\/img_1500x1000uu2022-12-14-19-15-59-1229864.jpg\",\"datePublished\":\"2026-02-25T09:03:06+00:00\",\"author\":{\"@id\":\"https:\/\/portaltela.pt\/#\/schema\/person\/c4278d4a6028830caff9ee44b42d32ed\"},\"breadcrumb\":{\"@id\":\"https:\/\/portaltela.pt\/noticias\/2026\/02\/25\/impactos-do-fecho-do-heliporto-de-matosinhos-alerta-da-sep-pre-hospitalar\/#breadcrumb\"},\"inLanguage\":\"pt-PT\",\"potentialAction\":[{\"@type\":\"ReadAction\",\"target\":[\"https:\/\/portaltela.pt\/noticias\/2026\/02\/25\/impactos-do-fecho-do-heliporto-de-matosinhos-alerta-da-sep-pre-hospitalar\/\"]}]},{\"@type\":\"ImageObject\",\"inLanguage\":\"pt-PT\",\"@id\":\"https:\/\/portaltela.pt\/noticias\/2026\/02\/25\/impactos-do-fecho-do-heliporto-de-matosinhos-alerta-da-sep-pre-hospitalar\/#primaryimage\",\"url\":\"https:\/\/portaltela.pt\/s.01k8rhncp4jt1\/2026\/02\/img_1500x1000uu2022-12-14-19-15-59-1229864.jpg\",\"contentUrl\":\"https:\/\/portaltela.pt\/s.01k8rhncp4jt1\/2026\/02\/img_1500x1000uu2022-12-14-19-15-59-1229864.jpg\",\"width\":796,\"height\":448,\"caption\":\"Hospital Pedro Hispano, Matosinhos\"},{\"@type\":\"BreadcrumbList\",\"@id\":\"https:\/\/portaltela.pt\/noticias\/2026\/02\/25\/impactos-do-fecho-do-heliporto-de-matosinhos-alerta-da-sep-pre-hospitalar\/#breadcrumb\",\"itemListElement\":[{\"@type\":\"ListItem\",\"position\":1,\"name\":\"In\u00edcio\",\"item\":\"https:\/\/portaltela.pt\/\"},{\"@type\":\"ListItem\",\"position\":2,\"name\":\"Impactos do fecho do heliporto de Matosinhos, alerta da SEP Pr\u00e9-hospitalar\"}]},{\"@type\":\"WebSite\",\"@id\":\"https:\/\/portaltela.pt\/#website\",\"url\":\"https:\/\/portaltela.pt\/\",\"name\":\"Portal Tela Portugal\",\"description\":\"\",\"potentialAction\":[{\"@type\":\"SearchAction\",\"target\":{\"@type\":\"EntryPoint\",\"urlTemplate\":\"https:\/\/portaltela.pt\/?s={search_term_string}\"},\"query-input\":{\"@type\":\"PropertyValueSpecification\",\"valueRequired\":true,\"valueName\":\"search_term_string\"}}],\"inLanguage\":\"pt-PT\"},{\"@type\":\"Person\",\"@id\":\"https:\/\/portaltela.pt\/#\/schema\/person\/c4278d4a6028830caff9ee44b42d32ed\",\"name\":\"Telinha\",\"image\":{\"@type\":\"ImageObject\",\"inLanguage\":\"pt-PT\",\"@id\":\"https:\/\/portaltela.pt\/s.01k8rhncp4jt1\/2025\/11\/talking-bot-125x125.png\",\"url\":\"https:\/\/portaltela.pt\/s.01k8rhncp4jt1\/2025\/11\/talking-bot-125x125.png\",\"contentUrl\":\"https:\/\/portaltela.pt\/s.01k8rhncp4jt1\/2025\/11\/talking-bot-125x125.png\",\"caption\":\"Telinha\"},\"sameAs\":[\"https:\/\/portaltela.pt\/\"],\"url\":\"https:\/\/portaltela.pt\/por\/367410592786\/\"}]}<\/script>\n<!-- \/ Yoast SEO plugin. -->","yoast_head_json":{"title":"Impactos do fecho do heliporto de Matosinhos, alerta da SEP Pr\u00e9-hospitalar - Portal Tela Portugal","robots":{"index":"index","follow":"follow","max-snippet":"max-snippet:-1","max-image-preview":"max-image-preview:large","max-video-preview":"max-video-preview:-1"},"og_locale":"pt_PT","og_type":"article","og_title":"Impactos do fecho do heliporto de Matosinhos, alerta da SEP Pr\u00e9-hospitalar - Portal Tela Portugal","og_description":"O heliporto do Hospital Pedro Hispano, em Matosinhos, foi encerrado temporariamente devido a obst\u00e1culos nos canais de descolagem, levantamento e aterragem que colocam em risco a opera\u00e7\u00e3o. A decis\u00e3o foi tomada ap\u00f3s visitas t\u00e9cnicas com a Autoridade Nacional da Avia\u00e7\u00e3o Civil (ANAC) e envolve a possibilidade de tornar o heliporto elevado, a cerca de 10 metros, para aumentar a seguran\u00e7a. A Dire\u00e7\u00e3o da Unidade Local de Sa\u00fade de Matosinhos (ULSM) confirmou que a ANAC recomendou o cancelamento da atividade at\u00e9 ao processo de autoriza\u00e7\u00e3o ser revisto. A Sociedade Portuguesa de Emerg\u00eancia Pr\u00e9-Hospitalar (SPEPH) pediu medidas para que os heliportos com condi\u00e7\u00f5es de seguran\u00e7a sejam reabertos e funcionais, defendendo que a aus\u00eancia de condi\u00e7\u00f5es acarreta impactos nos meios de resposta. Em 2025 o heliporto recebeu cerca de 90 voos, com a maioria dos doentes helitransportados a chegar aos hospitais da \u00c1rea Metropolitana do Porto.","og_url":"https:\/\/portaltela.pt\/noticias\/2026\/02\/25\/impactos-do-fecho-do-heliporto-de-matosinhos-alerta-da-sep-pre-hospitalar\/","og_site_name":"Portal Tela Portugal","article_published_time":"2026-02-25T09:03:06+00:00","author":"Telinha","twitter_card":"summary_large_image","twitter_misc":{"Escrito por":"Telinha","Tempo estimado de leitura":"1 minuto"},"schema":{"@context":"https:\/\/schema.org","@graph":[{"@type":"Article","@id":"https:\/\/portaltela.pt\/noticias\/2026\/02\/25\/impactos-do-fecho-do-heliporto-de-matosinhos-alerta-da-sep-pre-hospitalar\/#article","isPartOf":{"@id":"https:\/\/portaltela.pt\/noticias\/2026\/02\/25\/impactos-do-fecho-do-heliporto-de-matosinhos-alerta-da-sep-pre-hospitalar\/"},"author":{"name":"Telinha","@id":"https:\/\/portaltela.pt\/#\/schema\/person\/c4278d4a6028830caff9ee44b42d32ed"},"headline":"Impactos do fecho do heliporto de Matosinhos, alerta da SEP Pr\u00e9-hospitalar","datePublished":"2026-02-25T09:03:06+00:00","mainEntityOfPage":{"@id":"https:\/\/portaltela.pt\/noticias\/2026\/02\/25\/impactos-do-fecho-do-heliporto-de-matosinhos-alerta-da-sep-pre-hospitalar\/"},"wordCount":305,"image":{"@id":"https:\/\/portaltela.pt\/noticias\/2026\/02\/25\/impactos-do-fecho-do-heliporto-de-matosinhos-alerta-da-sep-pre-hospitalar\/#primaryimage"},"thumbnailUrl":"https:\/\/portaltela.pt\/s.01k8rhncp4jt1\/2026\/02\/img_1500x1000uu2022-12-14-19-15-59-1229864.jpg","keywords":["doentes","emerg\u00eancia","emerg\u00eancia pr\u00e9-hospitalar","hospital","Matosinhos","transporte"],"articleSection":["Not\u00edcias"],"inLanguage":"pt-PT"},{"@type":"WebPage","@id":"https:\/\/portaltela.pt\/noticias\/2026\/02\/25\/impactos-do-fecho-do-heliporto-de-matosinhos-alerta-da-sep-pre-hospitalar\/","url":"https:\/\/portaltela.pt\/noticias\/2026\/02\/25\/impactos-do-fecho-do-heliporto-de-matosinhos-alerta-da-sep-pre-hospitalar\/","name":"Impactos do fecho do heliporto de Matosinhos, alerta da SEP Pr\u00e9-hospitalar - Portal Tela Portugal","isPartOf":{"@id":"https:\/\/portaltela.pt\/#website"},"primaryImageOfPage":{"@id":"https:\/\/portaltela.pt\/noticias\/2026\/02\/25\/impactos-do-fecho-do-heliporto-de-matosinhos-alerta-da-sep-pre-hospitalar\/#primaryimage"},"image":{"@id":"https:\/\/portaltela.pt\/noticias\/2026\/02\/25\/impactos-do-fecho-do-heliporto-de-matosinhos-alerta-da-sep-pre-hospitalar\/#primaryimage"},"thumbnailUrl":"https:\/\/portaltela.pt\/s.01k8rhncp4jt1\/2026\/02\/img_1500x1000uu2022-12-14-19-15-59-1229864.jpg","datePublished":"2026-02-25T09:03:06+00:00","author":{"@id":"https:\/\/portaltela.pt\/#\/schema\/person\/c4278d4a6028830caff9ee44b42d32ed"},"breadcrumb":{"@id":"https:\/\/portaltela.pt\/noticias\/2026\/02\/25\/impactos-do-fecho-do-heliporto-de-matosinhos-alerta-da-sep-pre-hospitalar\/#breadcrumb"},"inLanguage":"pt-PT","potentialAction":[{"@type":"ReadAction","target":["https:\/\/portaltela.pt\/noticias\/2026\/02\/25\/impactos-do-fecho-do-heliporto-de-matosinhos-alerta-da-sep-pre-hospitalar\/"]}]},{"@type":"ImageObject","inLanguage":"pt-PT","@id":"https:\/\/portaltela.pt\/noticias\/2026\/02\/25\/impactos-do-fecho-do-heliporto-de-matosinhos-alerta-da-sep-pre-hospitalar\/#primaryimage","url":"https:\/\/portaltela.pt\/s.01k8rhncp4jt1\/2026\/02\/img_1500x1000uu2022-12-14-19-15-59-1229864.jpg","contentUrl":"https:\/\/portaltela.pt\/s.01k8rhncp4jt1\/2026\/02\/img_1500x1000uu2022-12-14-19-15-59-1229864.jpg","width":796,"height":448,"caption":"Hospital Pedro Hispano, Matosinhos"},{"@type":"BreadcrumbList","@id":"https:\/\/portaltela.pt\/noticias\/2026\/02\/25\/impactos-do-fecho-do-heliporto-de-matosinhos-alerta-da-sep-pre-hospitalar\/#breadcrumb","itemListElement":[{"@type":"ListItem","position":1,"name":"In\u00edcio","item":"https:\/\/portaltela.pt\/"},{"@type":"ListItem","position":2,"name":"Impactos do fecho do heliporto de Matosinhos, alerta da SEP Pr\u00e9-hospitalar"}]},{"@type":"WebSite","@id":"https:\/\/portaltela.pt\/#website","url":"https:\/\/portaltela.pt\/","name":"Portal Tela Portugal","description":"","potentialAction":[{"@type":"SearchAction","target":{"@type":"EntryPoint","urlTemplate":"https:\/\/portaltela.pt\/?s={search_term_string}"},"query-input":{"@type":"PropertyValueSpecification","valueRequired":true,"valueName":"search_term_string"}}],"inLanguage":"pt-PT"},{"@type":"Person","@id":"https:\/\/portaltela.pt\/#\/schema\/person\/c4278d4a6028830caff9ee44b42d32ed","name":"Telinha","image":{"@type":"ImageObject","inLanguage":"pt-PT","@id":"https:\/\/portaltela.pt\/s.01k8rhncp4jt1\/2025\/11\/talking-bot-125x125.png","url":"https:\/\/portaltela.pt\/s.01k8rhncp4jt1\/2025\/11\/talking-bot-125x125.png","contentUrl":"https:\/\/portaltela.pt\/s.01k8rhncp4jt1\/2025\/11\/talking-bot-125x125.png","caption":"Telinha"},"sameAs":["https:\/\/portaltela.pt\/"],"url":"https:\/\/portaltela.pt\/por\/367410592786\/"}]}},"_links":{"self":[{"href":"https:\/\/portaltela.pt\/api\/wp\/v2\/posts\/225301","targetHints":{"allow":["GET"]}}],"collection":[{"href":"https:\/\/portaltela.pt\/api\/wp\/v2\/posts"}],"about":[{"href":"https:\/\/portaltela.pt\/api\/wp\/v2\/types\/post"}],"author":[{"embeddable":true,"href":"https:\/\/portaltela.pt\/api\/wp\/v2\/users\/2"}],"replies":[{"embeddable":true,"href":"https:\/\/portaltela.pt\/api\/wp\/v2\/comments?post=225301"}],"version-history":[{"count":0,"href":"https:\/\/portaltela.pt\/api\/wp\/v2\/posts\/225301\/revisions"}],"wp:featuredmedia":[{"embeddable":true,"href":"https:\/\/portaltela.pt\/api\/wp\/v2\/media\/225308"}],"wp:attachment":[{"href":"https:\/\/portaltela.pt\/api\/wp\/v2\/media?parent=225301"}],"wp:term":[{"taxonomy":"category","embeddable":true,"href":"https:\/\/portaltela.pt\/api\/wp\/v2\/categories?post=225301"},{"taxonomy":"post_tag","embeddable":true,"href":"https:\/\/portaltela.pt\/api\/wp\/v2\/tags?post=225301"}],"curies":[{"name":"wp","href":"https:\/\/api.w.org\/{rel}","templated":true}]}}