{"id":225288,"date":"2026-02-25T06:00:00","date_gmt":"2026-02-25T09:00:00","guid":{"rendered":"https:\/\/portaltela.pt\/noticias\/2026\/02\/25\/cozinha-de-marcelo-santos-em-aljezur-une-raiz-local-e-visao-global\/"},"modified":"2026-02-25T06:00:00","modified_gmt":"2026-02-25T09:00:00","slug":"cozinha-de-marcelo-santos-em-aljezur-une-raiz-local-e-visao-global","status":"publish","type":"post","link":"https:\/\/portaltela.pt\/noticias\/2026\/02\/25\/cozinha-de-marcelo-santos-em-aljezur-une-raiz-local-e-visao-global\/","title":{"rendered":"Cozinha de Marcelo Santos em Aljezur une raiz local e vis\u00e3o global"},"content":{"rendered":"<p>A cozinha do Praia do Canal Nature Retreat, em Aljezur, aposta numa abordagem contempor\u00e2nea que valoriza produtos locais com um olhar global. A equipa liderada pelo chef Marcelo Santos faz da regi\u00e3o um centro de experi\u00eancias gastron\u00f3micas que se apresentam como produto do territ\u00f3rio.<\/p>\n<p>Durante a pandemia, Marcelo Santos, now 38, viu a sua trajet\u00f3ria direcionada para o Algarve, depois de j\u00e1 ter passado f\u00e9rias no Alentejo. Em 2022, quando abriu o Praia do Canal Nature Retreat, o chef j\u00e1 estudava o territ\u00f3rio h\u00e1 um ano para definir o projeto gastron\u00f3mico e as liga\u00e7\u00f5es com produtores locais.<\/p>\n<p>Fomos ao terreno para conhecer produtores, fornecedores e comunidades locais, articulando recomenda\u00e7\u00f5es que ajudaram a integrar os ingredientes no menu do hotel. O objetivo \u00e9 criar uma cozinha que tenha ra\u00edzes na regi\u00e3o e, ao mesmo tempo, ofere\u00e7a uma perspetiva internacional.<\/p>\n<h3>Abordagem local<\/h3>\n<p>A estrat\u00e9gia envolve aproximar a gastronomia da comunidade: contacto com pequenos produtores, pesca e horticultura locais, para garantir frescura e sustentabilidade. O resultado \u00e9 uma oferta que reflete a diversidade sazonal da Costa Vicentina e as tradi\u00e7\u00f5es do Sul.<\/p>\n","protected":false},"excerpt":{"rendered":"<ul>\n<li>No Praia do Canal, em Aljezur, a cozinha do chef Marcelo Santos aposta numa vis\u00e3o contempor\u00e2nea com ra\u00edzes locais.<\/li>\n<li>Marcelo Santos tem 38 anos e, durante a pandemia, passou a explorar o Algarve para o seu projeto gastron\u00f3mico.<\/li>\n<li>O Praia do Canal Nature Retreat abriu em 2022, com o chef a estudar o territ\u00f3rio durante um ano e a falar com produtores locais.<\/li>\n<li>Foram integrados produtos e produtores de Aljezur no hotel, para que a oferta gastron\u00f3mica fa\u00e7a sentido para a comunidade.<\/li>\n<\/ul>\n","protected":false},"author":2,"featured_media":225295,"comment_status":"closed","ping_status":"closed","sticky":false,"template":"","format":"standard","meta":{"footnotes":""},"categories":[1],"tags":[883,928,1649,6284,219,5093],"class_list":["post-225288","post","type-post","status-publish","format-standard","has-post-thumbnail","hentry","category-noticias","tag-alentejo","tag-algarve","tag-aljezur","tag-costa-vicentina","tag-gastronomia","tag-pesca"],"yoast_head":"<!-- This site is optimized with the Yoast SEO plugin v27.2 - https:\/\/yoast.com\/product\/yoast-seo-wordpress\/ -->\n<title>Cozinha de Marcelo Santos em Aljezur une raiz local e vis\u00e3o global - Portal Tela Portugal<\/title>\n<meta name=\"robots\" content=\"index, follow, max-snippet:-1, max-image-preview:large, max-video-preview:-1\" \/>\n<meta property=\"og:locale\" content=\"pt_PT\" \/>\n<meta property=\"og:type\" content=\"article\" \/>\n<meta property=\"og:title\" content=\"Cozinha de Marcelo Santos em Aljezur une raiz local e vis\u00e3o global - Portal Tela Portugal\" \/>\n<meta property=\"og:description\" content=\"No Praia do Canal, em Aljezur, a cozinha do chef Marcelo Santos aposta numa vis\u00e3o contempor\u00e2nea com ra\u00edzes locais. Marcelo Santos tem 38 anos e, durante a pandemia, passou a explorar o Algarve para o seu projeto gastron\u00f3mico. O Praia do Canal Nature Retreat abriu em 2022, com o chef a estudar o territ\u00f3rio durante um ano e a falar com produtores locais. Foram integrados produtos e produtores de Aljezur no hotel, para que a oferta gastron\u00f3mica fa\u00e7a sentido para a comunidade.\" \/>\n<meta property=\"og:url\" content=\"https:\/\/portaltela.pt\/noticias\/2026\/02\/25\/cozinha-de-marcelo-santos-em-aljezur-une-raiz-local-e-visao-global\/\" \/>\n<meta property=\"og:site_name\" content=\"Portal Tela Portugal\" \/>\n<meta property=\"article:published_time\" content=\"2026-02-25T09:00:00+00:00\" \/>\n<meta name=\"author\" content=\"Telinha\" \/>\n<meta name=\"twitter:card\" content=\"summary_large_image\" \/>\n<meta name=\"twitter:label1\" content=\"Escrito por\" \/>\n\t<meta name=\"twitter:data1\" content=\"Telinha\" \/>\n\t<meta name=\"twitter:label2\" content=\"Tempo estimado de leitura\" \/>\n\t<meta name=\"twitter:data2\" content=\"1 minuto\" \/>\n<script type=\"application\/ld+json\" class=\"yoast-schema-graph\">{\"@context\":\"https:\/\/schema.org\",\"@graph\":[{\"@type\":\"Article\",\"@id\":\"https:\/\/portaltela.pt\/noticias\/2026\/02\/25\/cozinha-de-marcelo-santos-em-aljezur-une-raiz-local-e-visao-global\/#article\",\"isPartOf\":{\"@id\":\"https:\/\/portaltela.pt\/noticias\/2026\/02\/25\/cozinha-de-marcelo-santos-em-aljezur-une-raiz-local-e-visao-global\/\"},\"author\":{\"name\":\"Telinha\",\"@id\":\"https:\/\/portaltela.pt\/#\/schema\/person\/c4278d4a6028830caff9ee44b42d32ed\"},\"headline\":\"Cozinha de Marcelo Santos em Aljezur une raiz local e vis\u00e3o global\",\"datePublished\":\"2026-02-25T09:00:00+00:00\",\"mainEntityOfPage\":{\"@id\":\"https:\/\/portaltela.pt\/noticias\/2026\/02\/25\/cozinha-de-marcelo-santos-em-aljezur-une-raiz-local-e-visao-global\/\"},\"wordCount\":204,\"image\":{\"@id\":\"https:\/\/portaltela.pt\/noticias\/2026\/02\/25\/cozinha-de-marcelo-santos-em-aljezur-une-raiz-local-e-visao-global\/#primaryimage\"},\"thumbnailUrl\":\"https:\/\/portaltela.pt\/s.01k8rhncp4jt1\/2026\/02\/image-1822.jpg\",\"keywords\":[\"Alentejo\",\"Algarve\",\"Aljezur\",\"Costa Vicentina\",\"gastronomia\",\"pesca\"],\"articleSection\":[\"Not\u00edcias\"],\"inLanguage\":\"pt-PT\"},{\"@type\":\"WebPage\",\"@id\":\"https:\/\/portaltela.pt\/noticias\/2026\/02\/25\/cozinha-de-marcelo-santos-em-aljezur-une-raiz-local-e-visao-global\/\",\"url\":\"https:\/\/portaltela.pt\/noticias\/2026\/02\/25\/cozinha-de-marcelo-santos-em-aljezur-une-raiz-local-e-visao-global\/\",\"name\":\"Cozinha de Marcelo Santos em Aljezur une raiz local e vis\u00e3o global - Portal Tela Portugal\",\"isPartOf\":{\"@id\":\"https:\/\/portaltela.pt\/#website\"},\"primaryImageOfPage\":{\"@id\":\"https:\/\/portaltela.pt\/noticias\/2026\/02\/25\/cozinha-de-marcelo-santos-em-aljezur-une-raiz-local-e-visao-global\/#primaryimage\"},\"image\":{\"@id\":\"https:\/\/portaltela.pt\/noticias\/2026\/02\/25\/cozinha-de-marcelo-santos-em-aljezur-une-raiz-local-e-visao-global\/#primaryimage\"},\"thumbnailUrl\":\"https:\/\/portaltela.pt\/s.01k8rhncp4jt1\/2026\/02\/image-1822.jpg\",\"datePublished\":\"2026-02-25T09:00:00+00:00\",\"author\":{\"@id\":\"https:\/\/portaltela.pt\/#\/schema\/person\/c4278d4a6028830caff9ee44b42d32ed\"},\"breadcrumb\":{\"@id\":\"https:\/\/portaltela.pt\/noticias\/2026\/02\/25\/cozinha-de-marcelo-santos-em-aljezur-une-raiz-local-e-visao-global\/#breadcrumb\"},\"inLanguage\":\"pt-PT\",\"potentialAction\":[{\"@type\":\"ReadAction\",\"target\":[\"https:\/\/portaltela.pt\/noticias\/2026\/02\/25\/cozinha-de-marcelo-santos-em-aljezur-une-raiz-local-e-visao-global\/\"]}]},{\"@type\":\"ImageObject\",\"inLanguage\":\"pt-PT\",\"@id\":\"https:\/\/portaltela.pt\/noticias\/2026\/02\/25\/cozinha-de-marcelo-santos-em-aljezur-une-raiz-local-e-visao-global\/#primaryimage\",\"url\":\"https:\/\/portaltela.pt\/s.01k8rhncp4jt1\/2026\/02\/image-1822.jpg\",\"contentUrl\":\"https:\/\/portaltela.pt\/s.01k8rhncp4jt1\/2026\/02\/image-1822.jpg\",\"width\":796,\"height\":448,\"caption\":\"Um dos pratos do novo menu do restaurante Azeitona.\"},{\"@type\":\"BreadcrumbList\",\"@id\":\"https:\/\/portaltela.pt\/noticias\/2026\/02\/25\/cozinha-de-marcelo-santos-em-aljezur-une-raiz-local-e-visao-global\/#breadcrumb\",\"itemListElement\":[{\"@type\":\"ListItem\",\"position\":1,\"name\":\"In\u00edcio\",\"item\":\"https:\/\/portaltela.pt\/\"},{\"@type\":\"ListItem\",\"position\":2,\"name\":\"Cozinha de Marcelo Santos em Aljezur une raiz local e vis\u00e3o global\"}]},{\"@type\":\"WebSite\",\"@id\":\"https:\/\/portaltela.pt\/#website\",\"url\":\"https:\/\/portaltela.pt\/\",\"name\":\"Portal Tela Portugal\",\"description\":\"\",\"potentialAction\":[{\"@type\":\"SearchAction\",\"target\":{\"@type\":\"EntryPoint\",\"urlTemplate\":\"https:\/\/portaltela.pt\/?s={search_term_string}\"},\"query-input\":{\"@type\":\"PropertyValueSpecification\",\"valueRequired\":true,\"valueName\":\"search_term_string\"}}],\"inLanguage\":\"pt-PT\"},{\"@type\":\"Person\",\"@id\":\"https:\/\/portaltela.pt\/#\/schema\/person\/c4278d4a6028830caff9ee44b42d32ed\",\"name\":\"Telinha\",\"image\":{\"@type\":\"ImageObject\",\"inLanguage\":\"pt-PT\",\"@id\":\"https:\/\/portaltela.pt\/s.01k8rhncp4jt1\/2025\/11\/talking-bot-125x125.png\",\"url\":\"https:\/\/portaltela.pt\/s.01k8rhncp4jt1\/2025\/11\/talking-bot-125x125.png\",\"contentUrl\":\"https:\/\/portaltela.pt\/s.01k8rhncp4jt1\/2025\/11\/talking-bot-125x125.png\",\"caption\":\"Telinha\"},\"sameAs\":[\"https:\/\/portaltela.pt\/\"],\"url\":\"https:\/\/portaltela.pt\/por\/367410592786\/\"}]}<\/script>\n<!-- \/ Yoast SEO plugin. -->","yoast_head_json":{"title":"Cozinha de Marcelo Santos em Aljezur une raiz local e vis\u00e3o global - Portal Tela Portugal","robots":{"index":"index","follow":"follow","max-snippet":"max-snippet:-1","max-image-preview":"max-image-preview:large","max-video-preview":"max-video-preview:-1"},"og_locale":"pt_PT","og_type":"article","og_title":"Cozinha de Marcelo Santos em Aljezur une raiz local e vis\u00e3o global - Portal Tela Portugal","og_description":"No Praia do Canal, em Aljezur, a cozinha do chef Marcelo Santos aposta numa vis\u00e3o contempor\u00e2nea com ra\u00edzes locais. Marcelo Santos tem 38 anos e, durante a pandemia, passou a explorar o Algarve para o seu projeto gastron\u00f3mico. O Praia do Canal Nature Retreat abriu em 2022, com o chef a estudar o territ\u00f3rio durante um ano e a falar com produtores locais. Foram integrados produtos e produtores de Aljezur no hotel, para que a oferta gastron\u00f3mica fa\u00e7a sentido para a comunidade.","og_url":"https:\/\/portaltela.pt\/noticias\/2026\/02\/25\/cozinha-de-marcelo-santos-em-aljezur-une-raiz-local-e-visao-global\/","og_site_name":"Portal Tela Portugal","article_published_time":"2026-02-25T09:00:00+00:00","author":"Telinha","twitter_card":"summary_large_image","twitter_misc":{"Escrito por":"Telinha","Tempo estimado de leitura":"1 minuto"},"schema":{"@context":"https:\/\/schema.org","@graph":[{"@type":"Article","@id":"https:\/\/portaltela.pt\/noticias\/2026\/02\/25\/cozinha-de-marcelo-santos-em-aljezur-une-raiz-local-e-visao-global\/#article","isPartOf":{"@id":"https:\/\/portaltela.pt\/noticias\/2026\/02\/25\/cozinha-de-marcelo-santos-em-aljezur-une-raiz-local-e-visao-global\/"},"author":{"name":"Telinha","@id":"https:\/\/portaltela.pt\/#\/schema\/person\/c4278d4a6028830caff9ee44b42d32ed"},"headline":"Cozinha de Marcelo Santos em Aljezur une raiz local e vis\u00e3o global","datePublished":"2026-02-25T09:00:00+00:00","mainEntityOfPage":{"@id":"https:\/\/portaltela.pt\/noticias\/2026\/02\/25\/cozinha-de-marcelo-santos-em-aljezur-une-raiz-local-e-visao-global\/"},"wordCount":204,"image":{"@id":"https:\/\/portaltela.pt\/noticias\/2026\/02\/25\/cozinha-de-marcelo-santos-em-aljezur-une-raiz-local-e-visao-global\/#primaryimage"},"thumbnailUrl":"https:\/\/portaltela.pt\/s.01k8rhncp4jt1\/2026\/02\/image-1822.jpg","keywords":["Alentejo","Algarve","Aljezur","Costa Vicentina","gastronomia","pesca"],"articleSection":["Not\u00edcias"],"inLanguage":"pt-PT"},{"@type":"WebPage","@id":"https:\/\/portaltela.pt\/noticias\/2026\/02\/25\/cozinha-de-marcelo-santos-em-aljezur-une-raiz-local-e-visao-global\/","url":"https:\/\/portaltela.pt\/noticias\/2026\/02\/25\/cozinha-de-marcelo-santos-em-aljezur-une-raiz-local-e-visao-global\/","name":"Cozinha de Marcelo Santos em Aljezur une raiz local e vis\u00e3o global - Portal Tela Portugal","isPartOf":{"@id":"https:\/\/portaltela.pt\/#website"},"primaryImageOfPage":{"@id":"https:\/\/portaltela.pt\/noticias\/2026\/02\/25\/cozinha-de-marcelo-santos-em-aljezur-une-raiz-local-e-visao-global\/#primaryimage"},"image":{"@id":"https:\/\/portaltela.pt\/noticias\/2026\/02\/25\/cozinha-de-marcelo-santos-em-aljezur-une-raiz-local-e-visao-global\/#primaryimage"},"thumbnailUrl":"https:\/\/portaltela.pt\/s.01k8rhncp4jt1\/2026\/02\/image-1822.jpg","datePublished":"2026-02-25T09:00:00+00:00","author":{"@id":"https:\/\/portaltela.pt\/#\/schema\/person\/c4278d4a6028830caff9ee44b42d32ed"},"breadcrumb":{"@id":"https:\/\/portaltela.pt\/noticias\/2026\/02\/25\/cozinha-de-marcelo-santos-em-aljezur-une-raiz-local-e-visao-global\/#breadcrumb"},"inLanguage":"pt-PT","potentialAction":[{"@type":"ReadAction","target":["https:\/\/portaltela.pt\/noticias\/2026\/02\/25\/cozinha-de-marcelo-santos-em-aljezur-une-raiz-local-e-visao-global\/"]}]},{"@type":"ImageObject","inLanguage":"pt-PT","@id":"https:\/\/portaltela.pt\/noticias\/2026\/02\/25\/cozinha-de-marcelo-santos-em-aljezur-une-raiz-local-e-visao-global\/#primaryimage","url":"https:\/\/portaltela.pt\/s.01k8rhncp4jt1\/2026\/02\/image-1822.jpg","contentUrl":"https:\/\/portaltela.pt\/s.01k8rhncp4jt1\/2026\/02\/image-1822.jpg","width":796,"height":448,"caption":"Um dos pratos do novo menu do restaurante Azeitona."},{"@type":"BreadcrumbList","@id":"https:\/\/portaltela.pt\/noticias\/2026\/02\/25\/cozinha-de-marcelo-santos-em-aljezur-une-raiz-local-e-visao-global\/#breadcrumb","itemListElement":[{"@type":"ListItem","position":1,"name":"In\u00edcio","item":"https:\/\/portaltela.pt\/"},{"@type":"ListItem","position":2,"name":"Cozinha de Marcelo Santos em Aljezur une raiz local e vis\u00e3o global"}]},{"@type":"WebSite","@id":"https:\/\/portaltela.pt\/#website","url":"https:\/\/portaltela.pt\/","name":"Portal Tela Portugal","description":"","potentialAction":[{"@type":"SearchAction","target":{"@type":"EntryPoint","urlTemplate":"https:\/\/portaltela.pt\/?s={search_term_string}"},"query-input":{"@type":"PropertyValueSpecification","valueRequired":true,"valueName":"search_term_string"}}],"inLanguage":"pt-PT"},{"@type":"Person","@id":"https:\/\/portaltela.pt\/#\/schema\/person\/c4278d4a6028830caff9ee44b42d32ed","name":"Telinha","image":{"@type":"ImageObject","inLanguage":"pt-PT","@id":"https:\/\/portaltela.pt\/s.01k8rhncp4jt1\/2025\/11\/talking-bot-125x125.png","url":"https:\/\/portaltela.pt\/s.01k8rhncp4jt1\/2025\/11\/talking-bot-125x125.png","contentUrl":"https:\/\/portaltela.pt\/s.01k8rhncp4jt1\/2025\/11\/talking-bot-125x125.png","caption":"Telinha"},"sameAs":["https:\/\/portaltela.pt\/"],"url":"https:\/\/portaltela.pt\/por\/367410592786\/"}]}},"_links":{"self":[{"href":"https:\/\/portaltela.pt\/api\/wp\/v2\/posts\/225288","targetHints":{"allow":["GET"]}}],"collection":[{"href":"https:\/\/portaltela.pt\/api\/wp\/v2\/posts"}],"about":[{"href":"https:\/\/portaltela.pt\/api\/wp\/v2\/types\/post"}],"author":[{"embeddable":true,"href":"https:\/\/portaltela.pt\/api\/wp\/v2\/users\/2"}],"replies":[{"embeddable":true,"href":"https:\/\/portaltela.pt\/api\/wp\/v2\/comments?post=225288"}],"version-history":[{"count":0,"href":"https:\/\/portaltela.pt\/api\/wp\/v2\/posts\/225288\/revisions"}],"wp:featuredmedia":[{"embeddable":true,"href":"https:\/\/portaltela.pt\/api\/wp\/v2\/media\/225295"}],"wp:attachment":[{"href":"https:\/\/portaltela.pt\/api\/wp\/v2\/media?parent=225288"}],"wp:term":[{"taxonomy":"category","embeddable":true,"href":"https:\/\/portaltela.pt\/api\/wp\/v2\/categories?post=225288"},{"taxonomy":"post_tag","embeddable":true,"href":"https:\/\/portaltela.pt\/api\/wp\/v2\/tags?post=225288"}],"curies":[{"name":"wp","href":"https:\/\/api.w.org\/{rel}","templated":true}]}}