{"id":225278,"date":"2026-02-25T05:46:00","date_gmt":"2026-02-25T08:46:00","guid":{"rendered":"https:\/\/portaltela.pt\/noticias\/2026\/02\/25\/diogo-carmona-torna-se-o-1-o-portugues-nos-jogos-paralimpicos-de-inverno\/"},"modified":"2026-02-25T05:46:00","modified_gmt":"2026-02-25T08:46:00","slug":"diogo-carmona-torna-se-o-1-o-portugues-nos-jogos-paralimpicos-de-inverno","status":"publish","type":"post","link":"https:\/\/portaltela.pt\/desporto\/2026\/02\/25\/diogo-carmona-torna-se-o-1-o-portugues-nos-jogos-paralimpicos-de-inverno\/","title":{"rendered":"Diogo Carmona torna-se o 1.\u00ba portugu\u00eas nos Jogos Paral\u00edmpicos de Inverno"},"content":{"rendered":"<p>Diogo Carmona, 28 anos, \u00e9 hoje apontado como o primeiro portugu\u00eas a competir em Jogos Paral\u00edmpicos de Inverno. O ex-ator est\u00e1 prestes a representar Portugal numa edi\u00e7\u00e3o ainda por confirmar, integrando uma equipa que pode marcar a mem\u00f3ria do desporto nacional.<\/p>\n<p>Em 2019, Carmona sofreu um grave acidente que lhe levou a perna ap\u00f3s ser atropelado por um comboio. O epis\u00f3dio foi determinante na viragem da sua carreira, que o levou a dedicar-se ao desporto adaptado.<\/p>\n<p>O objetivo \u00e9 competir ao mais alto n\u00edvel numa prova internacional de inverno, com foco na participa\u00e7\u00e3o hist\u00f3rica de Portugal. O percurso come\u00e7ou com a mudan\u00e7a de vida, passando pela recupera\u00e7\u00e3o e pela entrada no treino desportivo espec\u00edfico.<\/p>\n<p>A narrativa de Carmona junta-se \u00e0 de atletas paral\u00edmpicos nacionais que procuram ascens\u00e3o internacional, abrindo caminho para o reconhecimento da modalidade e da capacidade de supera\u00e7\u00e3o associada ao desporto adaptado.<\/p>\n<p>A not\u00edcia mant\u00e9m o foco no que aconteceu, quem est\u00e1 envolvido, quando, onde e por qu\u00ea, apresentando os factos de forma objetiva e sem opini\u00f5es.<\/p>\n","protected":false},"excerpt":{"rendered":"<ul>\n<li>Diogo Carmona, de 28 anos, \u00e9 o primeiro portugu\u00eas a competir nos Jogos Paral\u00edmpicos de Inverno.<\/li>\n<li>Tornou-se atleta paral\u00edmpico ap\u00f3s perder a perna em 2019, quando foi atropelado por um comboio.<\/li>\n<li>Ficou conhecido por pap\u00e9is em novelas populares entre adolescentes.<\/li>\n<li>Em entrevista, afirmou ter contrariado a mentalidade de derrota para alcan\u00e7ar o objetivo.<\/li>\n<\/ul>\n","protected":false},"author":2,"featured_media":225283,"comment_status":"closed","ping_status":"closed","sticky":false,"template":"","format":"standard","meta":{"footnotes":""},"categories":[21],"tags":[252,152,635,5661,1014],"class_list":["post-225278","post","type-post","status-publish","format-standard","has-post-thumbnail","hentry","category-desporto","tag-atletas","tag-desporto","tag-desporto-adaptado","tag-pessoas-publicas","tag-portugal"],"yoast_head":"<!-- This site is optimized with the Yoast SEO plugin v27.2 - https:\/\/yoast.com\/product\/yoast-seo-wordpress\/ -->\n<title>Diogo Carmona torna-se o 1.\u00ba portugu\u00eas nos Jogos Paral\u00edmpicos de Inverno - Portal Tela Portugal<\/title>\n<meta name=\"robots\" content=\"index, follow, max-snippet:-1, max-image-preview:large, max-video-preview:-1\" \/>\n<meta property=\"og:locale\" content=\"pt_PT\" \/>\n<meta property=\"og:type\" content=\"article\" \/>\n<meta property=\"og:title\" content=\"Diogo Carmona torna-se o 1.\u00ba portugu\u00eas nos Jogos Paral\u00edmpicos de Inverno - Portal Tela Portugal\" \/>\n<meta property=\"og:description\" content=\"Diogo Carmona, de 28 anos, \u00e9 o primeiro portugu\u00eas a competir nos Jogos Paral\u00edmpicos de Inverno. Tornou-se atleta paral\u00edmpico ap\u00f3s perder a perna em 2019, quando foi atropelado por um comboio. Ficou conhecido por pap\u00e9is em novelas populares entre adolescentes. Em entrevista, afirmou ter contrariado a mentalidade de derrota para alcan\u00e7ar o objetivo.\" \/>\n<meta property=\"og:url\" content=\"https:\/\/portaltela.pt\/noticias\/2026\/02\/25\/diogo-carmona-torna-se-o-1-o-portugues-nos-jogos-paralimpicos-de-inverno\/\" \/>\n<meta property=\"og:site_name\" content=\"Portal Tela Portugal\" \/>\n<meta property=\"article:published_time\" content=\"2026-02-25T08:46:00+00:00\" \/>\n<meta name=\"author\" content=\"Telinha\" \/>\n<meta name=\"twitter:card\" content=\"summary_large_image\" \/>\n<meta name=\"twitter:label1\" content=\"Escrito por\" \/>\n\t<meta name=\"twitter:data1\" content=\"Telinha\" \/>\n\t<meta name=\"twitter:label2\" content=\"Tempo estimado de leitura\" \/>\n\t<meta name=\"twitter:data2\" content=\"1 minuto\" \/>\n<script type=\"application\/ld+json\" class=\"yoast-schema-graph\">{\"@context\":\"https:\/\/schema.org\",\"@graph\":[{\"@type\":\"Article\",\"@id\":\"https:\/\/portaltela.pt\/noticias\/2026\/02\/25\/diogo-carmona-torna-se-o-1-o-portugues-nos-jogos-paralimpicos-de-inverno\/#article\",\"isPartOf\":{\"@id\":\"https:\/\/portaltela.pt\/noticias\/2026\/02\/25\/diogo-carmona-torna-se-o-1-o-portugues-nos-jogos-paralimpicos-de-inverno\/\"},\"author\":{\"name\":\"Telinha\",\"@id\":\"https:\/\/portaltela.pt\/#\/schema\/person\/c4278d4a6028830caff9ee44b42d32ed\"},\"headline\":\"Diogo Carmona torna-se o 1.\u00ba portugu\u00eas nos Jogos Paral\u00edmpicos de Inverno\",\"datePublished\":\"2026-02-25T08:46:00+00:00\",\"mainEntityOfPage\":{\"@id\":\"https:\/\/portaltela.pt\/noticias\/2026\/02\/25\/diogo-carmona-torna-se-o-1-o-portugues-nos-jogos-paralimpicos-de-inverno\/\"},\"wordCount\":195,\"image\":{\"@id\":\"https:\/\/portaltela.pt\/noticias\/2026\/02\/25\/diogo-carmona-torna-se-o-1-o-portugues-nos-jogos-paralimpicos-de-inverno\/#primaryimage\"},\"thumbnailUrl\":\"https:\/\/portaltela.pt\/s.01k8rhncp4jt1\/2026\/02\/img_920x518uu2026-02-24-18-36-23-2423474.jpg\",\"keywords\":[\"atletas\",\"desporto\",\"desporto adaptado\",\"pessoas p\u00fablicas\",\"Portugal\"],\"articleSection\":[\"Desporto\"],\"inLanguage\":\"pt-PT\"},{\"@type\":\"WebPage\",\"@id\":\"https:\/\/portaltela.pt\/noticias\/2026\/02\/25\/diogo-carmona-torna-se-o-1-o-portugues-nos-jogos-paralimpicos-de-inverno\/\",\"url\":\"https:\/\/portaltela.pt\/noticias\/2026\/02\/25\/diogo-carmona-torna-se-o-1-o-portugues-nos-jogos-paralimpicos-de-inverno\/\",\"name\":\"Diogo Carmona torna-se o 1.\u00ba portugu\u00eas nos Jogos Paral\u00edmpicos de Inverno - Portal Tela Portugal\",\"isPartOf\":{\"@id\":\"https:\/\/portaltela.pt\/#website\"},\"primaryImageOfPage\":{\"@id\":\"https:\/\/portaltela.pt\/noticias\/2026\/02\/25\/diogo-carmona-torna-se-o-1-o-portugues-nos-jogos-paralimpicos-de-inverno\/#primaryimage\"},\"image\":{\"@id\":\"https:\/\/portaltela.pt\/noticias\/2026\/02\/25\/diogo-carmona-torna-se-o-1-o-portugues-nos-jogos-paralimpicos-de-inverno\/#primaryimage\"},\"thumbnailUrl\":\"https:\/\/portaltela.pt\/s.01k8rhncp4jt1\/2026\/02\/img_920x518uu2026-02-24-18-36-23-2423474.jpg\",\"datePublished\":\"2026-02-25T08:46:00+00:00\",\"author\":{\"@id\":\"https:\/\/portaltela.pt\/#\/schema\/person\/c4278d4a6028830caff9ee44b42d32ed\"},\"breadcrumb\":{\"@id\":\"https:\/\/portaltela.pt\/noticias\/2026\/02\/25\/diogo-carmona-torna-se-o-1-o-portugues-nos-jogos-paralimpicos-de-inverno\/#breadcrumb\"},\"inLanguage\":\"pt-PT\",\"potentialAction\":[{\"@type\":\"ReadAction\",\"target\":[\"https:\/\/portaltela.pt\/noticias\/2026\/02\/25\/diogo-carmona-torna-se-o-1-o-portugues-nos-jogos-paralimpicos-de-inverno\/\"]}]},{\"@type\":\"ImageObject\",\"inLanguage\":\"pt-PT\",\"@id\":\"https:\/\/portaltela.pt\/noticias\/2026\/02\/25\/diogo-carmona-torna-se-o-1-o-portugues-nos-jogos-paralimpicos-de-inverno\/#primaryimage\",\"url\":\"https:\/\/portaltela.pt\/s.01k8rhncp4jt1\/2026\/02\/img_920x518uu2026-02-24-18-36-23-2423474.jpg\",\"contentUrl\":\"https:\/\/portaltela.pt\/s.01k8rhncp4jt1\/2026\/02\/img_920x518uu2026-02-24-18-36-23-2423474.jpg\",\"width\":796,\"height\":448,\"caption\":\"Diogo Carmona em entrevista\"},{\"@type\":\"BreadcrumbList\",\"@id\":\"https:\/\/portaltela.pt\/noticias\/2026\/02\/25\/diogo-carmona-torna-se-o-1-o-portugues-nos-jogos-paralimpicos-de-inverno\/#breadcrumb\",\"itemListElement\":[{\"@type\":\"ListItem\",\"position\":1,\"name\":\"In\u00edcio\",\"item\":\"https:\/\/portaltela.pt\/\"},{\"@type\":\"ListItem\",\"position\":2,\"name\":\"Diogo Carmona torna-se o 1.\u00ba portugu\u00eas nos Jogos Paral\u00edmpicos de Inverno\"}]},{\"@type\":\"WebSite\",\"@id\":\"https:\/\/portaltela.pt\/#website\",\"url\":\"https:\/\/portaltela.pt\/\",\"name\":\"Portal Tela Portugal\",\"description\":\"\",\"potentialAction\":[{\"@type\":\"SearchAction\",\"target\":{\"@type\":\"EntryPoint\",\"urlTemplate\":\"https:\/\/portaltela.pt\/?s={search_term_string}\"},\"query-input\":{\"@type\":\"PropertyValueSpecification\",\"valueRequired\":true,\"valueName\":\"search_term_string\"}}],\"inLanguage\":\"pt-PT\"},{\"@type\":\"Person\",\"@id\":\"https:\/\/portaltela.pt\/#\/schema\/person\/c4278d4a6028830caff9ee44b42d32ed\",\"name\":\"Telinha\",\"image\":{\"@type\":\"ImageObject\",\"inLanguage\":\"pt-PT\",\"@id\":\"https:\/\/portaltela.pt\/s.01k8rhncp4jt1\/2025\/11\/talking-bot-125x125.png\",\"url\":\"https:\/\/portaltela.pt\/s.01k8rhncp4jt1\/2025\/11\/talking-bot-125x125.png\",\"contentUrl\":\"https:\/\/portaltela.pt\/s.01k8rhncp4jt1\/2025\/11\/talking-bot-125x125.png\",\"caption\":\"Telinha\"},\"sameAs\":[\"https:\/\/portaltela.pt\/\"],\"url\":\"https:\/\/portaltela.pt\/por\/367410592786\/\"}]}<\/script>\n<!-- \/ Yoast SEO plugin. -->","yoast_head_json":{"title":"Diogo Carmona torna-se o 1.\u00ba portugu\u00eas nos Jogos Paral\u00edmpicos de Inverno - Portal Tela Portugal","robots":{"index":"index","follow":"follow","max-snippet":"max-snippet:-1","max-image-preview":"max-image-preview:large","max-video-preview":"max-video-preview:-1"},"og_locale":"pt_PT","og_type":"article","og_title":"Diogo Carmona torna-se o 1.\u00ba portugu\u00eas nos Jogos Paral\u00edmpicos de Inverno - Portal Tela Portugal","og_description":"Diogo Carmona, de 28 anos, \u00e9 o primeiro portugu\u00eas a competir nos Jogos Paral\u00edmpicos de Inverno. Tornou-se atleta paral\u00edmpico ap\u00f3s perder a perna em 2019, quando foi atropelado por um comboio. Ficou conhecido por pap\u00e9is em novelas populares entre adolescentes. Em entrevista, afirmou ter contrariado a mentalidade de derrota para alcan\u00e7ar o objetivo.","og_url":"https:\/\/portaltela.pt\/noticias\/2026\/02\/25\/diogo-carmona-torna-se-o-1-o-portugues-nos-jogos-paralimpicos-de-inverno\/","og_site_name":"Portal Tela Portugal","article_published_time":"2026-02-25T08:46:00+00:00","author":"Telinha","twitter_card":"summary_large_image","twitter_misc":{"Escrito por":"Telinha","Tempo estimado de leitura":"1 minuto"},"schema":{"@context":"https:\/\/schema.org","@graph":[{"@type":"Article","@id":"https:\/\/portaltela.pt\/noticias\/2026\/02\/25\/diogo-carmona-torna-se-o-1-o-portugues-nos-jogos-paralimpicos-de-inverno\/#article","isPartOf":{"@id":"https:\/\/portaltela.pt\/noticias\/2026\/02\/25\/diogo-carmona-torna-se-o-1-o-portugues-nos-jogos-paralimpicos-de-inverno\/"},"author":{"name":"Telinha","@id":"https:\/\/portaltela.pt\/#\/schema\/person\/c4278d4a6028830caff9ee44b42d32ed"},"headline":"Diogo Carmona torna-se o 1.\u00ba portugu\u00eas nos Jogos Paral\u00edmpicos de Inverno","datePublished":"2026-02-25T08:46:00+00:00","mainEntityOfPage":{"@id":"https:\/\/portaltela.pt\/noticias\/2026\/02\/25\/diogo-carmona-torna-se-o-1-o-portugues-nos-jogos-paralimpicos-de-inverno\/"},"wordCount":195,"image":{"@id":"https:\/\/portaltela.pt\/noticias\/2026\/02\/25\/diogo-carmona-torna-se-o-1-o-portugues-nos-jogos-paralimpicos-de-inverno\/#primaryimage"},"thumbnailUrl":"https:\/\/portaltela.pt\/s.01k8rhncp4jt1\/2026\/02\/img_920x518uu2026-02-24-18-36-23-2423474.jpg","keywords":["atletas","desporto","desporto adaptado","pessoas p\u00fablicas","Portugal"],"articleSection":["Desporto"],"inLanguage":"pt-PT"},{"@type":"WebPage","@id":"https:\/\/portaltela.pt\/noticias\/2026\/02\/25\/diogo-carmona-torna-se-o-1-o-portugues-nos-jogos-paralimpicos-de-inverno\/","url":"https:\/\/portaltela.pt\/noticias\/2026\/02\/25\/diogo-carmona-torna-se-o-1-o-portugues-nos-jogos-paralimpicos-de-inverno\/","name":"Diogo Carmona torna-se o 1.\u00ba portugu\u00eas nos Jogos Paral\u00edmpicos de Inverno - Portal Tela Portugal","isPartOf":{"@id":"https:\/\/portaltela.pt\/#website"},"primaryImageOfPage":{"@id":"https:\/\/portaltela.pt\/noticias\/2026\/02\/25\/diogo-carmona-torna-se-o-1-o-portugues-nos-jogos-paralimpicos-de-inverno\/#primaryimage"},"image":{"@id":"https:\/\/portaltela.pt\/noticias\/2026\/02\/25\/diogo-carmona-torna-se-o-1-o-portugues-nos-jogos-paralimpicos-de-inverno\/#primaryimage"},"thumbnailUrl":"https:\/\/portaltela.pt\/s.01k8rhncp4jt1\/2026\/02\/img_920x518uu2026-02-24-18-36-23-2423474.jpg","datePublished":"2026-02-25T08:46:00+00:00","author":{"@id":"https:\/\/portaltela.pt\/#\/schema\/person\/c4278d4a6028830caff9ee44b42d32ed"},"breadcrumb":{"@id":"https:\/\/portaltela.pt\/noticias\/2026\/02\/25\/diogo-carmona-torna-se-o-1-o-portugues-nos-jogos-paralimpicos-de-inverno\/#breadcrumb"},"inLanguage":"pt-PT","potentialAction":[{"@type":"ReadAction","target":["https:\/\/portaltela.pt\/noticias\/2026\/02\/25\/diogo-carmona-torna-se-o-1-o-portugues-nos-jogos-paralimpicos-de-inverno\/"]}]},{"@type":"ImageObject","inLanguage":"pt-PT","@id":"https:\/\/portaltela.pt\/noticias\/2026\/02\/25\/diogo-carmona-torna-se-o-1-o-portugues-nos-jogos-paralimpicos-de-inverno\/#primaryimage","url":"https:\/\/portaltela.pt\/s.01k8rhncp4jt1\/2026\/02\/img_920x518uu2026-02-24-18-36-23-2423474.jpg","contentUrl":"https:\/\/portaltela.pt\/s.01k8rhncp4jt1\/2026\/02\/img_920x518uu2026-02-24-18-36-23-2423474.jpg","width":796,"height":448,"caption":"Diogo Carmona em entrevista"},{"@type":"BreadcrumbList","@id":"https:\/\/portaltela.pt\/noticias\/2026\/02\/25\/diogo-carmona-torna-se-o-1-o-portugues-nos-jogos-paralimpicos-de-inverno\/#breadcrumb","itemListElement":[{"@type":"ListItem","position":1,"name":"In\u00edcio","item":"https:\/\/portaltela.pt\/"},{"@type":"ListItem","position":2,"name":"Diogo Carmona torna-se o 1.\u00ba portugu\u00eas nos Jogos Paral\u00edmpicos de Inverno"}]},{"@type":"WebSite","@id":"https:\/\/portaltela.pt\/#website","url":"https:\/\/portaltela.pt\/","name":"Portal Tela Portugal","description":"","potentialAction":[{"@type":"SearchAction","target":{"@type":"EntryPoint","urlTemplate":"https:\/\/portaltela.pt\/?s={search_term_string}"},"query-input":{"@type":"PropertyValueSpecification","valueRequired":true,"valueName":"search_term_string"}}],"inLanguage":"pt-PT"},{"@type":"Person","@id":"https:\/\/portaltela.pt\/#\/schema\/person\/c4278d4a6028830caff9ee44b42d32ed","name":"Telinha","image":{"@type":"ImageObject","inLanguage":"pt-PT","@id":"https:\/\/portaltela.pt\/s.01k8rhncp4jt1\/2025\/11\/talking-bot-125x125.png","url":"https:\/\/portaltela.pt\/s.01k8rhncp4jt1\/2025\/11\/talking-bot-125x125.png","contentUrl":"https:\/\/portaltela.pt\/s.01k8rhncp4jt1\/2025\/11\/talking-bot-125x125.png","caption":"Telinha"},"sameAs":["https:\/\/portaltela.pt\/"],"url":"https:\/\/portaltela.pt\/por\/367410592786\/"}]}},"_links":{"self":[{"href":"https:\/\/portaltela.pt\/api\/wp\/v2\/posts\/225278","targetHints":{"allow":["GET"]}}],"collection":[{"href":"https:\/\/portaltela.pt\/api\/wp\/v2\/posts"}],"about":[{"href":"https:\/\/portaltela.pt\/api\/wp\/v2\/types\/post"}],"author":[{"embeddable":true,"href":"https:\/\/portaltela.pt\/api\/wp\/v2\/users\/2"}],"replies":[{"embeddable":true,"href":"https:\/\/portaltela.pt\/api\/wp\/v2\/comments?post=225278"}],"version-history":[{"count":0,"href":"https:\/\/portaltela.pt\/api\/wp\/v2\/posts\/225278\/revisions"}],"wp:featuredmedia":[{"embeddable":true,"href":"https:\/\/portaltela.pt\/api\/wp\/v2\/media\/225283"}],"wp:attachment":[{"href":"https:\/\/portaltela.pt\/api\/wp\/v2\/media?parent=225278"}],"wp:term":[{"taxonomy":"category","embeddable":true,"href":"https:\/\/portaltela.pt\/api\/wp\/v2\/categories?post=225278"},{"taxonomy":"post_tag","embeddable":true,"href":"https:\/\/portaltela.pt\/api\/wp\/v2\/tags?post=225278"}],"curies":[{"name":"wp","href":"https:\/\/api.w.org\/{rel}","templated":true}]}}