{"id":225273,"date":"2026-02-25T06:02:13","date_gmt":"2026-02-25T09:02:13","guid":{"rendered":"https:\/\/portaltela.pt\/noticias\/2026\/02\/25\/polonia-assinala-em-varsovia-quatro-anos-da-invasao-russa-da-ucrania\/"},"modified":"2026-02-25T06:02:13","modified_gmt":"2026-02-25T09:02:13","slug":"polonia-assinala-em-varsovia-quatro-anos-da-invasao-russa-da-ucrania","status":"publish","type":"post","link":"https:\/\/portaltela.pt\/noticias\/internacional\/2026\/02\/25\/polonia-assinala-em-varsovia-quatro-anos-da-invasao-russa-da-ucrania\/","title":{"rendered":"Pol\u00f3nia assinala em Vars\u00f3via quatro anos da invas\u00e3o russa da Ucr\u00e2nia"},"content":{"rendered":"<p>Na Pol\u00f3nia, milhares de pessoas reuniram-se em Vars\u00f3via para assinalar o quarto anivers\u00e1rio da invas\u00e3o da Ucr\u00e2nia pela R\u00fassia. O protesto envolveu bandeiras ucranianas e cartazes com mensagens de apoio \u00e0 Ucr\u00e2nia e ao Ocidente.<\/p>\n<p>Os manifestantes apresentaram a guerra como uma luta pela soberania e pelos direitos fundamentais, com a pra\u00e7a central de Vars\u00f3via a servir de palco para a manifesta\u00e7\u00e3o. O ato procurou manter a press\u00e3o p\u00fablica sobre o apoio ocidental.<\/p>\n<p>Oradores destacaram que a Crimeia continua a pertencer \u00e0 Ucr\u00e2nia e rejeitaram a anexa\u00e7\u00e3o russa. O apelo foi dirigido ao governo polaco e aos aliados da Uni\u00e3o Europeia para que mantenham o apoio pol\u00edtico, militar e financeiro a Kiev.<\/p>\n<h3>Continuidade do apoio ocidental<\/h3>\n<p>A mobiliza\u00e7\u00e3o ligou a hist\u00f3ria recente da Pol\u00f3nia \u00e0 situa\u00e7\u00e3o ucraniana, deixando claro que o apoio p\u00fablico permanece forte. O movimento enfatizou a relev\u00e2ncia geopol\u00edtica do leste europeu e a necessidade de coopera\u00e7\u00e3o internacional cont\u00ednua.<\/p>\n","protected":false},"excerpt":{"rendered":"<ul>\n<li>Em Vars\u00f3via, multid\u00f5es assinalaram quatro anos desde a invas\u00e3o russa da Ucr\u00e2nia.<\/li>\n<li>Manifestantes agitavam bandeiras ucranianas e exibiram cartazes com mensagens como &#8220;Fight 4 Freedom&#8221; e &#8220;Putin always lies. Support Ukraine&#8221;.<\/li>\n<li>O protesto apresentou a guerra como uma luta pela soberania e pelos direitos fundamentais.<\/li>\n<li>Oradores sublinharam que a Crimeia \u00e9 Ucr\u00e2nia e rejeitaram a anexa\u00e7\u00e3o russa.<\/li>\n<li>Muitos apelaram ao governo polaco e aos aliados europeus para manter o apoio militar e financeiro a Kiev, mantendo-se o apoio p\u00fablico firme.<\/li>\n<\/ul>\n","protected":false},"author":2,"featured_media":225279,"comment_status":"closed","ping_status":"closed","sticky":false,"template":"","format":"standard","meta":{"footnotes":""},"categories":[4,1],"tags":[6290,2487,1928,5698,2134,2055],"class_list":["post-225273","post","type-post","status-publish","format-standard","has-post-thumbnail","hentry","category-internacional","category-noticias","tag-apoio-internacional","tag-europa","tag-ocidente","tag-politica-internacional","tag-ucrania","tag-uniao-europeia"],"yoast_head":"<!-- This site is optimized with the Yoast SEO plugin v27.2 - https:\/\/yoast.com\/product\/yoast-seo-wordpress\/ -->\n<title>Pol\u00f3nia assinala em Vars\u00f3via quatro anos da invas\u00e3o russa da Ucr\u00e2nia - Portal Tela Portugal<\/title>\n<meta name=\"robots\" content=\"index, follow, max-snippet:-1, max-image-preview:large, max-video-preview:-1\" \/>\n<meta property=\"og:locale\" content=\"pt_PT\" \/>\n<meta property=\"og:type\" content=\"article\" \/>\n<meta property=\"og:title\" content=\"Pol\u00f3nia assinala em Vars\u00f3via quatro anos da invas\u00e3o russa da Ucr\u00e2nia - Portal Tela Portugal\" \/>\n<meta property=\"og:description\" content=\"Em Vars\u00f3via, multid\u00f5es assinalaram quatro anos desde a invas\u00e3o russa da Ucr\u00e2nia. Manifestantes agitavam bandeiras ucranianas e exibiram cartazes com mensagens como &quot;Fight 4 Freedom&quot; e &quot;Putin always lies. Support Ukraine&quot;. O protesto apresentou a guerra como uma luta pela soberania e pelos direitos fundamentais. Oradores sublinharam que a Crimeia \u00e9 Ucr\u00e2nia e rejeitaram a anexa\u00e7\u00e3o russa. Muitos apelaram ao governo polaco e aos aliados europeus para manter o apoio militar e financeiro a Kiev, mantendo-se o apoio p\u00fablico firme.\" \/>\n<meta property=\"og:url\" content=\"https:\/\/portaltela.pt\/noticias\/2026\/02\/25\/polonia-assinala-em-varsovia-quatro-anos-da-invasao-russa-da-ucrania\/\" \/>\n<meta property=\"og:site_name\" content=\"Portal Tela Portugal\" \/>\n<meta property=\"article:published_time\" content=\"2026-02-25T09:02:13+00:00\" \/>\n<meta name=\"author\" content=\"Telinha\" \/>\n<meta name=\"twitter:card\" content=\"summary_large_image\" \/>\n<meta name=\"twitter:label1\" content=\"Escrito por\" \/>\n\t<meta name=\"twitter:data1\" content=\"Telinha\" \/>\n\t<meta name=\"twitter:label2\" content=\"Tempo estimado de leitura\" \/>\n\t<meta name=\"twitter:data2\" content=\"1 minuto\" \/>\n<script type=\"application\/ld+json\" class=\"yoast-schema-graph\">{\"@context\":\"https:\/\/schema.org\",\"@graph\":[{\"@type\":\"Article\",\"@id\":\"https:\/\/portaltela.pt\/noticias\/2026\/02\/25\/polonia-assinala-em-varsovia-quatro-anos-da-invasao-russa-da-ucrania\/#article\",\"isPartOf\":{\"@id\":\"https:\/\/portaltela.pt\/noticias\/2026\/02\/25\/polonia-assinala-em-varsovia-quatro-anos-da-invasao-russa-da-ucrania\/\"},\"author\":{\"name\":\"Telinha\",\"@id\":\"https:\/\/portaltela.pt\/#\/schema\/person\/c4278d4a6028830caff9ee44b42d32ed\"},\"headline\":\"Pol\u00f3nia assinala em Vars\u00f3via quatro anos da invas\u00e3o russa da Ucr\u00e2nia\",\"datePublished\":\"2026-02-25T09:02:13+00:00\",\"mainEntityOfPage\":{\"@id\":\"https:\/\/portaltela.pt\/noticias\/2026\/02\/25\/polonia-assinala-em-varsovia-quatro-anos-da-invasao-russa-da-ucrania\/\"},\"wordCount\":188,\"image\":{\"@id\":\"https:\/\/portaltela.pt\/noticias\/2026\/02\/25\/polonia-assinala-em-varsovia-quatro-anos-da-invasao-russa-da-ucrania\/#primaryimage\"},\"thumbnailUrl\":\"https:\/\/portaltela.pt\/s.01k8rhncp4jt1\/2026\/02\/1536x864_cmsv2_9a56b038-7db0-57f3-9603-f98f2a291c63-9664597.jpg\",\"keywords\":[\"apoio internacional\",\"Europa\",\"ocidente\",\"pol\u00edtica internacional\",\"Ucr\u00e2nia\",\"Uni\u00e3o Europeia\"],\"articleSection\":[\"Internacional\",\"Not\u00edcias\"],\"inLanguage\":\"pt-PT\"},{\"@type\":\"WebPage\",\"@id\":\"https:\/\/portaltela.pt\/noticias\/2026\/02\/25\/polonia-assinala-em-varsovia-quatro-anos-da-invasao-russa-da-ucrania\/\",\"url\":\"https:\/\/portaltela.pt\/noticias\/2026\/02\/25\/polonia-assinala-em-varsovia-quatro-anos-da-invasao-russa-da-ucrania\/\",\"name\":\"Pol\u00f3nia assinala em Vars\u00f3via quatro anos da invas\u00e3o russa da Ucr\u00e2nia - Portal Tela Portugal\",\"isPartOf\":{\"@id\":\"https:\/\/portaltela.pt\/#website\"},\"primaryImageOfPage\":{\"@id\":\"https:\/\/portaltela.pt\/noticias\/2026\/02\/25\/polonia-assinala-em-varsovia-quatro-anos-da-invasao-russa-da-ucrania\/#primaryimage\"},\"image\":{\"@id\":\"https:\/\/portaltela.pt\/noticias\/2026\/02\/25\/polonia-assinala-em-varsovia-quatro-anos-da-invasao-russa-da-ucrania\/#primaryimage\"},\"thumbnailUrl\":\"https:\/\/portaltela.pt\/s.01k8rhncp4jt1\/2026\/02\/1536x864_cmsv2_9a56b038-7db0-57f3-9603-f98f2a291c63-9664597.jpg\",\"datePublished\":\"2026-02-25T09:02:13+00:00\",\"author\":{\"@id\":\"https:\/\/portaltela.pt\/#\/schema\/person\/c4278d4a6028830caff9ee44b42d32ed\"},\"breadcrumb\":{\"@id\":\"https:\/\/portaltela.pt\/noticias\/2026\/02\/25\/polonia-assinala-em-varsovia-quatro-anos-da-invasao-russa-da-ucrania\/#breadcrumb\"},\"inLanguage\":\"pt-PT\",\"potentialAction\":[{\"@type\":\"ReadAction\",\"target\":[\"https:\/\/portaltela.pt\/noticias\/2026\/02\/25\/polonia-assinala-em-varsovia-quatro-anos-da-invasao-russa-da-ucrania\/\"]}]},{\"@type\":\"ImageObject\",\"inLanguage\":\"pt-PT\",\"@id\":\"https:\/\/portaltela.pt\/noticias\/2026\/02\/25\/polonia-assinala-em-varsovia-quatro-anos-da-invasao-russa-da-ucrania\/#primaryimage\",\"url\":\"https:\/\/portaltela.pt\/s.01k8rhncp4jt1\/2026\/02\/1536x864_cmsv2_9a56b038-7db0-57f3-9603-f98f2a291c63-9664597.jpg\",\"contentUrl\":\"https:\/\/portaltela.pt\/s.01k8rhncp4jt1\/2026\/02\/1536x864_cmsv2_9a56b038-7db0-57f3-9603-f98f2a291c63-9664597.jpg\",\"width\":796,\"height\":448,\"caption\":\"Manifestantes assinalam em Vars\u00f3via o quarto anivers\u00e1rio da invas\u00e3o russa da Ucr\u00e2nia\"},{\"@type\":\"BreadcrumbList\",\"@id\":\"https:\/\/portaltela.pt\/noticias\/2026\/02\/25\/polonia-assinala-em-varsovia-quatro-anos-da-invasao-russa-da-ucrania\/#breadcrumb\",\"itemListElement\":[{\"@type\":\"ListItem\",\"position\":1,\"name\":\"In\u00edcio\",\"item\":\"https:\/\/portaltela.pt\/\"},{\"@type\":\"ListItem\",\"position\":2,\"name\":\"Pol\u00f3nia assinala em Vars\u00f3via quatro anos da invas\u00e3o russa da Ucr\u00e2nia\"}]},{\"@type\":\"WebSite\",\"@id\":\"https:\/\/portaltela.pt\/#website\",\"url\":\"https:\/\/portaltela.pt\/\",\"name\":\"Portal Tela Portugal\",\"description\":\"\",\"potentialAction\":[{\"@type\":\"SearchAction\",\"target\":{\"@type\":\"EntryPoint\",\"urlTemplate\":\"https:\/\/portaltela.pt\/?s={search_term_string}\"},\"query-input\":{\"@type\":\"PropertyValueSpecification\",\"valueRequired\":true,\"valueName\":\"search_term_string\"}}],\"inLanguage\":\"pt-PT\"},{\"@type\":\"Person\",\"@id\":\"https:\/\/portaltela.pt\/#\/schema\/person\/c4278d4a6028830caff9ee44b42d32ed\",\"name\":\"Telinha\",\"image\":{\"@type\":\"ImageObject\",\"inLanguage\":\"pt-PT\",\"@id\":\"https:\/\/portaltela.pt\/s.01k8rhncp4jt1\/2025\/11\/talking-bot-125x125.png\",\"url\":\"https:\/\/portaltela.pt\/s.01k8rhncp4jt1\/2025\/11\/talking-bot-125x125.png\",\"contentUrl\":\"https:\/\/portaltela.pt\/s.01k8rhncp4jt1\/2025\/11\/talking-bot-125x125.png\",\"caption\":\"Telinha\"},\"sameAs\":[\"https:\/\/portaltela.pt\/\"],\"url\":\"https:\/\/portaltela.pt\/por\/367410592786\/\"}]}<\/script>\n<!-- \/ Yoast SEO plugin. -->","yoast_head_json":{"title":"Pol\u00f3nia assinala em Vars\u00f3via quatro anos da invas\u00e3o russa da Ucr\u00e2nia - Portal Tela Portugal","robots":{"index":"index","follow":"follow","max-snippet":"max-snippet:-1","max-image-preview":"max-image-preview:large","max-video-preview":"max-video-preview:-1"},"og_locale":"pt_PT","og_type":"article","og_title":"Pol\u00f3nia assinala em Vars\u00f3via quatro anos da invas\u00e3o russa da Ucr\u00e2nia - Portal Tela Portugal","og_description":"Em Vars\u00f3via, multid\u00f5es assinalaram quatro anos desde a invas\u00e3o russa da Ucr\u00e2nia. Manifestantes agitavam bandeiras ucranianas e exibiram cartazes com mensagens como \"Fight 4 Freedom\" e \"Putin always lies. Support Ukraine\". O protesto apresentou a guerra como uma luta pela soberania e pelos direitos fundamentais. Oradores sublinharam que a Crimeia \u00e9 Ucr\u00e2nia e rejeitaram a anexa\u00e7\u00e3o russa. Muitos apelaram ao governo polaco e aos aliados europeus para manter o apoio militar e financeiro a Kiev, mantendo-se o apoio p\u00fablico firme.","og_url":"https:\/\/portaltela.pt\/noticias\/2026\/02\/25\/polonia-assinala-em-varsovia-quatro-anos-da-invasao-russa-da-ucrania\/","og_site_name":"Portal Tela Portugal","article_published_time":"2026-02-25T09:02:13+00:00","author":"Telinha","twitter_card":"summary_large_image","twitter_misc":{"Escrito por":"Telinha","Tempo estimado de leitura":"1 minuto"},"schema":{"@context":"https:\/\/schema.org","@graph":[{"@type":"Article","@id":"https:\/\/portaltela.pt\/noticias\/2026\/02\/25\/polonia-assinala-em-varsovia-quatro-anos-da-invasao-russa-da-ucrania\/#article","isPartOf":{"@id":"https:\/\/portaltela.pt\/noticias\/2026\/02\/25\/polonia-assinala-em-varsovia-quatro-anos-da-invasao-russa-da-ucrania\/"},"author":{"name":"Telinha","@id":"https:\/\/portaltela.pt\/#\/schema\/person\/c4278d4a6028830caff9ee44b42d32ed"},"headline":"Pol\u00f3nia assinala em Vars\u00f3via quatro anos da invas\u00e3o russa da Ucr\u00e2nia","datePublished":"2026-02-25T09:02:13+00:00","mainEntityOfPage":{"@id":"https:\/\/portaltela.pt\/noticias\/2026\/02\/25\/polonia-assinala-em-varsovia-quatro-anos-da-invasao-russa-da-ucrania\/"},"wordCount":188,"image":{"@id":"https:\/\/portaltela.pt\/noticias\/2026\/02\/25\/polonia-assinala-em-varsovia-quatro-anos-da-invasao-russa-da-ucrania\/#primaryimage"},"thumbnailUrl":"https:\/\/portaltela.pt\/s.01k8rhncp4jt1\/2026\/02\/1536x864_cmsv2_9a56b038-7db0-57f3-9603-f98f2a291c63-9664597.jpg","keywords":["apoio internacional","Europa","ocidente","pol\u00edtica internacional","Ucr\u00e2nia","Uni\u00e3o Europeia"],"articleSection":["Internacional","Not\u00edcias"],"inLanguage":"pt-PT"},{"@type":"WebPage","@id":"https:\/\/portaltela.pt\/noticias\/2026\/02\/25\/polonia-assinala-em-varsovia-quatro-anos-da-invasao-russa-da-ucrania\/","url":"https:\/\/portaltela.pt\/noticias\/2026\/02\/25\/polonia-assinala-em-varsovia-quatro-anos-da-invasao-russa-da-ucrania\/","name":"Pol\u00f3nia assinala em Vars\u00f3via quatro anos da invas\u00e3o russa da Ucr\u00e2nia - Portal Tela Portugal","isPartOf":{"@id":"https:\/\/portaltela.pt\/#website"},"primaryImageOfPage":{"@id":"https:\/\/portaltela.pt\/noticias\/2026\/02\/25\/polonia-assinala-em-varsovia-quatro-anos-da-invasao-russa-da-ucrania\/#primaryimage"},"image":{"@id":"https:\/\/portaltela.pt\/noticias\/2026\/02\/25\/polonia-assinala-em-varsovia-quatro-anos-da-invasao-russa-da-ucrania\/#primaryimage"},"thumbnailUrl":"https:\/\/portaltela.pt\/s.01k8rhncp4jt1\/2026\/02\/1536x864_cmsv2_9a56b038-7db0-57f3-9603-f98f2a291c63-9664597.jpg","datePublished":"2026-02-25T09:02:13+00:00","author":{"@id":"https:\/\/portaltela.pt\/#\/schema\/person\/c4278d4a6028830caff9ee44b42d32ed"},"breadcrumb":{"@id":"https:\/\/portaltela.pt\/noticias\/2026\/02\/25\/polonia-assinala-em-varsovia-quatro-anos-da-invasao-russa-da-ucrania\/#breadcrumb"},"inLanguage":"pt-PT","potentialAction":[{"@type":"ReadAction","target":["https:\/\/portaltela.pt\/noticias\/2026\/02\/25\/polonia-assinala-em-varsovia-quatro-anos-da-invasao-russa-da-ucrania\/"]}]},{"@type":"ImageObject","inLanguage":"pt-PT","@id":"https:\/\/portaltela.pt\/noticias\/2026\/02\/25\/polonia-assinala-em-varsovia-quatro-anos-da-invasao-russa-da-ucrania\/#primaryimage","url":"https:\/\/portaltela.pt\/s.01k8rhncp4jt1\/2026\/02\/1536x864_cmsv2_9a56b038-7db0-57f3-9603-f98f2a291c63-9664597.jpg","contentUrl":"https:\/\/portaltela.pt\/s.01k8rhncp4jt1\/2026\/02\/1536x864_cmsv2_9a56b038-7db0-57f3-9603-f98f2a291c63-9664597.jpg","width":796,"height":448,"caption":"Manifestantes assinalam em Vars\u00f3via o quarto anivers\u00e1rio da invas\u00e3o russa da Ucr\u00e2nia"},{"@type":"BreadcrumbList","@id":"https:\/\/portaltela.pt\/noticias\/2026\/02\/25\/polonia-assinala-em-varsovia-quatro-anos-da-invasao-russa-da-ucrania\/#breadcrumb","itemListElement":[{"@type":"ListItem","position":1,"name":"In\u00edcio","item":"https:\/\/portaltela.pt\/"},{"@type":"ListItem","position":2,"name":"Pol\u00f3nia assinala em Vars\u00f3via quatro anos da invas\u00e3o russa da Ucr\u00e2nia"}]},{"@type":"WebSite","@id":"https:\/\/portaltela.pt\/#website","url":"https:\/\/portaltela.pt\/","name":"Portal Tela Portugal","description":"","potentialAction":[{"@type":"SearchAction","target":{"@type":"EntryPoint","urlTemplate":"https:\/\/portaltela.pt\/?s={search_term_string}"},"query-input":{"@type":"PropertyValueSpecification","valueRequired":true,"valueName":"search_term_string"}}],"inLanguage":"pt-PT"},{"@type":"Person","@id":"https:\/\/portaltela.pt\/#\/schema\/person\/c4278d4a6028830caff9ee44b42d32ed","name":"Telinha","image":{"@type":"ImageObject","inLanguage":"pt-PT","@id":"https:\/\/portaltela.pt\/s.01k8rhncp4jt1\/2025\/11\/talking-bot-125x125.png","url":"https:\/\/portaltela.pt\/s.01k8rhncp4jt1\/2025\/11\/talking-bot-125x125.png","contentUrl":"https:\/\/portaltela.pt\/s.01k8rhncp4jt1\/2025\/11\/talking-bot-125x125.png","caption":"Telinha"},"sameAs":["https:\/\/portaltela.pt\/"],"url":"https:\/\/portaltela.pt\/por\/367410592786\/"}]}},"_links":{"self":[{"href":"https:\/\/portaltela.pt\/api\/wp\/v2\/posts\/225273","targetHints":{"allow":["GET"]}}],"collection":[{"href":"https:\/\/portaltela.pt\/api\/wp\/v2\/posts"}],"about":[{"href":"https:\/\/portaltela.pt\/api\/wp\/v2\/types\/post"}],"author":[{"embeddable":true,"href":"https:\/\/portaltela.pt\/api\/wp\/v2\/users\/2"}],"replies":[{"embeddable":true,"href":"https:\/\/portaltela.pt\/api\/wp\/v2\/comments?post=225273"}],"version-history":[{"count":0,"href":"https:\/\/portaltela.pt\/api\/wp\/v2\/posts\/225273\/revisions"}],"wp:featuredmedia":[{"embeddable":true,"href":"https:\/\/portaltela.pt\/api\/wp\/v2\/media\/225279"}],"wp:attachment":[{"href":"https:\/\/portaltela.pt\/api\/wp\/v2\/media?parent=225273"}],"wp:term":[{"taxonomy":"category","embeddable":true,"href":"https:\/\/portaltela.pt\/api\/wp\/v2\/categories?post=225273"},{"taxonomy":"post_tag","embeddable":true,"href":"https:\/\/portaltela.pt\/api\/wp\/v2\/tags?post=225273"}],"curies":[{"name":"wp","href":"https:\/\/api.w.org\/{rel}","templated":true}]}}