{"id":225251,"date":"2026-02-25T05:43:33","date_gmt":"2026-02-25T08:43:33","guid":{"rendered":"https:\/\/portaltela.pt\/noticias\/2026\/02\/25\/parlamento-discute-lay-off-pago-a-100-com-maioria-da-oposicao-contra-governo\/"},"modified":"2026-02-25T05:43:33","modified_gmt":"2026-02-25T08:43:33","slug":"parlamento-discute-lay-off-pago-a-100-com-maioria-da-oposicao-contra-governo","status":"publish","type":"post","link":"https:\/\/portaltela.pt\/noticias\/politica\/2026\/02\/25\/parlamento-discute-lay-off-pago-a-100-com-maioria-da-oposicao-contra-governo\/","title":{"rendered":"Parlamento discute lay-off pago a 100% com maioria da oposi\u00e7\u00e3o contra Governo"},"content":{"rendered":"<p>O parlamento discute esta quarta-feira a aprecia\u00e7\u00e3o parlamentar de Livre, PCP e BE para que os sal\u00e1rios dos trabalhadores em lay-off sejam pagos a 100%, numa medida de apoio \u00e0s popula\u00e7\u00f5es afetadas pelas tempestades. A iniciativa enquadra-se no regime de lay-off simplificado criado pelo Governo.<\/p>\n<p>A aprecia\u00e7\u00e3o parlamentar \u00e9 apresentada para alterar o decreto-lei que sustentou o regime, com o apoio de Chega e do PS. Al\u00e9m disso, h\u00e1 propostas da oposi\u00e7\u00e3o para isentar IMI em 2026 nos munic\u00edpios afetados.<\/p>\n<h3>Propostas em an\u00e1lise<\/h3>\n<p>Os bloquistas defendem um conjunto de dez medidas, incluindo apoio de subsist\u00eancia superior ao Government, ajuda \u00e0 renda para quem perdeu habita\u00e7\u00e3o pr\u00f3pria, e um suplemento di\u00e1rio de 20% para operacionais de socorro, for\u00e7as de seguran\u00e7a e militares. O PCP apresenta um plano de interven\u00e7\u00e3o com custos estimados acima do previsto pelo Governo. O PAN prop\u00f5e um regime excecional de apoio a entidades de prote\u00e7\u00e3o animal.<\/p>\n<h3>Rea\u00e7\u00f5es e enquadramento legal<\/h3>\n<p>O PSD, por meio de Hugo Carneiro, pediu bom senso \u00e0 oposi\u00e7\u00e3o para n\u00e3o substituir o Governo, alertando que alguns diplomas podem colidir com a norma-trav\u00e3o. O CDS-PP tamb\u00e9m avisou sobre a norma constitucional que impede aumentar despesa no ano em curso. Chega, PS e restante esquerda mant\u00eam posi\u00e7\u00e3o, com Andr\u00e9 Ventura a dizer que tentar\u00e1 convencer o primeiro-ministro de pagamento a 100%, ainda que possa votar a favor mesmo se n\u00e3o houver acordo or\u00e7amental.<\/p>\n<p>O Minist\u00e9rio do Trabalho tinha, a 2 de fevereiro, garantido que os trabalhadores afetados recebem 100% do vencimento l\u00edquido, at\u00e9 tr\u00eas vezes o sal\u00e1rio m\u00ednimo. Em 12 de fevereiro, clarificou que a compensa\u00e7\u00e3o em caso de redu\u00e7\u00e3o ou suspens\u00e3o de contrato corresponde a dois ter\u00e7os do sal\u00e1rio bruto, sem exceder 3 vezes a Remunera\u00e7\u00e3o M\u00ednima Mensal Garantida (2.760 euros).<\/p>\n<h3>Tr\u00e2mites parlamentares<\/h3>\n<p>Segundo o regimento da Assembleia da Rep\u00fablica, altera\u00e7\u00f5es a diplomas do Governo seguem para a comiss\u00e3o competente para discuss\u00e3o na especialidade, sem voto na generalidade, salvo delibera\u00e7\u00e3o em plen\u00e1rio. Ap\u00f3s a especialidade, as altera\u00e7\u00f5es v\u00e3o a vota\u00e7\u00e3o final global para promulga\u00e7\u00e3o pelo Presidente da Rep\u00fablica.<\/p>\n","protected":false},"excerpt":{"rendered":"<ul>\n<li>O parlamento debate, nesta quarta-feira, a aprecia\u00e7\u00e3o parlamentar de Livre, PCP e BE para que o lay-off seja pago a 100% do vencimento, num regime criado por tempestades.<\/li>\n<li>Al\u00e9m disso, h\u00e1 propostas da oposi\u00e7\u00e3o para apoiar popula\u00e7\u00f5es afetadas, incluindo a isen\u00e7\u00e3o de IMI em 2026 nos munic\u00edpios afetados.<\/li>\n<li>O BE apresenta dez medidas, com apoio de subsist\u00eancia superior ao do Governo, ajuda \u00e0 renda para quem perdeu habita\u00e7\u00e3o e um suplemento di\u00e1rio de 20% para operacionais de socorro, for\u00e7as de seguran\u00e7a e militares.<\/li>\n<li>O PCP traz um \u201cplano de interven\u00e7\u00e3o\u201d com custos superiores aos estimados pelo Governo; o PAN prop\u00f5e um regime excecional de apoio a entidades de prote\u00e7\u00e3o animal afetadas.<\/li>\n<li>O debate ocorre com cr\u00edticas ao regime da norma-trav\u00e3o e quest\u00f5es or\u00e7amentais; o Governo mant\u00e9m posi\u00e7\u00e3o, enquanto a oposi\u00e7\u00e3o sustenta a necessidade de medidas independentemente das dificuldades or\u00e7amentais.<\/li>\n<\/ul>\n","protected":false},"author":2,"featured_media":225256,"comment_status":"closed","ping_status":"closed","sticky":false,"template":"","format":"standard","meta":{"footnotes":""},"categories":[1,5],"tags":[34,1208,3613,2832,2841,2201],"class_list":["post-225251","post","type-post","status-publish","format-standard","has-post-thumbnail","hentry","category-noticias","category-politica","tag-governo","tag-imi","tag-impostos","tag-politica","tag-trabalhadores","tag-trabalho"],"yoast_head":"<!-- This site is optimized with the Yoast SEO plugin v27.2 - https:\/\/yoast.com\/product\/yoast-seo-wordpress\/ -->\n<title>Parlamento discute lay-off pago a 100% com maioria da oposi\u00e7\u00e3o contra Governo - Portal Tela Portugal<\/title>\n<meta name=\"robots\" content=\"index, follow, max-snippet:-1, max-image-preview:large, max-video-preview:-1\" \/>\n<meta property=\"og:locale\" content=\"pt_PT\" \/>\n<meta property=\"og:type\" content=\"article\" \/>\n<meta property=\"og:title\" content=\"Parlamento discute lay-off pago a 100% com maioria da oposi\u00e7\u00e3o contra Governo - Portal Tela Portugal\" \/>\n<meta property=\"og:description\" content=\"O parlamento debate, nesta quarta-feira, a aprecia\u00e7\u00e3o parlamentar de Livre, PCP e BE para que o lay-off seja pago a 100% do vencimento, num regime criado por tempestades. Al\u00e9m disso, h\u00e1 propostas da oposi\u00e7\u00e3o para apoiar popula\u00e7\u00f5es afetadas, incluindo a isen\u00e7\u00e3o de IMI em 2026 nos munic\u00edpios afetados. O BE apresenta dez medidas, com apoio de subsist\u00eancia superior ao do Governo, ajuda \u00e0 renda para quem perdeu habita\u00e7\u00e3o e um suplemento di\u00e1rio de 20% para operacionais de socorro, for\u00e7as de seguran\u00e7a e militares. O PCP traz um \u201cplano de interven\u00e7\u00e3o\u201d com custos superiores aos estimados pelo Governo; o PAN prop\u00f5e um regime excecional de apoio a entidades de prote\u00e7\u00e3o animal afetadas. O debate ocorre com cr\u00edticas ao regime da norma-trav\u00e3o e quest\u00f5es or\u00e7amentais; o Governo mant\u00e9m posi\u00e7\u00e3o, enquanto a oposi\u00e7\u00e3o sustenta a necessidade de medidas independentemente das dificuldades or\u00e7amentais.\" \/>\n<meta property=\"og:url\" content=\"https:\/\/portaltela.pt\/noticias\/2026\/02\/25\/parlamento-discute-lay-off-pago-a-100-com-maioria-da-oposicao-contra-governo\/\" \/>\n<meta property=\"og:site_name\" content=\"Portal Tela Portugal\" \/>\n<meta property=\"article:published_time\" content=\"2026-02-25T08:43:33+00:00\" \/>\n<meta name=\"author\" content=\"Telinha\" \/>\n<meta name=\"twitter:card\" content=\"summary_large_image\" \/>\n<meta name=\"twitter:label1\" content=\"Escrito por\" \/>\n\t<meta name=\"twitter:data1\" content=\"Telinha\" \/>\n\t<meta name=\"twitter:label2\" content=\"Tempo estimado de leitura\" \/>\n\t<meta name=\"twitter:data2\" content=\"2 minutos\" \/>\n<script type=\"application\/ld+json\" class=\"yoast-schema-graph\">{\"@context\":\"https:\/\/schema.org\",\"@graph\":[{\"@type\":\"Article\",\"@id\":\"https:\/\/portaltela.pt\/noticias\/2026\/02\/25\/parlamento-discute-lay-off-pago-a-100-com-maioria-da-oposicao-contra-governo\/#article\",\"isPartOf\":{\"@id\":\"https:\/\/portaltela.pt\/noticias\/2026\/02\/25\/parlamento-discute-lay-off-pago-a-100-com-maioria-da-oposicao-contra-governo\/\"},\"author\":{\"name\":\"Telinha\",\"@id\":\"https:\/\/portaltela.pt\/#\/schema\/person\/c4278d4a6028830caff9ee44b42d32ed\"},\"headline\":\"Parlamento discute lay-off pago a 100% com maioria da oposi\u00e7\u00e3o contra Governo\",\"datePublished\":\"2026-02-25T08:43:33+00:00\",\"mainEntityOfPage\":{\"@id\":\"https:\/\/portaltela.pt\/noticias\/2026\/02\/25\/parlamento-discute-lay-off-pago-a-100-com-maioria-da-oposicao-contra-governo\/\"},\"wordCount\":385,\"image\":{\"@id\":\"https:\/\/portaltela.pt\/noticias\/2026\/02\/25\/parlamento-discute-lay-off-pago-a-100-com-maioria-da-oposicao-contra-governo\/#primaryimage\"},\"thumbnailUrl\":\"https:\/\/portaltela.pt\/s.01k8rhncp4jt1\/2026\/02\/img_1500x1000uu2026-01-30-14-46-30-2176440-5.jpg\",\"keywords\":[\"governo\",\"IMI\",\"impostos\",\"pol\u00edtica\",\"trabalhadores\",\"trabalho\"],\"articleSection\":[\"Not\u00edcias\",\"Pol\u00edtica\"],\"inLanguage\":\"pt-PT\"},{\"@type\":\"WebPage\",\"@id\":\"https:\/\/portaltela.pt\/noticias\/2026\/02\/25\/parlamento-discute-lay-off-pago-a-100-com-maioria-da-oposicao-contra-governo\/\",\"url\":\"https:\/\/portaltela.pt\/noticias\/2026\/02\/25\/parlamento-discute-lay-off-pago-a-100-com-maioria-da-oposicao-contra-governo\/\",\"name\":\"Parlamento discute lay-off pago a 100% com maioria da oposi\u00e7\u00e3o contra Governo - Portal Tela Portugal\",\"isPartOf\":{\"@id\":\"https:\/\/portaltela.pt\/#website\"},\"primaryImageOfPage\":{\"@id\":\"https:\/\/portaltela.pt\/noticias\/2026\/02\/25\/parlamento-discute-lay-off-pago-a-100-com-maioria-da-oposicao-contra-governo\/#primaryimage\"},\"image\":{\"@id\":\"https:\/\/portaltela.pt\/noticias\/2026\/02\/25\/parlamento-discute-lay-off-pago-a-100-com-maioria-da-oposicao-contra-governo\/#primaryimage\"},\"thumbnailUrl\":\"https:\/\/portaltela.pt\/s.01k8rhncp4jt1\/2026\/02\/img_1500x1000uu2026-01-30-14-46-30-2176440-5.jpg\",\"datePublished\":\"2026-02-25T08:43:33+00:00\",\"author\":{\"@id\":\"https:\/\/portaltela.pt\/#\/schema\/person\/c4278d4a6028830caff9ee44b42d32ed\"},\"breadcrumb\":{\"@id\":\"https:\/\/portaltela.pt\/noticias\/2026\/02\/25\/parlamento-discute-lay-off-pago-a-100-com-maioria-da-oposicao-contra-governo\/#breadcrumb\"},\"inLanguage\":\"pt-PT\",\"potentialAction\":[{\"@type\":\"ReadAction\",\"target\":[\"https:\/\/portaltela.pt\/noticias\/2026\/02\/25\/parlamento-discute-lay-off-pago-a-100-com-maioria-da-oposicao-contra-governo\/\"]}]},{\"@type\":\"ImageObject\",\"inLanguage\":\"pt-PT\",\"@id\":\"https:\/\/portaltela.pt\/noticias\/2026\/02\/25\/parlamento-discute-lay-off-pago-a-100-com-maioria-da-oposicao-contra-governo\/#primaryimage\",\"url\":\"https:\/\/portaltela.pt\/s.01k8rhncp4jt1\/2026\/02\/img_1500x1000uu2026-01-30-14-46-30-2176440-5.jpg\",\"contentUrl\":\"https:\/\/portaltela.pt\/s.01k8rhncp4jt1\/2026\/02\/img_1500x1000uu2026-01-30-14-46-30-2176440-5.jpg\",\"width\":796,\"height\":448,\"caption\":\"Parlamento debate lay-off pago a 100% apoiado por maioria da oposi\u00e7\u00e3o contra Governo\"},{\"@type\":\"BreadcrumbList\",\"@id\":\"https:\/\/portaltela.pt\/noticias\/2026\/02\/25\/parlamento-discute-lay-off-pago-a-100-com-maioria-da-oposicao-contra-governo\/#breadcrumb\",\"itemListElement\":[{\"@type\":\"ListItem\",\"position\":1,\"name\":\"In\u00edcio\",\"item\":\"https:\/\/portaltela.pt\/\"},{\"@type\":\"ListItem\",\"position\":2,\"name\":\"Parlamento discute lay-off pago a 100% com maioria da oposi\u00e7\u00e3o contra Governo\"}]},{\"@type\":\"WebSite\",\"@id\":\"https:\/\/portaltela.pt\/#website\",\"url\":\"https:\/\/portaltela.pt\/\",\"name\":\"Portal Tela Portugal\",\"description\":\"\",\"potentialAction\":[{\"@type\":\"SearchAction\",\"target\":{\"@type\":\"EntryPoint\",\"urlTemplate\":\"https:\/\/portaltela.pt\/?s={search_term_string}\"},\"query-input\":{\"@type\":\"PropertyValueSpecification\",\"valueRequired\":true,\"valueName\":\"search_term_string\"}}],\"inLanguage\":\"pt-PT\"},{\"@type\":\"Person\",\"@id\":\"https:\/\/portaltela.pt\/#\/schema\/person\/c4278d4a6028830caff9ee44b42d32ed\",\"name\":\"Telinha\",\"image\":{\"@type\":\"ImageObject\",\"inLanguage\":\"pt-PT\",\"@id\":\"https:\/\/portaltela.pt\/s.01k8rhncp4jt1\/2025\/11\/talking-bot-125x125.png\",\"url\":\"https:\/\/portaltela.pt\/s.01k8rhncp4jt1\/2025\/11\/talking-bot-125x125.png\",\"contentUrl\":\"https:\/\/portaltela.pt\/s.01k8rhncp4jt1\/2025\/11\/talking-bot-125x125.png\",\"caption\":\"Telinha\"},\"sameAs\":[\"https:\/\/portaltela.pt\/\"],\"url\":\"https:\/\/portaltela.pt\/por\/367410592786\/\"}]}<\/script>\n<!-- \/ Yoast SEO plugin. -->","yoast_head_json":{"title":"Parlamento discute lay-off pago a 100% com maioria da oposi\u00e7\u00e3o contra Governo - Portal Tela Portugal","robots":{"index":"index","follow":"follow","max-snippet":"max-snippet:-1","max-image-preview":"max-image-preview:large","max-video-preview":"max-video-preview:-1"},"og_locale":"pt_PT","og_type":"article","og_title":"Parlamento discute lay-off pago a 100% com maioria da oposi\u00e7\u00e3o contra Governo - Portal Tela Portugal","og_description":"O parlamento debate, nesta quarta-feira, a aprecia\u00e7\u00e3o parlamentar de Livre, PCP e BE para que o lay-off seja pago a 100% do vencimento, num regime criado por tempestades. Al\u00e9m disso, h\u00e1 propostas da oposi\u00e7\u00e3o para apoiar popula\u00e7\u00f5es afetadas, incluindo a isen\u00e7\u00e3o de IMI em 2026 nos munic\u00edpios afetados. O BE apresenta dez medidas, com apoio de subsist\u00eancia superior ao do Governo, ajuda \u00e0 renda para quem perdeu habita\u00e7\u00e3o e um suplemento di\u00e1rio de 20% para operacionais de socorro, for\u00e7as de seguran\u00e7a e militares. O PCP traz um \u201cplano de interven\u00e7\u00e3o\u201d com custos superiores aos estimados pelo Governo; o PAN prop\u00f5e um regime excecional de apoio a entidades de prote\u00e7\u00e3o animal afetadas. O debate ocorre com cr\u00edticas ao regime da norma-trav\u00e3o e quest\u00f5es or\u00e7amentais; o Governo mant\u00e9m posi\u00e7\u00e3o, enquanto a oposi\u00e7\u00e3o sustenta a necessidade de medidas independentemente das dificuldades or\u00e7amentais.","og_url":"https:\/\/portaltela.pt\/noticias\/2026\/02\/25\/parlamento-discute-lay-off-pago-a-100-com-maioria-da-oposicao-contra-governo\/","og_site_name":"Portal Tela Portugal","article_published_time":"2026-02-25T08:43:33+00:00","author":"Telinha","twitter_card":"summary_large_image","twitter_misc":{"Escrito por":"Telinha","Tempo estimado de leitura":"2 minutos"},"schema":{"@context":"https:\/\/schema.org","@graph":[{"@type":"Article","@id":"https:\/\/portaltela.pt\/noticias\/2026\/02\/25\/parlamento-discute-lay-off-pago-a-100-com-maioria-da-oposicao-contra-governo\/#article","isPartOf":{"@id":"https:\/\/portaltela.pt\/noticias\/2026\/02\/25\/parlamento-discute-lay-off-pago-a-100-com-maioria-da-oposicao-contra-governo\/"},"author":{"name":"Telinha","@id":"https:\/\/portaltela.pt\/#\/schema\/person\/c4278d4a6028830caff9ee44b42d32ed"},"headline":"Parlamento discute lay-off pago a 100% com maioria da oposi\u00e7\u00e3o contra Governo","datePublished":"2026-02-25T08:43:33+00:00","mainEntityOfPage":{"@id":"https:\/\/portaltela.pt\/noticias\/2026\/02\/25\/parlamento-discute-lay-off-pago-a-100-com-maioria-da-oposicao-contra-governo\/"},"wordCount":385,"image":{"@id":"https:\/\/portaltela.pt\/noticias\/2026\/02\/25\/parlamento-discute-lay-off-pago-a-100-com-maioria-da-oposicao-contra-governo\/#primaryimage"},"thumbnailUrl":"https:\/\/portaltela.pt\/s.01k8rhncp4jt1\/2026\/02\/img_1500x1000uu2026-01-30-14-46-30-2176440-5.jpg","keywords":["governo","IMI","impostos","pol\u00edtica","trabalhadores","trabalho"],"articleSection":["Not\u00edcias","Pol\u00edtica"],"inLanguage":"pt-PT"},{"@type":"WebPage","@id":"https:\/\/portaltela.pt\/noticias\/2026\/02\/25\/parlamento-discute-lay-off-pago-a-100-com-maioria-da-oposicao-contra-governo\/","url":"https:\/\/portaltela.pt\/noticias\/2026\/02\/25\/parlamento-discute-lay-off-pago-a-100-com-maioria-da-oposicao-contra-governo\/","name":"Parlamento discute lay-off pago a 100% com maioria da oposi\u00e7\u00e3o contra Governo - Portal Tela Portugal","isPartOf":{"@id":"https:\/\/portaltela.pt\/#website"},"primaryImageOfPage":{"@id":"https:\/\/portaltela.pt\/noticias\/2026\/02\/25\/parlamento-discute-lay-off-pago-a-100-com-maioria-da-oposicao-contra-governo\/#primaryimage"},"image":{"@id":"https:\/\/portaltela.pt\/noticias\/2026\/02\/25\/parlamento-discute-lay-off-pago-a-100-com-maioria-da-oposicao-contra-governo\/#primaryimage"},"thumbnailUrl":"https:\/\/portaltela.pt\/s.01k8rhncp4jt1\/2026\/02\/img_1500x1000uu2026-01-30-14-46-30-2176440-5.jpg","datePublished":"2026-02-25T08:43:33+00:00","author":{"@id":"https:\/\/portaltela.pt\/#\/schema\/person\/c4278d4a6028830caff9ee44b42d32ed"},"breadcrumb":{"@id":"https:\/\/portaltela.pt\/noticias\/2026\/02\/25\/parlamento-discute-lay-off-pago-a-100-com-maioria-da-oposicao-contra-governo\/#breadcrumb"},"inLanguage":"pt-PT","potentialAction":[{"@type":"ReadAction","target":["https:\/\/portaltela.pt\/noticias\/2026\/02\/25\/parlamento-discute-lay-off-pago-a-100-com-maioria-da-oposicao-contra-governo\/"]}]},{"@type":"ImageObject","inLanguage":"pt-PT","@id":"https:\/\/portaltela.pt\/noticias\/2026\/02\/25\/parlamento-discute-lay-off-pago-a-100-com-maioria-da-oposicao-contra-governo\/#primaryimage","url":"https:\/\/portaltela.pt\/s.01k8rhncp4jt1\/2026\/02\/img_1500x1000uu2026-01-30-14-46-30-2176440-5.jpg","contentUrl":"https:\/\/portaltela.pt\/s.01k8rhncp4jt1\/2026\/02\/img_1500x1000uu2026-01-30-14-46-30-2176440-5.jpg","width":796,"height":448,"caption":"Parlamento debate lay-off pago a 100% apoiado por maioria da oposi\u00e7\u00e3o contra Governo"},{"@type":"BreadcrumbList","@id":"https:\/\/portaltela.pt\/noticias\/2026\/02\/25\/parlamento-discute-lay-off-pago-a-100-com-maioria-da-oposicao-contra-governo\/#breadcrumb","itemListElement":[{"@type":"ListItem","position":1,"name":"In\u00edcio","item":"https:\/\/portaltela.pt\/"},{"@type":"ListItem","position":2,"name":"Parlamento discute lay-off pago a 100% com maioria da oposi\u00e7\u00e3o contra Governo"}]},{"@type":"WebSite","@id":"https:\/\/portaltela.pt\/#website","url":"https:\/\/portaltela.pt\/","name":"Portal Tela Portugal","description":"","potentialAction":[{"@type":"SearchAction","target":{"@type":"EntryPoint","urlTemplate":"https:\/\/portaltela.pt\/?s={search_term_string}"},"query-input":{"@type":"PropertyValueSpecification","valueRequired":true,"valueName":"search_term_string"}}],"inLanguage":"pt-PT"},{"@type":"Person","@id":"https:\/\/portaltela.pt\/#\/schema\/person\/c4278d4a6028830caff9ee44b42d32ed","name":"Telinha","image":{"@type":"ImageObject","inLanguage":"pt-PT","@id":"https:\/\/portaltela.pt\/s.01k8rhncp4jt1\/2025\/11\/talking-bot-125x125.png","url":"https:\/\/portaltela.pt\/s.01k8rhncp4jt1\/2025\/11\/talking-bot-125x125.png","contentUrl":"https:\/\/portaltela.pt\/s.01k8rhncp4jt1\/2025\/11\/talking-bot-125x125.png","caption":"Telinha"},"sameAs":["https:\/\/portaltela.pt\/"],"url":"https:\/\/portaltela.pt\/por\/367410592786\/"}]}},"_links":{"self":[{"href":"https:\/\/portaltela.pt\/api\/wp\/v2\/posts\/225251","targetHints":{"allow":["GET"]}}],"collection":[{"href":"https:\/\/portaltela.pt\/api\/wp\/v2\/posts"}],"about":[{"href":"https:\/\/portaltela.pt\/api\/wp\/v2\/types\/post"}],"author":[{"embeddable":true,"href":"https:\/\/portaltela.pt\/api\/wp\/v2\/users\/2"}],"replies":[{"embeddable":true,"href":"https:\/\/portaltela.pt\/api\/wp\/v2\/comments?post=225251"}],"version-history":[{"count":0,"href":"https:\/\/portaltela.pt\/api\/wp\/v2\/posts\/225251\/revisions"}],"wp:featuredmedia":[{"embeddable":true,"href":"https:\/\/portaltela.pt\/api\/wp\/v2\/media\/225256"}],"wp:attachment":[{"href":"https:\/\/portaltela.pt\/api\/wp\/v2\/media?parent=225251"}],"wp:term":[{"taxonomy":"category","embeddable":true,"href":"https:\/\/portaltela.pt\/api\/wp\/v2\/categories?post=225251"},{"taxonomy":"post_tag","embeddable":true,"href":"https:\/\/portaltela.pt\/api\/wp\/v2\/tags?post=225251"}],"curies":[{"name":"wp","href":"https:\/\/api.w.org\/{rel}","templated":true}]}}