{"id":225233,"date":"2026-02-25T05:06:00","date_gmt":"2026-02-25T08:06:00","guid":{"rendered":"https:\/\/portaltela.pt\/noticias\/2026\/02\/25\/associacao-zero-propoe-fundo-europeu-de-adaptacao-as-alteracoes-climaticas\/"},"modified":"2026-02-25T05:06:00","modified_gmt":"2026-02-25T08:06:00","slug":"associacao-zero-propoe-fundo-europeu-de-adaptacao-as-alteracoes-climaticas","status":"publish","type":"post","link":"https:\/\/portaltela.pt\/noticias\/2026\/02\/25\/associacao-zero-propoe-fundo-europeu-de-adaptacao-as-alteracoes-climaticas\/","title":{"rendered":"Associa\u00e7\u00e3o Zero prop\u00f5e Fundo Europeu de Adapta\u00e7\u00e3o \u00e0s Altera\u00e7\u00f5es Clim\u00e1ticas"},"content":{"rendered":"<p>A associa\u00e7\u00e3o ambientalista Zero pediu a cria\u00e7\u00e3o de um Fundo Europeu de Adapta\u00e7\u00e3o \u00e0s Altera\u00e7\u00f5es Clim\u00e1ticas. O objetivo \u00e9 assegurar financiamento suficiente para Portugal, considerando a sua contribui\u00e7\u00e3o hist\u00f3rica para a crise clim\u00e1tica e as necessidades de adapta\u00e7\u00e3o no pa\u00eds.<\/p>\n<p>Em comunicado, a Zero destacou que Portugal contribui proporcionalmente menos para a crise clim\u00e1tica e tem menos de 2% do PIB da UE, mas pode enfrentar custos de adapta\u00e7\u00e3o superiores a 10% dos danos clim\u00e1ticos m\u00e9dios anuais da UE neste ano. A associa\u00e7\u00e3o liga estas necessidades \u00e0 consulta p\u00fablica europeia sobre resili\u00eancia clim\u00e1tica.<\/p>\n<p>A Zero lembrou que a Comiss\u00e3o Europeia prepara um quadro integrado de resili\u00eancia clim\u00e1tica e que a adapta\u00e7\u00e3o j\u00e1 deixou de ser opcional, assumindo um papel central na seguran\u00e7a e na competitividade europeias. O parecer assinala a progressiva gravidade dos impactos clim\u00e1ticos na Europa.<\/p>\n<h3>Contexto e prioridades de adapta\u00e7\u00e3o<\/h3>\n<p>O grupo cita o relat\u00f3rio do Conselho Consultivo Cient\u00edfico Europeu, que aponta um aquecimento na Europa cerca de duas vezes acima da m\u00e9dia global, com impactos mais severos. Defende cen\u00e1rios clim\u00e1ticos mais elevados que 2\u00b0C e a integra\u00e7\u00e3o da adapta\u00e7\u00e3o em setores cr\u00edticos como infraestruturas, \u00e1gua, sa\u00fade, agricultura, florestas e prote\u00e7\u00e3o costeira.<\/p>\n<p>A Zero ressalta custos recentes em Portugal com tempestades, estimando custos diretos de reconstru\u00e7\u00e3o acima de quatro mil milh\u00f5es de euros e encargos anuais perto de seis mil milh\u00f5es. A UE regista danos anuais de cerca de 45 mil milh\u00f5es de euros por eventos extremos no per\u00edodo 2020-2024.<\/p>\n<h3>Medidas e caminhos propostos<\/h3>\n<p>A associa\u00e7\u00e3o defende pol\u00edticas p\u00fablicas que privilegiem a resili\u00eancia, com foco na renaturaliza\u00e7\u00e3o de zonas inund\u00e1veis e na relocaliza\u00e7\u00e3o de edif\u00edcios em \u00e1reas de cheia ou sob eros\u00e3o costeira. Aponta para uma aplica\u00e7\u00e3o ambiciosa do Regulamento Europeu de Restauro da Natureza.<\/p>\n<p>Refor\u00e7ar o apoio t\u00e9cnico e financeiro a munic\u00edpios e \u00e0s CCDR, bem como a gest\u00e3o de risco atrav\u00e9s de seguros obrigat\u00f3rios contra riscos clim\u00e1ticos para edif\u00edcios, s\u00e3o passos centrais apontados pela Zero. A articula\u00e7\u00e3o entre seguros, planeamento territorial e preven\u00e7\u00e3o \u00e9 apresentada como chave para reduzir perdas e aliviar a press\u00e3o sobre recursos p\u00fablicos.<\/p>\n<p>A associa\u00e7\u00e3o conclui que a crise clim\u00e1tica \u00e9 uma realidade presente que afeta vidas, economias e ecossistemas, exigindo respostas r\u00e1pidas e coordenadas a n\u00edvel europeu e nacional.<\/p>\n","protected":false},"excerpt":{"rendered":"<ul>\n<li>A Zero defende a cria\u00e7\u00e3o de um Fundo Europeu de Adapta\u00e7\u00e3o \u00e0s Altera\u00e7\u00f5es Clim\u00e1ticas e pede financiamento robusto para Portugal, tendo em conta a sua contribui\u00e7\u00e3o hist\u00f3rica e vulnerabilidade.<\/li>\n<li>Portugal contribui com menos de 2% do PIB da Uni\u00e3o Europeia, mas pode enfrentar este ano custos de adapta\u00e7\u00e3o superiores a 10% dos danos clim\u00e1ticos m\u00e9dios anuais da UE.<\/li>\n<li>A Europa deve financiar uma adapta\u00e7\u00e3o justa nos pa\u00edses mais afectados, com um mecanismo de solidariedade europeu, no \u00e2mbito de uma consulta p\u00fablica sobre resili\u00eancia clim\u00e1tica.<\/li>\n<li>Os custos de reconstru\u00e7\u00e3o em Portugal resultantes das tempestades ultrapassaram os quatro mil milh\u00f5es de euros, com encargos anuais que podem chegar a seis mil milh\u00f5es; na UE, os danos por eventos clim\u00e1ticos chegam a 45 mil milh\u00f5es de euros por ano (2020-2024).<\/li>\n<li>A Zero prop\u00f5e renaturaliza\u00e7\u00e3o de zonas inund\u00e1veis, relocaliza\u00e7\u00e3o de edifica\u00e7\u00f5es em leitos de cheia, solu\u00e7\u00f5es baseadas na natureza, seguros obrigat\u00f3rios contra riscos clim\u00e1ticos e maior apoio a munic\u00edpios e \u00e0s CCDR para reduzir perdas e aumentar a resili\u00eancia.<\/li>\n<\/ul>\n","protected":false},"author":2,"featured_media":225236,"comment_status":"closed","ping_status":"closed","sticky":false,"template":"","format":"standard","meta":{"footnotes":""},"categories":[1],"tags":[1272,2665,2487,5381,1014,3388],"class_list":["post-225233","post","type-post","status-publish","format-standard","has-post-thumbnail","hentry","category-noticias","tag-adaptacao-climatica","tag-alteracoes-climaticas","tag-europa","tag-gestao-de-riscos","tag-portugal","tag-protecao-costeira"],"yoast_head":"<!-- This site is optimized with the Yoast SEO plugin v27.2 - https:\/\/yoast.com\/product\/yoast-seo-wordpress\/ -->\n<title>Associa\u00e7\u00e3o Zero prop\u00f5e Fundo Europeu de Adapta\u00e7\u00e3o \u00e0s Altera\u00e7\u00f5es Clim\u00e1ticas - Portal Tela Portugal<\/title>\n<meta name=\"robots\" content=\"index, follow, max-snippet:-1, max-image-preview:large, max-video-preview:-1\" \/>\n<meta property=\"og:locale\" content=\"pt_PT\" \/>\n<meta property=\"og:type\" content=\"article\" \/>\n<meta property=\"og:title\" content=\"Associa\u00e7\u00e3o Zero prop\u00f5e Fundo Europeu de Adapta\u00e7\u00e3o \u00e0s Altera\u00e7\u00f5es Clim\u00e1ticas - Portal Tela Portugal\" \/>\n<meta property=\"og:description\" content=\"A Zero defende a cria\u00e7\u00e3o de um Fundo Europeu de Adapta\u00e7\u00e3o \u00e0s Altera\u00e7\u00f5es Clim\u00e1ticas e pede financiamento robusto para Portugal, tendo em conta a sua contribui\u00e7\u00e3o hist\u00f3rica e vulnerabilidade. Portugal contribui com menos de 2% do PIB da Uni\u00e3o Europeia, mas pode enfrentar este ano custos de adapta\u00e7\u00e3o superiores a 10% dos danos clim\u00e1ticos m\u00e9dios anuais da UE. A Europa deve financiar uma adapta\u00e7\u00e3o justa nos pa\u00edses mais afectados, com um mecanismo de solidariedade europeu, no \u00e2mbito de uma consulta p\u00fablica sobre resili\u00eancia clim\u00e1tica. Os custos de reconstru\u00e7\u00e3o em Portugal resultantes das tempestades ultrapassaram os quatro mil milh\u00f5es de euros, com encargos anuais que podem chegar a seis mil milh\u00f5es; na UE, os danos por eventos clim\u00e1ticos chegam a 45 mil milh\u00f5es de euros por ano (2020-2024). A Zero prop\u00f5e renaturaliza\u00e7\u00e3o de zonas inund\u00e1veis, relocaliza\u00e7\u00e3o de edifica\u00e7\u00f5es em leitos de cheia, solu\u00e7\u00f5es baseadas na natureza, seguros obrigat\u00f3rios contra riscos clim\u00e1ticos e maior apoio a munic\u00edpios e \u00e0s CCDR para reduzir perdas e aumentar a resili\u00eancia.\" \/>\n<meta property=\"og:url\" content=\"https:\/\/portaltela.pt\/noticias\/2026\/02\/25\/associacao-zero-propoe-fundo-europeu-de-adaptacao-as-alteracoes-climaticas\/\" \/>\n<meta property=\"og:site_name\" content=\"Portal Tela Portugal\" \/>\n<meta property=\"article:published_time\" content=\"2026-02-25T08:06:00+00:00\" \/>\n<meta name=\"author\" content=\"Telinha\" \/>\n<meta name=\"twitter:card\" content=\"summary_large_image\" \/>\n<meta name=\"twitter:label1\" content=\"Escrito por\" \/>\n\t<meta name=\"twitter:data1\" content=\"Telinha\" \/>\n\t<meta name=\"twitter:label2\" content=\"Tempo estimado de leitura\" \/>\n\t<meta name=\"twitter:data2\" content=\"2 minutos\" \/>\n<script type=\"application\/ld+json\" class=\"yoast-schema-graph\">{\"@context\":\"https:\/\/schema.org\",\"@graph\":[{\"@type\":\"Article\",\"@id\":\"https:\/\/portaltela.pt\/noticias\/2026\/02\/25\/associacao-zero-propoe-fundo-europeu-de-adaptacao-as-alteracoes-climaticas\/#article\",\"isPartOf\":{\"@id\":\"https:\/\/portaltela.pt\/noticias\/2026\/02\/25\/associacao-zero-propoe-fundo-europeu-de-adaptacao-as-alteracoes-climaticas\/\"},\"author\":{\"name\":\"Telinha\",\"@id\":\"https:\/\/portaltela.pt\/#\/schema\/person\/c4278d4a6028830caff9ee44b42d32ed\"},\"headline\":\"Associa\u00e7\u00e3o Zero prop\u00f5e Fundo Europeu de Adapta\u00e7\u00e3o \u00e0s Altera\u00e7\u00f5es Clim\u00e1ticas\",\"datePublished\":\"2026-02-25T08:06:00+00:00\",\"mainEntityOfPage\":{\"@id\":\"https:\/\/portaltela.pt\/noticias\/2026\/02\/25\/associacao-zero-propoe-fundo-europeu-de-adaptacao-as-alteracoes-climaticas\/\"},\"wordCount\":443,\"image\":{\"@id\":\"https:\/\/portaltela.pt\/noticias\/2026\/02\/25\/associacao-zero-propoe-fundo-europeu-de-adaptacao-as-alteracoes-climaticas\/#primaryimage\"},\"thumbnailUrl\":\"https:\/\/portaltela.pt\/s.01k8rhncp4jt1\/2026\/02\/2069568.jpg\",\"keywords\":[\"adapta\u00e7\u00e3o clim\u00e1tica\",\"Altera\u00e7\u00f5es Clim\u00e1ticas\",\"Europa\",\"Gest\u00e3o de Riscos\",\"Portugal\",\"Prote\u00e7\u00e3o costeira\"],\"articleSection\":[\"Not\u00edcias\"],\"inLanguage\":\"pt-PT\"},{\"@type\":\"WebPage\",\"@id\":\"https:\/\/portaltela.pt\/noticias\/2026\/02\/25\/associacao-zero-propoe-fundo-europeu-de-adaptacao-as-alteracoes-climaticas\/\",\"url\":\"https:\/\/portaltela.pt\/noticias\/2026\/02\/25\/associacao-zero-propoe-fundo-europeu-de-adaptacao-as-alteracoes-climaticas\/\",\"name\":\"Associa\u00e7\u00e3o Zero prop\u00f5e Fundo Europeu de Adapta\u00e7\u00e3o \u00e0s Altera\u00e7\u00f5es Clim\u00e1ticas - Portal Tela Portugal\",\"isPartOf\":{\"@id\":\"https:\/\/portaltela.pt\/#website\"},\"primaryImageOfPage\":{\"@id\":\"https:\/\/portaltela.pt\/noticias\/2026\/02\/25\/associacao-zero-propoe-fundo-europeu-de-adaptacao-as-alteracoes-climaticas\/#primaryimage\"},\"image\":{\"@id\":\"https:\/\/portaltela.pt\/noticias\/2026\/02\/25\/associacao-zero-propoe-fundo-europeu-de-adaptacao-as-alteracoes-climaticas\/#primaryimage\"},\"thumbnailUrl\":\"https:\/\/portaltela.pt\/s.01k8rhncp4jt1\/2026\/02\/2069568.jpg\",\"datePublished\":\"2026-02-25T08:06:00+00:00\",\"author\":{\"@id\":\"https:\/\/portaltela.pt\/#\/schema\/person\/c4278d4a6028830caff9ee44b42d32ed\"},\"breadcrumb\":{\"@id\":\"https:\/\/portaltela.pt\/noticias\/2026\/02\/25\/associacao-zero-propoe-fundo-europeu-de-adaptacao-as-alteracoes-climaticas\/#breadcrumb\"},\"inLanguage\":\"pt-PT\",\"potentialAction\":[{\"@type\":\"ReadAction\",\"target\":[\"https:\/\/portaltela.pt\/noticias\/2026\/02\/25\/associacao-zero-propoe-fundo-europeu-de-adaptacao-as-alteracoes-climaticas\/\"]}]},{\"@type\":\"ImageObject\",\"inLanguage\":\"pt-PT\",\"@id\":\"https:\/\/portaltela.pt\/noticias\/2026\/02\/25\/associacao-zero-propoe-fundo-europeu-de-adaptacao-as-alteracoes-climaticas\/#primaryimage\",\"url\":\"https:\/\/portaltela.pt\/s.01k8rhncp4jt1\/2026\/02\/2069568.jpg\",\"contentUrl\":\"https:\/\/portaltela.pt\/s.01k8rhncp4jt1\/2026\/02\/2069568.jpg\",\"width\":796,\"height\":448,\"caption\":\"Zero alerta para a necessidade de a Europa assumir cen\u00e1rios clim\u00e1ticos \\\"mais severos do que os previstos actualmente\\\"\"},{\"@type\":\"BreadcrumbList\",\"@id\":\"https:\/\/portaltela.pt\/noticias\/2026\/02\/25\/associacao-zero-propoe-fundo-europeu-de-adaptacao-as-alteracoes-climaticas\/#breadcrumb\",\"itemListElement\":[{\"@type\":\"ListItem\",\"position\":1,\"name\":\"In\u00edcio\",\"item\":\"https:\/\/portaltela.pt\/\"},{\"@type\":\"ListItem\",\"position\":2,\"name\":\"Associa\u00e7\u00e3o Zero prop\u00f5e Fundo Europeu de Adapta\u00e7\u00e3o \u00e0s Altera\u00e7\u00f5es Clim\u00e1ticas\"}]},{\"@type\":\"WebSite\",\"@id\":\"https:\/\/portaltela.pt\/#website\",\"url\":\"https:\/\/portaltela.pt\/\",\"name\":\"Portal Tela Portugal\",\"description\":\"\",\"potentialAction\":[{\"@type\":\"SearchAction\",\"target\":{\"@type\":\"EntryPoint\",\"urlTemplate\":\"https:\/\/portaltela.pt\/?s={search_term_string}\"},\"query-input\":{\"@type\":\"PropertyValueSpecification\",\"valueRequired\":true,\"valueName\":\"search_term_string\"}}],\"inLanguage\":\"pt-PT\"},{\"@type\":\"Person\",\"@id\":\"https:\/\/portaltela.pt\/#\/schema\/person\/c4278d4a6028830caff9ee44b42d32ed\",\"name\":\"Telinha\",\"image\":{\"@type\":\"ImageObject\",\"inLanguage\":\"pt-PT\",\"@id\":\"https:\/\/portaltela.pt\/s.01k8rhncp4jt1\/2025\/11\/talking-bot-125x125.png\",\"url\":\"https:\/\/portaltela.pt\/s.01k8rhncp4jt1\/2025\/11\/talking-bot-125x125.png\",\"contentUrl\":\"https:\/\/portaltela.pt\/s.01k8rhncp4jt1\/2025\/11\/talking-bot-125x125.png\",\"caption\":\"Telinha\"},\"sameAs\":[\"https:\/\/portaltela.pt\/\"],\"url\":\"https:\/\/portaltela.pt\/por\/367410592786\/\"}]}<\/script>\n<!-- \/ Yoast SEO plugin. -->","yoast_head_json":{"title":"Associa\u00e7\u00e3o Zero prop\u00f5e Fundo Europeu de Adapta\u00e7\u00e3o \u00e0s Altera\u00e7\u00f5es Clim\u00e1ticas - Portal Tela Portugal","robots":{"index":"index","follow":"follow","max-snippet":"max-snippet:-1","max-image-preview":"max-image-preview:large","max-video-preview":"max-video-preview:-1"},"og_locale":"pt_PT","og_type":"article","og_title":"Associa\u00e7\u00e3o Zero prop\u00f5e Fundo Europeu de Adapta\u00e7\u00e3o \u00e0s Altera\u00e7\u00f5es Clim\u00e1ticas - Portal Tela Portugal","og_description":"A Zero defende a cria\u00e7\u00e3o de um Fundo Europeu de Adapta\u00e7\u00e3o \u00e0s Altera\u00e7\u00f5es Clim\u00e1ticas e pede financiamento robusto para Portugal, tendo em conta a sua contribui\u00e7\u00e3o hist\u00f3rica e vulnerabilidade. Portugal contribui com menos de 2% do PIB da Uni\u00e3o Europeia, mas pode enfrentar este ano custos de adapta\u00e7\u00e3o superiores a 10% dos danos clim\u00e1ticos m\u00e9dios anuais da UE. A Europa deve financiar uma adapta\u00e7\u00e3o justa nos pa\u00edses mais afectados, com um mecanismo de solidariedade europeu, no \u00e2mbito de uma consulta p\u00fablica sobre resili\u00eancia clim\u00e1tica. Os custos de reconstru\u00e7\u00e3o em Portugal resultantes das tempestades ultrapassaram os quatro mil milh\u00f5es de euros, com encargos anuais que podem chegar a seis mil milh\u00f5es; na UE, os danos por eventos clim\u00e1ticos chegam a 45 mil milh\u00f5es de euros por ano (2020-2024). A Zero prop\u00f5e renaturaliza\u00e7\u00e3o de zonas inund\u00e1veis, relocaliza\u00e7\u00e3o de edifica\u00e7\u00f5es em leitos de cheia, solu\u00e7\u00f5es baseadas na natureza, seguros obrigat\u00f3rios contra riscos clim\u00e1ticos e maior apoio a munic\u00edpios e \u00e0s CCDR para reduzir perdas e aumentar a resili\u00eancia.","og_url":"https:\/\/portaltela.pt\/noticias\/2026\/02\/25\/associacao-zero-propoe-fundo-europeu-de-adaptacao-as-alteracoes-climaticas\/","og_site_name":"Portal Tela Portugal","article_published_time":"2026-02-25T08:06:00+00:00","author":"Telinha","twitter_card":"summary_large_image","twitter_misc":{"Escrito por":"Telinha","Tempo estimado de leitura":"2 minutos"},"schema":{"@context":"https:\/\/schema.org","@graph":[{"@type":"Article","@id":"https:\/\/portaltela.pt\/noticias\/2026\/02\/25\/associacao-zero-propoe-fundo-europeu-de-adaptacao-as-alteracoes-climaticas\/#article","isPartOf":{"@id":"https:\/\/portaltela.pt\/noticias\/2026\/02\/25\/associacao-zero-propoe-fundo-europeu-de-adaptacao-as-alteracoes-climaticas\/"},"author":{"name":"Telinha","@id":"https:\/\/portaltela.pt\/#\/schema\/person\/c4278d4a6028830caff9ee44b42d32ed"},"headline":"Associa\u00e7\u00e3o Zero prop\u00f5e Fundo Europeu de Adapta\u00e7\u00e3o \u00e0s Altera\u00e7\u00f5es Clim\u00e1ticas","datePublished":"2026-02-25T08:06:00+00:00","mainEntityOfPage":{"@id":"https:\/\/portaltela.pt\/noticias\/2026\/02\/25\/associacao-zero-propoe-fundo-europeu-de-adaptacao-as-alteracoes-climaticas\/"},"wordCount":443,"image":{"@id":"https:\/\/portaltela.pt\/noticias\/2026\/02\/25\/associacao-zero-propoe-fundo-europeu-de-adaptacao-as-alteracoes-climaticas\/#primaryimage"},"thumbnailUrl":"https:\/\/portaltela.pt\/s.01k8rhncp4jt1\/2026\/02\/2069568.jpg","keywords":["adapta\u00e7\u00e3o clim\u00e1tica","Altera\u00e7\u00f5es Clim\u00e1ticas","Europa","Gest\u00e3o de Riscos","Portugal","Prote\u00e7\u00e3o costeira"],"articleSection":["Not\u00edcias"],"inLanguage":"pt-PT"},{"@type":"WebPage","@id":"https:\/\/portaltela.pt\/noticias\/2026\/02\/25\/associacao-zero-propoe-fundo-europeu-de-adaptacao-as-alteracoes-climaticas\/","url":"https:\/\/portaltela.pt\/noticias\/2026\/02\/25\/associacao-zero-propoe-fundo-europeu-de-adaptacao-as-alteracoes-climaticas\/","name":"Associa\u00e7\u00e3o Zero prop\u00f5e Fundo Europeu de Adapta\u00e7\u00e3o \u00e0s Altera\u00e7\u00f5es Clim\u00e1ticas - Portal Tela Portugal","isPartOf":{"@id":"https:\/\/portaltela.pt\/#website"},"primaryImageOfPage":{"@id":"https:\/\/portaltela.pt\/noticias\/2026\/02\/25\/associacao-zero-propoe-fundo-europeu-de-adaptacao-as-alteracoes-climaticas\/#primaryimage"},"image":{"@id":"https:\/\/portaltela.pt\/noticias\/2026\/02\/25\/associacao-zero-propoe-fundo-europeu-de-adaptacao-as-alteracoes-climaticas\/#primaryimage"},"thumbnailUrl":"https:\/\/portaltela.pt\/s.01k8rhncp4jt1\/2026\/02\/2069568.jpg","datePublished":"2026-02-25T08:06:00+00:00","author":{"@id":"https:\/\/portaltela.pt\/#\/schema\/person\/c4278d4a6028830caff9ee44b42d32ed"},"breadcrumb":{"@id":"https:\/\/portaltela.pt\/noticias\/2026\/02\/25\/associacao-zero-propoe-fundo-europeu-de-adaptacao-as-alteracoes-climaticas\/#breadcrumb"},"inLanguage":"pt-PT","potentialAction":[{"@type":"ReadAction","target":["https:\/\/portaltela.pt\/noticias\/2026\/02\/25\/associacao-zero-propoe-fundo-europeu-de-adaptacao-as-alteracoes-climaticas\/"]}]},{"@type":"ImageObject","inLanguage":"pt-PT","@id":"https:\/\/portaltela.pt\/noticias\/2026\/02\/25\/associacao-zero-propoe-fundo-europeu-de-adaptacao-as-alteracoes-climaticas\/#primaryimage","url":"https:\/\/portaltela.pt\/s.01k8rhncp4jt1\/2026\/02\/2069568.jpg","contentUrl":"https:\/\/portaltela.pt\/s.01k8rhncp4jt1\/2026\/02\/2069568.jpg","width":796,"height":448,"caption":"Zero alerta para a necessidade de a Europa assumir cen\u00e1rios clim\u00e1ticos \"mais severos do que os previstos actualmente\""},{"@type":"BreadcrumbList","@id":"https:\/\/portaltela.pt\/noticias\/2026\/02\/25\/associacao-zero-propoe-fundo-europeu-de-adaptacao-as-alteracoes-climaticas\/#breadcrumb","itemListElement":[{"@type":"ListItem","position":1,"name":"In\u00edcio","item":"https:\/\/portaltela.pt\/"},{"@type":"ListItem","position":2,"name":"Associa\u00e7\u00e3o Zero prop\u00f5e Fundo Europeu de Adapta\u00e7\u00e3o \u00e0s Altera\u00e7\u00f5es Clim\u00e1ticas"}]},{"@type":"WebSite","@id":"https:\/\/portaltela.pt\/#website","url":"https:\/\/portaltela.pt\/","name":"Portal Tela Portugal","description":"","potentialAction":[{"@type":"SearchAction","target":{"@type":"EntryPoint","urlTemplate":"https:\/\/portaltela.pt\/?s={search_term_string}"},"query-input":{"@type":"PropertyValueSpecification","valueRequired":true,"valueName":"search_term_string"}}],"inLanguage":"pt-PT"},{"@type":"Person","@id":"https:\/\/portaltela.pt\/#\/schema\/person\/c4278d4a6028830caff9ee44b42d32ed","name":"Telinha","image":{"@type":"ImageObject","inLanguage":"pt-PT","@id":"https:\/\/portaltela.pt\/s.01k8rhncp4jt1\/2025\/11\/talking-bot-125x125.png","url":"https:\/\/portaltela.pt\/s.01k8rhncp4jt1\/2025\/11\/talking-bot-125x125.png","contentUrl":"https:\/\/portaltela.pt\/s.01k8rhncp4jt1\/2025\/11\/talking-bot-125x125.png","caption":"Telinha"},"sameAs":["https:\/\/portaltela.pt\/"],"url":"https:\/\/portaltela.pt\/por\/367410592786\/"}]}},"_links":{"self":[{"href":"https:\/\/portaltela.pt\/api\/wp\/v2\/posts\/225233","targetHints":{"allow":["GET"]}}],"collection":[{"href":"https:\/\/portaltela.pt\/api\/wp\/v2\/posts"}],"about":[{"href":"https:\/\/portaltela.pt\/api\/wp\/v2\/types\/post"}],"author":[{"embeddable":true,"href":"https:\/\/portaltela.pt\/api\/wp\/v2\/users\/2"}],"replies":[{"embeddable":true,"href":"https:\/\/portaltela.pt\/api\/wp\/v2\/comments?post=225233"}],"version-history":[{"count":0,"href":"https:\/\/portaltela.pt\/api\/wp\/v2\/posts\/225233\/revisions"}],"wp:featuredmedia":[{"embeddable":true,"href":"https:\/\/portaltela.pt\/api\/wp\/v2\/media\/225236"}],"wp:attachment":[{"href":"https:\/\/portaltela.pt\/api\/wp\/v2\/media?parent=225233"}],"wp:term":[{"taxonomy":"category","embeddable":true,"href":"https:\/\/portaltela.pt\/api\/wp\/v2\/categories?post=225233"},{"taxonomy":"post_tag","embeddable":true,"href":"https:\/\/portaltela.pt\/api\/wp\/v2\/tags?post=225233"}],"curies":[{"name":"wp","href":"https:\/\/api.w.org\/{rel}","templated":true}]}}