{"id":225214,"date":"2026-02-25T04:59:00","date_gmt":"2026-02-25T07:59:00","guid":{"rendered":"https:\/\/portaltela.pt\/noticias\/2026\/02\/25\/eusebio-joga-pelo-real-madrid-e-defronta-o-pai-de-jose-mourinho\/"},"modified":"2026-02-25T04:59:00","modified_gmt":"2026-02-25T07:59:00","slug":"eusebio-joga-pelo-real-madrid-e-defronta-o-pai-de-jose-mourinho","status":"publish","type":"post","link":"https:\/\/portaltela.pt\/desporto\/futebol\/2026\/02\/25\/eusebio-joga-pelo-real-madrid-e-defronta-o-pai-de-jose-mourinho\/","title":{"rendered":"Eus\u00e9bio joga pelo Real Madrid e defronta o pai de Jos\u00e9 Mourinho"},"content":{"rendered":"<p>Foi em 14 de dezembro de 1972 que o Bernab\u00e9u, ent\u00e3o chamado Chamart\u00edn, recebeu um jogo de homenagem a Gento com Eus\u00e9bio a atuar pelo Real Madrid. O encontro, que celebrou os 25 anos do est\u00e1dio, terminou 2-1 a favor dos merengues.<\/p>\n<p>No lado oposto esteve o Belenenses, equipa que j\u00e1 tinha inaugurado o recinto numa visita anterior. Entre os azuis, destacava-se F\u00e9lix Mourinho, pai de Jos\u00e9 Mourinho, atual treinador envolvido no futebol moderno.<\/p>\n<p>A presen\u00e7a de Eus\u00e9bio no Real Madrid deixou marcas na mem\u00f3ria dos f\u00e3s. O jogo serviu de palco para uma d\u00e9cada em que o Pantera Negra brilhou com a camisola branca.<\/p>\n<h3>Homenagem e contexto<\/h3>\n<p>O encontro combinou homenagem a uma lenda do Real Madrid com a visita de uma equipa portuguesa, refor\u00e7ando la\u00e7os entre os clubes e \u00e9pocas distintas do futebol ib\u00e9rico.<\/p>\n<h3>Refer\u00eancia hist\u00f3rica<\/h3>\n<p>A not\u00edcia menciona ainda um epis\u00f3dio de 1962, quando Santamar\u00eda ter\u00e1 usado um insulto homof\u00f3bico contra Eus\u00e9bio, de forma relatada na altura. O facto integra o retrato de uma d\u00e9cada de rela\u00e7\u00f5es entre clube e jogador.<\/p>\n","protected":false},"excerpt":{"rendered":"<ul>\n<li>Em 14 de dezembro de 1972, Eus\u00e9bio jogou pelo Real Madrid numa homenagem a Am\u00e9rico Gento e aos 25 anos do est\u00e1dio Chamart\u00edn (Bernab\u00e9u).<\/li>\n<li>O Real Madrid venceu por 2-1 o encontro diante do Benfica.<\/li>\n<li>Do lado contr\u00e1rio estava o Belenenses, que havia inaugurado o est\u00e1dio 25 anos antes.<\/li>\n<li>F\u00e9lix Mourinho, pai de Jos\u00e9 Mourinho, foi o guarda-redes dos azuis do Restelo nesse jogo.<\/li>\n<li>Em 1962, o guarda-redes Santamar\u00eda chamou Eus\u00e9bio de &#8220;maric\u00f3n&#8221; numa passagem hist\u00f3rica associada ao jogador.<\/li>\n<\/ul>\n","protected":false},"author":2,"featured_media":225222,"comment_status":"closed","ping_status":"closed","sticky":false,"template":"","format":"standard","meta":{"footnotes":""},"categories":[21,24],"tags":[4925,3933,32,2138,3310,2714],"class_list":["post-225214","post","type-post","status-publish","format-standard","has-post-thumbnail","hentry","category-desporto","category-futebol","tag-belenenses","tag-eusebio","tag-futebol","tag-jose-mourinho","tag-mourinho","tag-real-madrid"],"yoast_head":"<!-- This site is optimized with the Yoast SEO plugin v27.2 - https:\/\/yoast.com\/product\/yoast-seo-wordpress\/ -->\n<title>Eus\u00e9bio joga pelo Real Madrid e defronta o pai de Jos\u00e9 Mourinho - Portal Tela Portugal<\/title>\n<meta name=\"robots\" content=\"index, follow, max-snippet:-1, max-image-preview:large, max-video-preview:-1\" \/>\n<meta property=\"og:locale\" content=\"pt_PT\" \/>\n<meta property=\"og:type\" content=\"article\" \/>\n<meta property=\"og:title\" content=\"Eus\u00e9bio joga pelo Real Madrid e defronta o pai de Jos\u00e9 Mourinho - Portal Tela Portugal\" \/>\n<meta property=\"og:description\" content=\"Em 14 de dezembro de 1972, Eus\u00e9bio jogou pelo Real Madrid numa homenagem a Am\u00e9rico Gento e aos 25 anos do est\u00e1dio Chamart\u00edn (Bernab\u00e9u). O Real Madrid venceu por 2-1 o encontro diante do Benfica. Do lado contr\u00e1rio estava o Belenenses, que havia inaugurado o est\u00e1dio 25 anos antes. F\u00e9lix Mourinho, pai de Jos\u00e9 Mourinho, foi o guarda-redes dos azuis do Restelo nesse jogo. Em 1962, o guarda-redes Santamar\u00eda chamou Eus\u00e9bio de &quot;maric\u00f3n&quot; numa passagem hist\u00f3rica associada ao jogador.\" \/>\n<meta property=\"og:url\" content=\"https:\/\/portaltela.pt\/noticias\/2026\/02\/25\/eusebio-joga-pelo-real-madrid-e-defronta-o-pai-de-jose-mourinho\/\" \/>\n<meta property=\"og:site_name\" content=\"Portal Tela Portugal\" \/>\n<meta property=\"article:published_time\" content=\"2026-02-25T07:59:00+00:00\" \/>\n<meta name=\"author\" content=\"Telinha\" \/>\n<meta name=\"twitter:card\" content=\"summary_large_image\" \/>\n<meta name=\"twitter:label1\" content=\"Escrito por\" \/>\n\t<meta name=\"twitter:data1\" content=\"Telinha\" \/>\n\t<meta name=\"twitter:label2\" content=\"Tempo estimado de leitura\" \/>\n\t<meta name=\"twitter:data2\" content=\"1 minuto\" \/>\n<script type=\"application\/ld+json\" class=\"yoast-schema-graph\">{\"@context\":\"https:\/\/schema.org\",\"@graph\":[{\"@type\":\"Article\",\"@id\":\"https:\/\/portaltela.pt\/noticias\/2026\/02\/25\/eusebio-joga-pelo-real-madrid-e-defronta-o-pai-de-jose-mourinho\/#article\",\"isPartOf\":{\"@id\":\"https:\/\/portaltela.pt\/noticias\/2026\/02\/25\/eusebio-joga-pelo-real-madrid-e-defronta-o-pai-de-jose-mourinho\/\"},\"author\":{\"name\":\"Telinha\",\"@id\":\"https:\/\/portaltela.pt\/#\/schema\/person\/c4278d4a6028830caff9ee44b42d32ed\"},\"headline\":\"Eus\u00e9bio joga pelo Real Madrid e defronta o pai de Jos\u00e9 Mourinho\",\"datePublished\":\"2026-02-25T07:59:00+00:00\",\"mainEntityOfPage\":{\"@id\":\"https:\/\/portaltela.pt\/noticias\/2026\/02\/25\/eusebio-joga-pelo-real-madrid-e-defronta-o-pai-de-jose-mourinho\/\"},\"wordCount\":206,\"image\":{\"@id\":\"https:\/\/portaltela.pt\/noticias\/2026\/02\/25\/eusebio-joga-pelo-real-madrid-e-defronta-o-pai-de-jose-mourinho\/#primaryimage\"},\"thumbnailUrl\":\"https:\/\/portaltela.pt\/s.01k8rhncp4jt1\/2026\/02\/image-1817.jpg\",\"keywords\":[\"Belenenses\",\"Eus\u00e9bio\",\"futebol\",\"Jos\u00e9 Mourinho\",\"Mourinho\",\"Real Madrid\"],\"articleSection\":[\"Desporto\",\"Futebol\"],\"inLanguage\":\"pt-PT\"},{\"@type\":\"WebPage\",\"@id\":\"https:\/\/portaltela.pt\/noticias\/2026\/02\/25\/eusebio-joga-pelo-real-madrid-e-defronta-o-pai-de-jose-mourinho\/\",\"url\":\"https:\/\/portaltela.pt\/noticias\/2026\/02\/25\/eusebio-joga-pelo-real-madrid-e-defronta-o-pai-de-jose-mourinho\/\",\"name\":\"Eus\u00e9bio joga pelo Real Madrid e defronta o pai de Jos\u00e9 Mourinho - Portal Tela Portugal\",\"isPartOf\":{\"@id\":\"https:\/\/portaltela.pt\/#website\"},\"primaryImageOfPage\":{\"@id\":\"https:\/\/portaltela.pt\/noticias\/2026\/02\/25\/eusebio-joga-pelo-real-madrid-e-defronta-o-pai-de-jose-mourinho\/#primaryimage\"},\"image\":{\"@id\":\"https:\/\/portaltela.pt\/noticias\/2026\/02\/25\/eusebio-joga-pelo-real-madrid-e-defronta-o-pai-de-jose-mourinho\/#primaryimage\"},\"thumbnailUrl\":\"https:\/\/portaltela.pt\/s.01k8rhncp4jt1\/2026\/02\/image-1817.jpg\",\"datePublished\":\"2026-02-25T07:59:00+00:00\",\"author\":{\"@id\":\"https:\/\/portaltela.pt\/#\/schema\/person\/c4278d4a6028830caff9ee44b42d32ed\"},\"breadcrumb\":{\"@id\":\"https:\/\/portaltela.pt\/noticias\/2026\/02\/25\/eusebio-joga-pelo-real-madrid-e-defronta-o-pai-de-jose-mourinho\/#breadcrumb\"},\"inLanguage\":\"pt-PT\",\"potentialAction\":[{\"@type\":\"ReadAction\",\"target\":[\"https:\/\/portaltela.pt\/noticias\/2026\/02\/25\/eusebio-joga-pelo-real-madrid-e-defronta-o-pai-de-jose-mourinho\/\"]}]},{\"@type\":\"ImageObject\",\"inLanguage\":\"pt-PT\",\"@id\":\"https:\/\/portaltela.pt\/noticias\/2026\/02\/25\/eusebio-joga-pelo-real-madrid-e-defronta-o-pai-de-jose-mourinho\/#primaryimage\",\"url\":\"https:\/\/portaltela.pt\/s.01k8rhncp4jt1\/2026\/02\/image-1817.jpg\",\"contentUrl\":\"https:\/\/portaltela.pt\/s.01k8rhncp4jt1\/2026\/02\/image-1817.jpg\",\"width\":796,\"height\":448,\"caption\":\"Jogo de homenagem a Gento, disputado em 1972\"},{\"@type\":\"BreadcrumbList\",\"@id\":\"https:\/\/portaltela.pt\/noticias\/2026\/02\/25\/eusebio-joga-pelo-real-madrid-e-defronta-o-pai-de-jose-mourinho\/#breadcrumb\",\"itemListElement\":[{\"@type\":\"ListItem\",\"position\":1,\"name\":\"In\u00edcio\",\"item\":\"https:\/\/portaltela.pt\/\"},{\"@type\":\"ListItem\",\"position\":2,\"name\":\"Eus\u00e9bio joga pelo Real Madrid e defronta o pai de Jos\u00e9 Mourinho\"}]},{\"@type\":\"WebSite\",\"@id\":\"https:\/\/portaltela.pt\/#website\",\"url\":\"https:\/\/portaltela.pt\/\",\"name\":\"Portal Tela Portugal\",\"description\":\"\",\"potentialAction\":[{\"@type\":\"SearchAction\",\"target\":{\"@type\":\"EntryPoint\",\"urlTemplate\":\"https:\/\/portaltela.pt\/?s={search_term_string}\"},\"query-input\":{\"@type\":\"PropertyValueSpecification\",\"valueRequired\":true,\"valueName\":\"search_term_string\"}}],\"inLanguage\":\"pt-PT\"},{\"@type\":\"Person\",\"@id\":\"https:\/\/portaltela.pt\/#\/schema\/person\/c4278d4a6028830caff9ee44b42d32ed\",\"name\":\"Telinha\",\"image\":{\"@type\":\"ImageObject\",\"inLanguage\":\"pt-PT\",\"@id\":\"https:\/\/portaltela.pt\/s.01k8rhncp4jt1\/2025\/11\/talking-bot-125x125.png\",\"url\":\"https:\/\/portaltela.pt\/s.01k8rhncp4jt1\/2025\/11\/talking-bot-125x125.png\",\"contentUrl\":\"https:\/\/portaltela.pt\/s.01k8rhncp4jt1\/2025\/11\/talking-bot-125x125.png\",\"caption\":\"Telinha\"},\"sameAs\":[\"https:\/\/portaltela.pt\/\"],\"url\":\"https:\/\/portaltela.pt\/por\/367410592786\/\"}]}<\/script>\n<!-- \/ Yoast SEO plugin. -->","yoast_head_json":{"title":"Eus\u00e9bio joga pelo Real Madrid e defronta o pai de Jos\u00e9 Mourinho - Portal Tela Portugal","robots":{"index":"index","follow":"follow","max-snippet":"max-snippet:-1","max-image-preview":"max-image-preview:large","max-video-preview":"max-video-preview:-1"},"og_locale":"pt_PT","og_type":"article","og_title":"Eus\u00e9bio joga pelo Real Madrid e defronta o pai de Jos\u00e9 Mourinho - Portal Tela Portugal","og_description":"Em 14 de dezembro de 1972, Eus\u00e9bio jogou pelo Real Madrid numa homenagem a Am\u00e9rico Gento e aos 25 anos do est\u00e1dio Chamart\u00edn (Bernab\u00e9u). O Real Madrid venceu por 2-1 o encontro diante do Benfica. Do lado contr\u00e1rio estava o Belenenses, que havia inaugurado o est\u00e1dio 25 anos antes. F\u00e9lix Mourinho, pai de Jos\u00e9 Mourinho, foi o guarda-redes dos azuis do Restelo nesse jogo. Em 1962, o guarda-redes Santamar\u00eda chamou Eus\u00e9bio de \"maric\u00f3n\" numa passagem hist\u00f3rica associada ao jogador.","og_url":"https:\/\/portaltela.pt\/noticias\/2026\/02\/25\/eusebio-joga-pelo-real-madrid-e-defronta-o-pai-de-jose-mourinho\/","og_site_name":"Portal Tela Portugal","article_published_time":"2026-02-25T07:59:00+00:00","author":"Telinha","twitter_card":"summary_large_image","twitter_misc":{"Escrito por":"Telinha","Tempo estimado de leitura":"1 minuto"},"schema":{"@context":"https:\/\/schema.org","@graph":[{"@type":"Article","@id":"https:\/\/portaltela.pt\/noticias\/2026\/02\/25\/eusebio-joga-pelo-real-madrid-e-defronta-o-pai-de-jose-mourinho\/#article","isPartOf":{"@id":"https:\/\/portaltela.pt\/noticias\/2026\/02\/25\/eusebio-joga-pelo-real-madrid-e-defronta-o-pai-de-jose-mourinho\/"},"author":{"name":"Telinha","@id":"https:\/\/portaltela.pt\/#\/schema\/person\/c4278d4a6028830caff9ee44b42d32ed"},"headline":"Eus\u00e9bio joga pelo Real Madrid e defronta o pai de Jos\u00e9 Mourinho","datePublished":"2026-02-25T07:59:00+00:00","mainEntityOfPage":{"@id":"https:\/\/portaltela.pt\/noticias\/2026\/02\/25\/eusebio-joga-pelo-real-madrid-e-defronta-o-pai-de-jose-mourinho\/"},"wordCount":206,"image":{"@id":"https:\/\/portaltela.pt\/noticias\/2026\/02\/25\/eusebio-joga-pelo-real-madrid-e-defronta-o-pai-de-jose-mourinho\/#primaryimage"},"thumbnailUrl":"https:\/\/portaltela.pt\/s.01k8rhncp4jt1\/2026\/02\/image-1817.jpg","keywords":["Belenenses","Eus\u00e9bio","futebol","Jos\u00e9 Mourinho","Mourinho","Real Madrid"],"articleSection":["Desporto","Futebol"],"inLanguage":"pt-PT"},{"@type":"WebPage","@id":"https:\/\/portaltela.pt\/noticias\/2026\/02\/25\/eusebio-joga-pelo-real-madrid-e-defronta-o-pai-de-jose-mourinho\/","url":"https:\/\/portaltela.pt\/noticias\/2026\/02\/25\/eusebio-joga-pelo-real-madrid-e-defronta-o-pai-de-jose-mourinho\/","name":"Eus\u00e9bio joga pelo Real Madrid e defronta o pai de Jos\u00e9 Mourinho - Portal Tela Portugal","isPartOf":{"@id":"https:\/\/portaltela.pt\/#website"},"primaryImageOfPage":{"@id":"https:\/\/portaltela.pt\/noticias\/2026\/02\/25\/eusebio-joga-pelo-real-madrid-e-defronta-o-pai-de-jose-mourinho\/#primaryimage"},"image":{"@id":"https:\/\/portaltela.pt\/noticias\/2026\/02\/25\/eusebio-joga-pelo-real-madrid-e-defronta-o-pai-de-jose-mourinho\/#primaryimage"},"thumbnailUrl":"https:\/\/portaltela.pt\/s.01k8rhncp4jt1\/2026\/02\/image-1817.jpg","datePublished":"2026-02-25T07:59:00+00:00","author":{"@id":"https:\/\/portaltela.pt\/#\/schema\/person\/c4278d4a6028830caff9ee44b42d32ed"},"breadcrumb":{"@id":"https:\/\/portaltela.pt\/noticias\/2026\/02\/25\/eusebio-joga-pelo-real-madrid-e-defronta-o-pai-de-jose-mourinho\/#breadcrumb"},"inLanguage":"pt-PT","potentialAction":[{"@type":"ReadAction","target":["https:\/\/portaltela.pt\/noticias\/2026\/02\/25\/eusebio-joga-pelo-real-madrid-e-defronta-o-pai-de-jose-mourinho\/"]}]},{"@type":"ImageObject","inLanguage":"pt-PT","@id":"https:\/\/portaltela.pt\/noticias\/2026\/02\/25\/eusebio-joga-pelo-real-madrid-e-defronta-o-pai-de-jose-mourinho\/#primaryimage","url":"https:\/\/portaltela.pt\/s.01k8rhncp4jt1\/2026\/02\/image-1817.jpg","contentUrl":"https:\/\/portaltela.pt\/s.01k8rhncp4jt1\/2026\/02\/image-1817.jpg","width":796,"height":448,"caption":"Jogo de homenagem a Gento, disputado em 1972"},{"@type":"BreadcrumbList","@id":"https:\/\/portaltela.pt\/noticias\/2026\/02\/25\/eusebio-joga-pelo-real-madrid-e-defronta-o-pai-de-jose-mourinho\/#breadcrumb","itemListElement":[{"@type":"ListItem","position":1,"name":"In\u00edcio","item":"https:\/\/portaltela.pt\/"},{"@type":"ListItem","position":2,"name":"Eus\u00e9bio joga pelo Real Madrid e defronta o pai de Jos\u00e9 Mourinho"}]},{"@type":"WebSite","@id":"https:\/\/portaltela.pt\/#website","url":"https:\/\/portaltela.pt\/","name":"Portal Tela Portugal","description":"","potentialAction":[{"@type":"SearchAction","target":{"@type":"EntryPoint","urlTemplate":"https:\/\/portaltela.pt\/?s={search_term_string}"},"query-input":{"@type":"PropertyValueSpecification","valueRequired":true,"valueName":"search_term_string"}}],"inLanguage":"pt-PT"},{"@type":"Person","@id":"https:\/\/portaltela.pt\/#\/schema\/person\/c4278d4a6028830caff9ee44b42d32ed","name":"Telinha","image":{"@type":"ImageObject","inLanguage":"pt-PT","@id":"https:\/\/portaltela.pt\/s.01k8rhncp4jt1\/2025\/11\/talking-bot-125x125.png","url":"https:\/\/portaltela.pt\/s.01k8rhncp4jt1\/2025\/11\/talking-bot-125x125.png","contentUrl":"https:\/\/portaltela.pt\/s.01k8rhncp4jt1\/2025\/11\/talking-bot-125x125.png","caption":"Telinha"},"sameAs":["https:\/\/portaltela.pt\/"],"url":"https:\/\/portaltela.pt\/por\/367410592786\/"}]}},"_links":{"self":[{"href":"https:\/\/portaltela.pt\/api\/wp\/v2\/posts\/225214","targetHints":{"allow":["GET"]}}],"collection":[{"href":"https:\/\/portaltela.pt\/api\/wp\/v2\/posts"}],"about":[{"href":"https:\/\/portaltela.pt\/api\/wp\/v2\/types\/post"}],"author":[{"embeddable":true,"href":"https:\/\/portaltela.pt\/api\/wp\/v2\/users\/2"}],"replies":[{"embeddable":true,"href":"https:\/\/portaltela.pt\/api\/wp\/v2\/comments?post=225214"}],"version-history":[{"count":0,"href":"https:\/\/portaltela.pt\/api\/wp\/v2\/posts\/225214\/revisions"}],"wp:featuredmedia":[{"embeddable":true,"href":"https:\/\/portaltela.pt\/api\/wp\/v2\/media\/225222"}],"wp:attachment":[{"href":"https:\/\/portaltela.pt\/api\/wp\/v2\/media?parent=225214"}],"wp:term":[{"taxonomy":"category","embeddable":true,"href":"https:\/\/portaltela.pt\/api\/wp\/v2\/categories?post=225214"},{"taxonomy":"post_tag","embeddable":true,"href":"https:\/\/portaltela.pt\/api\/wp\/v2\/tags?post=225214"}],"curies":[{"name":"wp","href":"https:\/\/api.w.org\/{rel}","templated":true}]}}