{"id":225209,"date":"2026-02-25T04:57:00","date_gmt":"2026-02-25T07:57:00","guid":{"rendered":"https:\/\/portaltela.pt\/noticias\/2026\/02\/25\/diogo-carmona-afirma-ter-vivenciado-situacoes-incomuns-aos-28-anos\/"},"modified":"2026-02-25T04:57:00","modified_gmt":"2026-02-25T07:57:00","slug":"diogo-carmona-afirma-ter-vivenciado-situacoes-incomuns-aos-28-anos","status":"publish","type":"post","link":"https:\/\/portaltela.pt\/desporto\/2026\/02\/25\/diogo-carmona-afirma-ter-vivenciado-situacoes-incomuns-aos-28-anos\/","title":{"rendered":"Diogo Carmona afirma ter vivenciado situa\u00e7\u00f5es incomuns aos 28 anos"},"content":{"rendered":"<p>Diogo Carmona, ex-ator de 28 anos, prepara-se para se tornar atleta paral\u00edmpico, visando tornar-se no primeiro portugu\u00eas a competir nos Jogos Paral\u00edmpicos de Inverno. A not\u00edcia chegou gra\u00e7as a uma entrevista concedida \u00e0 Record.<\/p>\n<p>O percurso do jovem mudou radicalmente ap\u00f3s o acidente de 2019, quando perdeu uma perna ap\u00f3s ser atropelado por um comboio. A partir desse momento, redefiniu os seus objetivos desportivos e pessoais.<\/p>\n<p>Carmona aproxima-se assim de uma nova etapa, com foco na participa\u00e7\u00e3o paral\u00edmpica. A entrevista detalha a motiva\u00e7\u00e3o, o treino e o planeamento necess\u00e1rio para alcan\u00e7ar o objetivo ol\u00edmpico.<\/p>\n<h3>Rumo aos Jogos Paral\u00edmpicos de Inverno<\/h3>\n<p>O atleta est\u00e1 a trabalhar para competir a curto prazo, com planos de sele\u00e7\u00e3o, apuramentos e prepara\u00e7\u00e3o t\u00e9cnica para representar Portugal em provas de inverno. O objetivo \u00e9 mostrar resili\u00eancia e abrir caminho para futuros atletas nacionais.<\/p>\n","protected":false},"excerpt":{"rendered":"<ul>\n<li>Diogo Carmona, 28 anos, \u00e9 ex-ator conhecido por novelas de sucesso entre os adolescentes.<\/li>\n<li>Est\u00e1 prestes a tornar-se atleta paral\u00edmpico e poder\u00e1 ser o primeiro portugu\u00eas a competir nos Jogos Paral\u00edmpicos de Inverno.<\/li>\n<li>Em 2019 ficou sem uma perna ap\u00f3s ser atropelado por um comboio.<\/li>\n<li>O an\u00fancio faz parte de uma entrevista dada \u00e0 Record.<\/li>\n<\/ul>\n","protected":false},"author":2,"featured_media":225210,"comment_status":"closed","ping_status":"closed","sticky":false,"template":"","format":"standard","meta":{"footnotes":""},"categories":[21],"tags":[5487,152,635,4458,2737,1014],"class_list":["post-225209","post","type-post","status-publish","format-standard","has-post-thumbnail","hentry","category-desporto","tag-acidente","tag-desporto","tag-desporto-adaptado","tag-desporto-federado-adaptado","tag-pessoas-com-deficiencia","tag-portugal"],"yoast_head":"<!-- This site is optimized with the Yoast SEO plugin v27.2 - https:\/\/yoast.com\/product\/yoast-seo-wordpress\/ -->\n<title>Diogo Carmona afirma ter vivenciado situa\u00e7\u00f5es incomuns aos 28 anos - Portal Tela Portugal<\/title>\n<meta name=\"robots\" content=\"index, follow, max-snippet:-1, max-image-preview:large, max-video-preview:-1\" \/>\n<meta property=\"og:locale\" content=\"pt_PT\" \/>\n<meta property=\"og:type\" content=\"article\" \/>\n<meta property=\"og:title\" content=\"Diogo Carmona afirma ter vivenciado situa\u00e7\u00f5es incomuns aos 28 anos - Portal Tela Portugal\" \/>\n<meta property=\"og:description\" content=\"Diogo Carmona, 28 anos, \u00e9 ex-ator conhecido por novelas de sucesso entre os adolescentes. Est\u00e1 prestes a tornar-se atleta paral\u00edmpico e poder\u00e1 ser o primeiro portugu\u00eas a competir nos Jogos Paral\u00edmpicos de Inverno. Em 2019 ficou sem uma perna ap\u00f3s ser atropelado por um comboio. O an\u00fancio faz parte de uma entrevista dada \u00e0 Record.\" \/>\n<meta property=\"og:url\" content=\"https:\/\/portaltela.pt\/noticias\/2026\/02\/25\/diogo-carmona-afirma-ter-vivenciado-situacoes-incomuns-aos-28-anos\/\" \/>\n<meta property=\"og:site_name\" content=\"Portal Tela Portugal\" \/>\n<meta property=\"article:published_time\" content=\"2026-02-25T07:57:00+00:00\" \/>\n<meta name=\"author\" content=\"Telinha\" \/>\n<meta name=\"twitter:card\" content=\"summary_large_image\" \/>\n<meta name=\"twitter:label1\" content=\"Escrito por\" \/>\n\t<meta name=\"twitter:data1\" content=\"Telinha\" \/>\n\t<meta name=\"twitter:label2\" content=\"Tempo estimado de leitura\" \/>\n\t<meta name=\"twitter:data2\" content=\"1 minuto\" \/>\n<script type=\"application\/ld+json\" class=\"yoast-schema-graph\">{\"@context\":\"https:\/\/schema.org\",\"@graph\":[{\"@type\":\"Article\",\"@id\":\"https:\/\/portaltela.pt\/noticias\/2026\/02\/25\/diogo-carmona-afirma-ter-vivenciado-situacoes-incomuns-aos-28-anos\/#article\",\"isPartOf\":{\"@id\":\"https:\/\/portaltela.pt\/noticias\/2026\/02\/25\/diogo-carmona-afirma-ter-vivenciado-situacoes-incomuns-aos-28-anos\/\"},\"author\":{\"name\":\"Telinha\",\"@id\":\"https:\/\/portaltela.pt\/#\/schema\/person\/c4278d4a6028830caff9ee44b42d32ed\"},\"headline\":\"Diogo Carmona afirma ter vivenciado situa\u00e7\u00f5es incomuns aos 28 anos\",\"datePublished\":\"2026-02-25T07:57:00+00:00\",\"mainEntityOfPage\":{\"@id\":\"https:\/\/portaltela.pt\/noticias\/2026\/02\/25\/diogo-carmona-afirma-ter-vivenciado-situacoes-incomuns-aos-28-anos\/\"},\"wordCount\":161,\"image\":{\"@id\":\"https:\/\/portaltela.pt\/noticias\/2026\/02\/25\/diogo-carmona-afirma-ter-vivenciado-situacoes-incomuns-aos-28-anos\/#primaryimage\"},\"thumbnailUrl\":\"https:\/\/portaltela.pt\/s.01k8rhncp4jt1\/2026\/02\/img_1200x721uu2026-02-22-18-12-40-2423136-im-639075748551486699.jpg\",\"keywords\":[\"acidente\",\"desporto\",\"desporto adaptado\",\"Desporto Federado Adaptado\",\"pessoas com defici\u00eancia\",\"Portugal\"],\"articleSection\":[\"Desporto\"],\"inLanguage\":\"pt-PT\"},{\"@type\":\"WebPage\",\"@id\":\"https:\/\/portaltela.pt\/noticias\/2026\/02\/25\/diogo-carmona-afirma-ter-vivenciado-situacoes-incomuns-aos-28-anos\/\",\"url\":\"https:\/\/portaltela.pt\/noticias\/2026\/02\/25\/diogo-carmona-afirma-ter-vivenciado-situacoes-incomuns-aos-28-anos\/\",\"name\":\"Diogo Carmona afirma ter vivenciado situa\u00e7\u00f5es incomuns aos 28 anos - Portal Tela Portugal\",\"isPartOf\":{\"@id\":\"https:\/\/portaltela.pt\/#website\"},\"primaryImageOfPage\":{\"@id\":\"https:\/\/portaltela.pt\/noticias\/2026\/02\/25\/diogo-carmona-afirma-ter-vivenciado-situacoes-incomuns-aos-28-anos\/#primaryimage\"},\"image\":{\"@id\":\"https:\/\/portaltela.pt\/noticias\/2026\/02\/25\/diogo-carmona-afirma-ter-vivenciado-situacoes-incomuns-aos-28-anos\/#primaryimage\"},\"thumbnailUrl\":\"https:\/\/portaltela.pt\/s.01k8rhncp4jt1\/2026\/02\/img_1200x721uu2026-02-22-18-12-40-2423136-im-639075748551486699.jpg\",\"datePublished\":\"2026-02-25T07:57:00+00:00\",\"author\":{\"@id\":\"https:\/\/portaltela.pt\/#\/schema\/person\/c4278d4a6028830caff9ee44b42d32ed\"},\"breadcrumb\":{\"@id\":\"https:\/\/portaltela.pt\/noticias\/2026\/02\/25\/diogo-carmona-afirma-ter-vivenciado-situacoes-incomuns-aos-28-anos\/#breadcrumb\"},\"inLanguage\":\"pt-PT\",\"potentialAction\":[{\"@type\":\"ReadAction\",\"target\":[\"https:\/\/portaltela.pt\/noticias\/2026\/02\/25\/diogo-carmona-afirma-ter-vivenciado-situacoes-incomuns-aos-28-anos\/\"]}]},{\"@type\":\"ImageObject\",\"inLanguage\":\"pt-PT\",\"@id\":\"https:\/\/portaltela.pt\/noticias\/2026\/02\/25\/diogo-carmona-afirma-ter-vivenciado-situacoes-incomuns-aos-28-anos\/#primaryimage\",\"url\":\"https:\/\/portaltela.pt\/s.01k8rhncp4jt1\/2026\/02\/img_1200x721uu2026-02-22-18-12-40-2423136-im-639075748551486699.jpg\",\"contentUrl\":\"https:\/\/portaltela.pt\/s.01k8rhncp4jt1\/2026\/02\/img_1200x721uu2026-02-22-18-12-40-2423136-im-639075748551486699.jpg\",\"width\":796,\"height\":448,\"caption\":\"Diogo Carmona: \u00abJ\u00e1 passei por muita coisa que uma pessoa de 28 anos n\u00e3o passa...\u00bb\"},{\"@type\":\"BreadcrumbList\",\"@id\":\"https:\/\/portaltela.pt\/noticias\/2026\/02\/25\/diogo-carmona-afirma-ter-vivenciado-situacoes-incomuns-aos-28-anos\/#breadcrumb\",\"itemListElement\":[{\"@type\":\"ListItem\",\"position\":1,\"name\":\"In\u00edcio\",\"item\":\"https:\/\/portaltela.pt\/\"},{\"@type\":\"ListItem\",\"position\":2,\"name\":\"Diogo Carmona afirma ter vivenciado situa\u00e7\u00f5es incomuns aos 28 anos\"}]},{\"@type\":\"WebSite\",\"@id\":\"https:\/\/portaltela.pt\/#website\",\"url\":\"https:\/\/portaltela.pt\/\",\"name\":\"Portal Tela Portugal\",\"description\":\"\",\"potentialAction\":[{\"@type\":\"SearchAction\",\"target\":{\"@type\":\"EntryPoint\",\"urlTemplate\":\"https:\/\/portaltela.pt\/?s={search_term_string}\"},\"query-input\":{\"@type\":\"PropertyValueSpecification\",\"valueRequired\":true,\"valueName\":\"search_term_string\"}}],\"inLanguage\":\"pt-PT\"},{\"@type\":\"Person\",\"@id\":\"https:\/\/portaltela.pt\/#\/schema\/person\/c4278d4a6028830caff9ee44b42d32ed\",\"name\":\"Telinha\",\"image\":{\"@type\":\"ImageObject\",\"inLanguage\":\"pt-PT\",\"@id\":\"https:\/\/portaltela.pt\/s.01k8rhncp4jt1\/2025\/11\/talking-bot-125x125.png\",\"url\":\"https:\/\/portaltela.pt\/s.01k8rhncp4jt1\/2025\/11\/talking-bot-125x125.png\",\"contentUrl\":\"https:\/\/portaltela.pt\/s.01k8rhncp4jt1\/2025\/11\/talking-bot-125x125.png\",\"caption\":\"Telinha\"},\"sameAs\":[\"https:\/\/portaltela.pt\/\"],\"url\":\"https:\/\/portaltela.pt\/por\/367410592786\/\"}]}<\/script>\n<!-- \/ Yoast SEO plugin. -->","yoast_head_json":{"title":"Diogo Carmona afirma ter vivenciado situa\u00e7\u00f5es incomuns aos 28 anos - Portal Tela Portugal","robots":{"index":"index","follow":"follow","max-snippet":"max-snippet:-1","max-image-preview":"max-image-preview:large","max-video-preview":"max-video-preview:-1"},"og_locale":"pt_PT","og_type":"article","og_title":"Diogo Carmona afirma ter vivenciado situa\u00e7\u00f5es incomuns aos 28 anos - Portal Tela Portugal","og_description":"Diogo Carmona, 28 anos, \u00e9 ex-ator conhecido por novelas de sucesso entre os adolescentes. Est\u00e1 prestes a tornar-se atleta paral\u00edmpico e poder\u00e1 ser o primeiro portugu\u00eas a competir nos Jogos Paral\u00edmpicos de Inverno. Em 2019 ficou sem uma perna ap\u00f3s ser atropelado por um comboio. O an\u00fancio faz parte de uma entrevista dada \u00e0 Record.","og_url":"https:\/\/portaltela.pt\/noticias\/2026\/02\/25\/diogo-carmona-afirma-ter-vivenciado-situacoes-incomuns-aos-28-anos\/","og_site_name":"Portal Tela Portugal","article_published_time":"2026-02-25T07:57:00+00:00","author":"Telinha","twitter_card":"summary_large_image","twitter_misc":{"Escrito por":"Telinha","Tempo estimado de leitura":"1 minuto"},"schema":{"@context":"https:\/\/schema.org","@graph":[{"@type":"Article","@id":"https:\/\/portaltela.pt\/noticias\/2026\/02\/25\/diogo-carmona-afirma-ter-vivenciado-situacoes-incomuns-aos-28-anos\/#article","isPartOf":{"@id":"https:\/\/portaltela.pt\/noticias\/2026\/02\/25\/diogo-carmona-afirma-ter-vivenciado-situacoes-incomuns-aos-28-anos\/"},"author":{"name":"Telinha","@id":"https:\/\/portaltela.pt\/#\/schema\/person\/c4278d4a6028830caff9ee44b42d32ed"},"headline":"Diogo Carmona afirma ter vivenciado situa\u00e7\u00f5es incomuns aos 28 anos","datePublished":"2026-02-25T07:57:00+00:00","mainEntityOfPage":{"@id":"https:\/\/portaltela.pt\/noticias\/2026\/02\/25\/diogo-carmona-afirma-ter-vivenciado-situacoes-incomuns-aos-28-anos\/"},"wordCount":161,"image":{"@id":"https:\/\/portaltela.pt\/noticias\/2026\/02\/25\/diogo-carmona-afirma-ter-vivenciado-situacoes-incomuns-aos-28-anos\/#primaryimage"},"thumbnailUrl":"https:\/\/portaltela.pt\/s.01k8rhncp4jt1\/2026\/02\/img_1200x721uu2026-02-22-18-12-40-2423136-im-639075748551486699.jpg","keywords":["acidente","desporto","desporto adaptado","Desporto Federado Adaptado","pessoas com defici\u00eancia","Portugal"],"articleSection":["Desporto"],"inLanguage":"pt-PT"},{"@type":"WebPage","@id":"https:\/\/portaltela.pt\/noticias\/2026\/02\/25\/diogo-carmona-afirma-ter-vivenciado-situacoes-incomuns-aos-28-anos\/","url":"https:\/\/portaltela.pt\/noticias\/2026\/02\/25\/diogo-carmona-afirma-ter-vivenciado-situacoes-incomuns-aos-28-anos\/","name":"Diogo Carmona afirma ter vivenciado situa\u00e7\u00f5es incomuns aos 28 anos - Portal Tela Portugal","isPartOf":{"@id":"https:\/\/portaltela.pt\/#website"},"primaryImageOfPage":{"@id":"https:\/\/portaltela.pt\/noticias\/2026\/02\/25\/diogo-carmona-afirma-ter-vivenciado-situacoes-incomuns-aos-28-anos\/#primaryimage"},"image":{"@id":"https:\/\/portaltela.pt\/noticias\/2026\/02\/25\/diogo-carmona-afirma-ter-vivenciado-situacoes-incomuns-aos-28-anos\/#primaryimage"},"thumbnailUrl":"https:\/\/portaltela.pt\/s.01k8rhncp4jt1\/2026\/02\/img_1200x721uu2026-02-22-18-12-40-2423136-im-639075748551486699.jpg","datePublished":"2026-02-25T07:57:00+00:00","author":{"@id":"https:\/\/portaltela.pt\/#\/schema\/person\/c4278d4a6028830caff9ee44b42d32ed"},"breadcrumb":{"@id":"https:\/\/portaltela.pt\/noticias\/2026\/02\/25\/diogo-carmona-afirma-ter-vivenciado-situacoes-incomuns-aos-28-anos\/#breadcrumb"},"inLanguage":"pt-PT","potentialAction":[{"@type":"ReadAction","target":["https:\/\/portaltela.pt\/noticias\/2026\/02\/25\/diogo-carmona-afirma-ter-vivenciado-situacoes-incomuns-aos-28-anos\/"]}]},{"@type":"ImageObject","inLanguage":"pt-PT","@id":"https:\/\/portaltela.pt\/noticias\/2026\/02\/25\/diogo-carmona-afirma-ter-vivenciado-situacoes-incomuns-aos-28-anos\/#primaryimage","url":"https:\/\/portaltela.pt\/s.01k8rhncp4jt1\/2026\/02\/img_1200x721uu2026-02-22-18-12-40-2423136-im-639075748551486699.jpg","contentUrl":"https:\/\/portaltela.pt\/s.01k8rhncp4jt1\/2026\/02\/img_1200x721uu2026-02-22-18-12-40-2423136-im-639075748551486699.jpg","width":796,"height":448,"caption":"Diogo Carmona: \u00abJ\u00e1 passei por muita coisa que uma pessoa de 28 anos n\u00e3o passa...\u00bb"},{"@type":"BreadcrumbList","@id":"https:\/\/portaltela.pt\/noticias\/2026\/02\/25\/diogo-carmona-afirma-ter-vivenciado-situacoes-incomuns-aos-28-anos\/#breadcrumb","itemListElement":[{"@type":"ListItem","position":1,"name":"In\u00edcio","item":"https:\/\/portaltela.pt\/"},{"@type":"ListItem","position":2,"name":"Diogo Carmona afirma ter vivenciado situa\u00e7\u00f5es incomuns aos 28 anos"}]},{"@type":"WebSite","@id":"https:\/\/portaltela.pt\/#website","url":"https:\/\/portaltela.pt\/","name":"Portal Tela Portugal","description":"","potentialAction":[{"@type":"SearchAction","target":{"@type":"EntryPoint","urlTemplate":"https:\/\/portaltela.pt\/?s={search_term_string}"},"query-input":{"@type":"PropertyValueSpecification","valueRequired":true,"valueName":"search_term_string"}}],"inLanguage":"pt-PT"},{"@type":"Person","@id":"https:\/\/portaltela.pt\/#\/schema\/person\/c4278d4a6028830caff9ee44b42d32ed","name":"Telinha","image":{"@type":"ImageObject","inLanguage":"pt-PT","@id":"https:\/\/portaltela.pt\/s.01k8rhncp4jt1\/2025\/11\/talking-bot-125x125.png","url":"https:\/\/portaltela.pt\/s.01k8rhncp4jt1\/2025\/11\/talking-bot-125x125.png","contentUrl":"https:\/\/portaltela.pt\/s.01k8rhncp4jt1\/2025\/11\/talking-bot-125x125.png","caption":"Telinha"},"sameAs":["https:\/\/portaltela.pt\/"],"url":"https:\/\/portaltela.pt\/por\/367410592786\/"}]}},"_links":{"self":[{"href":"https:\/\/portaltela.pt\/api\/wp\/v2\/posts\/225209","targetHints":{"allow":["GET"]}}],"collection":[{"href":"https:\/\/portaltela.pt\/api\/wp\/v2\/posts"}],"about":[{"href":"https:\/\/portaltela.pt\/api\/wp\/v2\/types\/post"}],"author":[{"embeddable":true,"href":"https:\/\/portaltela.pt\/api\/wp\/v2\/users\/2"}],"replies":[{"embeddable":true,"href":"https:\/\/portaltela.pt\/api\/wp\/v2\/comments?post=225209"}],"version-history":[{"count":0,"href":"https:\/\/portaltela.pt\/api\/wp\/v2\/posts\/225209\/revisions"}],"wp:featuredmedia":[{"embeddable":true,"href":"https:\/\/portaltela.pt\/api\/wp\/v2\/media\/225210"}],"wp:attachment":[{"href":"https:\/\/portaltela.pt\/api\/wp\/v2\/media?parent=225209"}],"wp:term":[{"taxonomy":"category","embeddable":true,"href":"https:\/\/portaltela.pt\/api\/wp\/v2\/categories?post=225209"},{"taxonomy":"post_tag","embeddable":true,"href":"https:\/\/portaltela.pt\/api\/wp\/v2\/tags?post=225209"}],"curies":[{"name":"wp","href":"https:\/\/api.w.org\/{rel}","templated":true}]}}