{"id":225180,"date":"2026-02-25T04:02:00","date_gmt":"2026-02-25T07:02:00","guid":{"rendered":"https:\/\/portaltela.pt\/noticias\/2026\/02\/25\/livre-pan-e-jpp-pedem-ampliar-apoio-ao-funeral-de-criancas-governo-analisa\/"},"modified":"2026-02-25T04:02:00","modified_gmt":"2026-02-25T07:02:00","slug":"livre-pan-e-jpp-pedem-ampliar-apoio-ao-funeral-de-criancas-governo-analisa","status":"publish","type":"post","link":"https:\/\/portaltela.pt\/noticias\/2026\/02\/25\/livre-pan-e-jpp-pedem-ampliar-apoio-ao-funeral-de-criancas-governo-analisa\/","title":{"rendered":"Livre, PAN e JPP pedem ampliar apoio ao funeral de crian\u00e7as; governo analisa"},"content":{"rendered":"<p>O movimento LIVRE, PAN e Juntos pelo Povo apresentaram propostas para aumentar o subs\u00eddio de funeral de crian\u00e7as, equiparando-o ao valor atribu\u00eddo a quem tem carreira contributiva. A ideia ganha for\u00e7a ap\u00f3s uma peti\u00e7\u00e3o que j\u00e1 soma mais de 5 mil assinaturas.<\/p>\n<p>O Minist\u00e9rio do Trabalho, Solidariedade e Seguran\u00e7a Social informou que o assunto est\u00e1 a ser analisado, sem adiantar prazos. A discuss\u00e3o envolve a lei que regula o reembolso de despesas de funeral pela Seguran\u00e7a Social.<\/p>\n<h3>Propostas em discuss\u00e3o<\/h3>\n<p>As propostas visam fixar o subs\u00eddio de funeral de menores no valor de tr\u00eas IAS, equivalente a cerca de 1.567 euros, atualmente inferior a esse patamar. A medida procuraria cobrir despesas t\u00edpicas de um funeral, considerando fam\u00edlias sem contributos diretos da Seguran\u00e7a Social.<\/p>\n<p>O Livre prop\u00f5e equiparar o apoio ao regime geral, com impacto or\u00e7amental considerado baixo. O PAN acrescenta a hip\u00f3tese de aumentar o apoio tamb\u00e9m para maiores de 18 anos ou acompanhados, mantendo a l\u00f3gica de v\u00e1rias faixas.<\/p>\n<h3>Contexto e peti\u00e7\u00e3o<\/h3>\n<p>A peti\u00e7\u00e3o, apresentada por Daniela Soares, sustenta que crian\u00e7as n\u00e3o trabalham nem contribuem, mas o funeral \u00e9 custeado pelos pais com carreira contributiva. A autora diz que o valor atual \u00e9 insuficiente face a custos de cerca de 1.000 euros para um funeral simples.<\/p>\n<p>Segundo as propostas, o objetivo \u00e9 evitar que o falecimento de um menor implique sofrimento econ\u00f3mico adicional para a fam\u00edlia. O texto aponta ainda que pessoas com defici\u00eancia poderiam beneficiar da mesma l\u00f3gica de reembolso.<\/p>\n<h3>Dados e impacto<\/h3>\n<p>Estima-se que existam cerca de 700 fam\u00edlias por ano em situa\u00e7\u00f5es semelhantes, segundo dados oficiais. Os apoiantes argumentam que elevar o subs\u00eddio reduziria o sofrimento financeiro sem onerarem significativamente o or\u00e7amento do Estado.<\/p>\n<p>A peti\u00e7\u00e3o j\u00e1 recolheu mais de 5.5 mil assinaturas e permanece em an\u00e1lise pelas autoridades competentes, que n\u00e3o avan\u00e7aram com uma decis\u00e3o final.<\/p>\n","protected":false},"excerpt":{"rendered":"<ul>\n<li>PAN, Livre e Juntos pelo Povo apresentam propostas para aumentar o subs\u00eddio de funeral de crian\u00e7as, equiparando-o ao valor para benefici\u00e1rios com carreira contributiva (cerca de 1.567 euros), atual 5,6 vezes menor.<\/li>\n<li>Atualmente o subs\u00eddio de funeral de crian\u00e7a \u00e9 50% do Indexante de Apoios Sociais (IAS), aproximadamente 268 euros, frente aos 1.567 euros para regime geral.<\/li>\n<li>Propostas defendem tr\u00eas IAS (aprox. 1.567 euros) como teto m\u00ednimo, com varia\u00e7\u00f5es entre as plicas para maiores de 18 anos ou com defici\u00eancia.<\/li>\n<li>A peti\u00e7\u00e3o j\u00e1 re\u00fane mais de 5.5 mil assinaturas, defendendo que o subs\u00eddio cubra pelo menos o custo de um funeral simples, citado em torno de 1.000 euros.<\/li>\n<li>O MTSSS indicou que o assunto est\u00e1 a ser analisado, em resposta \u00e0s iniciativas e \u00e0 peti\u00e7\u00e3o apresentada pela cidad\u00e3 Daniela Soares.<\/li>\n<\/ul>\n","protected":false},"author":2,"featured_media":225185,"comment_status":"closed","ping_status":"closed","sticky":false,"template":"","format":"standard","meta":{"footnotes":""},"categories":[1],"tags":[2172,3953,4408,133,173,5496],"class_list":["post-225180","post","type-post","status-publish","format-standard","has-post-thumbnail","hentry","category-noticias","tag-assistencia-social","tag-criancas","tag-direitos-sociais","tag-politicas-publicas","tag-protecao-social","tag-subsidio-de-funeral"],"yoast_head":"<!-- This site is optimized with the Yoast SEO plugin v27.2 - https:\/\/yoast.com\/product\/yoast-seo-wordpress\/ -->\n<title>Livre, PAN e JPP pedem ampliar apoio ao funeral de crian\u00e7as; governo analisa - Portal Tela Portugal<\/title>\n<meta name=\"robots\" content=\"index, follow, max-snippet:-1, max-image-preview:large, max-video-preview:-1\" \/>\n<meta property=\"og:locale\" content=\"pt_PT\" \/>\n<meta property=\"og:type\" content=\"article\" \/>\n<meta property=\"og:title\" content=\"Livre, PAN e JPP pedem ampliar apoio ao funeral de crian\u00e7as; governo analisa - Portal Tela Portugal\" \/>\n<meta property=\"og:description\" content=\"PAN, Livre e Juntos pelo Povo apresentam propostas para aumentar o subs\u00eddio de funeral de crian\u00e7as, equiparando-o ao valor para benefici\u00e1rios com carreira contributiva (cerca de 1.567 euros), atual 5,6 vezes menor. Atualmente o subs\u00eddio de funeral de crian\u00e7a \u00e9 50% do Indexante de Apoios Sociais (IAS), aproximadamente 268 euros, frente aos 1.567 euros para regime geral. Propostas defendem tr\u00eas IAS (aprox. 1.567 euros) como teto m\u00ednimo, com varia\u00e7\u00f5es entre as plicas para maiores de 18 anos ou com defici\u00eancia. A peti\u00e7\u00e3o j\u00e1 re\u00fane mais de 5.5 mil assinaturas, defendendo que o subs\u00eddio cubra pelo menos o custo de um funeral simples, citado em torno de 1.000 euros. O MTSSS indicou que o assunto est\u00e1 a ser analisado, em resposta \u00e0s iniciativas e \u00e0 peti\u00e7\u00e3o apresentada pela cidad\u00e3 Daniela Soares.\" \/>\n<meta property=\"og:url\" content=\"https:\/\/portaltela.pt\/noticias\/2026\/02\/25\/livre-pan-e-jpp-pedem-ampliar-apoio-ao-funeral-de-criancas-governo-analisa\/\" \/>\n<meta property=\"og:site_name\" content=\"Portal Tela Portugal\" \/>\n<meta property=\"article:published_time\" content=\"2026-02-25T07:02:00+00:00\" \/>\n<meta name=\"author\" content=\"Telinha\" \/>\n<meta name=\"twitter:card\" content=\"summary_large_image\" \/>\n<meta name=\"twitter:label1\" content=\"Escrito por\" \/>\n\t<meta name=\"twitter:data1\" content=\"Telinha\" \/>\n\t<meta name=\"twitter:label2\" content=\"Tempo estimado de leitura\" \/>\n\t<meta name=\"twitter:data2\" content=\"2 minutos\" \/>\n<script type=\"application\/ld+json\" class=\"yoast-schema-graph\">{\"@context\":\"https:\/\/schema.org\",\"@graph\":[{\"@type\":\"Article\",\"@id\":\"https:\/\/portaltela.pt\/noticias\/2026\/02\/25\/livre-pan-e-jpp-pedem-ampliar-apoio-ao-funeral-de-criancas-governo-analisa\/#article\",\"isPartOf\":{\"@id\":\"https:\/\/portaltela.pt\/noticias\/2026\/02\/25\/livre-pan-e-jpp-pedem-ampliar-apoio-ao-funeral-de-criancas-governo-analisa\/\"},\"author\":{\"name\":\"Telinha\",\"@id\":\"https:\/\/portaltela.pt\/#\/schema\/person\/c4278d4a6028830caff9ee44b42d32ed\"},\"headline\":\"Livre, PAN e JPP pedem ampliar apoio ao funeral de crian\u00e7as; governo analisa\",\"datePublished\":\"2026-02-25T07:02:00+00:00\",\"mainEntityOfPage\":{\"@id\":\"https:\/\/portaltela.pt\/noticias\/2026\/02\/25\/livre-pan-e-jpp-pedem-ampliar-apoio-ao-funeral-de-criancas-governo-analisa\/\"},\"wordCount\":345,\"image\":{\"@id\":\"https:\/\/portaltela.pt\/noticias\/2026\/02\/25\/livre-pan-e-jpp-pedem-ampliar-apoio-ao-funeral-de-criancas-governo-analisa\/#primaryimage\"},\"thumbnailUrl\":\"https:\/\/portaltela.pt\/s.01k8rhncp4jt1\/2026\/02\/2069407.jpg\",\"keywords\":[\"assist\u00eancia social\",\"crian\u00e7as\",\"direitos sociais\",\"pol\u00edticas p\u00fablicas\",\"prote\u00e7\u00e3o social\",\"subs\u00eddio de funeral\"],\"articleSection\":[\"Not\u00edcias\"],\"inLanguage\":\"pt-PT\"},{\"@type\":\"WebPage\",\"@id\":\"https:\/\/portaltela.pt\/noticias\/2026\/02\/25\/livre-pan-e-jpp-pedem-ampliar-apoio-ao-funeral-de-criancas-governo-analisa\/\",\"url\":\"https:\/\/portaltela.pt\/noticias\/2026\/02\/25\/livre-pan-e-jpp-pedem-ampliar-apoio-ao-funeral-de-criancas-governo-analisa\/\",\"name\":\"Livre, PAN e JPP pedem ampliar apoio ao funeral de crian\u00e7as; governo analisa - Portal Tela Portugal\",\"isPartOf\":{\"@id\":\"https:\/\/portaltela.pt\/#website\"},\"primaryImageOfPage\":{\"@id\":\"https:\/\/portaltela.pt\/noticias\/2026\/02\/25\/livre-pan-e-jpp-pedem-ampliar-apoio-ao-funeral-de-criancas-governo-analisa\/#primaryimage\"},\"image\":{\"@id\":\"https:\/\/portaltela.pt\/noticias\/2026\/02\/25\/livre-pan-e-jpp-pedem-ampliar-apoio-ao-funeral-de-criancas-governo-analisa\/#primaryimage\"},\"thumbnailUrl\":\"https:\/\/portaltela.pt\/s.01k8rhncp4jt1\/2026\/02\/2069407.jpg\",\"datePublished\":\"2026-02-25T07:02:00+00:00\",\"author\":{\"@id\":\"https:\/\/portaltela.pt\/#\/schema\/person\/c4278d4a6028830caff9ee44b42d32ed\"},\"breadcrumb\":{\"@id\":\"https:\/\/portaltela.pt\/noticias\/2026\/02\/25\/livre-pan-e-jpp-pedem-ampliar-apoio-ao-funeral-de-criancas-governo-analisa\/#breadcrumb\"},\"inLanguage\":\"pt-PT\",\"potentialAction\":[{\"@type\":\"ReadAction\",\"target\":[\"https:\/\/portaltela.pt\/noticias\/2026\/02\/25\/livre-pan-e-jpp-pedem-ampliar-apoio-ao-funeral-de-criancas-governo-analisa\/\"]}]},{\"@type\":\"ImageObject\",\"inLanguage\":\"pt-PT\",\"@id\":\"https:\/\/portaltela.pt\/noticias\/2026\/02\/25\/livre-pan-e-jpp-pedem-ampliar-apoio-ao-funeral-de-criancas-governo-analisa\/#primaryimage\",\"url\":\"https:\/\/portaltela.pt\/s.01k8rhncp4jt1\/2026\/02\/2069407.jpg\",\"contentUrl\":\"https:\/\/portaltela.pt\/s.01k8rhncp4jt1\/2026\/02\/2069407.jpg\",\"width\":796,\"height\":448,\"caption\":\"O valor do subs\u00eddio de funeral de uma crian\u00e7a corresponde a 50% de um Indexante de Apoios Sociais (IAS), que \u00e9 de cerca de 268 euros\"},{\"@type\":\"BreadcrumbList\",\"@id\":\"https:\/\/portaltela.pt\/noticias\/2026\/02\/25\/livre-pan-e-jpp-pedem-ampliar-apoio-ao-funeral-de-criancas-governo-analisa\/#breadcrumb\",\"itemListElement\":[{\"@type\":\"ListItem\",\"position\":1,\"name\":\"In\u00edcio\",\"item\":\"https:\/\/portaltela.pt\/\"},{\"@type\":\"ListItem\",\"position\":2,\"name\":\"Livre, PAN e JPP pedem ampliar apoio ao funeral de crian\u00e7as; governo analisa\"}]},{\"@type\":\"WebSite\",\"@id\":\"https:\/\/portaltela.pt\/#website\",\"url\":\"https:\/\/portaltela.pt\/\",\"name\":\"Portal Tela Portugal\",\"description\":\"\",\"potentialAction\":[{\"@type\":\"SearchAction\",\"target\":{\"@type\":\"EntryPoint\",\"urlTemplate\":\"https:\/\/portaltela.pt\/?s={search_term_string}\"},\"query-input\":{\"@type\":\"PropertyValueSpecification\",\"valueRequired\":true,\"valueName\":\"search_term_string\"}}],\"inLanguage\":\"pt-PT\"},{\"@type\":\"Person\",\"@id\":\"https:\/\/portaltela.pt\/#\/schema\/person\/c4278d4a6028830caff9ee44b42d32ed\",\"name\":\"Telinha\",\"image\":{\"@type\":\"ImageObject\",\"inLanguage\":\"pt-PT\",\"@id\":\"https:\/\/portaltela.pt\/s.01k8rhncp4jt1\/2025\/11\/talking-bot-125x125.png\",\"url\":\"https:\/\/portaltela.pt\/s.01k8rhncp4jt1\/2025\/11\/talking-bot-125x125.png\",\"contentUrl\":\"https:\/\/portaltela.pt\/s.01k8rhncp4jt1\/2025\/11\/talking-bot-125x125.png\",\"caption\":\"Telinha\"},\"sameAs\":[\"https:\/\/portaltela.pt\/\"],\"url\":\"https:\/\/portaltela.pt\/por\/367410592786\/\"}]}<\/script>\n<!-- \/ Yoast SEO plugin. -->","yoast_head_json":{"title":"Livre, PAN e JPP pedem ampliar apoio ao funeral de crian\u00e7as; governo analisa - Portal Tela Portugal","robots":{"index":"index","follow":"follow","max-snippet":"max-snippet:-1","max-image-preview":"max-image-preview:large","max-video-preview":"max-video-preview:-1"},"og_locale":"pt_PT","og_type":"article","og_title":"Livre, PAN e JPP pedem ampliar apoio ao funeral de crian\u00e7as; governo analisa - Portal Tela Portugal","og_description":"PAN, Livre e Juntos pelo Povo apresentam propostas para aumentar o subs\u00eddio de funeral de crian\u00e7as, equiparando-o ao valor para benefici\u00e1rios com carreira contributiva (cerca de 1.567 euros), atual 5,6 vezes menor. Atualmente o subs\u00eddio de funeral de crian\u00e7a \u00e9 50% do Indexante de Apoios Sociais (IAS), aproximadamente 268 euros, frente aos 1.567 euros para regime geral. Propostas defendem tr\u00eas IAS (aprox. 1.567 euros) como teto m\u00ednimo, com varia\u00e7\u00f5es entre as plicas para maiores de 18 anos ou com defici\u00eancia. A peti\u00e7\u00e3o j\u00e1 re\u00fane mais de 5.5 mil assinaturas, defendendo que o subs\u00eddio cubra pelo menos o custo de um funeral simples, citado em torno de 1.000 euros. O MTSSS indicou que o assunto est\u00e1 a ser analisado, em resposta \u00e0s iniciativas e \u00e0 peti\u00e7\u00e3o apresentada pela cidad\u00e3 Daniela Soares.","og_url":"https:\/\/portaltela.pt\/noticias\/2026\/02\/25\/livre-pan-e-jpp-pedem-ampliar-apoio-ao-funeral-de-criancas-governo-analisa\/","og_site_name":"Portal Tela Portugal","article_published_time":"2026-02-25T07:02:00+00:00","author":"Telinha","twitter_card":"summary_large_image","twitter_misc":{"Escrito por":"Telinha","Tempo estimado de leitura":"2 minutos"},"schema":{"@context":"https:\/\/schema.org","@graph":[{"@type":"Article","@id":"https:\/\/portaltela.pt\/noticias\/2026\/02\/25\/livre-pan-e-jpp-pedem-ampliar-apoio-ao-funeral-de-criancas-governo-analisa\/#article","isPartOf":{"@id":"https:\/\/portaltela.pt\/noticias\/2026\/02\/25\/livre-pan-e-jpp-pedem-ampliar-apoio-ao-funeral-de-criancas-governo-analisa\/"},"author":{"name":"Telinha","@id":"https:\/\/portaltela.pt\/#\/schema\/person\/c4278d4a6028830caff9ee44b42d32ed"},"headline":"Livre, PAN e JPP pedem ampliar apoio ao funeral de crian\u00e7as; governo analisa","datePublished":"2026-02-25T07:02:00+00:00","mainEntityOfPage":{"@id":"https:\/\/portaltela.pt\/noticias\/2026\/02\/25\/livre-pan-e-jpp-pedem-ampliar-apoio-ao-funeral-de-criancas-governo-analisa\/"},"wordCount":345,"image":{"@id":"https:\/\/portaltela.pt\/noticias\/2026\/02\/25\/livre-pan-e-jpp-pedem-ampliar-apoio-ao-funeral-de-criancas-governo-analisa\/#primaryimage"},"thumbnailUrl":"https:\/\/portaltela.pt\/s.01k8rhncp4jt1\/2026\/02\/2069407.jpg","keywords":["assist\u00eancia social","crian\u00e7as","direitos sociais","pol\u00edticas p\u00fablicas","prote\u00e7\u00e3o social","subs\u00eddio de funeral"],"articleSection":["Not\u00edcias"],"inLanguage":"pt-PT"},{"@type":"WebPage","@id":"https:\/\/portaltela.pt\/noticias\/2026\/02\/25\/livre-pan-e-jpp-pedem-ampliar-apoio-ao-funeral-de-criancas-governo-analisa\/","url":"https:\/\/portaltela.pt\/noticias\/2026\/02\/25\/livre-pan-e-jpp-pedem-ampliar-apoio-ao-funeral-de-criancas-governo-analisa\/","name":"Livre, PAN e JPP pedem ampliar apoio ao funeral de crian\u00e7as; governo analisa - Portal Tela Portugal","isPartOf":{"@id":"https:\/\/portaltela.pt\/#website"},"primaryImageOfPage":{"@id":"https:\/\/portaltela.pt\/noticias\/2026\/02\/25\/livre-pan-e-jpp-pedem-ampliar-apoio-ao-funeral-de-criancas-governo-analisa\/#primaryimage"},"image":{"@id":"https:\/\/portaltela.pt\/noticias\/2026\/02\/25\/livre-pan-e-jpp-pedem-ampliar-apoio-ao-funeral-de-criancas-governo-analisa\/#primaryimage"},"thumbnailUrl":"https:\/\/portaltela.pt\/s.01k8rhncp4jt1\/2026\/02\/2069407.jpg","datePublished":"2026-02-25T07:02:00+00:00","author":{"@id":"https:\/\/portaltela.pt\/#\/schema\/person\/c4278d4a6028830caff9ee44b42d32ed"},"breadcrumb":{"@id":"https:\/\/portaltela.pt\/noticias\/2026\/02\/25\/livre-pan-e-jpp-pedem-ampliar-apoio-ao-funeral-de-criancas-governo-analisa\/#breadcrumb"},"inLanguage":"pt-PT","potentialAction":[{"@type":"ReadAction","target":["https:\/\/portaltela.pt\/noticias\/2026\/02\/25\/livre-pan-e-jpp-pedem-ampliar-apoio-ao-funeral-de-criancas-governo-analisa\/"]}]},{"@type":"ImageObject","inLanguage":"pt-PT","@id":"https:\/\/portaltela.pt\/noticias\/2026\/02\/25\/livre-pan-e-jpp-pedem-ampliar-apoio-ao-funeral-de-criancas-governo-analisa\/#primaryimage","url":"https:\/\/portaltela.pt\/s.01k8rhncp4jt1\/2026\/02\/2069407.jpg","contentUrl":"https:\/\/portaltela.pt\/s.01k8rhncp4jt1\/2026\/02\/2069407.jpg","width":796,"height":448,"caption":"O valor do subs\u00eddio de funeral de uma crian\u00e7a corresponde a 50% de um Indexante de Apoios Sociais (IAS), que \u00e9 de cerca de 268 euros"},{"@type":"BreadcrumbList","@id":"https:\/\/portaltela.pt\/noticias\/2026\/02\/25\/livre-pan-e-jpp-pedem-ampliar-apoio-ao-funeral-de-criancas-governo-analisa\/#breadcrumb","itemListElement":[{"@type":"ListItem","position":1,"name":"In\u00edcio","item":"https:\/\/portaltela.pt\/"},{"@type":"ListItem","position":2,"name":"Livre, PAN e JPP pedem ampliar apoio ao funeral de crian\u00e7as; governo analisa"}]},{"@type":"WebSite","@id":"https:\/\/portaltela.pt\/#website","url":"https:\/\/portaltela.pt\/","name":"Portal Tela Portugal","description":"","potentialAction":[{"@type":"SearchAction","target":{"@type":"EntryPoint","urlTemplate":"https:\/\/portaltela.pt\/?s={search_term_string}"},"query-input":{"@type":"PropertyValueSpecification","valueRequired":true,"valueName":"search_term_string"}}],"inLanguage":"pt-PT"},{"@type":"Person","@id":"https:\/\/portaltela.pt\/#\/schema\/person\/c4278d4a6028830caff9ee44b42d32ed","name":"Telinha","image":{"@type":"ImageObject","inLanguage":"pt-PT","@id":"https:\/\/portaltela.pt\/s.01k8rhncp4jt1\/2025\/11\/talking-bot-125x125.png","url":"https:\/\/portaltela.pt\/s.01k8rhncp4jt1\/2025\/11\/talking-bot-125x125.png","contentUrl":"https:\/\/portaltela.pt\/s.01k8rhncp4jt1\/2025\/11\/talking-bot-125x125.png","caption":"Telinha"},"sameAs":["https:\/\/portaltela.pt\/"],"url":"https:\/\/portaltela.pt\/por\/367410592786\/"}]}},"_links":{"self":[{"href":"https:\/\/portaltela.pt\/api\/wp\/v2\/posts\/225180","targetHints":{"allow":["GET"]}}],"collection":[{"href":"https:\/\/portaltela.pt\/api\/wp\/v2\/posts"}],"about":[{"href":"https:\/\/portaltela.pt\/api\/wp\/v2\/types\/post"}],"author":[{"embeddable":true,"href":"https:\/\/portaltela.pt\/api\/wp\/v2\/users\/2"}],"replies":[{"embeddable":true,"href":"https:\/\/portaltela.pt\/api\/wp\/v2\/comments?post=225180"}],"version-history":[{"count":0,"href":"https:\/\/portaltela.pt\/api\/wp\/v2\/posts\/225180\/revisions"}],"wp:featuredmedia":[{"embeddable":true,"href":"https:\/\/portaltela.pt\/api\/wp\/v2\/media\/225185"}],"wp:attachment":[{"href":"https:\/\/portaltela.pt\/api\/wp\/v2\/media?parent=225180"}],"wp:term":[{"taxonomy":"category","embeddable":true,"href":"https:\/\/portaltela.pt\/api\/wp\/v2\/categories?post=225180"},{"taxonomy":"post_tag","embeddable":true,"href":"https:\/\/portaltela.pt\/api\/wp\/v2\/tags?post=225180"}],"curies":[{"name":"wp","href":"https:\/\/api.w.org\/{rel}","templated":true}]}}