{"id":225173,"date":"2026-02-24T22:00:00","date_gmt":"2026-02-25T01:00:00","guid":{"rendered":"https:\/\/portaltela.pt\/noticias\/2026\/02\/24\/autarca-critica-duramente-o-ministro-da-agricultura\/"},"modified":"2026-02-24T22:00:00","modified_gmt":"2026-02-25T01:00:00","slug":"autarca-critica-duramente-o-ministro-da-agricultura","status":"publish","type":"post","link":"https:\/\/portaltela.pt\/noticias\/politica\/2026\/02\/24\/autarca-critica-duramente-o-ministro-da-agricultura\/","title":{"rendered":"Autarca critica duramente o Ministro da Agricultura"},"content":{"rendered":"<p>Ana Abrunhosa criticou o ministro da Agricultura, Jos\u00e9 Manuel Fernandes, por n\u00e3o ter reunido previamente com os autarcas antes de falar \u00e0 comunica\u00e7\u00e3o social. O reparo ocorreu em Coimbra, durante o arranque de uma visita com o presidente da Ag\u00eancia Portuguesa do Ambiente (APA).<\/p>\n<p>A ocasi\u00e3o decorreu junto \u00e0s obras de reconstru\u00e7\u00e3o dos diques do rio Mondego, que rebentaram ap\u00f3s as cheias recente na regi\u00e3o. A titular da pasta da Moderniza\u00e7\u00e3o Administrativa referiu o epis\u00f3dio em presen\u00e7a de jornalistas.<\/p>\n<p>Abrunhosa sublinhou que, \u00e0 chegada a Casais, em S\u00e3o Jo\u00e3o do Campo, junto \u00e0s obras de estabiliza\u00e7\u00e3o da autoestrada do Norte, n\u00e3o houve reuni\u00e3o com os autarcas locais. A deputada afirmou tratar-se de um dever institucional.<\/p>\n","protected":false},"excerpt":{"rendered":"<ul>\n<li>Ana Abrunhosa criticou Jos\u00e9 Manuel Fernandes por n\u00e3o reunir com autarcas antes de falar aos jornalistas, em Coimbra.<\/li>\n<li>O momento ocorreu durante o arranque de uma visita \u00e0s obras de reconstru\u00e7\u00e3o dos diques do rio Mondego, com o presidente da Ag\u00eancia Portuguesa do Ambiente.<\/li>\n<li>A agenda incluiu uma passagem por Casais, em S\u00e3o Jo\u00e3o do Campo, junto \u00e0s obras de estabiliza\u00e7\u00e3o da Autoestrada do Norte.<\/li>\n<li>Abrunhosa lembrou ao ministro que era dever institucional reunir com os autarcas antes de fazer declara\u00e7\u00f5es \u00e0 comunica\u00e7\u00e3o social.<\/li>\n<li>As obras visam estabilizar infraestruturas ap\u00f3s as cheias que assolaram a regi\u00e3o nas \u00faltimas semanas.<\/li>\n<\/ul>\n","protected":false},"author":2,"featured_media":225176,"comment_status":"closed","ping_status":"closed","sticky":false,"template":"","format":"standard","meta":{"footnotes":""},"categories":[1,5],"tags":[4847,167,5901,4085,3057,1070],"class_list":["post-225173","post","type-post","status-publish","format-standard","has-post-thumbnail","hentry","category-noticias","category-politica","tag-administracao-central","tag-ambiente","tag-ana-abrunhosa","tag-apa","tag-autarcas","tag-coimbra"],"yoast_head":"<!-- This site is optimized with the Yoast SEO plugin v27.2 - https:\/\/yoast.com\/product\/yoast-seo-wordpress\/ -->\n<title>Autarca critica duramente o Ministro da Agricultura - Portal Tela Portugal<\/title>\n<meta name=\"robots\" content=\"index, follow, max-snippet:-1, max-image-preview:large, max-video-preview:-1\" \/>\n<meta property=\"og:locale\" content=\"pt_PT\" \/>\n<meta property=\"og:type\" content=\"article\" \/>\n<meta property=\"og:title\" content=\"Autarca critica duramente o Ministro da Agricultura - Portal Tela Portugal\" \/>\n<meta property=\"og:description\" content=\"Ana Abrunhosa criticou Jos\u00e9 Manuel Fernandes por n\u00e3o reunir com autarcas antes de falar aos jornalistas, em Coimbra. O momento ocorreu durante o arranque de uma visita \u00e0s obras de reconstru\u00e7\u00e3o dos diques do rio Mondego, com o presidente da Ag\u00eancia Portuguesa do Ambiente. A agenda incluiu uma passagem por Casais, em S\u00e3o Jo\u00e3o do Campo, junto \u00e0s obras de estabiliza\u00e7\u00e3o da Autoestrada do Norte. Abrunhosa lembrou ao ministro que era dever institucional reunir com os autarcas antes de fazer declara\u00e7\u00f5es \u00e0 comunica\u00e7\u00e3o social. As obras visam estabilizar infraestruturas ap\u00f3s as cheias que assolaram a regi\u00e3o nas \u00faltimas semanas.\" \/>\n<meta property=\"og:url\" content=\"https:\/\/portaltela.pt\/noticias\/2026\/02\/24\/autarca-critica-duramente-o-ministro-da-agricultura\/\" \/>\n<meta property=\"og:site_name\" content=\"Portal Tela Portugal\" \/>\n<meta property=\"article:published_time\" content=\"2026-02-25T01:00:00+00:00\" \/>\n<meta name=\"author\" content=\"Telinha\" \/>\n<meta name=\"twitter:card\" content=\"summary_large_image\" \/>\n<meta name=\"twitter:label1\" content=\"Escrito por\" \/>\n\t<meta name=\"twitter:data1\" content=\"Telinha\" \/>\n\t<meta name=\"twitter:label2\" content=\"Tempo estimado de leitura\" \/>\n\t<meta name=\"twitter:data2\" content=\"1 minuto\" \/>\n<script type=\"application\/ld+json\" class=\"yoast-schema-graph\">{\"@context\":\"https:\/\/schema.org\",\"@graph\":[{\"@type\":\"Article\",\"@id\":\"https:\/\/portaltela.pt\/noticias\/2026\/02\/24\/autarca-critica-duramente-o-ministro-da-agricultura\/#article\",\"isPartOf\":{\"@id\":\"https:\/\/portaltela.pt\/noticias\/2026\/02\/24\/autarca-critica-duramente-o-ministro-da-agricultura\/\"},\"author\":{\"name\":\"Telinha\",\"@id\":\"https:\/\/portaltela.pt\/#\/schema\/person\/c4278d4a6028830caff9ee44b42d32ed\"},\"headline\":\"Autarca critica duramente o Ministro da Agricultura\",\"datePublished\":\"2026-02-25T01:00:00+00:00\",\"mainEntityOfPage\":{\"@id\":\"https:\/\/portaltela.pt\/noticias\/2026\/02\/24\/autarca-critica-duramente-o-ministro-da-agricultura\/\"},\"wordCount\":135,\"image\":{\"@id\":\"https:\/\/portaltela.pt\/noticias\/2026\/02\/24\/autarca-critica-duramente-o-ministro-da-agricultura\/#primaryimage\"},\"thumbnailUrl\":\"https:\/\/portaltela.pt\/s.01k8rhncp4jt1\/2026\/02\/2165921.jpg\",\"keywords\":[\"Administra\u00e7\u00e3o Central\",\"ambiente\",\"Ana Abrunhosa\",\"APA\",\"autarcas\",\"Coimbra\"],\"articleSection\":[\"Not\u00edcias\",\"Pol\u00edtica\"],\"inLanguage\":\"pt-PT\"},{\"@type\":\"WebPage\",\"@id\":\"https:\/\/portaltela.pt\/noticias\/2026\/02\/24\/autarca-critica-duramente-o-ministro-da-agricultura\/\",\"url\":\"https:\/\/portaltela.pt\/noticias\/2026\/02\/24\/autarca-critica-duramente-o-ministro-da-agricultura\/\",\"name\":\"Autarca critica duramente o Ministro da Agricultura - Portal Tela Portugal\",\"isPartOf\":{\"@id\":\"https:\/\/portaltela.pt\/#website\"},\"primaryImageOfPage\":{\"@id\":\"https:\/\/portaltela.pt\/noticias\/2026\/02\/24\/autarca-critica-duramente-o-ministro-da-agricultura\/#primaryimage\"},\"image\":{\"@id\":\"https:\/\/portaltela.pt\/noticias\/2026\/02\/24\/autarca-critica-duramente-o-ministro-da-agricultura\/#primaryimage\"},\"thumbnailUrl\":\"https:\/\/portaltela.pt\/s.01k8rhncp4jt1\/2026\/02\/2165921.jpg\",\"datePublished\":\"2026-02-25T01:00:00+00:00\",\"author\":{\"@id\":\"https:\/\/portaltela.pt\/#\/schema\/person\/c4278d4a6028830caff9ee44b42d32ed\"},\"breadcrumb\":{\"@id\":\"https:\/\/portaltela.pt\/noticias\/2026\/02\/24\/autarca-critica-duramente-o-ministro-da-agricultura\/#breadcrumb\"},\"inLanguage\":\"pt-PT\",\"potentialAction\":[{\"@type\":\"ReadAction\",\"target\":[\"https:\/\/portaltela.pt\/noticias\/2026\/02\/24\/autarca-critica-duramente-o-ministro-da-agricultura\/\"]}]},{\"@type\":\"ImageObject\",\"inLanguage\":\"pt-PT\",\"@id\":\"https:\/\/portaltela.pt\/noticias\/2026\/02\/24\/autarca-critica-duramente-o-ministro-da-agricultura\/#primaryimage\",\"url\":\"https:\/\/portaltela.pt\/s.01k8rhncp4jt1\/2026\/02\/2165921.jpg\",\"contentUrl\":\"https:\/\/portaltela.pt\/s.01k8rhncp4jt1\/2026\/02\/2165921.jpg\",\"width\":796,\"height\":448,\"caption\":\"Photo\"},{\"@type\":\"BreadcrumbList\",\"@id\":\"https:\/\/portaltela.pt\/noticias\/2026\/02\/24\/autarca-critica-duramente-o-ministro-da-agricultura\/#breadcrumb\",\"itemListElement\":[{\"@type\":\"ListItem\",\"position\":1,\"name\":\"In\u00edcio\",\"item\":\"https:\/\/portaltela.pt\/\"},{\"@type\":\"ListItem\",\"position\":2,\"name\":\"Autarca critica duramente o Ministro da Agricultura\"}]},{\"@type\":\"WebSite\",\"@id\":\"https:\/\/portaltela.pt\/#website\",\"url\":\"https:\/\/portaltela.pt\/\",\"name\":\"Portal Tela Portugal\",\"description\":\"\",\"potentialAction\":[{\"@type\":\"SearchAction\",\"target\":{\"@type\":\"EntryPoint\",\"urlTemplate\":\"https:\/\/portaltela.pt\/?s={search_term_string}\"},\"query-input\":{\"@type\":\"PropertyValueSpecification\",\"valueRequired\":true,\"valueName\":\"search_term_string\"}}],\"inLanguage\":\"pt-PT\"},{\"@type\":\"Person\",\"@id\":\"https:\/\/portaltela.pt\/#\/schema\/person\/c4278d4a6028830caff9ee44b42d32ed\",\"name\":\"Telinha\",\"image\":{\"@type\":\"ImageObject\",\"inLanguage\":\"pt-PT\",\"@id\":\"https:\/\/portaltela.pt\/s.01k8rhncp4jt1\/2025\/11\/talking-bot-125x125.png\",\"url\":\"https:\/\/portaltela.pt\/s.01k8rhncp4jt1\/2025\/11\/talking-bot-125x125.png\",\"contentUrl\":\"https:\/\/portaltela.pt\/s.01k8rhncp4jt1\/2025\/11\/talking-bot-125x125.png\",\"caption\":\"Telinha\"},\"sameAs\":[\"https:\/\/portaltela.pt\/\"],\"url\":\"https:\/\/portaltela.pt\/por\/367410592786\/\"}]}<\/script>\n<!-- \/ Yoast SEO plugin. -->","yoast_head_json":{"title":"Autarca critica duramente o Ministro da Agricultura - Portal Tela Portugal","robots":{"index":"index","follow":"follow","max-snippet":"max-snippet:-1","max-image-preview":"max-image-preview:large","max-video-preview":"max-video-preview:-1"},"og_locale":"pt_PT","og_type":"article","og_title":"Autarca critica duramente o Ministro da Agricultura - Portal Tela Portugal","og_description":"Ana Abrunhosa criticou Jos\u00e9 Manuel Fernandes por n\u00e3o reunir com autarcas antes de falar aos jornalistas, em Coimbra. O momento ocorreu durante o arranque de uma visita \u00e0s obras de reconstru\u00e7\u00e3o dos diques do rio Mondego, com o presidente da Ag\u00eancia Portuguesa do Ambiente. A agenda incluiu uma passagem por Casais, em S\u00e3o Jo\u00e3o do Campo, junto \u00e0s obras de estabiliza\u00e7\u00e3o da Autoestrada do Norte. Abrunhosa lembrou ao ministro que era dever institucional reunir com os autarcas antes de fazer declara\u00e7\u00f5es \u00e0 comunica\u00e7\u00e3o social. As obras visam estabilizar infraestruturas ap\u00f3s as cheias que assolaram a regi\u00e3o nas \u00faltimas semanas.","og_url":"https:\/\/portaltela.pt\/noticias\/2026\/02\/24\/autarca-critica-duramente-o-ministro-da-agricultura\/","og_site_name":"Portal Tela Portugal","article_published_time":"2026-02-25T01:00:00+00:00","author":"Telinha","twitter_card":"summary_large_image","twitter_misc":{"Escrito por":"Telinha","Tempo estimado de leitura":"1 minuto"},"schema":{"@context":"https:\/\/schema.org","@graph":[{"@type":"Article","@id":"https:\/\/portaltela.pt\/noticias\/2026\/02\/24\/autarca-critica-duramente-o-ministro-da-agricultura\/#article","isPartOf":{"@id":"https:\/\/portaltela.pt\/noticias\/2026\/02\/24\/autarca-critica-duramente-o-ministro-da-agricultura\/"},"author":{"name":"Telinha","@id":"https:\/\/portaltela.pt\/#\/schema\/person\/c4278d4a6028830caff9ee44b42d32ed"},"headline":"Autarca critica duramente o Ministro da Agricultura","datePublished":"2026-02-25T01:00:00+00:00","mainEntityOfPage":{"@id":"https:\/\/portaltela.pt\/noticias\/2026\/02\/24\/autarca-critica-duramente-o-ministro-da-agricultura\/"},"wordCount":135,"image":{"@id":"https:\/\/portaltela.pt\/noticias\/2026\/02\/24\/autarca-critica-duramente-o-ministro-da-agricultura\/#primaryimage"},"thumbnailUrl":"https:\/\/portaltela.pt\/s.01k8rhncp4jt1\/2026\/02\/2165921.jpg","keywords":["Administra\u00e7\u00e3o Central","ambiente","Ana Abrunhosa","APA","autarcas","Coimbra"],"articleSection":["Not\u00edcias","Pol\u00edtica"],"inLanguage":"pt-PT"},{"@type":"WebPage","@id":"https:\/\/portaltela.pt\/noticias\/2026\/02\/24\/autarca-critica-duramente-o-ministro-da-agricultura\/","url":"https:\/\/portaltela.pt\/noticias\/2026\/02\/24\/autarca-critica-duramente-o-ministro-da-agricultura\/","name":"Autarca critica duramente o Ministro da Agricultura - Portal Tela Portugal","isPartOf":{"@id":"https:\/\/portaltela.pt\/#website"},"primaryImageOfPage":{"@id":"https:\/\/portaltela.pt\/noticias\/2026\/02\/24\/autarca-critica-duramente-o-ministro-da-agricultura\/#primaryimage"},"image":{"@id":"https:\/\/portaltela.pt\/noticias\/2026\/02\/24\/autarca-critica-duramente-o-ministro-da-agricultura\/#primaryimage"},"thumbnailUrl":"https:\/\/portaltela.pt\/s.01k8rhncp4jt1\/2026\/02\/2165921.jpg","datePublished":"2026-02-25T01:00:00+00:00","author":{"@id":"https:\/\/portaltela.pt\/#\/schema\/person\/c4278d4a6028830caff9ee44b42d32ed"},"breadcrumb":{"@id":"https:\/\/portaltela.pt\/noticias\/2026\/02\/24\/autarca-critica-duramente-o-ministro-da-agricultura\/#breadcrumb"},"inLanguage":"pt-PT","potentialAction":[{"@type":"ReadAction","target":["https:\/\/portaltela.pt\/noticias\/2026\/02\/24\/autarca-critica-duramente-o-ministro-da-agricultura\/"]}]},{"@type":"ImageObject","inLanguage":"pt-PT","@id":"https:\/\/portaltela.pt\/noticias\/2026\/02\/24\/autarca-critica-duramente-o-ministro-da-agricultura\/#primaryimage","url":"https:\/\/portaltela.pt\/s.01k8rhncp4jt1\/2026\/02\/2165921.jpg","contentUrl":"https:\/\/portaltela.pt\/s.01k8rhncp4jt1\/2026\/02\/2165921.jpg","width":796,"height":448,"caption":"Photo"},{"@type":"BreadcrumbList","@id":"https:\/\/portaltela.pt\/noticias\/2026\/02\/24\/autarca-critica-duramente-o-ministro-da-agricultura\/#breadcrumb","itemListElement":[{"@type":"ListItem","position":1,"name":"In\u00edcio","item":"https:\/\/portaltela.pt\/"},{"@type":"ListItem","position":2,"name":"Autarca critica duramente o Ministro da Agricultura"}]},{"@type":"WebSite","@id":"https:\/\/portaltela.pt\/#website","url":"https:\/\/portaltela.pt\/","name":"Portal Tela Portugal","description":"","potentialAction":[{"@type":"SearchAction","target":{"@type":"EntryPoint","urlTemplate":"https:\/\/portaltela.pt\/?s={search_term_string}"},"query-input":{"@type":"PropertyValueSpecification","valueRequired":true,"valueName":"search_term_string"}}],"inLanguage":"pt-PT"},{"@type":"Person","@id":"https:\/\/portaltela.pt\/#\/schema\/person\/c4278d4a6028830caff9ee44b42d32ed","name":"Telinha","image":{"@type":"ImageObject","inLanguage":"pt-PT","@id":"https:\/\/portaltela.pt\/s.01k8rhncp4jt1\/2025\/11\/talking-bot-125x125.png","url":"https:\/\/portaltela.pt\/s.01k8rhncp4jt1\/2025\/11\/talking-bot-125x125.png","contentUrl":"https:\/\/portaltela.pt\/s.01k8rhncp4jt1\/2025\/11\/talking-bot-125x125.png","caption":"Telinha"},"sameAs":["https:\/\/portaltela.pt\/"],"url":"https:\/\/portaltela.pt\/por\/367410592786\/"}]}},"_links":{"self":[{"href":"https:\/\/portaltela.pt\/api\/wp\/v2\/posts\/225173","targetHints":{"allow":["GET"]}}],"collection":[{"href":"https:\/\/portaltela.pt\/api\/wp\/v2\/posts"}],"about":[{"href":"https:\/\/portaltela.pt\/api\/wp\/v2\/types\/post"}],"author":[{"embeddable":true,"href":"https:\/\/portaltela.pt\/api\/wp\/v2\/users\/2"}],"replies":[{"embeddable":true,"href":"https:\/\/portaltela.pt\/api\/wp\/v2\/comments?post=225173"}],"version-history":[{"count":0,"href":"https:\/\/portaltela.pt\/api\/wp\/v2\/posts\/225173\/revisions"}],"wp:featuredmedia":[{"embeddable":true,"href":"https:\/\/portaltela.pt\/api\/wp\/v2\/media\/225176"}],"wp:attachment":[{"href":"https:\/\/portaltela.pt\/api\/wp\/v2\/media?parent=225173"}],"wp:term":[{"taxonomy":"category","embeddable":true,"href":"https:\/\/portaltela.pt\/api\/wp\/v2\/categories?post=225173"},{"taxonomy":"post_tag","embeddable":true,"href":"https:\/\/portaltela.pt\/api\/wp\/v2\/tags?post=225173"}],"curies":[{"name":"wp","href":"https:\/\/api.w.org\/{rel}","templated":true}]}}