{"id":225169,"date":"2026-02-25T04:11:00","date_gmt":"2026-02-25T07:11:00","guid":{"rendered":"https:\/\/portaltela.pt\/noticias\/2026\/02\/25\/diogo-carmona-honra-representar-portugal-nos-paralimpicos-de-inverno\/"},"modified":"2026-02-25T04:11:00","modified_gmt":"2026-02-25T07:11:00","slug":"diogo-carmona-honra-representar-portugal-nos-paralimpicos-de-inverno","status":"publish","type":"post","link":"https:\/\/portaltela.pt\/desporto\/2026\/02\/25\/diogo-carmona-honra-representar-portugal-nos-paralimpicos-de-inverno\/","title":{"rendered":"Diogo Carmona honra representar Portugal nos Paral\u00edmpicos de Inverno"},"content":{"rendered":"<p>Diogo Carmona, 28 anos, ex-ator de novelas juvenis, revelou \u00e0 Record que est\u00e1 prestes a tornar-se atleta paral\u00edmpico e pode tornar-se no primeiro portugu\u00eas a competir nos Jogos Paral\u00edmpicos de Inverno.<\/p>\n<p>Em 2019, Carmona perdeu uma perna ap\u00f3s ser atropelado por um comboio, um acontecimento que marcou a sua vida e o impulsionou a seguir caminho desportivo adaptado.<\/p>\n<p>A entrevista detalha o objetivo de competir a alto n\u00edvel e a colabora\u00e7\u00e3o de equipa e treinadores, sem data oficial j\u00e1 anunciada para a participa\u00e7\u00e3o nos Jogos Paral\u00edmpicos de Inverno.<\/p>\n","protected":false},"excerpt":{"rendered":"<ul>\n<li>Diogo Carmona, ex-ator de novelas populares entre adolescentes, tem 28 anos.<\/li>\n<li>Vai tornar-se atleta paral\u00edmpico e pode ser o primeiro portugu\u00eas a competir nos Jogos Paral\u00edmpicos de Inverno.<\/li>\n<li>A informa\u00e7\u00e3o resulta de uma entrevista \u00e0 revista Record.<\/li>\n<li>Em 2019, foi atropelado por um comboio, o que lhe fez perder uma perna.<\/li>\n<li>A not\u00edcia descreve o percurso que o leva a representar Portugal nos Jogos Paral\u00edmpicos de Inverno.<\/li>\n<\/ul>\n","protected":false},"author":2,"featured_media":225171,"comment_status":"closed","ping_status":"closed","sticky":false,"template":"","format":"standard","meta":{"footnotes":""},"categories":[21],"tags":[252,152,635,2737,1014],"class_list":["post-225169","post","type-post","status-publish","format-standard","has-post-thumbnail","hentry","category-desporto","tag-atletas","tag-desporto","tag-desporto-adaptado","tag-pessoas-com-deficiencia","tag-portugal"],"yoast_head":"<!-- This site is optimized with the Yoast SEO plugin v27.2 - https:\/\/yoast.com\/product\/yoast-seo-wordpress\/ -->\n<title>Diogo Carmona honra representar Portugal nos Paral\u00edmpicos de Inverno - Portal Tela Portugal<\/title>\n<meta name=\"robots\" content=\"index, follow, max-snippet:-1, max-image-preview:large, max-video-preview:-1\" \/>\n<meta property=\"og:locale\" content=\"pt_PT\" \/>\n<meta property=\"og:type\" content=\"article\" \/>\n<meta property=\"og:title\" content=\"Diogo Carmona honra representar Portugal nos Paral\u00edmpicos de Inverno - Portal Tela Portugal\" \/>\n<meta property=\"og:description\" content=\"Diogo Carmona, ex-ator de novelas populares entre adolescentes, tem 28 anos. Vai tornar-se atleta paral\u00edmpico e pode ser o primeiro portugu\u00eas a competir nos Jogos Paral\u00edmpicos de Inverno. A informa\u00e7\u00e3o resulta de uma entrevista \u00e0 revista Record. Em 2019, foi atropelado por um comboio, o que lhe fez perder uma perna. A not\u00edcia descreve o percurso que o leva a representar Portugal nos Jogos Paral\u00edmpicos de Inverno.\" \/>\n<meta property=\"og:url\" content=\"https:\/\/portaltela.pt\/noticias\/2026\/02\/25\/diogo-carmona-honra-representar-portugal-nos-paralimpicos-de-inverno\/\" \/>\n<meta property=\"og:site_name\" content=\"Portal Tela Portugal\" \/>\n<meta property=\"article:published_time\" content=\"2026-02-25T07:11:00+00:00\" \/>\n<meta name=\"author\" content=\"Telinha\" \/>\n<meta name=\"twitter:card\" content=\"summary_large_image\" \/>\n<meta name=\"twitter:label1\" content=\"Escrito por\" \/>\n\t<meta name=\"twitter:data1\" content=\"Telinha\" \/>\n<script type=\"application\/ld+json\" class=\"yoast-schema-graph\">{\"@context\":\"https:\/\/schema.org\",\"@graph\":[{\"@type\":\"Article\",\"@id\":\"https:\/\/portaltela.pt\/noticias\/2026\/02\/25\/diogo-carmona-honra-representar-portugal-nos-paralimpicos-de-inverno\/#article\",\"isPartOf\":{\"@id\":\"https:\/\/portaltela.pt\/noticias\/2026\/02\/25\/diogo-carmona-honra-representar-portugal-nos-paralimpicos-de-inverno\/\"},\"author\":{\"name\":\"Telinha\",\"@id\":\"https:\/\/portaltela.pt\/#\/schema\/person\/c4278d4a6028830caff9ee44b42d32ed\"},\"headline\":\"Diogo Carmona honra representar Portugal nos Paral\u00edmpicos de Inverno\",\"datePublished\":\"2026-02-25T07:11:00+00:00\",\"mainEntityOfPage\":{\"@id\":\"https:\/\/portaltela.pt\/noticias\/2026\/02\/25\/diogo-carmona-honra-representar-portugal-nos-paralimpicos-de-inverno\/\"},\"wordCount\":103,\"image\":{\"@id\":\"https:\/\/portaltela.pt\/noticias\/2026\/02\/25\/diogo-carmona-honra-representar-portugal-nos-paralimpicos-de-inverno\/#primaryimage\"},\"thumbnailUrl\":\"https:\/\/portaltela.pt\/s.01k8rhncp4jt1\/2026\/02\/img_1200x721uu2026-02-22-18-12-41-2423134.jpg\",\"keywords\":[\"atletas\",\"desporto\",\"desporto adaptado\",\"pessoas com defici\u00eancia\",\"Portugal\"],\"articleSection\":[\"Desporto\"],\"inLanguage\":\"pt-PT\"},{\"@type\":\"WebPage\",\"@id\":\"https:\/\/portaltela.pt\/noticias\/2026\/02\/25\/diogo-carmona-honra-representar-portugal-nos-paralimpicos-de-inverno\/\",\"url\":\"https:\/\/portaltela.pt\/noticias\/2026\/02\/25\/diogo-carmona-honra-representar-portugal-nos-paralimpicos-de-inverno\/\",\"name\":\"Diogo Carmona honra representar Portugal nos Paral\u00edmpicos de Inverno - Portal Tela Portugal\",\"isPartOf\":{\"@id\":\"https:\/\/portaltela.pt\/#website\"},\"primaryImageOfPage\":{\"@id\":\"https:\/\/portaltela.pt\/noticias\/2026\/02\/25\/diogo-carmona-honra-representar-portugal-nos-paralimpicos-de-inverno\/#primaryimage\"},\"image\":{\"@id\":\"https:\/\/portaltela.pt\/noticias\/2026\/02\/25\/diogo-carmona-honra-representar-portugal-nos-paralimpicos-de-inverno\/#primaryimage\"},\"thumbnailUrl\":\"https:\/\/portaltela.pt\/s.01k8rhncp4jt1\/2026\/02\/img_1200x721uu2026-02-22-18-12-41-2423134.jpg\",\"datePublished\":\"2026-02-25T07:11:00+00:00\",\"author\":{\"@id\":\"https:\/\/portaltela.pt\/#\/schema\/person\/c4278d4a6028830caff9ee44b42d32ed\"},\"breadcrumb\":{\"@id\":\"https:\/\/portaltela.pt\/noticias\/2026\/02\/25\/diogo-carmona-honra-representar-portugal-nos-paralimpicos-de-inverno\/#breadcrumb\"},\"inLanguage\":\"pt-PT\",\"potentialAction\":[{\"@type\":\"ReadAction\",\"target\":[\"https:\/\/portaltela.pt\/noticias\/2026\/02\/25\/diogo-carmona-honra-representar-portugal-nos-paralimpicos-de-inverno\/\"]}]},{\"@type\":\"ImageObject\",\"inLanguage\":\"pt-PT\",\"@id\":\"https:\/\/portaltela.pt\/noticias\/2026\/02\/25\/diogo-carmona-honra-representar-portugal-nos-paralimpicos-de-inverno\/#primaryimage\",\"url\":\"https:\/\/portaltela.pt\/s.01k8rhncp4jt1\/2026\/02\/img_1200x721uu2026-02-22-18-12-41-2423134.jpg\",\"contentUrl\":\"https:\/\/portaltela.pt\/s.01k8rhncp4jt1\/2026\/02\/img_1200x721uu2026-02-22-18-12-41-2423134.jpg\",\"width\":796,\"height\":448,\"caption\":\"Diogo Carmona: \u00ab\u00c9 uma honra representar Portugal nos Jogos Paral\u00edmpicos de Inverno\u00bb\"},{\"@type\":\"BreadcrumbList\",\"@id\":\"https:\/\/portaltela.pt\/noticias\/2026\/02\/25\/diogo-carmona-honra-representar-portugal-nos-paralimpicos-de-inverno\/#breadcrumb\",\"itemListElement\":[{\"@type\":\"ListItem\",\"position\":1,\"name\":\"In\u00edcio\",\"item\":\"https:\/\/portaltela.pt\/\"},{\"@type\":\"ListItem\",\"position\":2,\"name\":\"Diogo Carmona honra representar Portugal nos Paral\u00edmpicos de Inverno\"}]},{\"@type\":\"WebSite\",\"@id\":\"https:\/\/portaltela.pt\/#website\",\"url\":\"https:\/\/portaltela.pt\/\",\"name\":\"Portal Tela Portugal\",\"description\":\"\",\"potentialAction\":[{\"@type\":\"SearchAction\",\"target\":{\"@type\":\"EntryPoint\",\"urlTemplate\":\"https:\/\/portaltela.pt\/?s={search_term_string}\"},\"query-input\":{\"@type\":\"PropertyValueSpecification\",\"valueRequired\":true,\"valueName\":\"search_term_string\"}}],\"inLanguage\":\"pt-PT\"},{\"@type\":\"Person\",\"@id\":\"https:\/\/portaltela.pt\/#\/schema\/person\/c4278d4a6028830caff9ee44b42d32ed\",\"name\":\"Telinha\",\"image\":{\"@type\":\"ImageObject\",\"inLanguage\":\"pt-PT\",\"@id\":\"https:\/\/portaltela.pt\/s.01k8rhncp4jt1\/2025\/11\/talking-bot-125x125.png\",\"url\":\"https:\/\/portaltela.pt\/s.01k8rhncp4jt1\/2025\/11\/talking-bot-125x125.png\",\"contentUrl\":\"https:\/\/portaltela.pt\/s.01k8rhncp4jt1\/2025\/11\/talking-bot-125x125.png\",\"caption\":\"Telinha\"},\"sameAs\":[\"https:\/\/portaltela.pt\/\"],\"url\":\"https:\/\/portaltela.pt\/por\/367410592786\/\"}]}<\/script>\n<!-- \/ Yoast SEO plugin. -->","yoast_head_json":{"title":"Diogo Carmona honra representar Portugal nos Paral\u00edmpicos de Inverno - Portal Tela Portugal","robots":{"index":"index","follow":"follow","max-snippet":"max-snippet:-1","max-image-preview":"max-image-preview:large","max-video-preview":"max-video-preview:-1"},"og_locale":"pt_PT","og_type":"article","og_title":"Diogo Carmona honra representar Portugal nos Paral\u00edmpicos de Inverno - Portal Tela Portugal","og_description":"Diogo Carmona, ex-ator de novelas populares entre adolescentes, tem 28 anos. Vai tornar-se atleta paral\u00edmpico e pode ser o primeiro portugu\u00eas a competir nos Jogos Paral\u00edmpicos de Inverno. A informa\u00e7\u00e3o resulta de uma entrevista \u00e0 revista Record. Em 2019, foi atropelado por um comboio, o que lhe fez perder uma perna. A not\u00edcia descreve o percurso que o leva a representar Portugal nos Jogos Paral\u00edmpicos de Inverno.","og_url":"https:\/\/portaltela.pt\/noticias\/2026\/02\/25\/diogo-carmona-honra-representar-portugal-nos-paralimpicos-de-inverno\/","og_site_name":"Portal Tela Portugal","article_published_time":"2026-02-25T07:11:00+00:00","author":"Telinha","twitter_card":"summary_large_image","twitter_misc":{"Escrito por":"Telinha"},"schema":{"@context":"https:\/\/schema.org","@graph":[{"@type":"Article","@id":"https:\/\/portaltela.pt\/noticias\/2026\/02\/25\/diogo-carmona-honra-representar-portugal-nos-paralimpicos-de-inverno\/#article","isPartOf":{"@id":"https:\/\/portaltela.pt\/noticias\/2026\/02\/25\/diogo-carmona-honra-representar-portugal-nos-paralimpicos-de-inverno\/"},"author":{"name":"Telinha","@id":"https:\/\/portaltela.pt\/#\/schema\/person\/c4278d4a6028830caff9ee44b42d32ed"},"headline":"Diogo Carmona honra representar Portugal nos Paral\u00edmpicos de Inverno","datePublished":"2026-02-25T07:11:00+00:00","mainEntityOfPage":{"@id":"https:\/\/portaltela.pt\/noticias\/2026\/02\/25\/diogo-carmona-honra-representar-portugal-nos-paralimpicos-de-inverno\/"},"wordCount":103,"image":{"@id":"https:\/\/portaltela.pt\/noticias\/2026\/02\/25\/diogo-carmona-honra-representar-portugal-nos-paralimpicos-de-inverno\/#primaryimage"},"thumbnailUrl":"https:\/\/portaltela.pt\/s.01k8rhncp4jt1\/2026\/02\/img_1200x721uu2026-02-22-18-12-41-2423134.jpg","keywords":["atletas","desporto","desporto adaptado","pessoas com defici\u00eancia","Portugal"],"articleSection":["Desporto"],"inLanguage":"pt-PT"},{"@type":"WebPage","@id":"https:\/\/portaltela.pt\/noticias\/2026\/02\/25\/diogo-carmona-honra-representar-portugal-nos-paralimpicos-de-inverno\/","url":"https:\/\/portaltela.pt\/noticias\/2026\/02\/25\/diogo-carmona-honra-representar-portugal-nos-paralimpicos-de-inverno\/","name":"Diogo Carmona honra representar Portugal nos Paral\u00edmpicos de Inverno - Portal Tela Portugal","isPartOf":{"@id":"https:\/\/portaltela.pt\/#website"},"primaryImageOfPage":{"@id":"https:\/\/portaltela.pt\/noticias\/2026\/02\/25\/diogo-carmona-honra-representar-portugal-nos-paralimpicos-de-inverno\/#primaryimage"},"image":{"@id":"https:\/\/portaltela.pt\/noticias\/2026\/02\/25\/diogo-carmona-honra-representar-portugal-nos-paralimpicos-de-inverno\/#primaryimage"},"thumbnailUrl":"https:\/\/portaltela.pt\/s.01k8rhncp4jt1\/2026\/02\/img_1200x721uu2026-02-22-18-12-41-2423134.jpg","datePublished":"2026-02-25T07:11:00+00:00","author":{"@id":"https:\/\/portaltela.pt\/#\/schema\/person\/c4278d4a6028830caff9ee44b42d32ed"},"breadcrumb":{"@id":"https:\/\/portaltela.pt\/noticias\/2026\/02\/25\/diogo-carmona-honra-representar-portugal-nos-paralimpicos-de-inverno\/#breadcrumb"},"inLanguage":"pt-PT","potentialAction":[{"@type":"ReadAction","target":["https:\/\/portaltela.pt\/noticias\/2026\/02\/25\/diogo-carmona-honra-representar-portugal-nos-paralimpicos-de-inverno\/"]}]},{"@type":"ImageObject","inLanguage":"pt-PT","@id":"https:\/\/portaltela.pt\/noticias\/2026\/02\/25\/diogo-carmona-honra-representar-portugal-nos-paralimpicos-de-inverno\/#primaryimage","url":"https:\/\/portaltela.pt\/s.01k8rhncp4jt1\/2026\/02\/img_1200x721uu2026-02-22-18-12-41-2423134.jpg","contentUrl":"https:\/\/portaltela.pt\/s.01k8rhncp4jt1\/2026\/02\/img_1200x721uu2026-02-22-18-12-41-2423134.jpg","width":796,"height":448,"caption":"Diogo Carmona: \u00ab\u00c9 uma honra representar Portugal nos Jogos Paral\u00edmpicos de Inverno\u00bb"},{"@type":"BreadcrumbList","@id":"https:\/\/portaltela.pt\/noticias\/2026\/02\/25\/diogo-carmona-honra-representar-portugal-nos-paralimpicos-de-inverno\/#breadcrumb","itemListElement":[{"@type":"ListItem","position":1,"name":"In\u00edcio","item":"https:\/\/portaltela.pt\/"},{"@type":"ListItem","position":2,"name":"Diogo Carmona honra representar Portugal nos Paral\u00edmpicos de Inverno"}]},{"@type":"WebSite","@id":"https:\/\/portaltela.pt\/#website","url":"https:\/\/portaltela.pt\/","name":"Portal Tela Portugal","description":"","potentialAction":[{"@type":"SearchAction","target":{"@type":"EntryPoint","urlTemplate":"https:\/\/portaltela.pt\/?s={search_term_string}"},"query-input":{"@type":"PropertyValueSpecification","valueRequired":true,"valueName":"search_term_string"}}],"inLanguage":"pt-PT"},{"@type":"Person","@id":"https:\/\/portaltela.pt\/#\/schema\/person\/c4278d4a6028830caff9ee44b42d32ed","name":"Telinha","image":{"@type":"ImageObject","inLanguage":"pt-PT","@id":"https:\/\/portaltela.pt\/s.01k8rhncp4jt1\/2025\/11\/talking-bot-125x125.png","url":"https:\/\/portaltela.pt\/s.01k8rhncp4jt1\/2025\/11\/talking-bot-125x125.png","contentUrl":"https:\/\/portaltela.pt\/s.01k8rhncp4jt1\/2025\/11\/talking-bot-125x125.png","caption":"Telinha"},"sameAs":["https:\/\/portaltela.pt\/"],"url":"https:\/\/portaltela.pt\/por\/367410592786\/"}]}},"_links":{"self":[{"href":"https:\/\/portaltela.pt\/api\/wp\/v2\/posts\/225169","targetHints":{"allow":["GET"]}}],"collection":[{"href":"https:\/\/portaltela.pt\/api\/wp\/v2\/posts"}],"about":[{"href":"https:\/\/portaltela.pt\/api\/wp\/v2\/types\/post"}],"author":[{"embeddable":true,"href":"https:\/\/portaltela.pt\/api\/wp\/v2\/users\/2"}],"replies":[{"embeddable":true,"href":"https:\/\/portaltela.pt\/api\/wp\/v2\/comments?post=225169"}],"version-history":[{"count":0,"href":"https:\/\/portaltela.pt\/api\/wp\/v2\/posts\/225169\/revisions"}],"wp:featuredmedia":[{"embeddable":true,"href":"https:\/\/portaltela.pt\/api\/wp\/v2\/media\/225171"}],"wp:attachment":[{"href":"https:\/\/portaltela.pt\/api\/wp\/v2\/media?parent=225169"}],"wp:term":[{"taxonomy":"category","embeddable":true,"href":"https:\/\/portaltela.pt\/api\/wp\/v2\/categories?post=225169"},{"taxonomy":"post_tag","embeddable":true,"href":"https:\/\/portaltela.pt\/api\/wp\/v2\/tags?post=225169"}],"curies":[{"name":"wp","href":"https:\/\/api.w.org\/{rel}","templated":true}]}}